{"id":42897,"date":"2019-03-08T12:04:11","date_gmt":"2019-03-08T12:04:11","guid":{"rendered":"https:\/\/www.ull.es\/portal\/noticias\/?p=42897"},"modified":"2019-03-08T12:09:35","modified_gmt":"2019-03-08T12:09:35","slug":"el-servicio-de-informacion-y-orientacion-de-la-ull-se-desplaza-a-las-islas-para","status":"publish","type":"post","link":"https:\/\/www.ull.es\/portal\/noticias\/2019\/el-servicio-de-informacion-y-orientacion-de-la-ull-se-desplaza-a-las-islas-para\/","title":{"rendered":"El Servicio de Informaci\u00f3n y Orientaci\u00f3n de la ULL se desplaza a las islas para asesorar al alumnado preuniversitario"},"content":{"rendered":"<p>Como cada curso acad\u00e9mico, la Universidad de La Laguna comienza su andadura informativa a lo largo del archipi\u00e9lago canario. Este a\u00f1o las Jornadas de Informaci\u00f3n Universitaria se han iniciado en El Hierro y La Gomera. La asesora educativa del Servicio de Informaci\u00f3n y Orientaci\u00f3n (SIO) Rosal\u00eda Mendoza fue la encargada de impartir diferentes charlas.<\/p>\n<p>El prop\u00f3sito de esta iniciativa es ofrecer al alumnado <span style=\"float: none;background-color: transparent;color: #333333;cursor: text;font-family: Georgia,'Times New Roman','Bitstream Charter',Times,serif;font-size: 16px;font-style: normal;font-variant: normal;font-weight: 400;letter-spacing: normal;text-align: left;text-decoration: none;text-indent: 0px\">de segundo curso de Bachillerato<\/span> informaci\u00f3n con car\u00e1cter orientador y acad\u00e9mico, en sus respectivos institutos y en horario lectivo, resolviendo las cuestiones que el estudiantado presentaba sobre el acceso, los procedimientos de preinscripci\u00f3n, matr\u00edcula, alojamiento, becas, etc.<\/p>\n<p>Tambi\u00e9n fueron convocadas las familias de los futuros estudiantes, en horario de tarde, con el objetivo de informarles de temas relacionados con la estancia de sus hijos e hijas en la Universidad de La Laguna, como el acceso a los grados, el alojamiento, becas, ayudas y servicios, as\u00ed como se atendieron sus numerosas dudas sobre la vida universitaria.<\/p>\n<div><span style=\"color: #000000\">Las Jornadas de Informaci\u00f3n Universitaria\u00a0continuar\u00e1n el 14 de marzo con la presencia de dos mesas informativas de la Universidad de La Laguna \u00a0en las Jornadas de Puertas Abiertas de la Universidad de Las Palmas de Gran Canaria, atendidas por el personal del SIO, y con una charla para las familias por la\u00a0tarde en <span class=\"gmail_default\">edificio de Humanidades (Campus Obelisco)<\/span>.<\/span><\/div>\n<div><span style=\"color: #000000\"><br \/>\nDe igual manera la Universidad de La Laguna seguir\u00e1\u00a0visitando los institutos en el resto de islas durante el mes de marzo, culminando las Jornadas en Lanzarote, en la primera semana de abril.\u00a0<\/span><\/div>\n<div><\/div>\n","protected":false},"excerpt":{"rendered":"<p>Como cada curso acad\u00e9mico, la Universidad de La Laguna comienza su andadura informativa a lo largo del archipi\u00e9lago canario. Este&#8230;<\/p>\n","protected":false},"author":23,"featured_media":42898,"comment_status":"closed","ping_status":"closed","sticky":false,"template":"","format":"standard","meta":{"inline_featured_image":false,"footnotes":""},"categories":[343,345,2765],"tags":[5456,2406],"acf":[],"yoast_head":"<!-- This site is optimized with the Yoast SEO plugin v21.3 - https:\/\/yoast.com\/wordpress\/plugins\/seo\/ -->\n<title>El Servicio de Informaci\u00f3n y Orientaci\u00f3n de la ULL se desplaza a las islas para asesorar al alumnado preuniversitario - ULL - Noticias<\/title>\n<meta name=\"robots\" content=\"index, follow, max-snippet:-1, max-image-preview:large, max-video-preview:-1\" \/>\n<link rel=\"canonical\" href=\"https:\/\/www.ull.es\/portal\/noticias\/2019\/el-servicio-de-informacion-y-orientacion-de-la-ull-se-desplaza-a-las-islas-para\/\" \/>\n<meta property=\"og:locale\" content=\"es_ES\" \/>\n<meta property=\"og:type\" content=\"article\" \/>\n<meta property=\"og:title\" content=\"El Servicio de Informaci\u00f3n y Orientaci\u00f3n de la ULL se desplaza a las islas para asesorar al alumnado preuniversitario - ULL - Noticias\" \/>\n<meta property=\"og:description\" content=\"Como cada curso acad\u00e9mico, la Universidad de La Laguna comienza su andadura informativa a lo largo del archipi\u00e9lago canario. Este...\" \/>\n<meta property=\"og:url\" content=\"https:\/\/www.ull.es\/portal\/noticias\/2019\/el-servicio-de-informacion-y-orientacion-de-la-ull-se-desplaza-a-las-islas-para\/\" \/>\n<meta property=\"og:site_name\" content=\"ULL - Noticias\" \/>\n<meta property=\"article:publisher\" content=\"https:\/\/www.facebook.com\/universidaddelalaguna\/\" \/>\n<meta property=\"article:published_time\" content=\"2019-03-08T12:04:11+00:00\" \/>\n<meta property=\"article:modified_time\" content=\"2019-03-08T12:09:35+00:00\" \/>\n<meta property=\"og:image\" content=\"https:\/\/www.ull.es\/portal\/noticias\/wp-content\/uploads\/sites\/13\/2019\/03\/0433414f-94f3-42d9-855c-0a213a536bf7.jpg\" \/>\n\t<meta property=\"og:image:width\" content=\"1599\" \/>\n\t<meta property=\"og:image:height\" content=\"1200\" \/>\n\t<meta property=\"og:image:type\" content=\"image\/jpeg\" \/>\n<meta name=\"author\" content=\"gaprsa\" \/>\n<meta name=\"twitter:card\" content=\"summary_large_image\" \/>\n<meta name=\"twitter:creator\" content=\"@CanalULL\" \/>\n<meta name=\"twitter:site\" content=\"@CanalULL\" \/>\n<meta name=\"twitter:label1\" content=\"Escrito por\" \/>\n\t<meta name=\"twitter:data1\" content=\"gaprsa\" \/>\n\t<meta name=\"twitter:label2\" content=\"Tiempo de lectura\" \/>\n\t<meta name=\"twitter:data2\" content=\"1 minuto\" \/>\n<script type=\"application\/ld+json\" class=\"yoast-schema-graph\">{\"@context\":\"https:\/\/schema.org\",\"@graph\":[{\"@type\":\"WebPage\",\"@id\":\"https:\/\/www.ull.es\/portal\/noticias\/2019\/el-servicio-de-informacion-y-orientacion-de-la-ull-se-desplaza-a-las-islas-para\/\",\"url\":\"https:\/\/www.ull.es\/portal\/noticias\/2019\/el-servicio-de-informacion-y-orientacion-de-la-ull-se-desplaza-a-las-islas-para\/\",\"name\":\"El Servicio de Informaci\u00f3n y Orientaci\u00f3n de la ULL se desplaza a las islas para asesorar al alumnado preuniversitario - ULL - Noticias\",\"isPartOf\":{\"@id\":\"https:\/\/www.ull.es\/portal\/noticias\/#website\"},\"datePublished\":\"2019-03-08T12:04:11+00:00\",\"dateModified\":\"2019-03-08T12:09:35+00:00\",\"author\":{\"@id\":\"https:\/\/www.ull.es\/portal\/noticias\/#\/schema\/person\/b2b1a89d43ffa609e591f7df8ef3e817\"},\"breadcrumb\":{\"@id\":\"https:\/\/www.ull.es\/portal\/noticias\/2019\/el-servicio-de-informacion-y-orientacion-de-la-ull-se-desplaza-a-las-islas-para\/#breadcrumb\"},\"inLanguage\":\"es\",\"potentialAction\":[{\"@type\":\"ReadAction\",\"target\":[\"https:\/\/www.ull.es\/portal\/noticias\/2019\/el-servicio-de-informacion-y-orientacion-de-la-ull-se-desplaza-a-las-islas-para\/\"]}]},{\"@type\":\"BreadcrumbList\",\"@id\":\"https:\/\/www.ull.es\/portal\/noticias\/2019\/el-servicio-de-informacion-y-orientacion-de-la-ull-se-desplaza-a-las-islas-para\/#breadcrumb\",\"itemListElement\":[{\"@type\":\"ListItem\",\"position\":1,\"name\":\"Portada\",\"item\":\"https:\/\/www.ull.es\/portal\/noticias\/\"},{\"@type\":\"ListItem\",\"position\":2,\"name\":\"El Servicio de Informaci\u00f3n y Orientaci\u00f3n de la ULL se desplaza a las islas para asesorar al alumnado preuniversitario\"}]},{\"@type\":\"WebSite\",\"@id\":\"https:\/\/www.ull.es\/portal\/noticias\/#website\",\"url\":\"https:\/\/www.ull.es\/portal\/noticias\/\",\"name\":\"ULL - Noticias\",\"description\":\"\",\"potentialAction\":[{\"@type\":\"SearchAction\",\"target\":{\"@type\":\"EntryPoint\",\"urlTemplate\":\"https:\/\/www.ull.es\/portal\/noticias\/?s={search_term_string}\"},\"query-input\":\"required name=search_term_string\"}],\"inLanguage\":\"es\"},{\"@type\":\"Person\",\"@id\":\"https:\/\/www.ull.es\/portal\/noticias\/#\/schema\/person\/b2b1a89d43ffa609e591f7df8ef3e817\",\"name\":\"gaprsa\",\"image\":{\"@type\":\"ImageObject\",\"inLanguage\":\"es\",\"@id\":\"https:\/\/www.ull.es\/portal\/noticias\/#\/schema\/person\/image\/\",\"url\":\"https:\/\/secure.gravatar.com\/avatar\/443820550921091458b4823867723b3d?s=96&d=mm&r=g\",\"contentUrl\":\"https:\/\/secure.gravatar.com\/avatar\/443820550921091458b4823867723b3d?s=96&d=mm&r=g\",\"caption\":\"gaprsa\"},\"url\":\"https:\/\/www.ull.es\/portal\/noticias\/author\/gaprsa\/\"}]}<\/script>\n<!-- \/ Yoast SEO plugin. -->","yoast_head_json":{"title":"El Servicio de Informaci\u00f3n y Orientaci\u00f3n de la ULL se desplaza a las islas para asesorar al alumnado preuniversitario - ULL - Noticias","robots":{"index":"index","follow":"follow","max-snippet":"max-snippet:-1","max-image-preview":"max-image-preview:large","max-video-preview":"max-video-preview:-1"},"canonical":"https:\/\/www.ull.es\/portal\/noticias\/2019\/el-servicio-de-informacion-y-orientacion-de-la-ull-se-desplaza-a-las-islas-para\/","og_locale":"es_ES","og_type":"article","og_title":"El Servicio de Informaci\u00f3n y Orientaci\u00f3n de la ULL se desplaza a las islas para asesorar al alumnado preuniversitario - ULL - Noticias","og_description":"Como cada curso acad\u00e9mico, la Universidad de La Laguna comienza su andadura informativa a lo largo del archipi\u00e9lago canario. Este...","og_url":"https:\/\/www.ull.es\/portal\/noticias\/2019\/el-servicio-de-informacion-y-orientacion-de-la-ull-se-desplaza-a-las-islas-para\/","og_site_name":"ULL - Noticias","article_publisher":"https:\/\/www.facebook.com\/universidaddelalaguna\/","article_published_time":"2019-03-08T12:04:11+00:00","article_modified_time":"2019-03-08T12:09:35+00:00","og_image":[{"width":1599,"height":1200,"url":"https:\/\/www.ull.es\/portal\/noticias\/wp-content\/uploads\/sites\/13\/2019\/03\/0433414f-94f3-42d9-855c-0a213a536bf7.jpg","type":"image\/jpeg"}],"author":"gaprsa","twitter_card":"summary_large_image","twitter_creator":"@CanalULL","twitter_site":"@CanalULL","twitter_misc":{"Escrito por":"gaprsa","Tiempo de lectura":"1 minuto"},"schema":{"@context":"https:\/\/schema.org","@graph":[{"@type":"WebPage","@id":"https:\/\/www.ull.es\/portal\/noticias\/2019\/el-servicio-de-informacion-y-orientacion-de-la-ull-se-desplaza-a-las-islas-para\/","url":"https:\/\/www.ull.es\/portal\/noticias\/2019\/el-servicio-de-informacion-y-orientacion-de-la-ull-se-desplaza-a-las-islas-para\/","name":"El Servicio de Informaci\u00f3n y Orientaci\u00f3n de la ULL se desplaza a las islas para asesorar al alumnado preuniversitario - ULL - Noticias","isPartOf":{"@id":"https:\/\/www.ull.es\/portal\/noticias\/#website"},"datePublished":"2019-03-08T12:04:11+00:00","dateModified":"2019-03-08T12:09:35+00:00","author":{"@id":"https:\/\/www.ull.es\/portal\/noticias\/#\/schema\/person\/b2b1a89d43ffa609e591f7df8ef3e817"},"breadcrumb":{"@id":"https:\/\/www.ull.es\/portal\/noticias\/2019\/el-servicio-de-informacion-y-orientacion-de-la-ull-se-desplaza-a-las-islas-para\/#breadcrumb"},"inLanguage":"es","potentialAction":[{"@type":"ReadAction","target":["https:\/\/www.ull.es\/portal\/noticias\/2019\/el-servicio-de-informacion-y-orientacion-de-la-ull-se-desplaza-a-las-islas-para\/"]}]},{"@type":"BreadcrumbList","@id":"https:\/\/www.ull.es\/portal\/noticias\/2019\/el-servicio-de-informacion-y-orientacion-de-la-ull-se-desplaza-a-las-islas-para\/#breadcrumb","itemListElement":[{"@type":"ListItem","position":1,"name":"Portada","item":"https:\/\/www.ull.es\/portal\/noticias\/"},{"@type":"ListItem","position":2,"name":"El Servicio de Informaci\u00f3n y Orientaci\u00f3n de la ULL se desplaza a las islas para asesorar al alumnado preuniversitario"}]},{"@type":"WebSite","@id":"https:\/\/www.ull.es\/portal\/noticias\/#website","url":"https:\/\/www.ull.es\/portal\/noticias\/","name":"ULL - Noticias","description":"","potentialAction":[{"@type":"SearchAction","target":{"@type":"EntryPoint","urlTemplate":"https:\/\/www.ull.es\/portal\/noticias\/?s={search_term_string}"},"query-input":"required name=search_term_string"}],"inLanguage":"es"},{"@type":"Person","@id":"https:\/\/www.ull.es\/portal\/noticias\/#\/schema\/person\/b2b1a89d43ffa609e591f7df8ef3e817","name":"gaprsa","image":{"@type":"ImageObject","inLanguage":"es","@id":"https:\/\/www.ull.es\/portal\/noticias\/#\/schema\/person\/image\/","url":"https:\/\/secure.gravatar.com\/avatar\/443820550921091458b4823867723b3d?s=96&d=mm&r=g","contentUrl":"https:\/\/secure.gravatar.com\/avatar\/443820550921091458b4823867723b3d?s=96&d=mm&r=g","caption":"gaprsa"},"url":"https:\/\/www.ull.es\/portal\/noticias\/author\/gaprsa\/"}]}},"primary_category":{"id":345,"name":"Destacado","slug":"destacado","link":"https:\/\/www.ull.es\/portal\/noticias\/category\/destacado\/"},"featured_image_thumbnail_url":"https:\/\/www.ull.es\/portal\/noticias\/wp-content\/uploads\/sites\/13\/2019\/03\/0433414f-94f3-42d9-855c-0a213a536bf7-300x225.jpg","_links":{"self":[{"href":"https:\/\/www.ull.es\/portal\/noticias\/wp-json\/wp\/v2\/posts\/42897"}],"collection":[{"href":"https:\/\/www.ull.es\/portal\/noticias\/wp-json\/wp\/v2\/posts"}],"about":[{"href":"https:\/\/www.ull.es\/portal\/noticias\/wp-json\/wp\/v2\/types\/post"}],"author":[{"embeddable":true,"href":"https:\/\/www.ull.es\/portal\/noticias\/wp-json\/wp\/v2\/users\/23"}],"replies":[{"embeddable":true,"href":"https:\/\/www.ull.es\/portal\/noticias\/wp-json\/wp\/v2\/comments?post=42897"}],"version-history":[{"count":3,"href":"https:\/\/www.ull.es\/portal\/noticias\/wp-json\/wp\/v2\/posts\/42897\/revisions"}],"predecessor-version":[{"id":42901,"href":"https:\/\/www.ull.es\/portal\/noticias\/wp-json\/wp\/v2\/posts\/42897\/revisions\/42901"}],"wp:featuredmedia":[{"embeddable":true,"href":"https:\/\/www.ull.es\/portal\/noticias\/wp-json\/wp\/v2\/media\/42898"}],"wp:attachment":[{"href":"https:\/\/www.ull.es\/portal\/noticias\/wp-json\/wp\/v2\/media?parent=42897"}],"wp:term":[{"taxonomy":"category","embeddable":true,"href":"https:\/\/www.ull.es\/portal\/noticias\/wp-json\/wp\/v2\/categories?post=42897"},{"taxonomy":"post_tag","embeddable":true,"href":"https:\/\/www.ull.es\/portal\/noticias\/wp-json\/wp\/v2\/tags?post=42897"}],"curies":[{"name":"wp","href":"https:\/\/api.w.org\/{rel}","templated":true}]}}