{"id":42929,"date":"2019-03-11T12:00:08","date_gmt":"2019-03-11T12:00:08","guid":{"rendered":"https:\/\/www.ull.es\/portal\/noticias\/?p=42929"},"modified":"2022-11-30T12:44:44","modified_gmt":"2022-11-30T12:44:44","slug":"dia-institucional-11m","status":"publish","type":"post","link":"https:\/\/www.ull.es\/portal\/noticias\/2019\/dia-institucional-11m\/","title":{"rendered":"La Universidad de La Laguna celebra hoy lunes su D\u00eda Institucional"},"content":{"rendered":"<p>La Universidad de La Laguna celebra hoy lunes 11 de marzo a las 19:00 horas en el Paraninfo su ya habitual ceremonia del D\u00eda Institucional, que cada a\u00f1o se organiza en tal fecha para rememorar el momento de la fundaci\u00f3n del centro acad\u00e9mico. Durante el acto habr\u00e1 espacio para reconocer la labor de la comunidad universitaria ya sea por su reciente jubilaci\u00f3n o para premiar su extraordinario rendimiento en diferentes \u00e1mbitos.<\/p>\n<p>Tras la apertura del acto a cargo del rector, Antonio Martin\u00f3n, el catedr\u00e1tico de Filolog\u00eda Espa\u00f1ola Marcial Morera P\u00e9rez impartir\u00e1 la conferencia \u201cImportancia de Betancuria en la formaci\u00f3n del habla canaria\u201d.<\/p>\n<p>Seguidamente, se rendir\u00e1 homenaje al personal jubilado, tanto de administraci\u00f3n y servicios como docente e investigador. A continuaci\u00f3n, habr\u00e1 una tanda de entrega de premios: los Institucionales de la Universidad de La Laguna, concretamente a la innovaci\u00f3n educativa, a la investigaci\u00f3n, a las mejores pr\u00e1cticas en administraci\u00f3n y servicios, a la internacionalizaci\u00f3n y al mecenazgo; los del Consejo Social a los mejores trabajos fin de m\u00e1ster de Ciencias de la Salud, Ciencias Experimentales, Ciencias Sociales, Humanidades y T\u00e9cnicas; y los galardones convocados por la asociaci\u00f3n Alumni ULL.<\/p>\n<p>Tras una actuaci\u00f3n musical a cargo de la clarinetista Amanda Armas Capote, llegar\u00e1 el turno de las intervenciones institucionales: la del presidente del Consejo Social, Raimundo Baroja; la de la presidenta de Alumni ULL, Carmen Pitti; y la del propio rector, Antonio Martin\u00f3n, que cerrar\u00e1 el acto.<\/p>\n","protected":false},"excerpt":{"rendered":"<p>La Universidad de La Laguna celebra hoy lunes 11 de marzo a las 19:00 horas en el Paraninfo su ya&#8230;<\/p>\n","protected":false},"author":21,"featured_media":24703,"comment_status":"closed","ping_status":"closed","sticky":false,"template":"","format":"standard","meta":{"inline_featured_image":false,"footnotes":""},"categories":[9420,345,348,2765],"tags":[356,465,905,1031,2047,2153],"acf":[],"yoast_head":"<!-- This site is optimized with the Yoast SEO plugin v21.3 - https:\/\/yoast.com\/wordpress\/plugins\/seo\/ -->\n<title>La Universidad de La Laguna celebra el pr\u00f3ximo lunes su D\u00eda Institucional<\/title>\n<meta name=\"description\" content=\"La ULL celebra el pr\u00f3ximo lunes 11 de marzo a las 19:00 horas en el Paraninfo su ya habitual ceremonia del D\u00eda Institucional, que cada a\u00f1o se organiza en tal fecha para rememorar el momento de la fundaci\u00f3n del centro acad\u00e9mico.\" \/>\n<meta name=\"robots\" content=\"index, follow, max-snippet:-1, max-image-preview:large, max-video-preview:-1\" \/>\n<link rel=\"canonical\" href=\"https:\/\/www.ull.es\/portal\/noticias\/2019\/dia-institucional-11m\/\" \/>\n<meta property=\"og:locale\" content=\"es_ES\" \/>\n<meta property=\"og:type\" content=\"article\" \/>\n<meta property=\"og:title\" content=\"La Universidad de La Laguna celebra el pr\u00f3ximo lunes su D\u00eda Institucional\" \/>\n<meta property=\"og:description\" content=\"La ULL celebra el pr\u00f3ximo lunes 11 de marzo a las 19:00 horas en el Paraninfo su ya habitual ceremonia del D\u00eda Institucional, que cada a\u00f1o se organiza en tal fecha para rememorar el momento de la fundaci\u00f3n del centro acad\u00e9mico.\" \/>\n<meta property=\"og:url\" content=\"https:\/\/www.ull.es\/portal\/noticias\/2019\/dia-institucional-11m\/\" \/>\n<meta property=\"og:site_name\" content=\"ULL - Noticias\" \/>\n<meta property=\"article:publisher\" content=\"https:\/\/www.facebook.com\/universidaddelalaguna\/\" \/>\n<meta property=\"article:published_time\" content=\"2019-03-11T12:00:08+00:00\" \/>\n<meta property=\"article:modified_time\" content=\"2022-11-30T12:44:44+00:00\" \/>\n<meta property=\"og:image\" content=\"https:\/\/www.ull.es\/portal\/noticias\/wp-content\/uploads\/sites\/13\/2015\/09\/paraninfo.jpg\" \/>\n\t<meta property=\"og:image:width\" content=\"800\" \/>\n\t<meta property=\"og:image:height\" content=\"534\" \/>\n\t<meta property=\"og:image:type\" content=\"image\/jpeg\" \/>\n<meta name=\"author\" content=\"prensa2\" \/>\n<meta name=\"twitter:card\" content=\"summary_large_image\" \/>\n<meta name=\"twitter:creator\" content=\"@CanalULL\" \/>\n<meta name=\"twitter:site\" content=\"@CanalULL\" \/>\n<meta name=\"twitter:label1\" content=\"Escrito por\" \/>\n\t<meta name=\"twitter:data1\" content=\"prensa2\" \/>\n\t<meta name=\"twitter:label2\" content=\"Tiempo de lectura\" \/>\n\t<meta name=\"twitter:data2\" content=\"2 minutos\" \/>\n<script type=\"application\/ld+json\" class=\"yoast-schema-graph\">{\"@context\":\"https:\/\/schema.org\",\"@graph\":[{\"@type\":\"WebPage\",\"@id\":\"https:\/\/www.ull.es\/portal\/noticias\/2019\/dia-institucional-11m\/\",\"url\":\"https:\/\/www.ull.es\/portal\/noticias\/2019\/dia-institucional-11m\/\",\"name\":\"La Universidad de La Laguna celebra el pr\u00f3ximo lunes su D\u00eda Institucional\",\"isPartOf\":{\"@id\":\"https:\/\/www.ull.es\/portal\/noticias\/#website\"},\"datePublished\":\"2019-03-11T12:00:08+00:00\",\"dateModified\":\"2022-11-30T12:44:44+00:00\",\"author\":{\"@id\":\"https:\/\/www.ull.es\/portal\/noticias\/#\/schema\/person\/c3b2aa857797592927a03740d6664376\"},\"description\":\"La ULL celebra el pr\u00f3ximo lunes 11 de marzo a las 19:00 horas en el Paraninfo su ya habitual ceremonia del D\u00eda Institucional, que cada a\u00f1o se organiza en tal fecha para rememorar el momento de la fundaci\u00f3n del centro acad\u00e9mico.\",\"breadcrumb\":{\"@id\":\"https:\/\/www.ull.es\/portal\/noticias\/2019\/dia-institucional-11m\/#breadcrumb\"},\"inLanguage\":\"es\",\"potentialAction\":[{\"@type\":\"ReadAction\",\"target\":[\"https:\/\/www.ull.es\/portal\/noticias\/2019\/dia-institucional-11m\/\"]}]},{\"@type\":\"BreadcrumbList\",\"@id\":\"https:\/\/www.ull.es\/portal\/noticias\/2019\/dia-institucional-11m\/#breadcrumb\",\"itemListElement\":[{\"@type\":\"ListItem\",\"position\":1,\"name\":\"Portada\",\"item\":\"https:\/\/www.ull.es\/portal\/noticias\/\"},{\"@type\":\"ListItem\",\"position\":2,\"name\":\"La Universidad de La Laguna celebra hoy lunes su D\u00eda Institucional\"}]},{\"@type\":\"WebSite\",\"@id\":\"https:\/\/www.ull.es\/portal\/noticias\/#website\",\"url\":\"https:\/\/www.ull.es\/portal\/noticias\/\",\"name\":\"ULL - Noticias\",\"description\":\"\",\"potentialAction\":[{\"@type\":\"SearchAction\",\"target\":{\"@type\":\"EntryPoint\",\"urlTemplate\":\"https:\/\/www.ull.es\/portal\/noticias\/?s={search_term_string}\"},\"query-input\":\"required name=search_term_string\"}],\"inLanguage\":\"es\"},{\"@type\":\"Person\",\"@id\":\"https:\/\/www.ull.es\/portal\/noticias\/#\/schema\/person\/c3b2aa857797592927a03740d6664376\",\"name\":\"prensa2\",\"image\":{\"@type\":\"ImageObject\",\"inLanguage\":\"es\",\"@id\":\"https:\/\/www.ull.es\/portal\/noticias\/#\/schema\/person\/image\/\",\"url\":\"https:\/\/secure.gravatar.com\/avatar\/b58f310a5de5feb33d1e026d2493f23c?s=96&d=mm&r=g\",\"contentUrl\":\"https:\/\/secure.gravatar.com\/avatar\/b58f310a5de5feb33d1e026d2493f23c?s=96&d=mm&r=g\",\"caption\":\"prensa2\"},\"url\":\"https:\/\/www.ull.es\/portal\/noticias\/author\/prensa2\/\"}]}<\/script>\n<!-- \/ Yoast SEO plugin. -->","yoast_head_json":{"title":"La Universidad de La Laguna celebra el pr\u00f3ximo lunes su D\u00eda Institucional","description":"La ULL celebra el pr\u00f3ximo lunes 11 de marzo a las 19:00 horas en el Paraninfo su ya habitual ceremonia del D\u00eda Institucional, que cada a\u00f1o se organiza en tal fecha para rememorar el momento de la fundaci\u00f3n del centro acad\u00e9mico.","robots":{"index":"index","follow":"follow","max-snippet":"max-snippet:-1","max-image-preview":"max-image-preview:large","max-video-preview":"max-video-preview:-1"},"canonical":"https:\/\/www.ull.es\/portal\/noticias\/2019\/dia-institucional-11m\/","og_locale":"es_ES","og_type":"article","og_title":"La Universidad de La Laguna celebra el pr\u00f3ximo lunes su D\u00eda Institucional","og_description":"La ULL celebra el pr\u00f3ximo lunes 11 de marzo a las 19:00 horas en el Paraninfo su ya habitual ceremonia del D\u00eda Institucional, que cada a\u00f1o se organiza en tal fecha para rememorar el momento de la fundaci\u00f3n del centro acad\u00e9mico.","og_url":"https:\/\/www.ull.es\/portal\/noticias\/2019\/dia-institucional-11m\/","og_site_name":"ULL - Noticias","article_publisher":"https:\/\/www.facebook.com\/universidaddelalaguna\/","article_published_time":"2019-03-11T12:00:08+00:00","article_modified_time":"2022-11-30T12:44:44+00:00","og_image":[{"width":800,"height":534,"url":"https:\/\/www.ull.es\/portal\/noticias\/wp-content\/uploads\/sites\/13\/2015\/09\/paraninfo.jpg","type":"image\/jpeg"}],"author":"prensa2","twitter_card":"summary_large_image","twitter_creator":"@CanalULL","twitter_site":"@CanalULL","twitter_misc":{"Escrito por":"prensa2","Tiempo de lectura":"2 minutos"},"schema":{"@context":"https:\/\/schema.org","@graph":[{"@type":"WebPage","@id":"https:\/\/www.ull.es\/portal\/noticias\/2019\/dia-institucional-11m\/","url":"https:\/\/www.ull.es\/portal\/noticias\/2019\/dia-institucional-11m\/","name":"La Universidad de La Laguna celebra el pr\u00f3ximo lunes su D\u00eda Institucional","isPartOf":{"@id":"https:\/\/www.ull.es\/portal\/noticias\/#website"},"datePublished":"2019-03-11T12:00:08+00:00","dateModified":"2022-11-30T12:44:44+00:00","author":{"@id":"https:\/\/www.ull.es\/portal\/noticias\/#\/schema\/person\/c3b2aa857797592927a03740d6664376"},"description":"La ULL celebra el pr\u00f3ximo lunes 11 de marzo a las 19:00 horas en el Paraninfo su ya habitual ceremonia del D\u00eda Institucional, que cada a\u00f1o se organiza en tal fecha para rememorar el momento de la fundaci\u00f3n del centro acad\u00e9mico.","breadcrumb":{"@id":"https:\/\/www.ull.es\/portal\/noticias\/2019\/dia-institucional-11m\/#breadcrumb"},"inLanguage":"es","potentialAction":[{"@type":"ReadAction","target":["https:\/\/www.ull.es\/portal\/noticias\/2019\/dia-institucional-11m\/"]}]},{"@type":"BreadcrumbList","@id":"https:\/\/www.ull.es\/portal\/noticias\/2019\/dia-institucional-11m\/#breadcrumb","itemListElement":[{"@type":"ListItem","position":1,"name":"Portada","item":"https:\/\/www.ull.es\/portal\/noticias\/"},{"@type":"ListItem","position":2,"name":"La Universidad de La Laguna celebra hoy lunes su D\u00eda Institucional"}]},{"@type":"WebSite","@id":"https:\/\/www.ull.es\/portal\/noticias\/#website","url":"https:\/\/www.ull.es\/portal\/noticias\/","name":"ULL - Noticias","description":"","potentialAction":[{"@type":"SearchAction","target":{"@type":"EntryPoint","urlTemplate":"https:\/\/www.ull.es\/portal\/noticias\/?s={search_term_string}"},"query-input":"required name=search_term_string"}],"inLanguage":"es"},{"@type":"Person","@id":"https:\/\/www.ull.es\/portal\/noticias\/#\/schema\/person\/c3b2aa857797592927a03740d6664376","name":"prensa2","image":{"@type":"ImageObject","inLanguage":"es","@id":"https:\/\/www.ull.es\/portal\/noticias\/#\/schema\/person\/image\/","url":"https:\/\/secure.gravatar.com\/avatar\/b58f310a5de5feb33d1e026d2493f23c?s=96&d=mm&r=g","contentUrl":"https:\/\/secure.gravatar.com\/avatar\/b58f310a5de5feb33d1e026d2493f23c?s=96&d=mm&r=g","caption":"prensa2"},"url":"https:\/\/www.ull.es\/portal\/noticias\/author\/prensa2\/"}]}},"primary_category":{"id":345,"name":"Destacado","slug":"destacado","link":"https:\/\/www.ull.es\/portal\/noticias\/category\/destacado\/"},"featured_image_thumbnail_url":"https:\/\/www.ull.es\/portal\/noticias\/wp-content\/uploads\/sites\/13\/2015\/09\/paraninfo-300x200.jpg","_links":{"self":[{"href":"https:\/\/www.ull.es\/portal\/noticias\/wp-json\/wp\/v2\/posts\/42929"}],"collection":[{"href":"https:\/\/www.ull.es\/portal\/noticias\/wp-json\/wp\/v2\/posts"}],"about":[{"href":"https:\/\/www.ull.es\/portal\/noticias\/wp-json\/wp\/v2\/types\/post"}],"author":[{"embeddable":true,"href":"https:\/\/www.ull.es\/portal\/noticias\/wp-json\/wp\/v2\/users\/21"}],"replies":[{"embeddable":true,"href":"https:\/\/www.ull.es\/portal\/noticias\/wp-json\/wp\/v2\/comments?post=42929"}],"version-history":[{"count":3,"href":"https:\/\/www.ull.es\/portal\/noticias\/wp-json\/wp\/v2\/posts\/42929\/revisions"}],"predecessor-version":[{"id":42941,"href":"https:\/\/www.ull.es\/portal\/noticias\/wp-json\/wp\/v2\/posts\/42929\/revisions\/42941"}],"wp:featuredmedia":[{"embeddable":true,"href":"https:\/\/www.ull.es\/portal\/noticias\/wp-json\/wp\/v2\/media\/24703"}],"wp:attachment":[{"href":"https:\/\/www.ull.es\/portal\/noticias\/wp-json\/wp\/v2\/media?parent=42929"}],"wp:term":[{"taxonomy":"category","embeddable":true,"href":"https:\/\/www.ull.es\/portal\/noticias\/wp-json\/wp\/v2\/categories?post=42929"},{"taxonomy":"post_tag","embeddable":true,"href":"https:\/\/www.ull.es\/portal\/noticias\/wp-json\/wp\/v2\/tags?post=42929"}],"curies":[{"name":"wp","href":"https:\/\/api.w.org\/{rel}","templated":true}]}}