{"id":42994,"date":"2019-03-12T12:54:02","date_gmt":"2019-03-12T12:54:02","guid":{"rendered":"https:\/\/www.ull.es\/portal\/noticias\/?p=42994"},"modified":"2019-03-12T12:54:26","modified_gmt":"2019-03-12T12:54:26","slug":"nueva-edicion-del-ciclo-de-jovenes-interpretes-de-la-ull","status":"publish","type":"post","link":"https:\/\/www.ull.es\/portal\/noticias\/2019\/nueva-edicion-del-ciclo-de-jovenes-interpretes-de-la-ull\/","title":{"rendered":"Nueva edici\u00f3n del ciclo de j\u00f3venes int\u00e9rpretes de la ULL ma\u00f1ana en el Paraninfo"},"content":{"rendered":"<p>El Paraninfo de la Universidad de La Laguna acoger\u00e1 ma\u00f1ana, mi\u00e9rcoles 13 de marzo, una nueva edici\u00f3n del ciclo de m\u00fasica J\u00f3venes Int\u00e9rpretes de la ULL. En el concierto se interpretar\u00e1n, entre otras, obras de Chopin, Mozart o Alb\u00e9niz. El recital dar\u00e1 comienzo a las 20:00 horas y la entrada es libre hasta completar el aforo.<br \/>\nLa cita musical forma parte de la programaci\u00f3n que el Conservatorio Superior de M\u00fasica de Canarias y la ULL llevan a cabo para ofrecer como plataforma concert\u00edstica la sala del Paraninfo universitario.<\/p>\n<p><strong>Programa<\/strong><br \/>\nEl programa est\u00e1 compuesto por nueve piezas musicales. Iniciar\u00e1 el recital Ernesto C. Gonz\u00e1lez Alem\u00e1n al piano con tres composiciones de Frederic Chopin: Polonesa Op. 53 en La bemol mayor, Estudio Op. 10 n\u00ba2 en La menor y Op. 10 n\u00ba8 en Fa mayor.<br \/>\nFrancisco Javier P\u00e9rez Reyes, en la trompa y piano, y Rebeca P\u00edriz Ugidos, como pianista acompa\u00f1ante, ser\u00e1n los encargados de ejecutar el Concierto para trompa n\u00ba 4, k. 495 en Mib Mayor, de Wolfgang Amadeus Mozart, adem\u00e1s de Horn-Lokk para trompa sola de Sigurd Berge.<br \/>\nPor su parte, H\u00e9ctor Gonz\u00e1lez G\u00f3mez interpretar\u00e1 con la\u00fad barroco Piezas en re menor -Pr\u00e9lude, Tombeau de Mesangeau, Gigue, L\u2019 Immortelle, Sarabande de Mesangeau y Canaries- de Ennemond Gaultier.<br \/>\nEl concierto tendr\u00e1 su broche de oro con Luis L\u00f3pez que interpretar\u00e1 al piano las obras Evocaci\u00f3n de Isaac Alb\u00e9niz, Scriabin etude op. 8 n\u00ba2 de Aleksandr Nikol\u00e1ievich Skriabin y Balada para piano n.\u00ba 2 de Frederic Chopin.<\/p>\n<p>&nbsp;<\/p>\n","protected":false},"excerpt":{"rendered":"<p>El Paraninfo de la Universidad de La Laguna acoger\u00e1 ma\u00f1ana, mi\u00e9rcoles 13 de marzo, una nueva edici\u00f3n del ciclo de&#8230;<\/p>\n","protected":false},"author":65,"featured_media":42996,"comment_status":"closed","ping_status":"closed","sticky":false,"template":"","format":"standard","meta":{"inline_featured_image":false,"footnotes":""},"categories":[344,345,2765],"tags":[876,4010,3368,2048],"acf":[],"yoast_head":"<!-- This site is optimized with the Yoast SEO plugin v21.3 - https:\/\/yoast.com\/wordpress\/plugins\/seo\/ -->\n<title>Nueva edici\u00f3n del ciclo de j\u00f3venes int\u00e9rpretes de la ULL ma\u00f1ana en el Paraninfo - ULL - Noticias<\/title>\n<meta name=\"description\" content=\"El Paraninfo de la Universidad de La Laguna acoger\u00e1 el mi\u00e9rcoles 13 de marzo, una nueva edici\u00f3n del ciclo de m\u00fasica J\u00f3venes Int\u00e9rpretes de la ULL. En el concierto se interpretar\u00e1n, entre otras, obras de Chopin, Mozart o Alb\u00e9niz. El recital dar\u00e1 comienzo a las 20:00 horas y la entrada es libre hasta completar el aforo.\" \/>\n<meta name=\"robots\" content=\"index, follow, max-snippet:-1, max-image-preview:large, max-video-preview:-1\" \/>\n<link rel=\"canonical\" href=\"https:\/\/www.ull.es\/portal\/noticias\/2019\/nueva-edicion-del-ciclo-de-jovenes-interpretes-de-la-ull\/\" \/>\n<meta property=\"og:locale\" content=\"es_ES\" \/>\n<meta property=\"og:type\" content=\"article\" \/>\n<meta property=\"og:title\" content=\"Nueva edici\u00f3n del ciclo de j\u00f3venes int\u00e9rpretes de la ULL ma\u00f1ana en el Paraninfo - ULL - Noticias\" \/>\n<meta property=\"og:description\" content=\"El Paraninfo de la Universidad de La Laguna acoger\u00e1 el mi\u00e9rcoles 13 de marzo, una nueva edici\u00f3n del ciclo de m\u00fasica J\u00f3venes Int\u00e9rpretes de la ULL. En el concierto se interpretar\u00e1n, entre otras, obras de Chopin, Mozart o Alb\u00e9niz. El recital dar\u00e1 comienzo a las 20:00 horas y la entrada es libre hasta completar el aforo.\" \/>\n<meta property=\"og:url\" content=\"https:\/\/www.ull.es\/portal\/noticias\/2019\/nueva-edicion-del-ciclo-de-jovenes-interpretes-de-la-ull\/\" \/>\n<meta property=\"og:site_name\" content=\"ULL - Noticias\" \/>\n<meta property=\"article:publisher\" content=\"https:\/\/www.facebook.com\/universidaddelalaguna\/\" \/>\n<meta property=\"article:published_time\" content=\"2019-03-12T12:54:02+00:00\" \/>\n<meta property=\"article:modified_time\" content=\"2019-03-12T12:54:26+00:00\" \/>\n<meta property=\"og:image\" content=\"https:\/\/www.ull.es\/portal\/noticias\/wp-content\/uploads\/sites\/13\/2019\/03\/jovenes-interpretes.jpg\" \/>\n\t<meta property=\"og:image:width\" content=\"700\" \/>\n\t<meta property=\"og:image:height\" content=\"350\" \/>\n\t<meta property=\"og:image:type\" content=\"image\/jpeg\" \/>\n<meta name=\"author\" content=\"gcom4\" \/>\n<meta name=\"twitter:card\" content=\"summary_large_image\" \/>\n<meta name=\"twitter:creator\" content=\"@CanalULL\" \/>\n<meta name=\"twitter:site\" content=\"@CanalULL\" \/>\n<meta name=\"twitter:label1\" content=\"Escrito por\" \/>\n\t<meta name=\"twitter:data1\" content=\"gcom4\" \/>\n\t<meta name=\"twitter:label2\" content=\"Tiempo de lectura\" \/>\n\t<meta name=\"twitter:data2\" content=\"1 minuto\" \/>\n<script type=\"application\/ld+json\" class=\"yoast-schema-graph\">{\"@context\":\"https:\/\/schema.org\",\"@graph\":[{\"@type\":\"WebPage\",\"@id\":\"https:\/\/www.ull.es\/portal\/noticias\/2019\/nueva-edicion-del-ciclo-de-jovenes-interpretes-de-la-ull\/\",\"url\":\"https:\/\/www.ull.es\/portal\/noticias\/2019\/nueva-edicion-del-ciclo-de-jovenes-interpretes-de-la-ull\/\",\"name\":\"Nueva edici\u00f3n del ciclo de j\u00f3venes int\u00e9rpretes de la ULL ma\u00f1ana en el Paraninfo - ULL - Noticias\",\"isPartOf\":{\"@id\":\"https:\/\/www.ull.es\/portal\/noticias\/#website\"},\"datePublished\":\"2019-03-12T12:54:02+00:00\",\"dateModified\":\"2019-03-12T12:54:26+00:00\",\"author\":{\"@id\":\"https:\/\/www.ull.es\/portal\/noticias\/#\/schema\/person\/9924518fb1ad37d4428e7b5d6f311773\"},\"description\":\"El Paraninfo de la Universidad de La Laguna acoger\u00e1 el mi\u00e9rcoles 13 de marzo, una nueva edici\u00f3n del ciclo de m\u00fasica J\u00f3venes Int\u00e9rpretes de la ULL. En el concierto se interpretar\u00e1n, entre otras, obras de Chopin, Mozart o Alb\u00e9niz. El recital dar\u00e1 comienzo a las 20:00 horas y la entrada es libre hasta completar el aforo.\",\"breadcrumb\":{\"@id\":\"https:\/\/www.ull.es\/portal\/noticias\/2019\/nueva-edicion-del-ciclo-de-jovenes-interpretes-de-la-ull\/#breadcrumb\"},\"inLanguage\":\"es\",\"potentialAction\":[{\"@type\":\"ReadAction\",\"target\":[\"https:\/\/www.ull.es\/portal\/noticias\/2019\/nueva-edicion-del-ciclo-de-jovenes-interpretes-de-la-ull\/\"]}]},{\"@type\":\"BreadcrumbList\",\"@id\":\"https:\/\/www.ull.es\/portal\/noticias\/2019\/nueva-edicion-del-ciclo-de-jovenes-interpretes-de-la-ull\/#breadcrumb\",\"itemListElement\":[{\"@type\":\"ListItem\",\"position\":1,\"name\":\"Portada\",\"item\":\"https:\/\/www.ull.es\/portal\/noticias\/\"},{\"@type\":\"ListItem\",\"position\":2,\"name\":\"Nueva edici\u00f3n del ciclo de j\u00f3venes int\u00e9rpretes de la ULL ma\u00f1ana en el Paraninfo\"}]},{\"@type\":\"WebSite\",\"@id\":\"https:\/\/www.ull.es\/portal\/noticias\/#website\",\"url\":\"https:\/\/www.ull.es\/portal\/noticias\/\",\"name\":\"ULL - Noticias\",\"description\":\"\",\"potentialAction\":[{\"@type\":\"SearchAction\",\"target\":{\"@type\":\"EntryPoint\",\"urlTemplate\":\"https:\/\/www.ull.es\/portal\/noticias\/?s={search_term_string}\"},\"query-input\":\"required name=search_term_string\"}],\"inLanguage\":\"es\"},{\"@type\":\"Person\",\"@id\":\"https:\/\/www.ull.es\/portal\/noticias\/#\/schema\/person\/9924518fb1ad37d4428e7b5d6f311773\",\"name\":\"gcom4\",\"image\":{\"@type\":\"ImageObject\",\"inLanguage\":\"es\",\"@id\":\"https:\/\/www.ull.es\/portal\/noticias\/#\/schema\/person\/image\/\",\"url\":\"https:\/\/secure.gravatar.com\/avatar\/a5d1f5573f10617ccfcc209aaf6aa7fb?s=96&d=mm&r=g\",\"contentUrl\":\"https:\/\/secure.gravatar.com\/avatar\/a5d1f5573f10617ccfcc209aaf6aa7fb?s=96&d=mm&r=g\",\"caption\":\"gcom4\"},\"url\":\"https:\/\/www.ull.es\/portal\/noticias\/author\/gcom4\/\"}]}<\/script>\n<!-- \/ Yoast SEO plugin. -->","yoast_head_json":{"title":"Nueva edici\u00f3n del ciclo de j\u00f3venes int\u00e9rpretes de la ULL ma\u00f1ana en el Paraninfo - ULL - Noticias","description":"El Paraninfo de la Universidad de La Laguna acoger\u00e1 el mi\u00e9rcoles 13 de marzo, una nueva edici\u00f3n del ciclo de m\u00fasica J\u00f3venes Int\u00e9rpretes de la ULL. En el concierto se interpretar\u00e1n, entre otras, obras de Chopin, Mozart o Alb\u00e9niz. El recital dar\u00e1 comienzo a las 20:00 horas y la entrada es libre hasta completar el aforo.","robots":{"index":"index","follow":"follow","max-snippet":"max-snippet:-1","max-image-preview":"max-image-preview:large","max-video-preview":"max-video-preview:-1"},"canonical":"https:\/\/www.ull.es\/portal\/noticias\/2019\/nueva-edicion-del-ciclo-de-jovenes-interpretes-de-la-ull\/","og_locale":"es_ES","og_type":"article","og_title":"Nueva edici\u00f3n del ciclo de j\u00f3venes int\u00e9rpretes de la ULL ma\u00f1ana en el Paraninfo - ULL - Noticias","og_description":"El Paraninfo de la Universidad de La Laguna acoger\u00e1 el mi\u00e9rcoles 13 de marzo, una nueva edici\u00f3n del ciclo de m\u00fasica J\u00f3venes Int\u00e9rpretes de la ULL. En el concierto se interpretar\u00e1n, entre otras, obras de Chopin, Mozart o Alb\u00e9niz. El recital dar\u00e1 comienzo a las 20:00 horas y la entrada es libre hasta completar el aforo.","og_url":"https:\/\/www.ull.es\/portal\/noticias\/2019\/nueva-edicion-del-ciclo-de-jovenes-interpretes-de-la-ull\/","og_site_name":"ULL - Noticias","article_publisher":"https:\/\/www.facebook.com\/universidaddelalaguna\/","article_published_time":"2019-03-12T12:54:02+00:00","article_modified_time":"2019-03-12T12:54:26+00:00","og_image":[{"width":700,"height":350,"url":"https:\/\/www.ull.es\/portal\/noticias\/wp-content\/uploads\/sites\/13\/2019\/03\/jovenes-interpretes.jpg","type":"image\/jpeg"}],"author":"gcom4","twitter_card":"summary_large_image","twitter_creator":"@CanalULL","twitter_site":"@CanalULL","twitter_misc":{"Escrito por":"gcom4","Tiempo de lectura":"1 minuto"},"schema":{"@context":"https:\/\/schema.org","@graph":[{"@type":"WebPage","@id":"https:\/\/www.ull.es\/portal\/noticias\/2019\/nueva-edicion-del-ciclo-de-jovenes-interpretes-de-la-ull\/","url":"https:\/\/www.ull.es\/portal\/noticias\/2019\/nueva-edicion-del-ciclo-de-jovenes-interpretes-de-la-ull\/","name":"Nueva edici\u00f3n del ciclo de j\u00f3venes int\u00e9rpretes de la ULL ma\u00f1ana en el Paraninfo - ULL - Noticias","isPartOf":{"@id":"https:\/\/www.ull.es\/portal\/noticias\/#website"},"datePublished":"2019-03-12T12:54:02+00:00","dateModified":"2019-03-12T12:54:26+00:00","author":{"@id":"https:\/\/www.ull.es\/portal\/noticias\/#\/schema\/person\/9924518fb1ad37d4428e7b5d6f311773"},"description":"El Paraninfo de la Universidad de La Laguna acoger\u00e1 el mi\u00e9rcoles 13 de marzo, una nueva edici\u00f3n del ciclo de m\u00fasica J\u00f3venes Int\u00e9rpretes de la ULL. En el concierto se interpretar\u00e1n, entre otras, obras de Chopin, Mozart o Alb\u00e9niz. El recital dar\u00e1 comienzo a las 20:00 horas y la entrada es libre hasta completar el aforo.","breadcrumb":{"@id":"https:\/\/www.ull.es\/portal\/noticias\/2019\/nueva-edicion-del-ciclo-de-jovenes-interpretes-de-la-ull\/#breadcrumb"},"inLanguage":"es","potentialAction":[{"@type":"ReadAction","target":["https:\/\/www.ull.es\/portal\/noticias\/2019\/nueva-edicion-del-ciclo-de-jovenes-interpretes-de-la-ull\/"]}]},{"@type":"BreadcrumbList","@id":"https:\/\/www.ull.es\/portal\/noticias\/2019\/nueva-edicion-del-ciclo-de-jovenes-interpretes-de-la-ull\/#breadcrumb","itemListElement":[{"@type":"ListItem","position":1,"name":"Portada","item":"https:\/\/www.ull.es\/portal\/noticias\/"},{"@type":"ListItem","position":2,"name":"Nueva edici\u00f3n del ciclo de j\u00f3venes int\u00e9rpretes de la ULL ma\u00f1ana en el Paraninfo"}]},{"@type":"WebSite","@id":"https:\/\/www.ull.es\/portal\/noticias\/#website","url":"https:\/\/www.ull.es\/portal\/noticias\/","name":"ULL - Noticias","description":"","potentialAction":[{"@type":"SearchAction","target":{"@type":"EntryPoint","urlTemplate":"https:\/\/www.ull.es\/portal\/noticias\/?s={search_term_string}"},"query-input":"required name=search_term_string"}],"inLanguage":"es"},{"@type":"Person","@id":"https:\/\/www.ull.es\/portal\/noticias\/#\/schema\/person\/9924518fb1ad37d4428e7b5d6f311773","name":"gcom4","image":{"@type":"ImageObject","inLanguage":"es","@id":"https:\/\/www.ull.es\/portal\/noticias\/#\/schema\/person\/image\/","url":"https:\/\/secure.gravatar.com\/avatar\/a5d1f5573f10617ccfcc209aaf6aa7fb?s=96&d=mm&r=g","contentUrl":"https:\/\/secure.gravatar.com\/avatar\/a5d1f5573f10617ccfcc209aaf6aa7fb?s=96&d=mm&r=g","caption":"gcom4"},"url":"https:\/\/www.ull.es\/portal\/noticias\/author\/gcom4\/"}]}},"primary_category":{"id":344,"name":"Cultura","slug":"cultura","link":"https:\/\/www.ull.es\/portal\/noticias\/category\/cultura\/"},"featured_image_thumbnail_url":"https:\/\/www.ull.es\/portal\/noticias\/wp-content\/uploads\/sites\/13\/2019\/03\/jovenes-interpretes-300x150.jpg","_links":{"self":[{"href":"https:\/\/www.ull.es\/portal\/noticias\/wp-json\/wp\/v2\/posts\/42994"}],"collection":[{"href":"https:\/\/www.ull.es\/portal\/noticias\/wp-json\/wp\/v2\/posts"}],"about":[{"href":"https:\/\/www.ull.es\/portal\/noticias\/wp-json\/wp\/v2\/types\/post"}],"author":[{"embeddable":true,"href":"https:\/\/www.ull.es\/portal\/noticias\/wp-json\/wp\/v2\/users\/65"}],"replies":[{"embeddable":true,"href":"https:\/\/www.ull.es\/portal\/noticias\/wp-json\/wp\/v2\/comments?post=42994"}],"version-history":[{"count":1,"href":"https:\/\/www.ull.es\/portal\/noticias\/wp-json\/wp\/v2\/posts\/42994\/revisions"}],"predecessor-version":[{"id":42995,"href":"https:\/\/www.ull.es\/portal\/noticias\/wp-json\/wp\/v2\/posts\/42994\/revisions\/42995"}],"wp:featuredmedia":[{"embeddable":true,"href":"https:\/\/www.ull.es\/portal\/noticias\/wp-json\/wp\/v2\/media\/42996"}],"wp:attachment":[{"href":"https:\/\/www.ull.es\/portal\/noticias\/wp-json\/wp\/v2\/media?parent=42994"}],"wp:term":[{"taxonomy":"category","embeddable":true,"href":"https:\/\/www.ull.es\/portal\/noticias\/wp-json\/wp\/v2\/categories?post=42994"},{"taxonomy":"post_tag","embeddable":true,"href":"https:\/\/www.ull.es\/portal\/noticias\/wp-json\/wp\/v2\/tags?post=42994"}],"curies":[{"name":"wp","href":"https:\/\/api.w.org\/{rel}","templated":true}]}}