{"id":43040,"date":"2019-03-14T14:01:24","date_gmt":"2019-03-14T14:01:24","guid":{"rendered":"https:\/\/www.ull.es\/portal\/noticias\/?p=43040"},"modified":"2019-03-14T14:01:24","modified_gmt":"2019-03-14T14:01:24","slug":"xxx-olimpiada-fisica-fase-regional","status":"publish","type":"post","link":"https:\/\/www.ull.es\/portal\/noticias\/2019\/xxx-olimpiada-fisica-fase-regional\/","title":{"rendered":"La Facultad de Ciencias de la Universidad de La Laguna ha acogido la fase local de la XXX Olimpiada de F\u00edsica"},"content":{"rendered":"<p>27 estudiantes de Bachillerato y Formaci\u00f3n Profesional de Segundo Grado han participado hoy, jueves 14 de marzo, en la fase regional de la XXX Olimpiada de F\u00edsica. Esta competici\u00f3n, cuyo prop\u00f3sito es incentivar el estudio de esta ciencia entre la poblaci\u00f3n escolar, est\u00e1 organizada por la Real Sociedad Espa\u00f1ola de F\u00edsica con la colaboraci\u00f3n de las universidades p\u00fablicas en sus diferentes fases locales.<\/p>\n<p>La prueba constaba de una parte obligatoria, consistente en una cuesti\u00f3n y un problema de mec\u00e1nica de la part\u00edcula, materia de Primero de Bachillerato; y otra optativa, en la que cada estudiante deb\u00eda responder otras dos cuestiones y resolver otros dos problemas, a elegir entre cinco bloques tem\u00e1ticos de Segundo de Bachillerato: interacci\u00f3n gravitatoria, interacci\u00f3n electromagn\u00e9tica, vibraciones y ondas, \u00f3ptica y f\u00edsica moderna.<\/p>\n<p>Los ganadores de esta fase regional tinerfe\u00f1a tendr\u00e1n derecho a participar en la fase nacional de esta olimpiada, que se celebrar\u00e1 en la Universidad de Salamanca entre el 25 y el 28 de abril.<\/p>\n<p>Con el alumnado vencedor en esa fase estatal se configurar\u00e1 el equipo nacional que participar\u00e1 en la 50\u00ba edici\u00f3n de la olimpiada internacional, del 7 al 25 de julio en Tel Aviv (Israel), y en la XXIV Olimpiada Iberoamericana, del 6 al 13 de septiembre en El Salvador.<\/p>\n","protected":false},"excerpt":{"rendered":"<p>27 estudiantes de Bachillerato y Formaci\u00f3n Profesional de Segundo Grado han participado hoy, jueves 14 de marzo, en la fase&#8230;<\/p>\n","protected":false},"author":21,"featured_media":43041,"comment_status":"closed","ping_status":"closed","sticky":false,"template":"","format":"standard","meta":{"inline_featured_image":false,"footnotes":""},"categories":[345,3924,3858,348,2765],"tags":[608,1280,5468],"acf":[],"yoast_head":"<!-- This site is optimized with the Yoast SEO plugin v21.3 - https:\/\/yoast.com\/wordpress\/plugins\/seo\/ -->\n<title>La Facultad de Ciencias acoge la fase local de la XXX Olimpiada de F\u00edsica<\/title>\n<meta name=\"description\" content=\"27 estudiantes de Bachillerato y Formaci\u00f3n Profesional de Segundo Grado participaron el 14 de marzo en la fase regional de la XXX Olimpiada de F\u00edsica, competici\u00f3n organizada por la Real Sociedad Espa\u00f1ola de F\u00edsica con la colaboraci\u00f3n de las universidades p\u00fablicas en sus diferentes fases locales.\" \/>\n<meta name=\"robots\" content=\"index, follow, max-snippet:-1, max-image-preview:large, max-video-preview:-1\" \/>\n<link rel=\"canonical\" href=\"https:\/\/www.ull.es\/portal\/noticias\/2019\/xxx-olimpiada-fisica-fase-regional\/\" \/>\n<meta property=\"og:locale\" content=\"es_ES\" \/>\n<meta property=\"og:type\" content=\"article\" \/>\n<meta property=\"og:title\" content=\"La Facultad de Ciencias acoge la fase local de la XXX Olimpiada de F\u00edsica\" \/>\n<meta property=\"og:description\" content=\"27 estudiantes de Bachillerato y Formaci\u00f3n Profesional de Segundo Grado participaron el 14 de marzo en la fase regional de la XXX Olimpiada de F\u00edsica, competici\u00f3n organizada por la Real Sociedad Espa\u00f1ola de F\u00edsica con la colaboraci\u00f3n de las universidades p\u00fablicas en sus diferentes fases locales.\" \/>\n<meta property=\"og:url\" content=\"https:\/\/www.ull.es\/portal\/noticias\/2019\/xxx-olimpiada-fisica-fase-regional\/\" \/>\n<meta property=\"og:site_name\" content=\"ULL - Noticias\" \/>\n<meta property=\"article:publisher\" content=\"https:\/\/www.facebook.com\/universidaddelalaguna\/\" \/>\n<meta property=\"article:published_time\" content=\"2019-03-14T14:01:24+00:00\" \/>\n<meta property=\"og:image\" content=\"https:\/\/www.ull.es\/portal\/noticias\/wp-content\/uploads\/sites\/13\/2019\/03\/Olimpiada-fisica-09.jpg\" \/>\n\t<meta property=\"og:image:width\" content=\"1024\" \/>\n\t<meta property=\"og:image:height\" content=\"683\" \/>\n\t<meta property=\"og:image:type\" content=\"image\/jpeg\" \/>\n<meta name=\"author\" content=\"prensa2\" \/>\n<meta name=\"twitter:card\" content=\"summary_large_image\" \/>\n<meta name=\"twitter:creator\" content=\"@CanalULL\" \/>\n<meta name=\"twitter:site\" content=\"@CanalULL\" \/>\n<meta name=\"twitter:label1\" content=\"Escrito por\" \/>\n\t<meta name=\"twitter:data1\" content=\"prensa2\" \/>\n\t<meta name=\"twitter:label2\" content=\"Tiempo de lectura\" \/>\n\t<meta name=\"twitter:data2\" content=\"1 minuto\" \/>\n<script type=\"application\/ld+json\" class=\"yoast-schema-graph\">{\"@context\":\"https:\/\/schema.org\",\"@graph\":[{\"@type\":\"WebPage\",\"@id\":\"https:\/\/www.ull.es\/portal\/noticias\/2019\/xxx-olimpiada-fisica-fase-regional\/\",\"url\":\"https:\/\/www.ull.es\/portal\/noticias\/2019\/xxx-olimpiada-fisica-fase-regional\/\",\"name\":\"La Facultad de Ciencias acoge la fase local de la XXX Olimpiada de F\u00edsica\",\"isPartOf\":{\"@id\":\"https:\/\/www.ull.es\/portal\/noticias\/#website\"},\"datePublished\":\"2019-03-14T14:01:24+00:00\",\"dateModified\":\"2019-03-14T14:01:24+00:00\",\"author\":{\"@id\":\"https:\/\/www.ull.es\/portal\/noticias\/#\/schema\/person\/c3b2aa857797592927a03740d6664376\"},\"description\":\"27 estudiantes de Bachillerato y Formaci\u00f3n Profesional de Segundo Grado participaron el 14 de marzo en la fase regional de la XXX Olimpiada de F\u00edsica, competici\u00f3n organizada por la Real Sociedad Espa\u00f1ola de F\u00edsica con la colaboraci\u00f3n de las universidades p\u00fablicas en sus diferentes fases locales.\",\"breadcrumb\":{\"@id\":\"https:\/\/www.ull.es\/portal\/noticias\/2019\/xxx-olimpiada-fisica-fase-regional\/#breadcrumb\"},\"inLanguage\":\"es\",\"potentialAction\":[{\"@type\":\"ReadAction\",\"target\":[\"https:\/\/www.ull.es\/portal\/noticias\/2019\/xxx-olimpiada-fisica-fase-regional\/\"]}]},{\"@type\":\"BreadcrumbList\",\"@id\":\"https:\/\/www.ull.es\/portal\/noticias\/2019\/xxx-olimpiada-fisica-fase-regional\/#breadcrumb\",\"itemListElement\":[{\"@type\":\"ListItem\",\"position\":1,\"name\":\"Portada\",\"item\":\"https:\/\/www.ull.es\/portal\/noticias\/\"},{\"@type\":\"ListItem\",\"position\":2,\"name\":\"La Facultad de Ciencias de la Universidad de La Laguna ha acogido la fase local de la XXX Olimpiada de F\u00edsica\"}]},{\"@type\":\"WebSite\",\"@id\":\"https:\/\/www.ull.es\/portal\/noticias\/#website\",\"url\":\"https:\/\/www.ull.es\/portal\/noticias\/\",\"name\":\"ULL - Noticias\",\"description\":\"\",\"potentialAction\":[{\"@type\":\"SearchAction\",\"target\":{\"@type\":\"EntryPoint\",\"urlTemplate\":\"https:\/\/www.ull.es\/portal\/noticias\/?s={search_term_string}\"},\"query-input\":\"required name=search_term_string\"}],\"inLanguage\":\"es\"},{\"@type\":\"Person\",\"@id\":\"https:\/\/www.ull.es\/portal\/noticias\/#\/schema\/person\/c3b2aa857797592927a03740d6664376\",\"name\":\"prensa2\",\"image\":{\"@type\":\"ImageObject\",\"inLanguage\":\"es\",\"@id\":\"https:\/\/www.ull.es\/portal\/noticias\/#\/schema\/person\/image\/\",\"url\":\"https:\/\/secure.gravatar.com\/avatar\/b58f310a5de5feb33d1e026d2493f23c?s=96&d=mm&r=g\",\"contentUrl\":\"https:\/\/secure.gravatar.com\/avatar\/b58f310a5de5feb33d1e026d2493f23c?s=96&d=mm&r=g\",\"caption\":\"prensa2\"},\"url\":\"https:\/\/www.ull.es\/portal\/noticias\/author\/prensa2\/\"}]}<\/script>\n<!-- \/ Yoast SEO plugin. -->","yoast_head_json":{"title":"La Facultad de Ciencias acoge la fase local de la XXX Olimpiada de F\u00edsica","description":"27 estudiantes de Bachillerato y Formaci\u00f3n Profesional de Segundo Grado participaron el 14 de marzo en la fase regional de la XXX Olimpiada de F\u00edsica, competici\u00f3n organizada por la Real Sociedad Espa\u00f1ola de F\u00edsica con la colaboraci\u00f3n de las universidades p\u00fablicas en sus diferentes fases locales.","robots":{"index":"index","follow":"follow","max-snippet":"max-snippet:-1","max-image-preview":"max-image-preview:large","max-video-preview":"max-video-preview:-1"},"canonical":"https:\/\/www.ull.es\/portal\/noticias\/2019\/xxx-olimpiada-fisica-fase-regional\/","og_locale":"es_ES","og_type":"article","og_title":"La Facultad de Ciencias acoge la fase local de la XXX Olimpiada de F\u00edsica","og_description":"27 estudiantes de Bachillerato y Formaci\u00f3n Profesional de Segundo Grado participaron el 14 de marzo en la fase regional de la XXX Olimpiada de F\u00edsica, competici\u00f3n organizada por la Real Sociedad Espa\u00f1ola de F\u00edsica con la colaboraci\u00f3n de las universidades p\u00fablicas en sus diferentes fases locales.","og_url":"https:\/\/www.ull.es\/portal\/noticias\/2019\/xxx-olimpiada-fisica-fase-regional\/","og_site_name":"ULL - Noticias","article_publisher":"https:\/\/www.facebook.com\/universidaddelalaguna\/","article_published_time":"2019-03-14T14:01:24+00:00","og_image":[{"width":1024,"height":683,"url":"https:\/\/www.ull.es\/portal\/noticias\/wp-content\/uploads\/sites\/13\/2019\/03\/Olimpiada-fisica-09.jpg","type":"image\/jpeg"}],"author":"prensa2","twitter_card":"summary_large_image","twitter_creator":"@CanalULL","twitter_site":"@CanalULL","twitter_misc":{"Escrito por":"prensa2","Tiempo de lectura":"1 minuto"},"schema":{"@context":"https:\/\/schema.org","@graph":[{"@type":"WebPage","@id":"https:\/\/www.ull.es\/portal\/noticias\/2019\/xxx-olimpiada-fisica-fase-regional\/","url":"https:\/\/www.ull.es\/portal\/noticias\/2019\/xxx-olimpiada-fisica-fase-regional\/","name":"La Facultad de Ciencias acoge la fase local de la XXX Olimpiada de F\u00edsica","isPartOf":{"@id":"https:\/\/www.ull.es\/portal\/noticias\/#website"},"datePublished":"2019-03-14T14:01:24+00:00","dateModified":"2019-03-14T14:01:24+00:00","author":{"@id":"https:\/\/www.ull.es\/portal\/noticias\/#\/schema\/person\/c3b2aa857797592927a03740d6664376"},"description":"27 estudiantes de Bachillerato y Formaci\u00f3n Profesional de Segundo Grado participaron el 14 de marzo en la fase regional de la XXX Olimpiada de F\u00edsica, competici\u00f3n organizada por la Real Sociedad Espa\u00f1ola de F\u00edsica con la colaboraci\u00f3n de las universidades p\u00fablicas en sus diferentes fases locales.","breadcrumb":{"@id":"https:\/\/www.ull.es\/portal\/noticias\/2019\/xxx-olimpiada-fisica-fase-regional\/#breadcrumb"},"inLanguage":"es","potentialAction":[{"@type":"ReadAction","target":["https:\/\/www.ull.es\/portal\/noticias\/2019\/xxx-olimpiada-fisica-fase-regional\/"]}]},{"@type":"BreadcrumbList","@id":"https:\/\/www.ull.es\/portal\/noticias\/2019\/xxx-olimpiada-fisica-fase-regional\/#breadcrumb","itemListElement":[{"@type":"ListItem","position":1,"name":"Portada","item":"https:\/\/www.ull.es\/portal\/noticias\/"},{"@type":"ListItem","position":2,"name":"La Facultad de Ciencias de la Universidad de La Laguna ha acogido la fase local de la XXX Olimpiada de F\u00edsica"}]},{"@type":"WebSite","@id":"https:\/\/www.ull.es\/portal\/noticias\/#website","url":"https:\/\/www.ull.es\/portal\/noticias\/","name":"ULL - Noticias","description":"","potentialAction":[{"@type":"SearchAction","target":{"@type":"EntryPoint","urlTemplate":"https:\/\/www.ull.es\/portal\/noticias\/?s={search_term_string}"},"query-input":"required name=search_term_string"}],"inLanguage":"es"},{"@type":"Person","@id":"https:\/\/www.ull.es\/portal\/noticias\/#\/schema\/person\/c3b2aa857797592927a03740d6664376","name":"prensa2","image":{"@type":"ImageObject","inLanguage":"es","@id":"https:\/\/www.ull.es\/portal\/noticias\/#\/schema\/person\/image\/","url":"https:\/\/secure.gravatar.com\/avatar\/b58f310a5de5feb33d1e026d2493f23c?s=96&d=mm&r=g","contentUrl":"https:\/\/secure.gravatar.com\/avatar\/b58f310a5de5feb33d1e026d2493f23c?s=96&d=mm&r=g","caption":"prensa2"},"url":"https:\/\/www.ull.es\/portal\/noticias\/author\/prensa2\/"}]}},"primary_category":{"id":345,"name":"Destacado","slug":"destacado","link":"https:\/\/www.ull.es\/portal\/noticias\/category\/destacado\/"},"featured_image_thumbnail_url":"https:\/\/www.ull.es\/portal\/noticias\/wp-content\/uploads\/sites\/13\/2019\/03\/Olimpiada-fisica-09-300x200.jpg","_links":{"self":[{"href":"https:\/\/www.ull.es\/portal\/noticias\/wp-json\/wp\/v2\/posts\/43040"}],"collection":[{"href":"https:\/\/www.ull.es\/portal\/noticias\/wp-json\/wp\/v2\/posts"}],"about":[{"href":"https:\/\/www.ull.es\/portal\/noticias\/wp-json\/wp\/v2\/types\/post"}],"author":[{"embeddable":true,"href":"https:\/\/www.ull.es\/portal\/noticias\/wp-json\/wp\/v2\/users\/21"}],"replies":[{"embeddable":true,"href":"https:\/\/www.ull.es\/portal\/noticias\/wp-json\/wp\/v2\/comments?post=43040"}],"version-history":[{"count":1,"href":"https:\/\/www.ull.es\/portal\/noticias\/wp-json\/wp\/v2\/posts\/43040\/revisions"}],"predecessor-version":[{"id":43042,"href":"https:\/\/www.ull.es\/portal\/noticias\/wp-json\/wp\/v2\/posts\/43040\/revisions\/43042"}],"wp:featuredmedia":[{"embeddable":true,"href":"https:\/\/www.ull.es\/portal\/noticias\/wp-json\/wp\/v2\/media\/43041"}],"wp:attachment":[{"href":"https:\/\/www.ull.es\/portal\/noticias\/wp-json\/wp\/v2\/media?parent=43040"}],"wp:term":[{"taxonomy":"category","embeddable":true,"href":"https:\/\/www.ull.es\/portal\/noticias\/wp-json\/wp\/v2\/categories?post=43040"},{"taxonomy":"post_tag","embeddable":true,"href":"https:\/\/www.ull.es\/portal\/noticias\/wp-json\/wp\/v2\/tags?post=43040"}],"curies":[{"name":"wp","href":"https:\/\/api.w.org\/{rel}","templated":true}]}}