{"id":43196,"date":"2019-03-20T12:47:08","date_gmt":"2019-03-20T12:47:08","guid":{"rendered":"https:\/\/www.ull.es\/portal\/noticias\/?p=43196"},"modified":"2019-03-20T12:48:10","modified_gmt":"2019-03-20T12:48:10","slug":"la-plaza-del-cristo-reunira-la-muestra-de-profesiones-feria-de-las-vocaciones-cientificas-2019","status":"publish","type":"post","link":"https:\/\/www.ull.es\/portal\/noticias\/2019\/la-plaza-del-cristo-reunira-la-muestra-de-profesiones-feria-de-las-vocaciones-cientificas-2019\/","title":{"rendered":"La Plaza del Cristo reunir\u00e1 la \u2018Muestra de Profesiones &#038; Feria de las Vocaciones Cient\u00edficas 2019\u2019"},"content":{"rendered":"<p><span style=\"font-weight: 400;\">La Casa de los Capitanes de La Laguna fue el escenario que elegido para\u00a0 la presentaci\u00f3n, ayer martes 19 de marzo, de la Muestra de Profesiones &amp; Feria de las Vocaciones Cient\u00edficas 2019, que tendr\u00e1 lugar en la Plaza del Cristo, entre los d\u00edas 26 y 27 de marzo, bajo la organizaci\u00f3n conjunta del Ayuntamiento de La Laguna, la Universidad de La Laguna y el Gobierno de Canarias.<\/span><\/p>\n<p><span style=\"font-weight: 400;\">En el acto estuvo presente el alcalde de La Laguna, Jos\u00e9 Alberto D\u00edaz; la concejala de Educaci\u00f3n de la corporaci\u00f3n lagunera, Atteneri Falero; el director de Formaci\u00f3n Profesional y Educaci\u00f3n de Adultos de la Concejal\u00eda de Educaci\u00f3n y Universidades del Gobierno de Canarias, Manuel Jorge; el director de la Agencia Canaria de Investigaci\u00f3n, Innovaci\u00f3n y Sociedad de la Informaci\u00f3n (ACIISI) del Gobierno de Canarias, Manuel Miranda y el vicerrector de Investigaci\u00f3n de la Universidad de La Laguna, Francisco Almeida.<\/span><\/p>\n<p><span style=\"font-weight: 400;\">La actividad tiene como objetivo que confluyan en la Plaza del Cristo (con un total de 70 carpas informativas) las instituciones educacionales, que cuentan con planes de formaci\u00f3n acad\u00e9mica, para los estudiantes que finalizan la ense\u00f1anza secundaria o adultos que quieran ampliar su formaci\u00f3n, con el fin de suministrar informaci\u00f3n y difusi\u00f3n acerca de algunas opciones de estudios: planes, duraci\u00f3n, costes, infraestructura, campo laboral y otras variables a considerar, en un momento de toma de decisiones sobre elecci\u00f3n de una carrera profesional. \u00a0\u00a0\u00a0\u00a0<\/span><\/p>\n<p><span style=\"font-weight: 400;\">El alcalde lagunero, Jos\u00e9 Alberto D\u00edaz, coment\u00f3 que \u201cLa Laguna es un municipio universitario y que fue sede del primer Instituto de Canarias, lo que supone un marcado s\u00edmbolo de identidad en lo acad\u00e9mico y en lo cient\u00edfico\u201d.<\/span><\/p>\n<p><span style=\"font-weight: 400;\">\u201cEl objetivo es hacer una muestra de orientaci\u00f3n formativa para j\u00f3venes, que abarque no s\u00f3lo nuestro municipio sino a todos los institutos de la Isla para facilitar una orientaci\u00f3n global para los j\u00f3venes, d\u00e1ndoles las diferentes opciones formativas, ofertando no s\u00f3lo las opciones universitarias sino los m\u00f3dulos de Formaci\u00f3n Profesional con un sentido escalonado, es decir, que ellos puedan hacer un recorrido desde la primera fase que ser\u00eda elegir una formaci\u00f3n espec\u00edfica y despu\u00e9s que puedan observar los resultados de esos conocimientos in situ con proyectos reales\u201d, recalc\u00f3.<\/span><\/p>\n<p><span style=\"font-weight: 400;\">Los centros implicados en la muestra son los Institutos de Educaci\u00f3n Secundaria Domingo P\u00e9rez Minik; Sabino Berthelot; Tegueste; Canarias; Barranco Las Lajas; Marina Cebri\u00e1n de Taco; Antonio Gonz\u00e1lez; Geneto; La Laboral de La Laguna y San Mat\u00edas, as\u00ed como el Centro Integrado de Formaci\u00f3n Profesional La Laguna; el Centro de Educaci\u00f3n de Personas Adultas Acentejo-Tacoronte y el Instituto de Formaci\u00f3n Profesional Tacoronte.<\/span><\/p>\n<p><span style=\"font-weight: 400;\">Por su parte, el director general de Formaci\u00f3n Profesional y Educaci\u00f3n de Adultos de la Consejer\u00eda de Educaci\u00f3n y Universidades del Gobierno de Canarias, Manuel Jorge, destac\u00f3 \u201cel esfuerzo y el compromiso de los centros educativos por afrontar como reto permanente la mejora de la Formaci\u00f3n Profesional en Canarias, poniendo en valor estas ense\u00f1anzas como instrumento para el empleo\u201d. As\u00ed, asever\u00f3, \u201cen esta muestra, el alumnado explicar\u00e1 a los visitantes que se interesen por los ciclos de FP qu\u00e9 es lo que estudian en cada especialidad y, en algunos casos, lo har\u00e1n de forma pr\u00e1ctica\u201d. Se trata, a\u00f1adi\u00f3, de \u201cdos d\u00edas de informaci\u00f3n y orientaci\u00f3n para los que contaremos tambi\u00e9n con un stand de la Direcci\u00f3n General de Formaci\u00f3n Profesional y Educaci\u00f3n de Adultos en el que los visitantes podr\u00e1n preguntar e informarse sobre las diferentes opciones formativas y sus salidas profesionales\u201d.<\/span><\/p>\n<p><span style=\"font-weight: 400;\">El director general de la Agencia Canaria de Investigaci\u00f3n, Innovaci\u00f3n y Sociedad de la Informaci\u00f3n (ACIISI) de la Concejal\u00eda de Econom\u00eda del Gobierno de Canarias, Manuel Miranda, coment\u00f3 que \u201chay un compendio de dos temas importantes como la promoci\u00f3n de las profesiones y las vocaciones cient\u00edfico. Dentro del ADN de la ACIISI reside el af\u00e1n de difusi\u00f3n de la ciencia en Canarias, qu\u00e9 ciencia se hace y d\u00f3nde se ejerce. Tambi\u00e9n estamos en la obligaci\u00f3n de divulgar la ciencia, para que las nuevas generaciones se vean atra\u00eddos por la misma\u201d. <\/span><\/p>\n<p><span style=\"font-weight: 400;\">Conjuntamente a la Muestra de Profesiones, se desarrollar\u00e1 la Feria de las Vocaciones Cient\u00edficas y Profesionales de Canarias, sobre la que el vicerrector de Investigaci\u00f3n de la Universidad de La Laguna, Francisco Almeida, que \u201cel objetivo es generar inter\u00e9s por parte de los j\u00f3venes por el \u00e1mbito cient\u00edfico y tecnol\u00f3gico en general, y que de alg\u00fan modo se perciba la ciencia como algo accesible, a lo que cualquier persona con una formaci\u00f3n adecuada podr\u00eda desarrollar una carrera profesional\u201d.<\/span><\/p>\n<p><span style=\"font-weight: 400;\">Contar\u00e1 con treinta puestos demostrativos que mostrar\u00e1n la actividad investigadora que se desarrolla en la Universidad de La Laguna y otros centros de I+D asociados en diferentes \u00e1mbitos de inter\u00e9s para la sociedad canaria (energ\u00eda, sostenibilidad, medio ambiente, biodiversidad, biomedicina y salud, turismo y patrimonio, entre otros). Para ello, se emplea una comunicaci\u00f3n cercana y coloquial y se exponen las principales salidas profesionales que ofrecen los diferentes programas formativos que oferta la ULL.<\/span><\/p>\n<p><span style=\"font-weight: 400;\">Tambi\u00e9n se han organizado doce charlas que impartir\u00e1n profesionales de diferentes \u00e1reas de conocimiento del \u00e1mbito empresarial, p\u00fablico o del sector de la I+D. Con ellas, se pondr\u00e1 al alcance del alumnado su trayectoria formativa y experiencia profesional, con el objetivo de servir de referentes. Igualmente, se han planificado cinco talleres pr\u00e1cticos vinculados con la modelizaci\u00f3n e impresi\u00f3n 3D, la ciencia b\u00e1sica, el pensamiento computacional y la l\u00f3gica y las matem\u00e1ticas.<\/span><\/p>\n<p><span style=\"font-weight: 400;\">Otra de las actividades propuestas es la \u201cRadio Cient\u00edfica\u201d: se desarrollar\u00e1 un programa de radio en vivo, con varias entrevistas a diferentes investigadores e investigadoras acerca de su labor cient\u00edfica, que luego se difundir\u00e1n a trav\u00e9s del programa Doble H\u00e9lice 3.0.<\/span><\/p>\n<p><span style=\"font-weight: 400;\">Este evento adem\u00e1s ser\u00e1 la antesala de la celebraci\u00f3n en Canarias de la Noche Europea de los Investigadores 2019, que se celebrar\u00e1 el 27 de septiembre, en el que participa la Universidad de La Laguna como socio junto a La Palma Research Centre (coordinador del proyecto), el Fundo Regional para a Ci\u00eancia e Tecnologia de A\u00e7ores, la Fundaci\u00f3n del Parque Cient\u00edfico Tecnol\u00f3gico de la Universidad de Las Palmas de Gran Canaria, \u00a0la Universidad da Madeira, el Instituto de Astrof\u00edsica de Canarias dirige y organiza el evento en la isla de Tenerife y la Universidad de Mindelo en Cabo Verde. En el a\u00f1o 2019, la tem\u00e1tica principal ser\u00e1 \u201cCiencia del futuro\u201d.<\/span><\/p>\n<p style=\"text-align: left;\">(Nota y foto cedidas por el Ayuntamiento de La Laguna)<\/p>\n","protected":false},"excerpt":{"rendered":"<p>La Casa de los Capitanes de La Laguna fue el escenario que elegido para\u00a0 la presentaci\u00f3n, ayer martes 19 de&#8230;<\/p>\n","protected":false},"author":65,"featured_media":43197,"comment_status":"closed","ping_status":"closed","sticky":false,"template":"","format":"standard","meta":{"inline_featured_image":false,"footnotes":""},"categories":[345,350,2765],"tags":[5494,5492,1543,5491,5493,5495],"acf":[],"yoast_head":"<!-- This site is optimized with the Yoast SEO plugin v21.3 - https:\/\/yoast.com\/wordpress\/plugins\/seo\/ -->\n<title>La Plaza del Cristo reunir\u00e1 la \u2018Muestra de Profesiones &amp; Feria de las Vocaciones Cient\u00edficas 2019\u2019 - ULL - Noticias<\/title>\n<meta name=\"description\" content=\"La Casa de los Capitanes de La Laguna fue el escenario que elegido para\u00a0 la presentaci\u00f3n, de la Muestra de Profesiones &amp; Feria de las Vocaciones Cient\u00edficas 2019 bajo la organizaci\u00f3n conjunta del Ayuntamiento de La Laguna, la Universidad de La Laguna y el Gobierno de Canarias.\" \/>\n<meta name=\"robots\" content=\"index, follow, max-snippet:-1, max-image-preview:large, max-video-preview:-1\" \/>\n<link rel=\"canonical\" href=\"https:\/\/www.ull.es\/portal\/noticias\/2019\/la-plaza-del-cristo-reunira-la-muestra-de-profesiones-feria-de-las-vocaciones-cientificas-2019\/\" \/>\n<meta property=\"og:locale\" content=\"es_ES\" \/>\n<meta property=\"og:type\" content=\"article\" \/>\n<meta property=\"og:title\" content=\"La Plaza del Cristo reunir\u00e1 la \u2018Muestra de Profesiones &amp; Feria de las Vocaciones Cient\u00edficas 2019\u2019 - ULL - Noticias\" \/>\n<meta property=\"og:description\" content=\"La Casa de los Capitanes de La Laguna fue el escenario que elegido para\u00a0 la presentaci\u00f3n, de la Muestra de Profesiones &amp; Feria de las Vocaciones Cient\u00edficas 2019 bajo la organizaci\u00f3n conjunta del Ayuntamiento de La Laguna, la Universidad de La Laguna y el Gobierno de Canarias.\" \/>\n<meta property=\"og:url\" content=\"https:\/\/www.ull.es\/portal\/noticias\/2019\/la-plaza-del-cristo-reunira-la-muestra-de-profesiones-feria-de-las-vocaciones-cientificas-2019\/\" \/>\n<meta property=\"og:site_name\" content=\"ULL - Noticias\" \/>\n<meta property=\"article:publisher\" content=\"https:\/\/www.facebook.com\/universidaddelalaguna\/\" \/>\n<meta property=\"article:published_time\" content=\"2019-03-20T12:47:08+00:00\" \/>\n<meta property=\"article:modified_time\" content=\"2019-03-20T12:48:10+00:00\" \/>\n<meta property=\"og:image\" content=\"https:\/\/www.ull.es\/portal\/noticias\/wp-content\/uploads\/sites\/13\/2019\/03\/RP-Muestra-de-las-Profesiones-19-de-marzo-de-2019-2.jpg\" \/>\n\t<meta property=\"og:image:width\" content=\"1200\" \/>\n\t<meta property=\"og:image:height\" content=\"800\" \/>\n\t<meta property=\"og:image:type\" content=\"image\/jpeg\" \/>\n<meta name=\"author\" content=\"gcom4\" \/>\n<meta name=\"twitter:card\" content=\"summary_large_image\" \/>\n<meta name=\"twitter:creator\" content=\"@CanalULL\" \/>\n<meta name=\"twitter:site\" content=\"@CanalULL\" \/>\n<meta name=\"twitter:label1\" content=\"Escrito por\" \/>\n\t<meta name=\"twitter:data1\" content=\"gcom4\" \/>\n\t<meta name=\"twitter:label2\" content=\"Tiempo de lectura\" \/>\n\t<meta name=\"twitter:data2\" content=\"6 minutos\" \/>\n<script type=\"application\/ld+json\" class=\"yoast-schema-graph\">{\"@context\":\"https:\/\/schema.org\",\"@graph\":[{\"@type\":\"WebPage\",\"@id\":\"https:\/\/www.ull.es\/portal\/noticias\/2019\/la-plaza-del-cristo-reunira-la-muestra-de-profesiones-feria-de-las-vocaciones-cientificas-2019\/\",\"url\":\"https:\/\/www.ull.es\/portal\/noticias\/2019\/la-plaza-del-cristo-reunira-la-muestra-de-profesiones-feria-de-las-vocaciones-cientificas-2019\/\",\"name\":\"La Plaza del Cristo reunir\u00e1 la \u2018Muestra de Profesiones & Feria de las Vocaciones Cient\u00edficas 2019\u2019 - ULL - Noticias\",\"isPartOf\":{\"@id\":\"https:\/\/www.ull.es\/portal\/noticias\/#website\"},\"datePublished\":\"2019-03-20T12:47:08+00:00\",\"dateModified\":\"2019-03-20T12:48:10+00:00\",\"author\":{\"@id\":\"https:\/\/www.ull.es\/portal\/noticias\/#\/schema\/person\/9924518fb1ad37d4428e7b5d6f311773\"},\"description\":\"La Casa de los Capitanes de La Laguna fue el escenario que elegido para\u00a0 la presentaci\u00f3n, de la Muestra de Profesiones & Feria de las Vocaciones Cient\u00edficas 2019 bajo la organizaci\u00f3n conjunta del Ayuntamiento de La Laguna, la Universidad de La Laguna y el Gobierno de Canarias.\",\"breadcrumb\":{\"@id\":\"https:\/\/www.ull.es\/portal\/noticias\/2019\/la-plaza-del-cristo-reunira-la-muestra-de-profesiones-feria-de-las-vocaciones-cientificas-2019\/#breadcrumb\"},\"inLanguage\":\"es\",\"potentialAction\":[{\"@type\":\"ReadAction\",\"target\":[\"https:\/\/www.ull.es\/portal\/noticias\/2019\/la-plaza-del-cristo-reunira-la-muestra-de-profesiones-feria-de-las-vocaciones-cientificas-2019\/\"]}]},{\"@type\":\"BreadcrumbList\",\"@id\":\"https:\/\/www.ull.es\/portal\/noticias\/2019\/la-plaza-del-cristo-reunira-la-muestra-de-profesiones-feria-de-las-vocaciones-cientificas-2019\/#breadcrumb\",\"itemListElement\":[{\"@type\":\"ListItem\",\"position\":1,\"name\":\"Portada\",\"item\":\"https:\/\/www.ull.es\/portal\/noticias\/\"},{\"@type\":\"ListItem\",\"position\":2,\"name\":\"La Plaza del Cristo reunir\u00e1 la \u2018Muestra de Profesiones &#038; Feria de las Vocaciones Cient\u00edficas 2019\u2019\"}]},{\"@type\":\"WebSite\",\"@id\":\"https:\/\/www.ull.es\/portal\/noticias\/#website\",\"url\":\"https:\/\/www.ull.es\/portal\/noticias\/\",\"name\":\"ULL - Noticias\",\"description\":\"\",\"potentialAction\":[{\"@type\":\"SearchAction\",\"target\":{\"@type\":\"EntryPoint\",\"urlTemplate\":\"https:\/\/www.ull.es\/portal\/noticias\/?s={search_term_string}\"},\"query-input\":\"required name=search_term_string\"}],\"inLanguage\":\"es\"},{\"@type\":\"Person\",\"@id\":\"https:\/\/www.ull.es\/portal\/noticias\/#\/schema\/person\/9924518fb1ad37d4428e7b5d6f311773\",\"name\":\"gcom4\",\"image\":{\"@type\":\"ImageObject\",\"inLanguage\":\"es\",\"@id\":\"https:\/\/www.ull.es\/portal\/noticias\/#\/schema\/person\/image\/\",\"url\":\"https:\/\/secure.gravatar.com\/avatar\/a5d1f5573f10617ccfcc209aaf6aa7fb?s=96&d=mm&r=g\",\"contentUrl\":\"https:\/\/secure.gravatar.com\/avatar\/a5d1f5573f10617ccfcc209aaf6aa7fb?s=96&d=mm&r=g\",\"caption\":\"gcom4\"},\"url\":\"https:\/\/www.ull.es\/portal\/noticias\/author\/gcom4\/\"}]}<\/script>\n<!-- \/ Yoast SEO plugin. -->","yoast_head_json":{"title":"La Plaza del Cristo reunir\u00e1 la \u2018Muestra de Profesiones & Feria de las Vocaciones Cient\u00edficas 2019\u2019 - ULL - Noticias","description":"La Casa de los Capitanes de La Laguna fue el escenario que elegido para\u00a0 la presentaci\u00f3n, de la Muestra de Profesiones & Feria de las Vocaciones Cient\u00edficas 2019 bajo la organizaci\u00f3n conjunta del Ayuntamiento de La Laguna, la Universidad de La Laguna y el Gobierno de Canarias.","robots":{"index":"index","follow":"follow","max-snippet":"max-snippet:-1","max-image-preview":"max-image-preview:large","max-video-preview":"max-video-preview:-1"},"canonical":"https:\/\/www.ull.es\/portal\/noticias\/2019\/la-plaza-del-cristo-reunira-la-muestra-de-profesiones-feria-de-las-vocaciones-cientificas-2019\/","og_locale":"es_ES","og_type":"article","og_title":"La Plaza del Cristo reunir\u00e1 la \u2018Muestra de Profesiones & Feria de las Vocaciones Cient\u00edficas 2019\u2019 - ULL - Noticias","og_description":"La Casa de los Capitanes de La Laguna fue el escenario que elegido para\u00a0 la presentaci\u00f3n, de la Muestra de Profesiones & Feria de las Vocaciones Cient\u00edficas 2019 bajo la organizaci\u00f3n conjunta del Ayuntamiento de La Laguna, la Universidad de La Laguna y el Gobierno de Canarias.","og_url":"https:\/\/www.ull.es\/portal\/noticias\/2019\/la-plaza-del-cristo-reunira-la-muestra-de-profesiones-feria-de-las-vocaciones-cientificas-2019\/","og_site_name":"ULL - Noticias","article_publisher":"https:\/\/www.facebook.com\/universidaddelalaguna\/","article_published_time":"2019-03-20T12:47:08+00:00","article_modified_time":"2019-03-20T12:48:10+00:00","og_image":[{"width":1200,"height":800,"url":"https:\/\/www.ull.es\/portal\/noticias\/wp-content\/uploads\/sites\/13\/2019\/03\/RP-Muestra-de-las-Profesiones-19-de-marzo-de-2019-2.jpg","type":"image\/jpeg"}],"author":"gcom4","twitter_card":"summary_large_image","twitter_creator":"@CanalULL","twitter_site":"@CanalULL","twitter_misc":{"Escrito por":"gcom4","Tiempo de lectura":"6 minutos"},"schema":{"@context":"https:\/\/schema.org","@graph":[{"@type":"WebPage","@id":"https:\/\/www.ull.es\/portal\/noticias\/2019\/la-plaza-del-cristo-reunira-la-muestra-de-profesiones-feria-de-las-vocaciones-cientificas-2019\/","url":"https:\/\/www.ull.es\/portal\/noticias\/2019\/la-plaza-del-cristo-reunira-la-muestra-de-profesiones-feria-de-las-vocaciones-cientificas-2019\/","name":"La Plaza del Cristo reunir\u00e1 la \u2018Muestra de Profesiones & Feria de las Vocaciones Cient\u00edficas 2019\u2019 - ULL - Noticias","isPartOf":{"@id":"https:\/\/www.ull.es\/portal\/noticias\/#website"},"datePublished":"2019-03-20T12:47:08+00:00","dateModified":"2019-03-20T12:48:10+00:00","author":{"@id":"https:\/\/www.ull.es\/portal\/noticias\/#\/schema\/person\/9924518fb1ad37d4428e7b5d6f311773"},"description":"La Casa de los Capitanes de La Laguna fue el escenario que elegido para\u00a0 la presentaci\u00f3n, de la Muestra de Profesiones & Feria de las Vocaciones Cient\u00edficas 2019 bajo la organizaci\u00f3n conjunta del Ayuntamiento de La Laguna, la Universidad de La Laguna y el Gobierno de Canarias.","breadcrumb":{"@id":"https:\/\/www.ull.es\/portal\/noticias\/2019\/la-plaza-del-cristo-reunira-la-muestra-de-profesiones-feria-de-las-vocaciones-cientificas-2019\/#breadcrumb"},"inLanguage":"es","potentialAction":[{"@type":"ReadAction","target":["https:\/\/www.ull.es\/portal\/noticias\/2019\/la-plaza-del-cristo-reunira-la-muestra-de-profesiones-feria-de-las-vocaciones-cientificas-2019\/"]}]},{"@type":"BreadcrumbList","@id":"https:\/\/www.ull.es\/portal\/noticias\/2019\/la-plaza-del-cristo-reunira-la-muestra-de-profesiones-feria-de-las-vocaciones-cientificas-2019\/#breadcrumb","itemListElement":[{"@type":"ListItem","position":1,"name":"Portada","item":"https:\/\/www.ull.es\/portal\/noticias\/"},{"@type":"ListItem","position":2,"name":"La Plaza del Cristo reunir\u00e1 la \u2018Muestra de Profesiones &#038; Feria de las Vocaciones Cient\u00edficas 2019\u2019"}]},{"@type":"WebSite","@id":"https:\/\/www.ull.es\/portal\/noticias\/#website","url":"https:\/\/www.ull.es\/portal\/noticias\/","name":"ULL - Noticias","description":"","potentialAction":[{"@type":"SearchAction","target":{"@type":"EntryPoint","urlTemplate":"https:\/\/www.ull.es\/portal\/noticias\/?s={search_term_string}"},"query-input":"required name=search_term_string"}],"inLanguage":"es"},{"@type":"Person","@id":"https:\/\/www.ull.es\/portal\/noticias\/#\/schema\/person\/9924518fb1ad37d4428e7b5d6f311773","name":"gcom4","image":{"@type":"ImageObject","inLanguage":"es","@id":"https:\/\/www.ull.es\/portal\/noticias\/#\/schema\/person\/image\/","url":"https:\/\/secure.gravatar.com\/avatar\/a5d1f5573f10617ccfcc209aaf6aa7fb?s=96&d=mm&r=g","contentUrl":"https:\/\/secure.gravatar.com\/avatar\/a5d1f5573f10617ccfcc209aaf6aa7fb?s=96&d=mm&r=g","caption":"gcom4"},"url":"https:\/\/www.ull.es\/portal\/noticias\/author\/gcom4\/"}]}},"primary_category":{"id":2765,"name":"Portada ULL","slug":"portada-ull","link":"https:\/\/www.ull.es\/portal\/noticias\/category\/portada-ull\/"},"featured_image_thumbnail_url":"https:\/\/www.ull.es\/portal\/noticias\/wp-content\/uploads\/sites\/13\/2019\/03\/RP-Muestra-de-las-Profesiones-19-de-marzo-de-2019-2-300x200.jpg","_links":{"self":[{"href":"https:\/\/www.ull.es\/portal\/noticias\/wp-json\/wp\/v2\/posts\/43196"}],"collection":[{"href":"https:\/\/www.ull.es\/portal\/noticias\/wp-json\/wp\/v2\/posts"}],"about":[{"href":"https:\/\/www.ull.es\/portal\/noticias\/wp-json\/wp\/v2\/types\/post"}],"author":[{"embeddable":true,"href":"https:\/\/www.ull.es\/portal\/noticias\/wp-json\/wp\/v2\/users\/65"}],"replies":[{"embeddable":true,"href":"https:\/\/www.ull.es\/portal\/noticias\/wp-json\/wp\/v2\/comments?post=43196"}],"version-history":[{"count":1,"href":"https:\/\/www.ull.es\/portal\/noticias\/wp-json\/wp\/v2\/posts\/43196\/revisions"}],"predecessor-version":[{"id":43198,"href":"https:\/\/www.ull.es\/portal\/noticias\/wp-json\/wp\/v2\/posts\/43196\/revisions\/43198"}],"wp:featuredmedia":[{"embeddable":true,"href":"https:\/\/www.ull.es\/portal\/noticias\/wp-json\/wp\/v2\/media\/43197"}],"wp:attachment":[{"href":"https:\/\/www.ull.es\/portal\/noticias\/wp-json\/wp\/v2\/media?parent=43196"}],"wp:term":[{"taxonomy":"category","embeddable":true,"href":"https:\/\/www.ull.es\/portal\/noticias\/wp-json\/wp\/v2\/categories?post=43196"},{"taxonomy":"post_tag","embeddable":true,"href":"https:\/\/www.ull.es\/portal\/noticias\/wp-json\/wp\/v2\/tags?post=43196"}],"curies":[{"name":"wp","href":"https:\/\/api.w.org\/{rel}","templated":true}]}}