{"id":43425,"date":"2019-03-28T12:21:46","date_gmt":"2019-03-28T12:21:46","guid":{"rendered":"https:\/\/www.ull.es\/portal\/noticias\/?p=43425"},"modified":"2023-02-09T16:54:12","modified_gmt":"2023-02-09T16:54:12","slug":"convocados-nuevos-examenes-y-talleres-de-idiomas-para-el-acceso-a-la-oferta-formativa-de-la-universidad-de-la-laguna","status":"publish","type":"post","link":"https:\/\/www.ull.es\/portal\/noticias\/2019\/convocados-nuevos-examenes-y-talleres-de-idiomas-para-el-acceso-a-la-oferta-formativa-de-la-universidad-de-la-laguna\/","title":{"rendered":"Convocados nuevos ex\u00e1menes y talleres de idiomas para el acceso a la oferta formativa de la Universidad de La Laguna"},"content":{"rendered":"<p>El Servicio de Idiomas de la Universidad de La Laguna ha presentado sus nuevas fechas de acreditaci\u00f3n de nivel para las personas que quieran realizar estudios oficiales de la instituci\u00f3n acad\u00e9mica o solicitar estancias del programa Erasmus+.\u00a0\u00a0Asimismo, se ofrecen varios talleres en los que los participantes tendr\u00e1n la posibilidad de practicar para el examen.<\/p>\n<p>Las convocatorias de las pruebas se organizan por niveles. Las fechas para la\u00a0<strong>acreditaci\u00f3n de nivel B1\u00a0<\/strong>se presentan de la siguiente manera:<\/p>\n<ul>\n<li><strong><a href=\"https:\/\/sede.fg.ull.es\/es\/curso\/detalle\/a19050170\/ingles-nivel-b1-para-acceso-a-doctorados-posgrados-y-programas-internacionales-de-la-universidad-de-la-laguna-b1\" target=\"_blank\" rel=\"noopener\" data-saferedirecturl=\"https:\/\/www.google.com\/url?q=https:\/\/sede.fg.ull.es\/es\/curso\/detalle\/a19050170\/ingles-nivel-b1-para-acceso-a-doctorados-posgrados-y-programas-internacionales-de-la-universidad-de-la-laguna-b1&amp;source=gmail&amp;ust=1553859547704000&amp;usg=AFQjCNHb8ltV5H3mc6X0caRkL05Sk2gAwg\" target=\"_blank\" rel=\"noopener\">Convocatoria de 26\/04\/2019<\/a><\/strong>\u00a0(matr\u00edcula y abono de tasas hasta el 10\/04\/2019):<strong>\u00a0<\/strong>\n<ul>\n<li>Examen escrito 26\/04\/2019 de 9:30 a 11:30 horas.<\/li>\n<li>Examen oral el 10\/05\/2019 (La prueba de expresi\u00f3n escrita es eliminatoria, solo aquellas personas que la superen ser\u00e1n convocadas a realizar la prueba oral).<\/li>\n<\/ul>\n<\/li>\n<\/ul>\n<ul>\n<li><strong><a href=\"https:\/\/sede.fg.ull.es\/es\/curso\/detalle\/a19050172\/ingles-nivel-b1-para-acceso-a-doctorados-posgrados-y-programas-internacionales-de-la-universidad-de-la-laguna-b1\" target=\"_blank\" rel=\"noopener\" data-saferedirecturl=\"https:\/\/www.google.com\/url?q=https:\/\/sede.fg.ull.es\/es\/curso\/detalle\/a19050172\/ingles-nivel-b1-para-acceso-a-doctorados-posgrados-y-programas-internacionales-de-la-universidad-de-la-laguna-b1&amp;source=gmail&amp;ust=1553859547704000&amp;usg=AFQjCNHXQ0_Xk6BfxzRr16aH6Lrj_bD4-g\" target=\"_blank\" rel=\"noopener\">Convocatoria de 12\/07\/2019<\/a><\/strong>\u00a0(matr\u00edcula y abono de tasas hasta el 03\/07\/2019):<strong>\u00a0<\/strong>\n<ul>\n<li>Examen escrito 12\/07\/2019 de 16:00 a 18:00 horas.<\/li>\n<li>Examen oral el 26\/07\/2019 (La prueba de expresi\u00f3n escrita es eliminatoria, solo aquellas personas que la superen ser\u00e1n convocadas a realizar la prueba oral).<\/li>\n<\/ul>\n<\/li>\n<\/ul>\n<p>Las fechas para las pruebas correspondientes al\u00a0<strong>nivel B2<\/strong>\u00a0se organizan de la siguiente forma:<\/p>\n<ul>\n<li><a href=\"https:\/\/sede.fg.ull.es\/es\/curso\/detalle\/a19050171\/ingles-nivel-b2-para-acceso-a-doctorados-posgrados-y-programas-internacionales-de-la-universidad-de-la-laguna-b2\" target=\"_blank\" rel=\"noopener\" data-saferedirecturl=\"https:\/\/www.google.com\/url?q=https:\/\/sede.fg.ull.es\/es\/curso\/detalle\/a19050171\/ingles-nivel-b2-para-acceso-a-doctorados-posgrados-y-programas-internacionales-de-la-universidad-de-la-laguna-b2&amp;source=gmail&amp;ust=1553859547704000&amp;usg=AFQjCNEsEVi-HwM4yZVC2pD0RvC_TtHjKQ\" target=\"_blank\" rel=\"noopener\"><strong>Convocatoria de 26\/04\/2019<\/strong><\/a>\u00a0(matr\u00edcula y abono de tasas hasta el 10\/04\/2019):<strong>\u00a0<\/strong>\n<ul>\n<li>Examen escrito 26\/04\/2019 de 9:30 a 11:30 horas.<\/li>\n<li>Examen oral el 10\/05\/2019 (La prueba de expresi\u00f3n escrita es eliminatoria, solo aquellas personas que la superen ser\u00e1n convocadas a realizar la prueba oral).<\/li>\n<\/ul>\n<\/li>\n<\/ul>\n<ul>\n<li><a href=\"https:\/\/sede.fg.ull.es\/es\/curso\/detalle\/a19050173\/ingles-nivel-b2-para-acceso-a-doctorados-posgrados-y-programas-internacionales-de-la-universidad-de-la-laguna-b2\" target=\"_blank\" rel=\"noopener\" data-saferedirecturl=\"https:\/\/www.google.com\/url?q=https:\/\/sede.fg.ull.es\/es\/curso\/detalle\/a19050173\/ingles-nivel-b2-para-acceso-a-doctorados-posgrados-y-programas-internacionales-de-la-universidad-de-la-laguna-b2&amp;source=gmail&amp;ust=1553859547704000&amp;usg=AFQjCNG_oSzQ2Wk9SdTxIEV5pOFxdniy3Q\" target=\"_blank\" rel=\"noopener\"><strong>Convocatoria de 12\/07\/2019<\/strong><\/a>\u00a0(matr\u00edcula y abono de tasas hasta el 03\/07\/2019):\n<ul>\n<li>Examen escrito 12\/07\/2019 de 16:00 a 18:00 horas.<\/li>\n<li>Examen oral el 26\/07\/2019 (La prueba de expresi\u00f3n escrita es eliminatoria, solo aquellas personas que la superen ser\u00e1n convocadas a realizar la prueba oral).<\/li>\n<\/ul>\n<\/li>\n<\/ul>\n<p>La realizaci\u00f3n de los\u00a0<strong>talleres de ingl\u00e9s de nivel B1<\/strong>\u00a0est\u00e1 prevista para el\u00a0<a href=\"https:\/\/sede.fg.ull.es\/es\/curso\/detalle\/a19050191\/ingles-taller-preparatorio-para-el-examen-de-ingles-nivel-b1-para-acceso-a-doctorados-posgrados-y-programas-internacionales-de-la-universidad-de-la-la\" target=\"_blank\" rel=\"noopener\" data-saferedirecturl=\"https:\/\/www.google.com\/url?q=https:\/\/sede.fg.ull.es\/es\/curso\/detalle\/a19050191\/ingles-taller-preparatorio-para-el-examen-de-ingles-nivel-b1-para-acceso-a-doctorados-posgrados-y-programas-internacionales-de-la-universidad-de-la-la&amp;source=gmail&amp;ust=1553859547704000&amp;usg=AFQjCNH9AGelTKsQcRK1dE_Iwgxw7qeCxQ\" target=\"_blank\" rel=\"noopener\"><strong>viernes 29 de marzo<\/strong><\/a>\u00a0de 9:00 a 13:00 horas, para el\u00a0<a href=\"https:\/\/sede.fg.ull.es\/es\/curso\/detalle\/a19050192\/ingles-taller-preparatorio-para-el-examen-de-ingles-nivel-b1-para-acceso-a-doctorados-posgrados-y-programas-internacionales-de-la-universidad-de-la-la\" target=\"_blank\" rel=\"noopener\" data-saferedirecturl=\"https:\/\/www.google.com\/url?q=https:\/\/sede.fg.ull.es\/es\/curso\/detalle\/a19050192\/ingles-taller-preparatorio-para-el-examen-de-ingles-nivel-b1-para-acceso-a-doctorados-posgrados-y-programas-internacionales-de-la-universidad-de-la-la&amp;source=gmail&amp;ust=1553859547704000&amp;usg=AFQjCNHo3ooslZNIVqpx3Fuzuxik78QigA\" target=\"_blank\" rel=\"noopener\"><strong>martes 02 de abril y el jueves 04 de abril<\/strong><\/a>\u00a0de 19:30 a 21:30 horas.<\/p>\n<p>Los<strong>\u00a0talleres de ingl\u00e9s B2<\/strong>\u00a0se llevar\u00e1n a cabo\u00a0<a href=\"https:\/\/sede.fg.ull.es\/es\/curso\/detalle\/a19050194\/ingles-taller-preparatorio-para-el-examen-de-ingles-nivel-b2-para-acceso-a-doctorados-posgrados-y-programas-internacionales-de-la-universidad-de-la-la\" target=\"_blank\" rel=\"noopener\" data-saferedirecturl=\"https:\/\/www.google.com\/url?q=https:\/\/sede.fg.ull.es\/es\/curso\/detalle\/a19050194\/ingles-taller-preparatorio-para-el-examen-de-ingles-nivel-b2-para-acceso-a-doctorados-posgrados-y-programas-internacionales-de-la-universidad-de-la-la&amp;source=gmail&amp;ust=1553859547704000&amp;usg=AFQjCNEKQY5VnywE9dqNj-dz32oX81o7Gw\" target=\"_blank\" rel=\"noopener\"><strong>martes 09 de abril y jueves 11 de abril\u00a0<\/strong><\/a>de 19:30 a 21:30 horas, y el\u00a0<a href=\"https:\/\/sede.fg.ull.es\/es\/curso\/detalle\/a19050193\/ingles-taller-preparatorio-para-el-examen-de-ingles-nivel-b2-para-acceso-a-doctorados-posgrados-y-programas-internacionales-de-la-universidad-de-la-la\" target=\"_blank\" rel=\"noopener\" data-saferedirecturl=\"https:\/\/www.google.com\/url?q=https:\/\/sede.fg.ull.es\/es\/curso\/detalle\/a19050193\/ingles-taller-preparatorio-para-el-examen-de-ingles-nivel-b2-para-acceso-a-doctorados-posgrados-y-programas-internacionales-de-la-universidad-de-la-la&amp;source=gmail&amp;ust=1553859547704000&amp;usg=AFQjCNGWUghXGlGVlW6gscBIxm0KmUG_yA\" target=\"_blank\" rel=\"noopener\"><strong>viernes 12 de abril<\/strong><\/a>\u00a0de 9:00 a 13:00 horas.<\/p>\n<p>Asimismo, est\u00e1n disponible las\u00a0<strong>acreditaciones ACLES.<\/strong>\u00a0Para ampliar la informaci\u00f3n puedes acceder al siguiente\u00a0<a href=\"https:\/\/fg.ull.es\/idiomas\/certificadas-por-acles\/\" target=\"_blank\" rel=\"noopener\" data-saferedirecturl=\"https:\/\/www.google.com\/url?q=https:\/\/fg.ull.es\/idiomas\/certificadas-por-acles\/&amp;source=gmail&amp;ust=1553859547704000&amp;usg=AFQjCNFFjCv5l6ltx52d-qIk1C3GWCtHng\" target=\"_blank\" rel=\"noopener\"><strong>enlace.<\/strong><\/a><\/p>\n","protected":false},"excerpt":{"rendered":"<p>El Servicio de Idiomas de la Universidad de La Laguna ha presentado sus nuevas fechas de acreditaci\u00f3n de nivel para&#8230;<\/p>\n","protected":false},"author":65,"featured_media":43429,"comment_status":"closed","ping_status":"closed","sticky":false,"template":"","format":"standard","meta":{"inline_featured_image":false,"footnotes":""},"categories":[343,345,348,2765],"tags":[],"acf":[],"yoast_head":"<!-- This site is optimized with the Yoast SEO plugin v21.3 - https:\/\/yoast.com\/wordpress\/plugins\/seo\/ -->\n<title>Convocados nuevos ex\u00e1menes y talleres de idiomas para el acceso a la oferta formativa de la Universidad de La Laguna - ULL - Noticias<\/title>\n<meta name=\"robots\" content=\"index, follow, max-snippet:-1, max-image-preview:large, max-video-preview:-1\" \/>\n<link rel=\"canonical\" href=\"https:\/\/www.ull.es\/portal\/noticias\/2019\/convocados-nuevos-examenes-y-talleres-de-idiomas-para-el-acceso-a-la-oferta-formativa-de-la-universidad-de-la-laguna\/\" \/>\n<meta property=\"og:locale\" content=\"es_ES\" \/>\n<meta property=\"og:type\" content=\"article\" \/>\n<meta property=\"og:title\" content=\"Convocados nuevos ex\u00e1menes y talleres de idiomas para el acceso a la oferta formativa de la Universidad de La Laguna - ULL - Noticias\" \/>\n<meta property=\"og:description\" content=\"El Servicio de Idiomas de la Universidad de La Laguna ha presentado sus nuevas fechas de acreditaci\u00f3n de nivel para...\" \/>\n<meta property=\"og:url\" content=\"https:\/\/www.ull.es\/portal\/noticias\/2019\/convocados-nuevos-examenes-y-talleres-de-idiomas-para-el-acceso-a-la-oferta-formativa-de-la-universidad-de-la-laguna\/\" \/>\n<meta property=\"og:site_name\" content=\"ULL - Noticias\" \/>\n<meta property=\"article:publisher\" content=\"https:\/\/www.facebook.com\/universidaddelalaguna\/\" \/>\n<meta property=\"article:published_time\" content=\"2019-03-28T12:21:46+00:00\" \/>\n<meta property=\"article:modified_time\" content=\"2023-02-09T16:54:12+00:00\" \/>\n<meta property=\"og:image\" content=\"https:\/\/www.ull.es\/portal\/noticias\/wp-content\/uploads\/sites\/13\/2019\/03\/idiomas2.jpg\" \/>\n\t<meta property=\"og:image:width\" content=\"1194\" \/>\n\t<meta property=\"og:image:height\" content=\"800\" \/>\n\t<meta property=\"og:image:type\" content=\"image\/jpeg\" \/>\n<meta name=\"author\" content=\"gcom4\" \/>\n<meta name=\"twitter:card\" content=\"summary_large_image\" \/>\n<meta name=\"twitter:creator\" content=\"@CanalULL\" \/>\n<meta name=\"twitter:site\" content=\"@CanalULL\" \/>\n<meta name=\"twitter:label1\" content=\"Escrito por\" \/>\n\t<meta name=\"twitter:data1\" content=\"gcom4\" \/>\n\t<meta name=\"twitter:label2\" content=\"Tiempo de lectura\" \/>\n\t<meta name=\"twitter:data2\" content=\"2 minutos\" \/>\n<script type=\"application\/ld+json\" class=\"yoast-schema-graph\">{\"@context\":\"https:\/\/schema.org\",\"@graph\":[{\"@type\":\"WebPage\",\"@id\":\"https:\/\/www.ull.es\/portal\/noticias\/2019\/convocados-nuevos-examenes-y-talleres-de-idiomas-para-el-acceso-a-la-oferta-formativa-de-la-universidad-de-la-laguna\/\",\"url\":\"https:\/\/www.ull.es\/portal\/noticias\/2019\/convocados-nuevos-examenes-y-talleres-de-idiomas-para-el-acceso-a-la-oferta-formativa-de-la-universidad-de-la-laguna\/\",\"name\":\"Convocados nuevos ex\u00e1menes y talleres de idiomas para el acceso a la oferta formativa de la Universidad de La Laguna - ULL - Noticias\",\"isPartOf\":{\"@id\":\"https:\/\/www.ull.es\/portal\/noticias\/#website\"},\"datePublished\":\"2019-03-28T12:21:46+00:00\",\"dateModified\":\"2023-02-09T16:54:12+00:00\",\"author\":{\"@id\":\"https:\/\/www.ull.es\/portal\/noticias\/#\/schema\/person\/9924518fb1ad37d4428e7b5d6f311773\"},\"breadcrumb\":{\"@id\":\"https:\/\/www.ull.es\/portal\/noticias\/2019\/convocados-nuevos-examenes-y-talleres-de-idiomas-para-el-acceso-a-la-oferta-formativa-de-la-universidad-de-la-laguna\/#breadcrumb\"},\"inLanguage\":\"es\",\"potentialAction\":[{\"@type\":\"ReadAction\",\"target\":[\"https:\/\/www.ull.es\/portal\/noticias\/2019\/convocados-nuevos-examenes-y-talleres-de-idiomas-para-el-acceso-a-la-oferta-formativa-de-la-universidad-de-la-laguna\/\"]}]},{\"@type\":\"BreadcrumbList\",\"@id\":\"https:\/\/www.ull.es\/portal\/noticias\/2019\/convocados-nuevos-examenes-y-talleres-de-idiomas-para-el-acceso-a-la-oferta-formativa-de-la-universidad-de-la-laguna\/#breadcrumb\",\"itemListElement\":[{\"@type\":\"ListItem\",\"position\":1,\"name\":\"Portada\",\"item\":\"https:\/\/www.ull.es\/portal\/noticias\/\"},{\"@type\":\"ListItem\",\"position\":2,\"name\":\"Convocados nuevos ex\u00e1menes y talleres de idiomas para el acceso a la oferta formativa de la Universidad de La Laguna\"}]},{\"@type\":\"WebSite\",\"@id\":\"https:\/\/www.ull.es\/portal\/noticias\/#website\",\"url\":\"https:\/\/www.ull.es\/portal\/noticias\/\",\"name\":\"ULL - Noticias\",\"description\":\"\",\"potentialAction\":[{\"@type\":\"SearchAction\",\"target\":{\"@type\":\"EntryPoint\",\"urlTemplate\":\"https:\/\/www.ull.es\/portal\/noticias\/?s={search_term_string}\"},\"query-input\":\"required name=search_term_string\"}],\"inLanguage\":\"es\"},{\"@type\":\"Person\",\"@id\":\"https:\/\/www.ull.es\/portal\/noticias\/#\/schema\/person\/9924518fb1ad37d4428e7b5d6f311773\",\"name\":\"gcom4\",\"image\":{\"@type\":\"ImageObject\",\"inLanguage\":\"es\",\"@id\":\"https:\/\/www.ull.es\/portal\/noticias\/#\/schema\/person\/image\/\",\"url\":\"https:\/\/secure.gravatar.com\/avatar\/a5d1f5573f10617ccfcc209aaf6aa7fb?s=96&d=mm&r=g\",\"contentUrl\":\"https:\/\/secure.gravatar.com\/avatar\/a5d1f5573f10617ccfcc209aaf6aa7fb?s=96&d=mm&r=g\",\"caption\":\"gcom4\"},\"url\":\"https:\/\/www.ull.es\/portal\/noticias\/author\/gcom4\/\"}]}<\/script>\n<!-- \/ Yoast SEO plugin. -->","yoast_head_json":{"title":"Convocados nuevos ex\u00e1menes y talleres de idiomas para el acceso a la oferta formativa de la Universidad de La Laguna - ULL - Noticias","robots":{"index":"index","follow":"follow","max-snippet":"max-snippet:-1","max-image-preview":"max-image-preview:large","max-video-preview":"max-video-preview:-1"},"canonical":"https:\/\/www.ull.es\/portal\/noticias\/2019\/convocados-nuevos-examenes-y-talleres-de-idiomas-para-el-acceso-a-la-oferta-formativa-de-la-universidad-de-la-laguna\/","og_locale":"es_ES","og_type":"article","og_title":"Convocados nuevos ex\u00e1menes y talleres de idiomas para el acceso a la oferta formativa de la Universidad de La Laguna - ULL - Noticias","og_description":"El Servicio de Idiomas de la Universidad de La Laguna ha presentado sus nuevas fechas de acreditaci\u00f3n de nivel para...","og_url":"https:\/\/www.ull.es\/portal\/noticias\/2019\/convocados-nuevos-examenes-y-talleres-de-idiomas-para-el-acceso-a-la-oferta-formativa-de-la-universidad-de-la-laguna\/","og_site_name":"ULL - Noticias","article_publisher":"https:\/\/www.facebook.com\/universidaddelalaguna\/","article_published_time":"2019-03-28T12:21:46+00:00","article_modified_time":"2023-02-09T16:54:12+00:00","og_image":[{"width":1194,"height":800,"url":"https:\/\/www.ull.es\/portal\/noticias\/wp-content\/uploads\/sites\/13\/2019\/03\/idiomas2.jpg","type":"image\/jpeg"}],"author":"gcom4","twitter_card":"summary_large_image","twitter_creator":"@CanalULL","twitter_site":"@CanalULL","twitter_misc":{"Escrito por":"gcom4","Tiempo de lectura":"2 minutos"},"schema":{"@context":"https:\/\/schema.org","@graph":[{"@type":"WebPage","@id":"https:\/\/www.ull.es\/portal\/noticias\/2019\/convocados-nuevos-examenes-y-talleres-de-idiomas-para-el-acceso-a-la-oferta-formativa-de-la-universidad-de-la-laguna\/","url":"https:\/\/www.ull.es\/portal\/noticias\/2019\/convocados-nuevos-examenes-y-talleres-de-idiomas-para-el-acceso-a-la-oferta-formativa-de-la-universidad-de-la-laguna\/","name":"Convocados nuevos ex\u00e1menes y talleres de idiomas para el acceso a la oferta formativa de la Universidad de La Laguna - ULL - Noticias","isPartOf":{"@id":"https:\/\/www.ull.es\/portal\/noticias\/#website"},"datePublished":"2019-03-28T12:21:46+00:00","dateModified":"2023-02-09T16:54:12+00:00","author":{"@id":"https:\/\/www.ull.es\/portal\/noticias\/#\/schema\/person\/9924518fb1ad37d4428e7b5d6f311773"},"breadcrumb":{"@id":"https:\/\/www.ull.es\/portal\/noticias\/2019\/convocados-nuevos-examenes-y-talleres-de-idiomas-para-el-acceso-a-la-oferta-formativa-de-la-universidad-de-la-laguna\/#breadcrumb"},"inLanguage":"es","potentialAction":[{"@type":"ReadAction","target":["https:\/\/www.ull.es\/portal\/noticias\/2019\/convocados-nuevos-examenes-y-talleres-de-idiomas-para-el-acceso-a-la-oferta-formativa-de-la-universidad-de-la-laguna\/"]}]},{"@type":"BreadcrumbList","@id":"https:\/\/www.ull.es\/portal\/noticias\/2019\/convocados-nuevos-examenes-y-talleres-de-idiomas-para-el-acceso-a-la-oferta-formativa-de-la-universidad-de-la-laguna\/#breadcrumb","itemListElement":[{"@type":"ListItem","position":1,"name":"Portada","item":"https:\/\/www.ull.es\/portal\/noticias\/"},{"@type":"ListItem","position":2,"name":"Convocados nuevos ex\u00e1menes y talleres de idiomas para el acceso a la oferta formativa de la Universidad de La Laguna"}]},{"@type":"WebSite","@id":"https:\/\/www.ull.es\/portal\/noticias\/#website","url":"https:\/\/www.ull.es\/portal\/noticias\/","name":"ULL - Noticias","description":"","potentialAction":[{"@type":"SearchAction","target":{"@type":"EntryPoint","urlTemplate":"https:\/\/www.ull.es\/portal\/noticias\/?s={search_term_string}"},"query-input":"required name=search_term_string"}],"inLanguage":"es"},{"@type":"Person","@id":"https:\/\/www.ull.es\/portal\/noticias\/#\/schema\/person\/9924518fb1ad37d4428e7b5d6f311773","name":"gcom4","image":{"@type":"ImageObject","inLanguage":"es","@id":"https:\/\/www.ull.es\/portal\/noticias\/#\/schema\/person\/image\/","url":"https:\/\/secure.gravatar.com\/avatar\/a5d1f5573f10617ccfcc209aaf6aa7fb?s=96&d=mm&r=g","contentUrl":"https:\/\/secure.gravatar.com\/avatar\/a5d1f5573f10617ccfcc209aaf6aa7fb?s=96&d=mm&r=g","caption":"gcom4"},"url":"https:\/\/www.ull.es\/portal\/noticias\/author\/gcom4\/"}]}},"primary_category":{"id":null,"name":null,"slug":null,"link":{"errors":{"invalid_term":["T\u00e9rmino vac\u00edo."]},"error_data":[]}},"featured_image_thumbnail_url":"https:\/\/www.ull.es\/portal\/noticias\/wp-content\/uploads\/sites\/13\/2019\/03\/idiomas2-300x201.jpg","_links":{"self":[{"href":"https:\/\/www.ull.es\/portal\/noticias\/wp-json\/wp\/v2\/posts\/43425"}],"collection":[{"href":"https:\/\/www.ull.es\/portal\/noticias\/wp-json\/wp\/v2\/posts"}],"about":[{"href":"https:\/\/www.ull.es\/portal\/noticias\/wp-json\/wp\/v2\/types\/post"}],"author":[{"embeddable":true,"href":"https:\/\/www.ull.es\/portal\/noticias\/wp-json\/wp\/v2\/users\/65"}],"replies":[{"embeddable":true,"href":"https:\/\/www.ull.es\/portal\/noticias\/wp-json\/wp\/v2\/comments?post=43425"}],"version-history":[{"count":1,"href":"https:\/\/www.ull.es\/portal\/noticias\/wp-json\/wp\/v2\/posts\/43425\/revisions"}],"predecessor-version":[{"id":43427,"href":"https:\/\/www.ull.es\/portal\/noticias\/wp-json\/wp\/v2\/posts\/43425\/revisions\/43427"}],"wp:featuredmedia":[{"embeddable":true,"href":"https:\/\/www.ull.es\/portal\/noticias\/wp-json\/wp\/v2\/media\/43429"}],"wp:attachment":[{"href":"https:\/\/www.ull.es\/portal\/noticias\/wp-json\/wp\/v2\/media?parent=43425"}],"wp:term":[{"taxonomy":"category","embeddable":true,"href":"https:\/\/www.ull.es\/portal\/noticias\/wp-json\/wp\/v2\/categories?post=43425"},{"taxonomy":"post_tag","embeddable":true,"href":"https:\/\/www.ull.es\/portal\/noticias\/wp-json\/wp\/v2\/tags?post=43425"}],"curies":[{"name":"wp","href":"https:\/\/api.w.org\/{rel}","templated":true}]}}