{"id":43660,"date":"2019-04-05T14:15:14","date_gmt":"2019-04-05T14:15:14","guid":{"rendered":"https:\/\/www.ull.es\/portal\/noticias\/?p=43660"},"modified":"2019-04-05T14:15:14","modified_gmt":"2019-04-05T14:15:14","slug":"consejero-europeo-conoce-itinerario-cultural","status":"publish","type":"post","link":"https:\/\/www.ull.es\/portal\/noticias\/2019\/consejero-europeo-conoce-itinerario-cultural\/","title":{"rendered":"El itinerario cultural de caminos de Canarias, Suecia e Italia es presentado en la ULL a un consejero europeo"},"content":{"rendered":"<p>El Consejero Especial del Programa de Itinerarios Culturales del Consejo de Europa, Eladio Fern\u00e1ndez-Galiano, ha asistido hoy, viernes 5 de abril, a una reuni\u00f3n celebrada en la sede de la Universidad de La Laguna en la calle Viana, con el objetivo de conocer de primera mano el proyecto que relaciona caminos tradicionales y de trashumancia de Canarias, Italia y Suecia, cuya candidatura como Itinerario Cultural Europeo est\u00e1 siendo preparado en estos momentos por t\u00e9cnicos de los tres pa\u00edses implicados.<\/p>\n<p>A la reuni\u00f3n tambi\u00e9n han asistido el rector de la Universidad de La Laguna, Antonio Martin\u00f3n; la consejera de Patrimonio Hist\u00f3rico del Cabildo Insular de Tenerife, Josefa Mar\u00eda Mesa Mora; la vicerrectora de Infraestructuras y Servicios Universitarios, Norena Mart\u00edn Dorta; el profesor del Departamento de T\u00e9cnicas y Proyectos en Ingenier\u00eda y Arquitectura de la ULL Felipe Monz\u00f3n Pe\u00f1ate, entre otros miembros del equipo de trabajo y coordinaci\u00f3n del proyecto.<\/p>\n<p>Durante esta presentaci\u00f3n, abierta por el coordinador del proyecto, el consultor de Patrimonio y Turismo Alternativo y profesor de la UNED Jos\u00e9 Juan Cano Delgado, se inform\u00f3 de los avances realizados en este proyecto, con vistas a preparar la candidatura de este itinerario cultural entre todas las instituciones canarias, suecas e italianas implicadas, con vistas a presentarla oficialmente en el primer semestre de 2020.<\/p>\n<p><strong>Itinerario Cultural <\/strong><\/p>\n<p>Este proyecto de itinerario cultural est\u00e1 articulado en torno al concepto de caminos tradicionales y actividad de trashumancia de ganado, ya sea todav\u00eda activa o de car\u00e1cter hist\u00f3rico. Se centra en tres zonas: en Suecia, en torno a la cultura Sami; en Italia, en la poblaci\u00f3n de Breva de la Campa\u00f1a Romana; y en Tenerife, en el Camino Real de Chasna.<\/p>\n<p>Pero se trata de una iniciativa abierta que podr\u00eda incorporar m\u00e1s territorios y, de hecho, es intenci\u00f3n del Gobierno de Canarias ampliarlo a caminos tradicionales de otras islas y, como se explic\u00f3 en una reuni\u00f3n previa celebrada en septiembre de 2018, tambi\u00e9n se podr\u00eda estudiar abrirlo a otras rutas de trashumancia de la Espa\u00f1a peninsular y ciertas \u00e1reas de Ruman\u00eda. La condici\u00f3n para poder conformar un itinerario cultural es que \u00e9ste abarque, al menos, tres estados, pero se puede ampliar a m\u00e1s.<\/p>\n<p>La designaci\u00f3n de un \u00e1rea como Itinerario Cultural Europeo es compatible con otras actividades preexistentes, pero aporta un valor a\u00f1adido para el territorio porque lo revalorizar\u00eda como recurso y podr\u00eda ser un aliciente para la recuperaci\u00f3n de oficios y actividades tradicionales.<\/p>\n<p>Como se ha explicado en la reuni\u00f3n de hoy, en estos momentos, los diferentes socios del proyecto preparan los estudios y documentaci\u00f3n necesarios para redactar el proyecto que se presentar\u00e1 ante las instituciones europeas. Pr\u00f3ximamente se proceder\u00e1 a impulsar el componente divulgativo e informativo de la iniciativa, mediante la creaci\u00f3n de un logotipo y una p\u00e1gina web, as\u00ed como la publicaci\u00f3n de un bolet\u00edn informativo.<\/p>\n","protected":false},"excerpt":{"rendered":"<p>El Consejero Especial del Programa de Itinerarios Culturales del Consejo de Europa, Eladio Fern\u00e1ndez-Galiano, ha asistido hoy, viernes 5 de&#8230;<\/p>\n","protected":false},"author":21,"featured_media":43661,"comment_status":"closed","ping_status":"closed","sticky":false,"template":"","format":"standard","meta":{"inline_featured_image":false,"footnotes":""},"categories":[345,348,2765],"tags":[4267,4696],"acf":[],"yoast_head":"<!-- This site is optimized with the Yoast SEO plugin v21.3 - https:\/\/yoast.com\/wordpress\/plugins\/seo\/ -->\n<title>Un consejero europeo conoce en la ULL un proyecto de itinerario cultural<\/title>\n<meta name=\"description\" content=\"El Consejero Especial del Programa de Itinerarios Culturales del Consejo de Europa, Eladio Fern\u00e1ndez-Galiano, asisti\u00f3 a una reuni\u00f3n en la ULL para conocer el proyecto que relaciona caminos tradicionales y de trashumancia de Canarias, Italia y Suecia, en el cual colaboran instituciones de los tres pa\u00edses.\" \/>\n<meta name=\"robots\" content=\"index, follow, max-snippet:-1, max-image-preview:large, max-video-preview:-1\" \/>\n<link rel=\"canonical\" href=\"https:\/\/www.ull.es\/portal\/noticias\/2019\/consejero-europeo-conoce-itinerario-cultural\/\" \/>\n<meta property=\"og:locale\" content=\"es_ES\" \/>\n<meta property=\"og:type\" content=\"article\" \/>\n<meta property=\"og:title\" content=\"Un consejero europeo conoce en la ULL un proyecto de itinerario cultural\" \/>\n<meta property=\"og:description\" content=\"El Consejero Especial del Programa de Itinerarios Culturales del Consejo de Europa, Eladio Fern\u00e1ndez-Galiano, asisti\u00f3 a una reuni\u00f3n en la ULL para conocer el proyecto que relaciona caminos tradicionales y de trashumancia de Canarias, Italia y Suecia, en el cual colaboran instituciones de los tres pa\u00edses.\" \/>\n<meta property=\"og:url\" content=\"https:\/\/www.ull.es\/portal\/noticias\/2019\/consejero-europeo-conoce-itinerario-cultural\/\" \/>\n<meta property=\"og:site_name\" content=\"ULL - Noticias\" \/>\n<meta property=\"article:publisher\" content=\"https:\/\/www.facebook.com\/universidaddelalaguna\/\" \/>\n<meta property=\"article:published_time\" content=\"2019-04-05T14:15:14+00:00\" \/>\n<meta property=\"og:image\" content=\"https:\/\/www.ull.es\/portal\/noticias\/wp-content\/uploads\/sites\/13\/2019\/04\/presentacion-itinerario-trashumancia-comisario-europeo.jpg\" \/>\n\t<meta property=\"og:image:width\" content=\"1200\" \/>\n\t<meta property=\"og:image:height\" content=\"800\" \/>\n\t<meta property=\"og:image:type\" content=\"image\/jpeg\" \/>\n<meta name=\"author\" content=\"prensa2\" \/>\n<meta name=\"twitter:card\" content=\"summary_large_image\" \/>\n<meta name=\"twitter:creator\" content=\"@CanalULL\" \/>\n<meta name=\"twitter:site\" content=\"@CanalULL\" \/>\n<meta name=\"twitter:label1\" content=\"Escrito por\" \/>\n\t<meta name=\"twitter:data1\" content=\"prensa2\" \/>\n\t<meta name=\"twitter:label2\" content=\"Tiempo de lectura\" \/>\n\t<meta name=\"twitter:data2\" content=\"3 minutos\" \/>\n<script type=\"application\/ld+json\" class=\"yoast-schema-graph\">{\"@context\":\"https:\/\/schema.org\",\"@graph\":[{\"@type\":\"WebPage\",\"@id\":\"https:\/\/www.ull.es\/portal\/noticias\/2019\/consejero-europeo-conoce-itinerario-cultural\/\",\"url\":\"https:\/\/www.ull.es\/portal\/noticias\/2019\/consejero-europeo-conoce-itinerario-cultural\/\",\"name\":\"Un consejero europeo conoce en la ULL un proyecto de itinerario cultural\",\"isPartOf\":{\"@id\":\"https:\/\/www.ull.es\/portal\/noticias\/#website\"},\"datePublished\":\"2019-04-05T14:15:14+00:00\",\"dateModified\":\"2019-04-05T14:15:14+00:00\",\"author\":{\"@id\":\"https:\/\/www.ull.es\/portal\/noticias\/#\/schema\/person\/c3b2aa857797592927a03740d6664376\"},\"description\":\"El Consejero Especial del Programa de Itinerarios Culturales del Consejo de Europa, Eladio Fern\u00e1ndez-Galiano, asisti\u00f3 a una reuni\u00f3n en la ULL para conocer el proyecto que relaciona caminos tradicionales y de trashumancia de Canarias, Italia y Suecia, en el cual colaboran instituciones de los tres pa\u00edses.\",\"breadcrumb\":{\"@id\":\"https:\/\/www.ull.es\/portal\/noticias\/2019\/consejero-europeo-conoce-itinerario-cultural\/#breadcrumb\"},\"inLanguage\":\"es\",\"potentialAction\":[{\"@type\":\"ReadAction\",\"target\":[\"https:\/\/www.ull.es\/portal\/noticias\/2019\/consejero-europeo-conoce-itinerario-cultural\/\"]}]},{\"@type\":\"BreadcrumbList\",\"@id\":\"https:\/\/www.ull.es\/portal\/noticias\/2019\/consejero-europeo-conoce-itinerario-cultural\/#breadcrumb\",\"itemListElement\":[{\"@type\":\"ListItem\",\"position\":1,\"name\":\"Portada\",\"item\":\"https:\/\/www.ull.es\/portal\/noticias\/\"},{\"@type\":\"ListItem\",\"position\":2,\"name\":\"El itinerario cultural de caminos de Canarias, Suecia e Italia es presentado en la ULL a un consejero europeo\"}]},{\"@type\":\"WebSite\",\"@id\":\"https:\/\/www.ull.es\/portal\/noticias\/#website\",\"url\":\"https:\/\/www.ull.es\/portal\/noticias\/\",\"name\":\"ULL - Noticias\",\"description\":\"\",\"potentialAction\":[{\"@type\":\"SearchAction\",\"target\":{\"@type\":\"EntryPoint\",\"urlTemplate\":\"https:\/\/www.ull.es\/portal\/noticias\/?s={search_term_string}\"},\"query-input\":\"required name=search_term_string\"}],\"inLanguage\":\"es\"},{\"@type\":\"Person\",\"@id\":\"https:\/\/www.ull.es\/portal\/noticias\/#\/schema\/person\/c3b2aa857797592927a03740d6664376\",\"name\":\"prensa2\",\"image\":{\"@type\":\"ImageObject\",\"inLanguage\":\"es\",\"@id\":\"https:\/\/www.ull.es\/portal\/noticias\/#\/schema\/person\/image\/\",\"url\":\"https:\/\/secure.gravatar.com\/avatar\/b58f310a5de5feb33d1e026d2493f23c?s=96&d=mm&r=g\",\"contentUrl\":\"https:\/\/secure.gravatar.com\/avatar\/b58f310a5de5feb33d1e026d2493f23c?s=96&d=mm&r=g\",\"caption\":\"prensa2\"},\"url\":\"https:\/\/www.ull.es\/portal\/noticias\/author\/prensa2\/\"}]}<\/script>\n<!-- \/ Yoast SEO plugin. -->","yoast_head_json":{"title":"Un consejero europeo conoce en la ULL un proyecto de itinerario cultural","description":"El Consejero Especial del Programa de Itinerarios Culturales del Consejo de Europa, Eladio Fern\u00e1ndez-Galiano, asisti\u00f3 a una reuni\u00f3n en la ULL para conocer el proyecto que relaciona caminos tradicionales y de trashumancia de Canarias, Italia y Suecia, en el cual colaboran instituciones de los tres pa\u00edses.","robots":{"index":"index","follow":"follow","max-snippet":"max-snippet:-1","max-image-preview":"max-image-preview:large","max-video-preview":"max-video-preview:-1"},"canonical":"https:\/\/www.ull.es\/portal\/noticias\/2019\/consejero-europeo-conoce-itinerario-cultural\/","og_locale":"es_ES","og_type":"article","og_title":"Un consejero europeo conoce en la ULL un proyecto de itinerario cultural","og_description":"El Consejero Especial del Programa de Itinerarios Culturales del Consejo de Europa, Eladio Fern\u00e1ndez-Galiano, asisti\u00f3 a una reuni\u00f3n en la ULL para conocer el proyecto que relaciona caminos tradicionales y de trashumancia de Canarias, Italia y Suecia, en el cual colaboran instituciones de los tres pa\u00edses.","og_url":"https:\/\/www.ull.es\/portal\/noticias\/2019\/consejero-europeo-conoce-itinerario-cultural\/","og_site_name":"ULL - Noticias","article_publisher":"https:\/\/www.facebook.com\/universidaddelalaguna\/","article_published_time":"2019-04-05T14:15:14+00:00","og_image":[{"width":1200,"height":800,"url":"https:\/\/www.ull.es\/portal\/noticias\/wp-content\/uploads\/sites\/13\/2019\/04\/presentacion-itinerario-trashumancia-comisario-europeo.jpg","type":"image\/jpeg"}],"author":"prensa2","twitter_card":"summary_large_image","twitter_creator":"@CanalULL","twitter_site":"@CanalULL","twitter_misc":{"Escrito por":"prensa2","Tiempo de lectura":"3 minutos"},"schema":{"@context":"https:\/\/schema.org","@graph":[{"@type":"WebPage","@id":"https:\/\/www.ull.es\/portal\/noticias\/2019\/consejero-europeo-conoce-itinerario-cultural\/","url":"https:\/\/www.ull.es\/portal\/noticias\/2019\/consejero-europeo-conoce-itinerario-cultural\/","name":"Un consejero europeo conoce en la ULL un proyecto de itinerario cultural","isPartOf":{"@id":"https:\/\/www.ull.es\/portal\/noticias\/#website"},"datePublished":"2019-04-05T14:15:14+00:00","dateModified":"2019-04-05T14:15:14+00:00","author":{"@id":"https:\/\/www.ull.es\/portal\/noticias\/#\/schema\/person\/c3b2aa857797592927a03740d6664376"},"description":"El Consejero Especial del Programa de Itinerarios Culturales del Consejo de Europa, Eladio Fern\u00e1ndez-Galiano, asisti\u00f3 a una reuni\u00f3n en la ULL para conocer el proyecto que relaciona caminos tradicionales y de trashumancia de Canarias, Italia y Suecia, en el cual colaboran instituciones de los tres pa\u00edses.","breadcrumb":{"@id":"https:\/\/www.ull.es\/portal\/noticias\/2019\/consejero-europeo-conoce-itinerario-cultural\/#breadcrumb"},"inLanguage":"es","potentialAction":[{"@type":"ReadAction","target":["https:\/\/www.ull.es\/portal\/noticias\/2019\/consejero-europeo-conoce-itinerario-cultural\/"]}]},{"@type":"BreadcrumbList","@id":"https:\/\/www.ull.es\/portal\/noticias\/2019\/consejero-europeo-conoce-itinerario-cultural\/#breadcrumb","itemListElement":[{"@type":"ListItem","position":1,"name":"Portada","item":"https:\/\/www.ull.es\/portal\/noticias\/"},{"@type":"ListItem","position":2,"name":"El itinerario cultural de caminos de Canarias, Suecia e Italia es presentado en la ULL a un consejero europeo"}]},{"@type":"WebSite","@id":"https:\/\/www.ull.es\/portal\/noticias\/#website","url":"https:\/\/www.ull.es\/portal\/noticias\/","name":"ULL - Noticias","description":"","potentialAction":[{"@type":"SearchAction","target":{"@type":"EntryPoint","urlTemplate":"https:\/\/www.ull.es\/portal\/noticias\/?s={search_term_string}"},"query-input":"required name=search_term_string"}],"inLanguage":"es"},{"@type":"Person","@id":"https:\/\/www.ull.es\/portal\/noticias\/#\/schema\/person\/c3b2aa857797592927a03740d6664376","name":"prensa2","image":{"@type":"ImageObject","inLanguage":"es","@id":"https:\/\/www.ull.es\/portal\/noticias\/#\/schema\/person\/image\/","url":"https:\/\/secure.gravatar.com\/avatar\/b58f310a5de5feb33d1e026d2493f23c?s=96&d=mm&r=g","contentUrl":"https:\/\/secure.gravatar.com\/avatar\/b58f310a5de5feb33d1e026d2493f23c?s=96&d=mm&r=g","caption":"prensa2"},"url":"https:\/\/www.ull.es\/portal\/noticias\/author\/prensa2\/"}]}},"primary_category":{"id":345,"name":"Destacado","slug":"destacado","link":"https:\/\/www.ull.es\/portal\/noticias\/category\/destacado\/"},"featured_image_thumbnail_url":"https:\/\/www.ull.es\/portal\/noticias\/wp-content\/uploads\/sites\/13\/2019\/04\/presentacion-itinerario-trashumancia-comisario-europeo-300x200.jpg","_links":{"self":[{"href":"https:\/\/www.ull.es\/portal\/noticias\/wp-json\/wp\/v2\/posts\/43660"}],"collection":[{"href":"https:\/\/www.ull.es\/portal\/noticias\/wp-json\/wp\/v2\/posts"}],"about":[{"href":"https:\/\/www.ull.es\/portal\/noticias\/wp-json\/wp\/v2\/types\/post"}],"author":[{"embeddable":true,"href":"https:\/\/www.ull.es\/portal\/noticias\/wp-json\/wp\/v2\/users\/21"}],"replies":[{"embeddable":true,"href":"https:\/\/www.ull.es\/portal\/noticias\/wp-json\/wp\/v2\/comments?post=43660"}],"version-history":[{"count":1,"href":"https:\/\/www.ull.es\/portal\/noticias\/wp-json\/wp\/v2\/posts\/43660\/revisions"}],"predecessor-version":[{"id":43662,"href":"https:\/\/www.ull.es\/portal\/noticias\/wp-json\/wp\/v2\/posts\/43660\/revisions\/43662"}],"wp:featuredmedia":[{"embeddable":true,"href":"https:\/\/www.ull.es\/portal\/noticias\/wp-json\/wp\/v2\/media\/43661"}],"wp:attachment":[{"href":"https:\/\/www.ull.es\/portal\/noticias\/wp-json\/wp\/v2\/media?parent=43660"}],"wp:term":[{"taxonomy":"category","embeddable":true,"href":"https:\/\/www.ull.es\/portal\/noticias\/wp-json\/wp\/v2\/categories?post=43660"},{"taxonomy":"post_tag","embeddable":true,"href":"https:\/\/www.ull.es\/portal\/noticias\/wp-json\/wp\/v2\/tags?post=43660"}],"curies":[{"name":"wp","href":"https:\/\/api.w.org\/{rel}","templated":true}]}}