{"id":43728,"date":"2019-04-09T11:42:17","date_gmt":"2019-04-09T11:42:17","guid":{"rendered":"https:\/\/www.ull.es\/portal\/noticias\/?p=43728"},"modified":"2019-04-09T11:45:30","modified_gmt":"2019-04-09T11:45:30","slug":"la-ull-entrega-sus-premios-de-poesia-y-relato-breve-en-un-encuentro-literario-con-benjamin-prado","status":"publish","type":"post","link":"https:\/\/www.ull.es\/portal\/noticias\/2019\/la-ull-entrega-sus-premios-de-poesia-y-relato-breve-en-un-encuentro-literario-con-benjamin-prado\/","title":{"rendered":"La ULL entrega sus premios de poes\u00eda y relato breve en un encuentro literario con Benjam\u00edn Prado"},"content":{"rendered":"<p>La Universidad de La Laguna entregar\u00e1 <a href=\"https:\/\/www.ull.es\/portal\/agenda\/evento\/acto-de-entrega-de-los-premios-de-poesia-y-relato-breve-de-la-ull\/\" target=\"_blank\" rel=\"noopener\" target=\"_blank\" rel=\"noopener\">sus premios anuales de poes\u00eda y relato breve<\/a> en un encuentro literario con el escritor Benjam\u00edn Prado. El acto tendr\u00e1 lugar el jueves, 11 de abril, a partir de las 20:00 horas, en el Aula Magna del Edificio Central de la Universidad de La Laguna.<\/p>\n<p>El di\u00e1logo literario, moderado por el periodista Eduardo Garc\u00eda Rojas, servir\u00e1 para conocer los entresijos de la \u00faltima novela de Benjam\u00edn Prado <em>Los treinta apellidos <\/em>(2018). El prol\u00edfico autor comenz\u00f3 su carrera en 1995 y, desde entonces, se ha adentrado en g\u00e9neros como la novela, el ensayo, la poes\u00eda o el relato.<\/p>\n<p>Sus libros han sido traducidos en Estados Unidos, Alemania, Francia, Gran Breta\u00f1a, Italia, Grecia, Dinamarca, Portugal, B\u00e9lgica, Croacia, Estonia, Letonia y Hungr\u00eda, y editados tambi\u00e9n en Argentina.<\/p>\n<p>La ceremonia contar\u00e1 con la presencia de Ver\u00f3nica Aranda, ganadora del XX Premio Internacional de Poes\u00eda Luis Feria con su poemario <em>Sin rumbo fijo (Haikus)<\/em>, y \u00c1ngel Olgoso, premiado por su relato <em>Hajd\u00fa<\/em> en el XXI Premio Internacional Julio Cort\u00e1zar de Relato Breve.<\/p>\n<p>Durante el acto, se presentar\u00e1n tambi\u00e9n las publicaciones para cada uno de los premios convocados anualmente por la ULL.<\/p>\n<p><strong>Ganadores <\/strong><\/p>\n<p>Ver\u00f3nica Aranda (Madrid, 1982) ha publicado 15 poemarios y traducido a otros poetas como Yuyutsu RD Sharma, Ant\u00f3nio Ramos Rosa, Maria do Ros\u00e1rio Pedreira, Clarissa Macedo y Michel Thion. Ha participado en recitales y festivales de poes\u00eda tanto en Espa\u00f1a, Marruecos, Portugal, Francia, Estados Unidos, Cuba, Puerto Rico, Colombia, Rep\u00fablica Dominicana, Ecuador, Argentina y Uruguay.<\/p>\n<p>Cuenta en su haber con diferentes premios como el de poes\u00eda Antonio Carvajal de Poes\u00eda Joven (Granada); Arte Joven (Madrid), Antonio Oliver Belm\u00e1s (Cartagena), Miguel Hern\u00e1ndez (Salamanca) el Acc\u00e9sit del Premio Adon\u00e1is, considerado uno de los galardones de poes\u00eda m\u00e1s prestigiosos en lengua castellana, entre otros.<\/p>\n<p>Actualmente dirige una colecci\u00f3n de poes\u00eda latinoamericana actual &#8211;<em>Toda la noche se oyeron<\/em>&#8211; en la editorial Polibea.<\/p>\n<p>\u00c1ngel Olgoso (C\u00fallar\u00a0 Vega, Granada, 1961), ha publicado m\u00e1s de una decena de libros de relatos, adem\u00e1s del poemario <em>Ukigumo<\/em> y el libro ilustrado <em>Nocturnario. 101 im\u00e1genes y 101 escrituras<\/em>. Con ellos ha obtenido una treintena de premios \u2013entre ellos el XX Premio Andaluc\u00eda de la Cr\u00edtica, Premio Sintagma o el Premio Feria del Libro de Almer\u00eda- y relatos suyos se han incluido en m\u00e1s de cincuenta antolog\u00edas del g\u00e9nero.<\/p>\n<p>Es, adem\u00e1s, miembro de la Academia de Buenas Letras de Granada y de la Amateur Mendicant Society de estudios holmesianos, as\u00ed como fundador y Rector del Institutum Pataphysicum Granatensis y Auditeur del Coll\u00e8ge de Pataphysique de Par\u00eds.<\/p>\n<p>Sus obras han sido traducidas al ingl\u00e9s, alem\u00e1n, franc\u00e9s, italiano, portugu\u00e9s, griego, rumano y polaco.<\/p>\n","protected":false},"excerpt":{"rendered":"<p>La Universidad de La Laguna entregar\u00e1 sus premios anuales de poes\u00eda y relato breve en un encuentro literario con el&#8230;<\/p>\n","protected":false},"author":67,"featured_media":43729,"comment_status":"closed","ping_status":"closed","sticky":false,"template":"","format":"standard","meta":{"inline_featured_image":false,"footnotes":""},"categories":[344,345,348,2765],"tags":[5586,2119,2150,2264],"acf":[],"yoast_head":"<!-- This site is optimized with the Yoast SEO plugin v21.3 - https:\/\/yoast.com\/wordpress\/plugins\/seo\/ -->\n<title>La ULL entrega sus premios de poes\u00eda y relato breve en un encuentro literario con Benjam\u00edn Prado<\/title>\n<meta name=\"description\" content=\"La Universidad de La Laguna entregar\u00e1 sus premios anuales de poes\u00eda y relato breve en un encuentro literario con el escritor Benjam\u00edn Prado. El acto tendr\u00e1 lugar el jueves, 11 de abril, a partir de las 20:00 horas, en el Aula Magna del Edificio Central de la Universidad de La Laguna.\u00a0\" \/>\n<meta name=\"robots\" content=\"index, follow, max-snippet:-1, max-image-preview:large, max-video-preview:-1\" \/>\n<link rel=\"canonical\" href=\"https:\/\/www.ull.es\/portal\/noticias\/2019\/la-ull-entrega-sus-premios-de-poesia-y-relato-breve-en-un-encuentro-literario-con-benjamin-prado\/\" \/>\n<meta property=\"og:locale\" content=\"es_ES\" \/>\n<meta property=\"og:type\" content=\"article\" \/>\n<meta property=\"og:title\" content=\"La ULL entrega sus premios de poes\u00eda y relato breve en un encuentro literario con Benjam\u00edn Prado\" \/>\n<meta property=\"og:description\" content=\"La Universidad de La Laguna entregar\u00e1 sus premios anuales de poes\u00eda y relato breve en un encuentro literario con el escritor Benjam\u00edn Prado. El acto tendr\u00e1 lugar el jueves, 11 de abril, a partir de las 20:00 horas, en el Aula Magna del Edificio Central de la Universidad de La Laguna.\u00a0\" \/>\n<meta property=\"og:url\" content=\"https:\/\/www.ull.es\/portal\/noticias\/2019\/la-ull-entrega-sus-premios-de-poesia-y-relato-breve-en-un-encuentro-literario-con-benjamin-prado\/\" \/>\n<meta property=\"og:site_name\" content=\"ULL - Noticias\" \/>\n<meta property=\"article:publisher\" content=\"https:\/\/www.facebook.com\/universidaddelalaguna\/\" \/>\n<meta property=\"article:published_time\" content=\"2019-04-09T11:42:17+00:00\" \/>\n<meta property=\"article:modified_time\" content=\"2019-04-09T11:45:30+00:00\" \/>\n<meta property=\"og:image\" content=\"https:\/\/www.ull.es\/portal\/noticias\/wp-content\/uploads\/sites\/13\/2019\/04\/foto-poes\u00eda-1200.jpg\" \/>\n\t<meta property=\"og:image:width\" content=\"1200\" \/>\n\t<meta property=\"og:image:height\" content=\"800\" \/>\n\t<meta property=\"og:image:type\" content=\"image\/jpeg\" \/>\n<meta name=\"author\" content=\"gcom5\" \/>\n<meta name=\"twitter:card\" content=\"summary_large_image\" \/>\n<meta name=\"twitter:creator\" content=\"@CanalULL\" \/>\n<meta name=\"twitter:site\" content=\"@CanalULL\" \/>\n<meta name=\"twitter:label1\" content=\"Escrito por\" \/>\n\t<meta name=\"twitter:data1\" content=\"gcom5\" \/>\n\t<meta name=\"twitter:label2\" content=\"Tiempo de lectura\" \/>\n\t<meta name=\"twitter:data2\" content=\"2 minutos\" \/>\n<script type=\"application\/ld+json\" class=\"yoast-schema-graph\">{\"@context\":\"https:\/\/schema.org\",\"@graph\":[{\"@type\":\"WebPage\",\"@id\":\"https:\/\/www.ull.es\/portal\/noticias\/2019\/la-ull-entrega-sus-premios-de-poesia-y-relato-breve-en-un-encuentro-literario-con-benjamin-prado\/\",\"url\":\"https:\/\/www.ull.es\/portal\/noticias\/2019\/la-ull-entrega-sus-premios-de-poesia-y-relato-breve-en-un-encuentro-literario-con-benjamin-prado\/\",\"name\":\"La ULL entrega sus premios de poes\u00eda y relato breve en un encuentro literario con Benjam\u00edn Prado\",\"isPartOf\":{\"@id\":\"https:\/\/www.ull.es\/portal\/noticias\/#website\"},\"datePublished\":\"2019-04-09T11:42:17+00:00\",\"dateModified\":\"2019-04-09T11:45:30+00:00\",\"author\":{\"@id\":\"https:\/\/www.ull.es\/portal\/noticias\/#\/schema\/person\/8027c6c4687adc2c90dc1532715d34df\"},\"description\":\"La Universidad de La Laguna entregar\u00e1 sus premios anuales de poes\u00eda y relato breve en un encuentro literario con el escritor Benjam\u00edn Prado. El acto tendr\u00e1 lugar el jueves, 11 de abril, a partir de las 20:00 horas, en el Aula Magna del Edificio Central de la Universidad de La Laguna.\u00a0\",\"breadcrumb\":{\"@id\":\"https:\/\/www.ull.es\/portal\/noticias\/2019\/la-ull-entrega-sus-premios-de-poesia-y-relato-breve-en-un-encuentro-literario-con-benjamin-prado\/#breadcrumb\"},\"inLanguage\":\"es\",\"potentialAction\":[{\"@type\":\"ReadAction\",\"target\":[\"https:\/\/www.ull.es\/portal\/noticias\/2019\/la-ull-entrega-sus-premios-de-poesia-y-relato-breve-en-un-encuentro-literario-con-benjamin-prado\/\"]}]},{\"@type\":\"BreadcrumbList\",\"@id\":\"https:\/\/www.ull.es\/portal\/noticias\/2019\/la-ull-entrega-sus-premios-de-poesia-y-relato-breve-en-un-encuentro-literario-con-benjamin-prado\/#breadcrumb\",\"itemListElement\":[{\"@type\":\"ListItem\",\"position\":1,\"name\":\"Portada\",\"item\":\"https:\/\/www.ull.es\/portal\/noticias\/\"},{\"@type\":\"ListItem\",\"position\":2,\"name\":\"La ULL entrega sus premios de poes\u00eda y relato breve en un encuentro literario con Benjam\u00edn Prado\"}]},{\"@type\":\"WebSite\",\"@id\":\"https:\/\/www.ull.es\/portal\/noticias\/#website\",\"url\":\"https:\/\/www.ull.es\/portal\/noticias\/\",\"name\":\"ULL - Noticias\",\"description\":\"\",\"potentialAction\":[{\"@type\":\"SearchAction\",\"target\":{\"@type\":\"EntryPoint\",\"urlTemplate\":\"https:\/\/www.ull.es\/portal\/noticias\/?s={search_term_string}\"},\"query-input\":\"required name=search_term_string\"}],\"inLanguage\":\"es\"},{\"@type\":\"Person\",\"@id\":\"https:\/\/www.ull.es\/portal\/noticias\/#\/schema\/person\/8027c6c4687adc2c90dc1532715d34df\",\"name\":\"gcom5\",\"image\":{\"@type\":\"ImageObject\",\"inLanguage\":\"es\",\"@id\":\"https:\/\/www.ull.es\/portal\/noticias\/#\/schema\/person\/image\/\",\"url\":\"https:\/\/secure.gravatar.com\/avatar\/8b3777f8048001fa57b88338ce5605b9?s=96&d=mm&r=g\",\"contentUrl\":\"https:\/\/secure.gravatar.com\/avatar\/8b3777f8048001fa57b88338ce5605b9?s=96&d=mm&r=g\",\"caption\":\"gcom5\"},\"url\":\"https:\/\/www.ull.es\/portal\/noticias\/author\/gcom5\/\"}]}<\/script>\n<!-- \/ Yoast SEO plugin. -->","yoast_head_json":{"title":"La ULL entrega sus premios de poes\u00eda y relato breve en un encuentro literario con Benjam\u00edn Prado","description":"La Universidad de La Laguna entregar\u00e1 sus premios anuales de poes\u00eda y relato breve en un encuentro literario con el escritor Benjam\u00edn Prado. El acto tendr\u00e1 lugar el jueves, 11 de abril, a partir de las 20:00 horas, en el Aula Magna del Edificio Central de la Universidad de La Laguna.\u00a0","robots":{"index":"index","follow":"follow","max-snippet":"max-snippet:-1","max-image-preview":"max-image-preview:large","max-video-preview":"max-video-preview:-1"},"canonical":"https:\/\/www.ull.es\/portal\/noticias\/2019\/la-ull-entrega-sus-premios-de-poesia-y-relato-breve-en-un-encuentro-literario-con-benjamin-prado\/","og_locale":"es_ES","og_type":"article","og_title":"La ULL entrega sus premios de poes\u00eda y relato breve en un encuentro literario con Benjam\u00edn Prado","og_description":"La Universidad de La Laguna entregar\u00e1 sus premios anuales de poes\u00eda y relato breve en un encuentro literario con el escritor Benjam\u00edn Prado. El acto tendr\u00e1 lugar el jueves, 11 de abril, a partir de las 20:00 horas, en el Aula Magna del Edificio Central de la Universidad de La Laguna.\u00a0","og_url":"https:\/\/www.ull.es\/portal\/noticias\/2019\/la-ull-entrega-sus-premios-de-poesia-y-relato-breve-en-un-encuentro-literario-con-benjamin-prado\/","og_site_name":"ULL - Noticias","article_publisher":"https:\/\/www.facebook.com\/universidaddelalaguna\/","article_published_time":"2019-04-09T11:42:17+00:00","article_modified_time":"2019-04-09T11:45:30+00:00","og_image":[{"width":1200,"height":800,"url":"https:\/\/www.ull.es\/portal\/noticias\/wp-content\/uploads\/sites\/13\/2019\/04\/foto-poes\u00eda-1200.jpg","type":"image\/jpeg"}],"author":"gcom5","twitter_card":"summary_large_image","twitter_creator":"@CanalULL","twitter_site":"@CanalULL","twitter_misc":{"Escrito por":"gcom5","Tiempo de lectura":"2 minutos"},"schema":{"@context":"https:\/\/schema.org","@graph":[{"@type":"WebPage","@id":"https:\/\/www.ull.es\/portal\/noticias\/2019\/la-ull-entrega-sus-premios-de-poesia-y-relato-breve-en-un-encuentro-literario-con-benjamin-prado\/","url":"https:\/\/www.ull.es\/portal\/noticias\/2019\/la-ull-entrega-sus-premios-de-poesia-y-relato-breve-en-un-encuentro-literario-con-benjamin-prado\/","name":"La ULL entrega sus premios de poes\u00eda y relato breve en un encuentro literario con Benjam\u00edn Prado","isPartOf":{"@id":"https:\/\/www.ull.es\/portal\/noticias\/#website"},"datePublished":"2019-04-09T11:42:17+00:00","dateModified":"2019-04-09T11:45:30+00:00","author":{"@id":"https:\/\/www.ull.es\/portal\/noticias\/#\/schema\/person\/8027c6c4687adc2c90dc1532715d34df"},"description":"La Universidad de La Laguna entregar\u00e1 sus premios anuales de poes\u00eda y relato breve en un encuentro literario con el escritor Benjam\u00edn Prado. El acto tendr\u00e1 lugar el jueves, 11 de abril, a partir de las 20:00 horas, en el Aula Magna del Edificio Central de la Universidad de La Laguna.\u00a0","breadcrumb":{"@id":"https:\/\/www.ull.es\/portal\/noticias\/2019\/la-ull-entrega-sus-premios-de-poesia-y-relato-breve-en-un-encuentro-literario-con-benjamin-prado\/#breadcrumb"},"inLanguage":"es","potentialAction":[{"@type":"ReadAction","target":["https:\/\/www.ull.es\/portal\/noticias\/2019\/la-ull-entrega-sus-premios-de-poesia-y-relato-breve-en-un-encuentro-literario-con-benjamin-prado\/"]}]},{"@type":"BreadcrumbList","@id":"https:\/\/www.ull.es\/portal\/noticias\/2019\/la-ull-entrega-sus-premios-de-poesia-y-relato-breve-en-un-encuentro-literario-con-benjamin-prado\/#breadcrumb","itemListElement":[{"@type":"ListItem","position":1,"name":"Portada","item":"https:\/\/www.ull.es\/portal\/noticias\/"},{"@type":"ListItem","position":2,"name":"La ULL entrega sus premios de poes\u00eda y relato breve en un encuentro literario con Benjam\u00edn Prado"}]},{"@type":"WebSite","@id":"https:\/\/www.ull.es\/portal\/noticias\/#website","url":"https:\/\/www.ull.es\/portal\/noticias\/","name":"ULL - Noticias","description":"","potentialAction":[{"@type":"SearchAction","target":{"@type":"EntryPoint","urlTemplate":"https:\/\/www.ull.es\/portal\/noticias\/?s={search_term_string}"},"query-input":"required name=search_term_string"}],"inLanguage":"es"},{"@type":"Person","@id":"https:\/\/www.ull.es\/portal\/noticias\/#\/schema\/person\/8027c6c4687adc2c90dc1532715d34df","name":"gcom5","image":{"@type":"ImageObject","inLanguage":"es","@id":"https:\/\/www.ull.es\/portal\/noticias\/#\/schema\/person\/image\/","url":"https:\/\/secure.gravatar.com\/avatar\/8b3777f8048001fa57b88338ce5605b9?s=96&d=mm&r=g","contentUrl":"https:\/\/secure.gravatar.com\/avatar\/8b3777f8048001fa57b88338ce5605b9?s=96&d=mm&r=g","caption":"gcom5"},"url":"https:\/\/www.ull.es\/portal\/noticias\/author\/gcom5\/"}]}},"primary_category":{"id":2765,"name":"Portada ULL","slug":"portada-ull","link":"https:\/\/www.ull.es\/portal\/noticias\/category\/portada-ull\/"},"featured_image_thumbnail_url":"https:\/\/www.ull.es\/portal\/noticias\/wp-content\/uploads\/sites\/13\/2019\/04\/foto-poes\u00eda-1200-300x200.jpg","_links":{"self":[{"href":"https:\/\/www.ull.es\/portal\/noticias\/wp-json\/wp\/v2\/posts\/43728"}],"collection":[{"href":"https:\/\/www.ull.es\/portal\/noticias\/wp-json\/wp\/v2\/posts"}],"about":[{"href":"https:\/\/www.ull.es\/portal\/noticias\/wp-json\/wp\/v2\/types\/post"}],"author":[{"embeddable":true,"href":"https:\/\/www.ull.es\/portal\/noticias\/wp-json\/wp\/v2\/users\/67"}],"replies":[{"embeddable":true,"href":"https:\/\/www.ull.es\/portal\/noticias\/wp-json\/wp\/v2\/comments?post=43728"}],"version-history":[{"count":3,"href":"https:\/\/www.ull.es\/portal\/noticias\/wp-json\/wp\/v2\/posts\/43728\/revisions"}],"predecessor-version":[{"id":43734,"href":"https:\/\/www.ull.es\/portal\/noticias\/wp-json\/wp\/v2\/posts\/43728\/revisions\/43734"}],"wp:featuredmedia":[{"embeddable":true,"href":"https:\/\/www.ull.es\/portal\/noticias\/wp-json\/wp\/v2\/media\/43729"}],"wp:attachment":[{"href":"https:\/\/www.ull.es\/portal\/noticias\/wp-json\/wp\/v2\/media?parent=43728"}],"wp:term":[{"taxonomy":"category","embeddable":true,"href":"https:\/\/www.ull.es\/portal\/noticias\/wp-json\/wp\/v2\/categories?post=43728"},{"taxonomy":"post_tag","embeddable":true,"href":"https:\/\/www.ull.es\/portal\/noticias\/wp-json\/wp\/v2\/tags?post=43728"}],"curies":[{"name":"wp","href":"https:\/\/api.w.org\/{rel}","templated":true}]}}