{"id":43757,"date":"2019-04-10T09:57:09","date_gmt":"2019-04-10T09:57:09","guid":{"rendered":"https:\/\/www.ull.es\/portal\/noticias\/?p=43757"},"modified":"2019-04-10T09:57:09","modified_gmt":"2019-04-10T09:57:09","slug":"la-ull-y-el-iac-impulsan-un-congreso-que-celebra-50-anos-de-tesis-doctorales-sobre-astrofisica-en-canarias","status":"publish","type":"post","link":"https:\/\/www.ull.es\/portal\/noticias\/2019\/la-ull-y-el-iac-impulsan-un-congreso-que-celebra-50-anos-de-tesis-doctorales-sobre-astrofisica-en-canarias\/","title":{"rendered":"La ULL y el IAC impulsan un congreso que celebra 50 a\u00f1os de tesis doctorales sobre Astrof\u00edsica en Canarias"},"content":{"rendered":"<p>El Instituto de Astrof\u00edsica de Canarias (IAC) y la Universidad de La Laguna organizan el congreso cient\u00edfico \u201cImpulsando la Astrof\u00edsica en Espa\u00f1a: 50 a\u00f1os de tesis doctorales en el IAC\u201d, que se celebrar\u00e1 del 17 al 19 de julio en La Laguna (Tenerife). Durante esos tres d\u00edas, se impartir\u00e1n charlas sobre los principales campos en los que los doctorados en la ULL-IAC han desarrollado su actividad cient\u00edfica.<\/p>\n<p>En 1964, el astrof\u00edsico Francisco S\u00e1nchez, director fundador del IAC, utiliz\u00f3 el fotopolar\u00edmetro de la Universidad de Burdeos, instalado en el Observatorio del Teide, para realizar mediciones de la Luz Zodiacal. Analiz\u00f3 la dispersi\u00f3n de la luz solar en part\u00edculas de polvo dentro del Sistema Solar y, en 1969, public\u00f3 \u201cContribuci\u00f3n al conocimiento del medio interplanetario por fotometr\u00eda y polarimetr\u00eda de la Luz Zodiacal\u201d, que se convirti\u00f3 en la primera tesis realizada en Espa\u00f1a con datos tomados desde Canarias.<\/p>\n<p>Se cumple, por tanto, medio siglo de la lectura de esa primera tesis doctoral de Astrof\u00edsica en el entorno del IAC. Desde entonces, se han defendido alrededor de 350 tesis doctorales en la ULL-IAC, siendo este dato uno de los mejores testimonios de la consolidaci\u00f3n de la Astrof\u00edsica espa\u00f1ola, as\u00ed como del IAC y los Observatorios de Canarias (el Observatorio del Roque de los Muchachos, en La Palma, y el Observatorio del Teide, en Tenerife) como lugares de referencia mundial.<\/p>\n<p>Para conmemorar esta efem\u00e9ride, el IAC ha organizado el congreso <a href=\"http:\/\/www.iac.es\/congreso\/tesis50\/\" target=\"_blank\" rel=\"noopener\" target=\"_blank\" rel=\"noopener\">\u201cImpulsando la Astrof\u00edsica en Espa\u00f1a: 50 a\u00f1os de tesis doctorales en el IAC\u201d<\/a> , que se celebrar\u00e1 en La Laguna (Tenerife), del 17 al 19 de julio. El evento tiene como objetivo reunir a esos doctorados para rememorar y revisar, con car\u00e1cter general, los resultados de esas tesis, situ\u00e1ndolos y analiz\u00e1ndolos en su contexto, as\u00ed como el impacto de sus carreras cient\u00edficas.<\/p>\n<p>Todas las charlas ser\u00e1n invitadas y cubrir\u00e1n los principales campos en los que se ha desarrollado la actividad cient\u00edfica de los doctorados en la ULL-IAC. Francisco S\u00e1nchez impartir\u00e1 la charla inaugural, que ser\u00e1 p\u00fablica.<br \/>\nEl pr\u00f3ximo 15 de mayo se cerrar\u00e1 el programa de charlas y el 15 de junio ser\u00e1 la \u00faltima fecha para el registro de asistentes.<\/p>\n","protected":false},"excerpt":{"rendered":"<p>El Instituto de Astrof\u00edsica de Canarias (IAC) y la Universidad de La Laguna organizan el congreso cient\u00edfico \u201cImpulsando la Astrof\u00edsica&#8230;<\/p>\n","protected":false},"author":21,"featured_media":43758,"comment_status":"closed","ping_status":"closed","sticky":false,"template":"","format":"standard","meta":{"inline_featured_image":false,"footnotes":""},"categories":[3152,345,3924,350,2765],"tags":[561,891,1454,1513],"acf":[],"yoast_head":"<!-- This site is optimized with the Yoast SEO plugin v21.3 - https:\/\/yoast.com\/wordpress\/plugins\/seo\/ -->\n<title>ULL e IAC celebran 50 a\u00f1os de tesis doctorales sobre Astrof\u00edsica<\/title>\n<meta name=\"description\" content=\"El Instituto de Astrof\u00edsica de Canarias (IAC) y la Universidad de La Laguna (ULL) organizan el congreso cient\u00edfico \u201cImpulsando la Astrof\u00edsica en Espa\u00f1a: 50 a\u00f1os de tesis doctorales en el IAC\u201d, que se celebrar\u00e1 del 17 al 19 de julio en La Laguna (Tenerife).\" \/>\n<meta name=\"robots\" content=\"index, follow, max-snippet:-1, max-image-preview:large, max-video-preview:-1\" \/>\n<link rel=\"canonical\" href=\"https:\/\/www.ull.es\/portal\/noticias\/2019\/la-ull-y-el-iac-impulsan-un-congreso-que-celebra-50-anos-de-tesis-doctorales-sobre-astrofisica-en-canarias\/\" \/>\n<meta property=\"og:locale\" content=\"es_ES\" \/>\n<meta property=\"og:type\" content=\"article\" \/>\n<meta property=\"og:title\" content=\"ULL e IAC celebran 50 a\u00f1os de tesis doctorales sobre Astrof\u00edsica\" \/>\n<meta property=\"og:description\" content=\"El Instituto de Astrof\u00edsica de Canarias (IAC) y la Universidad de La Laguna (ULL) organizan el congreso cient\u00edfico \u201cImpulsando la Astrof\u00edsica en Espa\u00f1a: 50 a\u00f1os de tesis doctorales en el IAC\u201d, que se celebrar\u00e1 del 17 al 19 de julio en La Laguna (Tenerife).\" \/>\n<meta property=\"og:url\" content=\"https:\/\/www.ull.es\/portal\/noticias\/2019\/la-ull-y-el-iac-impulsan-un-congreso-que-celebra-50-anos-de-tesis-doctorales-sobre-astrofisica-en-canarias\/\" \/>\n<meta property=\"og:site_name\" content=\"ULL - Noticias\" \/>\n<meta property=\"article:publisher\" content=\"https:\/\/www.facebook.com\/universidaddelalaguna\/\" \/>\n<meta property=\"article:published_time\" content=\"2019-04-10T09:57:09+00:00\" \/>\n<meta property=\"og:image\" content=\"https:\/\/www.ull.es\/portal\/noticias\/wp-content\/uploads\/sites\/13\/2019\/04\/logo-50-aniversario-tesis-iac.jpg\" \/>\n\t<meta property=\"og:image:width\" content=\"650\" \/>\n\t<meta property=\"og:image:height\" content=\"280\" \/>\n\t<meta property=\"og:image:type\" content=\"image\/jpeg\" \/>\n<meta name=\"author\" content=\"prensa2\" \/>\n<meta name=\"twitter:card\" content=\"summary_large_image\" \/>\n<meta name=\"twitter:creator\" content=\"@CanalULL\" \/>\n<meta name=\"twitter:site\" content=\"@CanalULL\" \/>\n<meta name=\"twitter:label1\" content=\"Escrito por\" \/>\n\t<meta name=\"twitter:data1\" content=\"prensa2\" \/>\n\t<meta name=\"twitter:label2\" content=\"Tiempo de lectura\" \/>\n\t<meta name=\"twitter:data2\" content=\"2 minutos\" \/>\n<script type=\"application\/ld+json\" class=\"yoast-schema-graph\">{\"@context\":\"https:\/\/schema.org\",\"@graph\":[{\"@type\":\"WebPage\",\"@id\":\"https:\/\/www.ull.es\/portal\/noticias\/2019\/la-ull-y-el-iac-impulsan-un-congreso-que-celebra-50-anos-de-tesis-doctorales-sobre-astrofisica-en-canarias\/\",\"url\":\"https:\/\/www.ull.es\/portal\/noticias\/2019\/la-ull-y-el-iac-impulsan-un-congreso-que-celebra-50-anos-de-tesis-doctorales-sobre-astrofisica-en-canarias\/\",\"name\":\"ULL e IAC celebran 50 a\u00f1os de tesis doctorales sobre Astrof\u00edsica\",\"isPartOf\":{\"@id\":\"https:\/\/www.ull.es\/portal\/noticias\/#website\"},\"datePublished\":\"2019-04-10T09:57:09+00:00\",\"dateModified\":\"2019-04-10T09:57:09+00:00\",\"author\":{\"@id\":\"https:\/\/www.ull.es\/portal\/noticias\/#\/schema\/person\/c3b2aa857797592927a03740d6664376\"},\"description\":\"El Instituto de Astrof\u00edsica de Canarias (IAC) y la Universidad de La Laguna (ULL) organizan el congreso cient\u00edfico \u201cImpulsando la Astrof\u00edsica en Espa\u00f1a: 50 a\u00f1os de tesis doctorales en el IAC\u201d, que se celebrar\u00e1 del 17 al 19 de julio en La Laguna (Tenerife).\",\"breadcrumb\":{\"@id\":\"https:\/\/www.ull.es\/portal\/noticias\/2019\/la-ull-y-el-iac-impulsan-un-congreso-que-celebra-50-anos-de-tesis-doctorales-sobre-astrofisica-en-canarias\/#breadcrumb\"},\"inLanguage\":\"es\",\"potentialAction\":[{\"@type\":\"ReadAction\",\"target\":[\"https:\/\/www.ull.es\/portal\/noticias\/2019\/la-ull-y-el-iac-impulsan-un-congreso-que-celebra-50-anos-de-tesis-doctorales-sobre-astrofisica-en-canarias\/\"]}]},{\"@type\":\"BreadcrumbList\",\"@id\":\"https:\/\/www.ull.es\/portal\/noticias\/2019\/la-ull-y-el-iac-impulsan-un-congreso-que-celebra-50-anos-de-tesis-doctorales-sobre-astrofisica-en-canarias\/#breadcrumb\",\"itemListElement\":[{\"@type\":\"ListItem\",\"position\":1,\"name\":\"Portada\",\"item\":\"https:\/\/www.ull.es\/portal\/noticias\/\"},{\"@type\":\"ListItem\",\"position\":2,\"name\":\"La ULL y el IAC impulsan un congreso que celebra 50 a\u00f1os de tesis doctorales sobre Astrof\u00edsica en Canarias\"}]},{\"@type\":\"WebSite\",\"@id\":\"https:\/\/www.ull.es\/portal\/noticias\/#website\",\"url\":\"https:\/\/www.ull.es\/portal\/noticias\/\",\"name\":\"ULL - Noticias\",\"description\":\"\",\"potentialAction\":[{\"@type\":\"SearchAction\",\"target\":{\"@type\":\"EntryPoint\",\"urlTemplate\":\"https:\/\/www.ull.es\/portal\/noticias\/?s={search_term_string}\"},\"query-input\":\"required name=search_term_string\"}],\"inLanguage\":\"es\"},{\"@type\":\"Person\",\"@id\":\"https:\/\/www.ull.es\/portal\/noticias\/#\/schema\/person\/c3b2aa857797592927a03740d6664376\",\"name\":\"prensa2\",\"image\":{\"@type\":\"ImageObject\",\"inLanguage\":\"es\",\"@id\":\"https:\/\/www.ull.es\/portal\/noticias\/#\/schema\/person\/image\/\",\"url\":\"https:\/\/secure.gravatar.com\/avatar\/b58f310a5de5feb33d1e026d2493f23c?s=96&d=mm&r=g\",\"contentUrl\":\"https:\/\/secure.gravatar.com\/avatar\/b58f310a5de5feb33d1e026d2493f23c?s=96&d=mm&r=g\",\"caption\":\"prensa2\"},\"url\":\"https:\/\/www.ull.es\/portal\/noticias\/author\/prensa2\/\"}]}<\/script>\n<!-- \/ Yoast SEO plugin. -->","yoast_head_json":{"title":"ULL e IAC celebran 50 a\u00f1os de tesis doctorales sobre Astrof\u00edsica","description":"El Instituto de Astrof\u00edsica de Canarias (IAC) y la Universidad de La Laguna (ULL) organizan el congreso cient\u00edfico \u201cImpulsando la Astrof\u00edsica en Espa\u00f1a: 50 a\u00f1os de tesis doctorales en el IAC\u201d, que se celebrar\u00e1 del 17 al 19 de julio en La Laguna (Tenerife).","robots":{"index":"index","follow":"follow","max-snippet":"max-snippet:-1","max-image-preview":"max-image-preview:large","max-video-preview":"max-video-preview:-1"},"canonical":"https:\/\/www.ull.es\/portal\/noticias\/2019\/la-ull-y-el-iac-impulsan-un-congreso-que-celebra-50-anos-de-tesis-doctorales-sobre-astrofisica-en-canarias\/","og_locale":"es_ES","og_type":"article","og_title":"ULL e IAC celebran 50 a\u00f1os de tesis doctorales sobre Astrof\u00edsica","og_description":"El Instituto de Astrof\u00edsica de Canarias (IAC) y la Universidad de La Laguna (ULL) organizan el congreso cient\u00edfico \u201cImpulsando la Astrof\u00edsica en Espa\u00f1a: 50 a\u00f1os de tesis doctorales en el IAC\u201d, que se celebrar\u00e1 del 17 al 19 de julio en La Laguna (Tenerife).","og_url":"https:\/\/www.ull.es\/portal\/noticias\/2019\/la-ull-y-el-iac-impulsan-un-congreso-que-celebra-50-anos-de-tesis-doctorales-sobre-astrofisica-en-canarias\/","og_site_name":"ULL - Noticias","article_publisher":"https:\/\/www.facebook.com\/universidaddelalaguna\/","article_published_time":"2019-04-10T09:57:09+00:00","og_image":[{"width":650,"height":280,"url":"https:\/\/www.ull.es\/portal\/noticias\/wp-content\/uploads\/sites\/13\/2019\/04\/logo-50-aniversario-tesis-iac.jpg","type":"image\/jpeg"}],"author":"prensa2","twitter_card":"summary_large_image","twitter_creator":"@CanalULL","twitter_site":"@CanalULL","twitter_misc":{"Escrito por":"prensa2","Tiempo de lectura":"2 minutos"},"schema":{"@context":"https:\/\/schema.org","@graph":[{"@type":"WebPage","@id":"https:\/\/www.ull.es\/portal\/noticias\/2019\/la-ull-y-el-iac-impulsan-un-congreso-que-celebra-50-anos-de-tesis-doctorales-sobre-astrofisica-en-canarias\/","url":"https:\/\/www.ull.es\/portal\/noticias\/2019\/la-ull-y-el-iac-impulsan-un-congreso-que-celebra-50-anos-de-tesis-doctorales-sobre-astrofisica-en-canarias\/","name":"ULL e IAC celebran 50 a\u00f1os de tesis doctorales sobre Astrof\u00edsica","isPartOf":{"@id":"https:\/\/www.ull.es\/portal\/noticias\/#website"},"datePublished":"2019-04-10T09:57:09+00:00","dateModified":"2019-04-10T09:57:09+00:00","author":{"@id":"https:\/\/www.ull.es\/portal\/noticias\/#\/schema\/person\/c3b2aa857797592927a03740d6664376"},"description":"El Instituto de Astrof\u00edsica de Canarias (IAC) y la Universidad de La Laguna (ULL) organizan el congreso cient\u00edfico \u201cImpulsando la Astrof\u00edsica en Espa\u00f1a: 50 a\u00f1os de tesis doctorales en el IAC\u201d, que se celebrar\u00e1 del 17 al 19 de julio en La Laguna (Tenerife).","breadcrumb":{"@id":"https:\/\/www.ull.es\/portal\/noticias\/2019\/la-ull-y-el-iac-impulsan-un-congreso-que-celebra-50-anos-de-tesis-doctorales-sobre-astrofisica-en-canarias\/#breadcrumb"},"inLanguage":"es","potentialAction":[{"@type":"ReadAction","target":["https:\/\/www.ull.es\/portal\/noticias\/2019\/la-ull-y-el-iac-impulsan-un-congreso-que-celebra-50-anos-de-tesis-doctorales-sobre-astrofisica-en-canarias\/"]}]},{"@type":"BreadcrumbList","@id":"https:\/\/www.ull.es\/portal\/noticias\/2019\/la-ull-y-el-iac-impulsan-un-congreso-que-celebra-50-anos-de-tesis-doctorales-sobre-astrofisica-en-canarias\/#breadcrumb","itemListElement":[{"@type":"ListItem","position":1,"name":"Portada","item":"https:\/\/www.ull.es\/portal\/noticias\/"},{"@type":"ListItem","position":2,"name":"La ULL y el IAC impulsan un congreso que celebra 50 a\u00f1os de tesis doctorales sobre Astrof\u00edsica en Canarias"}]},{"@type":"WebSite","@id":"https:\/\/www.ull.es\/portal\/noticias\/#website","url":"https:\/\/www.ull.es\/portal\/noticias\/","name":"ULL - Noticias","description":"","potentialAction":[{"@type":"SearchAction","target":{"@type":"EntryPoint","urlTemplate":"https:\/\/www.ull.es\/portal\/noticias\/?s={search_term_string}"},"query-input":"required name=search_term_string"}],"inLanguage":"es"},{"@type":"Person","@id":"https:\/\/www.ull.es\/portal\/noticias\/#\/schema\/person\/c3b2aa857797592927a03740d6664376","name":"prensa2","image":{"@type":"ImageObject","inLanguage":"es","@id":"https:\/\/www.ull.es\/portal\/noticias\/#\/schema\/person\/image\/","url":"https:\/\/secure.gravatar.com\/avatar\/b58f310a5de5feb33d1e026d2493f23c?s=96&d=mm&r=g","contentUrl":"https:\/\/secure.gravatar.com\/avatar\/b58f310a5de5feb33d1e026d2493f23c?s=96&d=mm&r=g","caption":"prensa2"},"url":"https:\/\/www.ull.es\/portal\/noticias\/author\/prensa2\/"}]}},"primary_category":{"id":345,"name":"Destacado","slug":"destacado","link":"https:\/\/www.ull.es\/portal\/noticias\/category\/destacado\/"},"featured_image_thumbnail_url":"https:\/\/www.ull.es\/portal\/noticias\/wp-content\/uploads\/sites\/13\/2019\/04\/logo-50-aniversario-tesis-iac-300x129.jpg","_links":{"self":[{"href":"https:\/\/www.ull.es\/portal\/noticias\/wp-json\/wp\/v2\/posts\/43757"}],"collection":[{"href":"https:\/\/www.ull.es\/portal\/noticias\/wp-json\/wp\/v2\/posts"}],"about":[{"href":"https:\/\/www.ull.es\/portal\/noticias\/wp-json\/wp\/v2\/types\/post"}],"author":[{"embeddable":true,"href":"https:\/\/www.ull.es\/portal\/noticias\/wp-json\/wp\/v2\/users\/21"}],"replies":[{"embeddable":true,"href":"https:\/\/www.ull.es\/portal\/noticias\/wp-json\/wp\/v2\/comments?post=43757"}],"version-history":[{"count":1,"href":"https:\/\/www.ull.es\/portal\/noticias\/wp-json\/wp\/v2\/posts\/43757\/revisions"}],"predecessor-version":[{"id":43759,"href":"https:\/\/www.ull.es\/portal\/noticias\/wp-json\/wp\/v2\/posts\/43757\/revisions\/43759"}],"wp:featuredmedia":[{"embeddable":true,"href":"https:\/\/www.ull.es\/portal\/noticias\/wp-json\/wp\/v2\/media\/43758"}],"wp:attachment":[{"href":"https:\/\/www.ull.es\/portal\/noticias\/wp-json\/wp\/v2\/media?parent=43757"}],"wp:term":[{"taxonomy":"category","embeddable":true,"href":"https:\/\/www.ull.es\/portal\/noticias\/wp-json\/wp\/v2\/categories?post=43757"},{"taxonomy":"post_tag","embeddable":true,"href":"https:\/\/www.ull.es\/portal\/noticias\/wp-json\/wp\/v2\/tags?post=43757"}],"curies":[{"name":"wp","href":"https:\/\/api.w.org\/{rel}","templated":true}]}}