{"id":43910,"date":"2019-04-24T14:21:17","date_gmt":"2019-04-24T14:21:17","guid":{"rendered":"https:\/\/www.ull.es\/portal\/noticias\/?p=43910"},"modified":"2019-04-24T14:21:17","modified_gmt":"2019-04-24T14:21:17","slug":"acuerdo-ull-universidades-populares-acto","status":"publish","type":"post","link":"https:\/\/www.ull.es\/portal\/noticias\/2019\/acuerdo-ull-universidades-populares-acto\/","title":{"rendered":"La Universidad de La Laguna rubrica su apoyo a la labor formativa de las Universidades Populares canarias"},"content":{"rendered":"<p>La Universidad de La Laguna y la Asociaci\u00f3n Canaria de Universidades Populares (ACUP) han firmado hoy, mi\u00e9rcoles 24 de marzo, un protocolo general de actuaci\u00f3n mediante el cual la instituci\u00f3n acad\u00e9mica prestar\u00e1 su apoyo cient\u00edfico y docente a las actividades desarrollada por la entidad formativa que cuenta con el apoyo de la Federaci\u00f3n Canaria de Municipios (FECAM).<\/p>\n<p style=\"text-align: center\"><a href=\"https:\/\/drive.google.com\/drive\/folders\/1CgS7emYLVtjFl0MrvLw7Olm8GvGFvtkW?usp=sharing\" target=\"_blank\" rel=\"noopener\" target=\"_blank\" rel=\"noopener\"><strong>Galer\u00eda de im\u00e1genes<\/strong><\/a><\/p>\n<p><a href=\"https:\/\/www.ull.es\/portal\/noticias\/wp-content\/uploads\/sites\/13\/2019\/04\/Firma-Convenio-ULL-19.jpg\" target=\"_blank\" rel=\"noopener\" target=\"_blank\" rel=\"noopener\"><img decoding=\"async\" loading=\"lazy\" class=\"alignleft wp-image-43912 size-medium\" src=\"https:\/\/www.ull.es\/portal\/noticias\/wp-content\/uploads\/sites\/13\/2019\/04\/Firma-Convenio-ULL-19-300x200.jpg\" alt=\"\" width=\"300\" height=\"200\" srcset=\"https:\/\/www.ull.es\/portal\/noticias\/wp-content\/uploads\/sites\/13\/2019\/04\/Firma-Convenio-ULL-19-300x200.jpg 300w, https:\/\/www.ull.es\/portal\/noticias\/wp-content\/uploads\/sites\/13\/2019\/04\/Firma-Convenio-ULL-19-768x512.jpg 768w, https:\/\/www.ull.es\/portal\/noticias\/wp-content\/uploads\/sites\/13\/2019\/04\/Firma-Convenio-ULL-19-1024x683.jpg 1024w, https:\/\/www.ull.es\/portal\/noticias\/wp-content\/uploads\/sites\/13\/2019\/04\/Firma-Convenio-ULL-19-375x250.jpg 375w, https:\/\/www.ull.es\/portal\/noticias\/wp-content\/uploads\/sites\/13\/2019\/04\/Firma-Convenio-ULL-19-750x500.jpg 750w, https:\/\/www.ull.es\/portal\/noticias\/wp-content\/uploads\/sites\/13\/2019\/04\/Firma-Convenio-ULL-19-1140x760.jpg 1140w, https:\/\/www.ull.es\/portal\/noticias\/wp-content\/uploads\/sites\/13\/2019\/04\/Firma-Convenio-ULL-19.jpg 1600w\" sizes=\"(max-width: 300px) 100vw, 300px\" \/><\/a>Por parte del centro de educaci\u00f3n superior firm\u00f3 el documento su rector, Antonio Martin\u00f3n, mientras que por la asociaci\u00f3n lo hizo su presidente, Marco Aurelio P\u00e9rez. En el acto tambi\u00e9n estuvo presente Antonio Ortega, alcalde de San Mateo (Gran Canaria) y presidente de la Comisi\u00f3n de Cultura y Deportes de la FECAM, as\u00ed como varios alcaldes y concejales de municipios que prestan su apoyo a esta iniciativa formativa. Como colof\u00f3n, el periodista y escritor Juan Cruz Ruiz realiz\u00f3 na brece disertaci\u00f3n.<\/p>\n<p>Martin\u00f3n, aprovechado la presencia de Cruz entre el p\u00fablico, record\u00f3 la labor que el alcalde de Puerto de la Cruz Francisco Afonso realiz\u00f3 para impulsar una de las primeras universidades populares de Canarias. El rector alab\u00f3 este tipo de organizaci\u00f3n de educaci\u00f3n no oficial, que entronca perfectamente con la actividad de extensi\u00f3n universitaria que realizan las propias universidades.<\/p>\n<p>El rector aprovech\u00f3 la ocasi\u00f3n para reivindicar el papel que desarrollan las dos universidades p\u00fablicas canarias como herramientas de apoyo a toda actividad que suponga la difusi\u00f3n de la cultura y el conocimiento. Tambi\u00e9n manifest\u00f3 su preocupaci\u00f3n por la proliferaci\u00f3n de universidades privadas en Canarias, a pesar de que es una comunidad de tama\u00f1o medio. \u201cNo s\u00e9 si hay mercado para tanto, y digo \u2018mercado\u2019, que es un t\u00e9rmino que no suelo utilizar cuando hablo de universidades p\u00fablicas\u201d. Por ello, reclam\u00f3 que desde las instancias gubernamentales se vele por que dichos centros privados cumplan con las mismas exigencias de calidad y rigor acad\u00e9mico que las p\u00fablicas.<\/p>\n<p>El presidente de la ACUP explic\u00f3 que este convenio supone un paso m\u00e1s en el proceso de revitalizaci\u00f3n de las Universidades Populares, tras un periodo no muy lejano en el que estuvieron a punto de desaparecer. En la actualidad existen 25 de estas entidades en toda Canarias y, si bien est\u00e1n implantadas en Tenerife, Gran Canaria, La Palma y Fuerteventura, cree que hay que hacer un mayor esfuerzo para mejorar su arraigo.<\/p>\n<p>Tambi\u00e9n valor\u00f3 que la colaboraci\u00f3n con las Universidades P\u00fablicas facilitar\u00e1 a las instituciones p\u00fablicas de educaci\u00f3n superior la posibilidad de acercar a los municipios parte del conocimiento que origina.<\/p>\n<p>Por su parte, Antonio Ortega apreci\u00f3 que este tipo de convenios ayudan a dar seguridad jur\u00eddica a las actividades formativas que los municipios canarios fomentan a trav\u00e9s de las universidades Populares.<\/p>\n<p>Tras las intervenciones protocolarias, el acto dio paso a la intervenci\u00f3n de Jos\u00e9 Arnay, quien explic\u00f3 el papel que el programa formativo que dirige dentro de la Universidad de La Laguna, los Estudios Universitaria para Personas Adultas y Mayores (EUPAM), puede tener dentro de las Universidades Populares ofrece una formaci\u00f3n \u201cdiferente, pero compatible\u201d. Tambi\u00e9n habl\u00f3 en el acto \u00d3scar Medina Fern\u00e1ndez, quien ofreci\u00f3 un repaso hist\u00f3rico sobre las universidades populares, figura que comenz\u00f3 a implantarse en Espa\u00f1a hace poco m\u00e1s de un siglo, en 1900.<\/p>\n<p><a href=\"https:\/\/www.ull.es\/portal\/noticias\/wp-content\/uploads\/sites\/13\/2019\/04\/Firma-Convenio-ULL-34.jpg\" target=\"_blank\" rel=\"noopener\" target=\"_blank\" rel=\"noopener\"><img decoding=\"async\" loading=\"lazy\" class=\"alignright wp-image-43913 size-medium\" src=\"https:\/\/www.ull.es\/portal\/noticias\/wp-content\/uploads\/sites\/13\/2019\/04\/Firma-Convenio-ULL-34-300x200.jpg\" alt=\"\" width=\"300\" height=\"200\" srcset=\"https:\/\/www.ull.es\/portal\/noticias\/wp-content\/uploads\/sites\/13\/2019\/04\/Firma-Convenio-ULL-34-300x200.jpg 300w, https:\/\/www.ull.es\/portal\/noticias\/wp-content\/uploads\/sites\/13\/2019\/04\/Firma-Convenio-ULL-34-768x512.jpg 768w, https:\/\/www.ull.es\/portal\/noticias\/wp-content\/uploads\/sites\/13\/2019\/04\/Firma-Convenio-ULL-34-1024x683.jpg 1024w, https:\/\/www.ull.es\/portal\/noticias\/wp-content\/uploads\/sites\/13\/2019\/04\/Firma-Convenio-ULL-34-375x250.jpg 375w, https:\/\/www.ull.es\/portal\/noticias\/wp-content\/uploads\/sites\/13\/2019\/04\/Firma-Convenio-ULL-34-750x500.jpg 750w, https:\/\/www.ull.es\/portal\/noticias\/wp-content\/uploads\/sites\/13\/2019\/04\/Firma-Convenio-ULL-34-1140x760.jpg 1140w, https:\/\/www.ull.es\/portal\/noticias\/wp-content\/uploads\/sites\/13\/2019\/04\/Firma-Convenio-ULL-34.jpg 1600w\" sizes=\"(max-width: 300px) 100vw, 300px\" \/><\/a>Finalmente, Juan Cruz intervendr\u00eda en el acto, comenzando su conferencia recordando los a\u00f1os \u201cfelices\u201d que vivi\u00f3 como estudiante en la Universidad de La Lagua, recordando que muchos cap\u00edtulos de sus primeras novelas fueron escritos en los escalones del Edificio Central.<\/p>\n<p>El convenio firmado tendr\u00e1 una duraci\u00f3n de cuatro a\u00f1os prorrogables y estar\u00e1 coordinado por una comisi\u00f3n mixta con integrantes de las dos entidades firmantes. Con \u00e9l se pretende impulsar iniciativas de docencia e investigaci\u00f3n, cada una de las cuales requerir\u00e1 un acuerdo espec\u00edfico para su puesta en marcha.<\/p>\n<p>El convenio ofrecer\u00e1 marco legal para el desarrollo de actividades conjuntas en las \u00e1reas consideradas prioritarias: estudios e investigaciones, formaci\u00f3n y perfeccionamiento de docentes e investigadores y cualquier otra actividad que las partes consideren importante para el logro de los objetivos del acuerdo.<\/p>\n","protected":false},"excerpt":{"rendered":"<p>La Universidad de La Laguna y la Asociaci\u00f3n Canaria de Universidades Populares (ACUP) han firmado hoy, mi\u00e9rcoles 24 de marzo,&#8230;<\/p>\n","protected":false},"author":21,"featured_media":43911,"comment_status":"closed","ping_status":"closed","sticky":false,"template":"","format":"standard","meta":{"inline_featured_image":false,"footnotes":""},"categories":[345,348,2765],"tags":[910,1188,1208,5607],"acf":[],"yoast_head":"<!-- This site is optimized with the Yoast SEO plugin v21.3 - https:\/\/yoast.com\/wordpress\/plugins\/seo\/ -->\n<title>La ULL rubrica su apoyo a la labor formativa de las Universidades Populares - ULL - Noticias<\/title>\n<meta name=\"description\" content=\"La Universidad de La Laguna y la Asociaci\u00f3n Canaria de Universidades Populares han firmado un protocolo general de actuaci\u00f3n en docencia e investigaci\u00f3n.\" \/>\n<meta name=\"robots\" content=\"index, follow, max-snippet:-1, max-image-preview:large, max-video-preview:-1\" \/>\n<link rel=\"canonical\" href=\"https:\/\/www.ull.es\/portal\/noticias\/2019\/acuerdo-ull-universidades-populares-acto\/\" \/>\n<meta property=\"og:locale\" content=\"es_ES\" \/>\n<meta property=\"og:type\" content=\"article\" \/>\n<meta property=\"og:title\" content=\"La ULL rubrica su apoyo a la labor formativa de las Universidades Populares - ULL - Noticias\" \/>\n<meta property=\"og:description\" content=\"La Universidad de La Laguna y la Asociaci\u00f3n Canaria de Universidades Populares han firmado un protocolo general de actuaci\u00f3n en docencia e investigaci\u00f3n.\" \/>\n<meta property=\"og:url\" content=\"https:\/\/www.ull.es\/portal\/noticias\/2019\/acuerdo-ull-universidades-populares-acto\/\" \/>\n<meta property=\"og:site_name\" content=\"ULL - Noticias\" \/>\n<meta property=\"article:publisher\" content=\"https:\/\/www.facebook.com\/universidaddelalaguna\/\" \/>\n<meta property=\"article:published_time\" content=\"2019-04-24T14:21:17+00:00\" \/>\n<meta property=\"og:image\" content=\"https:\/\/www.ull.es\/portal\/noticias\/wp-content\/uploads\/sites\/13\/2019\/04\/Firma-Convenio-ULL-04.jpg\" \/>\n\t<meta property=\"og:image:width\" content=\"1600\" \/>\n\t<meta property=\"og:image:height\" content=\"1067\" \/>\n\t<meta property=\"og:image:type\" content=\"image\/jpeg\" \/>\n<meta name=\"author\" content=\"prensa2\" \/>\n<meta name=\"twitter:card\" content=\"summary_large_image\" \/>\n<meta name=\"twitter:creator\" content=\"@CanalULL\" \/>\n<meta name=\"twitter:site\" content=\"@CanalULL\" \/>\n<meta name=\"twitter:label1\" content=\"Escrito por\" \/>\n\t<meta name=\"twitter:data1\" content=\"prensa2\" \/>\n\t<meta name=\"twitter:label2\" content=\"Tiempo de lectura\" \/>\n\t<meta name=\"twitter:data2\" content=\"4 minutos\" \/>\n<script type=\"application\/ld+json\" class=\"yoast-schema-graph\">{\"@context\":\"https:\/\/schema.org\",\"@graph\":[{\"@type\":\"WebPage\",\"@id\":\"https:\/\/www.ull.es\/portal\/noticias\/2019\/acuerdo-ull-universidades-populares-acto\/\",\"url\":\"https:\/\/www.ull.es\/portal\/noticias\/2019\/acuerdo-ull-universidades-populares-acto\/\",\"name\":\"La ULL rubrica su apoyo a la labor formativa de las Universidades Populares - ULL - Noticias\",\"isPartOf\":{\"@id\":\"https:\/\/www.ull.es\/portal\/noticias\/#website\"},\"datePublished\":\"2019-04-24T14:21:17+00:00\",\"dateModified\":\"2019-04-24T14:21:17+00:00\",\"author\":{\"@id\":\"https:\/\/www.ull.es\/portal\/noticias\/#\/schema\/person\/c3b2aa857797592927a03740d6664376\"},\"description\":\"La Universidad de La Laguna y la Asociaci\u00f3n Canaria de Universidades Populares han firmado un protocolo general de actuaci\u00f3n en docencia e investigaci\u00f3n.\",\"breadcrumb\":{\"@id\":\"https:\/\/www.ull.es\/portal\/noticias\/2019\/acuerdo-ull-universidades-populares-acto\/#breadcrumb\"},\"inLanguage\":\"es\",\"potentialAction\":[{\"@type\":\"ReadAction\",\"target\":[\"https:\/\/www.ull.es\/portal\/noticias\/2019\/acuerdo-ull-universidades-populares-acto\/\"]}]},{\"@type\":\"BreadcrumbList\",\"@id\":\"https:\/\/www.ull.es\/portal\/noticias\/2019\/acuerdo-ull-universidades-populares-acto\/#breadcrumb\",\"itemListElement\":[{\"@type\":\"ListItem\",\"position\":1,\"name\":\"Portada\",\"item\":\"https:\/\/www.ull.es\/portal\/noticias\/\"},{\"@type\":\"ListItem\",\"position\":2,\"name\":\"La Universidad de La Laguna rubrica su apoyo a la labor formativa de las Universidades Populares canarias\"}]},{\"@type\":\"WebSite\",\"@id\":\"https:\/\/www.ull.es\/portal\/noticias\/#website\",\"url\":\"https:\/\/www.ull.es\/portal\/noticias\/\",\"name\":\"ULL - Noticias\",\"description\":\"\",\"potentialAction\":[{\"@type\":\"SearchAction\",\"target\":{\"@type\":\"EntryPoint\",\"urlTemplate\":\"https:\/\/www.ull.es\/portal\/noticias\/?s={search_term_string}\"},\"query-input\":\"required name=search_term_string\"}],\"inLanguage\":\"es\"},{\"@type\":\"Person\",\"@id\":\"https:\/\/www.ull.es\/portal\/noticias\/#\/schema\/person\/c3b2aa857797592927a03740d6664376\",\"name\":\"prensa2\",\"image\":{\"@type\":\"ImageObject\",\"inLanguage\":\"es\",\"@id\":\"https:\/\/www.ull.es\/portal\/noticias\/#\/schema\/person\/image\/\",\"url\":\"https:\/\/secure.gravatar.com\/avatar\/b58f310a5de5feb33d1e026d2493f23c?s=96&d=mm&r=g\",\"contentUrl\":\"https:\/\/secure.gravatar.com\/avatar\/b58f310a5de5feb33d1e026d2493f23c?s=96&d=mm&r=g\",\"caption\":\"prensa2\"},\"url\":\"https:\/\/www.ull.es\/portal\/noticias\/author\/prensa2\/\"}]}<\/script>\n<!-- \/ Yoast SEO plugin. -->","yoast_head_json":{"title":"La ULL rubrica su apoyo a la labor formativa de las Universidades Populares - ULL - Noticias","description":"La Universidad de La Laguna y la Asociaci\u00f3n Canaria de Universidades Populares han firmado un protocolo general de actuaci\u00f3n en docencia e investigaci\u00f3n.","robots":{"index":"index","follow":"follow","max-snippet":"max-snippet:-1","max-image-preview":"max-image-preview:large","max-video-preview":"max-video-preview:-1"},"canonical":"https:\/\/www.ull.es\/portal\/noticias\/2019\/acuerdo-ull-universidades-populares-acto\/","og_locale":"es_ES","og_type":"article","og_title":"La ULL rubrica su apoyo a la labor formativa de las Universidades Populares - ULL - Noticias","og_description":"La Universidad de La Laguna y la Asociaci\u00f3n Canaria de Universidades Populares han firmado un protocolo general de actuaci\u00f3n en docencia e investigaci\u00f3n.","og_url":"https:\/\/www.ull.es\/portal\/noticias\/2019\/acuerdo-ull-universidades-populares-acto\/","og_site_name":"ULL - Noticias","article_publisher":"https:\/\/www.facebook.com\/universidaddelalaguna\/","article_published_time":"2019-04-24T14:21:17+00:00","og_image":[{"width":1600,"height":1067,"url":"https:\/\/www.ull.es\/portal\/noticias\/wp-content\/uploads\/sites\/13\/2019\/04\/Firma-Convenio-ULL-04.jpg","type":"image\/jpeg"}],"author":"prensa2","twitter_card":"summary_large_image","twitter_creator":"@CanalULL","twitter_site":"@CanalULL","twitter_misc":{"Escrito por":"prensa2","Tiempo de lectura":"4 minutos"},"schema":{"@context":"https:\/\/schema.org","@graph":[{"@type":"WebPage","@id":"https:\/\/www.ull.es\/portal\/noticias\/2019\/acuerdo-ull-universidades-populares-acto\/","url":"https:\/\/www.ull.es\/portal\/noticias\/2019\/acuerdo-ull-universidades-populares-acto\/","name":"La ULL rubrica su apoyo a la labor formativa de las Universidades Populares - ULL - Noticias","isPartOf":{"@id":"https:\/\/www.ull.es\/portal\/noticias\/#website"},"datePublished":"2019-04-24T14:21:17+00:00","dateModified":"2019-04-24T14:21:17+00:00","author":{"@id":"https:\/\/www.ull.es\/portal\/noticias\/#\/schema\/person\/c3b2aa857797592927a03740d6664376"},"description":"La Universidad de La Laguna y la Asociaci\u00f3n Canaria de Universidades Populares han firmado un protocolo general de actuaci\u00f3n en docencia e investigaci\u00f3n.","breadcrumb":{"@id":"https:\/\/www.ull.es\/portal\/noticias\/2019\/acuerdo-ull-universidades-populares-acto\/#breadcrumb"},"inLanguage":"es","potentialAction":[{"@type":"ReadAction","target":["https:\/\/www.ull.es\/portal\/noticias\/2019\/acuerdo-ull-universidades-populares-acto\/"]}]},{"@type":"BreadcrumbList","@id":"https:\/\/www.ull.es\/portal\/noticias\/2019\/acuerdo-ull-universidades-populares-acto\/#breadcrumb","itemListElement":[{"@type":"ListItem","position":1,"name":"Portada","item":"https:\/\/www.ull.es\/portal\/noticias\/"},{"@type":"ListItem","position":2,"name":"La Universidad de La Laguna rubrica su apoyo a la labor formativa de las Universidades Populares canarias"}]},{"@type":"WebSite","@id":"https:\/\/www.ull.es\/portal\/noticias\/#website","url":"https:\/\/www.ull.es\/portal\/noticias\/","name":"ULL - Noticias","description":"","potentialAction":[{"@type":"SearchAction","target":{"@type":"EntryPoint","urlTemplate":"https:\/\/www.ull.es\/portal\/noticias\/?s={search_term_string}"},"query-input":"required name=search_term_string"}],"inLanguage":"es"},{"@type":"Person","@id":"https:\/\/www.ull.es\/portal\/noticias\/#\/schema\/person\/c3b2aa857797592927a03740d6664376","name":"prensa2","image":{"@type":"ImageObject","inLanguage":"es","@id":"https:\/\/www.ull.es\/portal\/noticias\/#\/schema\/person\/image\/","url":"https:\/\/secure.gravatar.com\/avatar\/b58f310a5de5feb33d1e026d2493f23c?s=96&d=mm&r=g","contentUrl":"https:\/\/secure.gravatar.com\/avatar\/b58f310a5de5feb33d1e026d2493f23c?s=96&d=mm&r=g","caption":"prensa2"},"url":"https:\/\/www.ull.es\/portal\/noticias\/author\/prensa2\/"}]}},"primary_category":{"id":345,"name":"Destacado","slug":"destacado","link":"https:\/\/www.ull.es\/portal\/noticias\/category\/destacado\/"},"featured_image_thumbnail_url":"https:\/\/www.ull.es\/portal\/noticias\/wp-content\/uploads\/sites\/13\/2019\/04\/Firma-Convenio-ULL-04-300x200.jpg","_links":{"self":[{"href":"https:\/\/www.ull.es\/portal\/noticias\/wp-json\/wp\/v2\/posts\/43910"}],"collection":[{"href":"https:\/\/www.ull.es\/portal\/noticias\/wp-json\/wp\/v2\/posts"}],"about":[{"href":"https:\/\/www.ull.es\/portal\/noticias\/wp-json\/wp\/v2\/types\/post"}],"author":[{"embeddable":true,"href":"https:\/\/www.ull.es\/portal\/noticias\/wp-json\/wp\/v2\/users\/21"}],"replies":[{"embeddable":true,"href":"https:\/\/www.ull.es\/portal\/noticias\/wp-json\/wp\/v2\/comments?post=43910"}],"version-history":[{"count":1,"href":"https:\/\/www.ull.es\/portal\/noticias\/wp-json\/wp\/v2\/posts\/43910\/revisions"}],"predecessor-version":[{"id":43914,"href":"https:\/\/www.ull.es\/portal\/noticias\/wp-json\/wp\/v2\/posts\/43910\/revisions\/43914"}],"wp:featuredmedia":[{"embeddable":true,"href":"https:\/\/www.ull.es\/portal\/noticias\/wp-json\/wp\/v2\/media\/43911"}],"wp:attachment":[{"href":"https:\/\/www.ull.es\/portal\/noticias\/wp-json\/wp\/v2\/media?parent=43910"}],"wp:term":[{"taxonomy":"category","embeddable":true,"href":"https:\/\/www.ull.es\/portal\/noticias\/wp-json\/wp\/v2\/categories?post=43910"},{"taxonomy":"post_tag","embeddable":true,"href":"https:\/\/www.ull.es\/portal\/noticias\/wp-json\/wp\/v2\/tags?post=43910"}],"curies":[{"name":"wp","href":"https:\/\/api.w.org\/{rel}","templated":true}]}}