{"id":44021,"date":"2019-04-29T12:10:27","date_gmt":"2019-04-29T12:10:27","guid":{"rendered":"https:\/\/www.ull.es\/portal\/noticias\/?p=44021"},"modified":"2019-04-29T12:36:40","modified_gmt":"2019-04-29T12:36:40","slug":"la-red-internacional-de-universidades-en-islas-reti-se-reune-en-canarias-del-29-de-abril-al-3-de-mayo","status":"publish","type":"post","link":"https:\/\/www.ull.es\/portal\/noticias\/2019\/la-red-internacional-de-universidades-en-islas-reti-se-reune-en-canarias-del-29-de-abril-al-3-de-mayo\/","title":{"rendered":"ULL y ULPGC, sede esta semana de la Red Internacional de Universidades en Islas"},"content":{"rendered":"<p>La Red Internacional de Universidades en Islas (RETI) <a href=\"http:\/\/eventos.ull.es\/29302\/detail\/reti-symposium-2019.html\" target=\"_blank\" rel=\"noopener\">se re\u00fane en Canarias<\/a> desde hoy, 29 de abril, hasta el pr\u00f3ximo viernes 3 de mayo, con las dos universidades p\u00fablicas canarias como anfitrionas. Concretamente, en la Universidad de Las Palmas de Gran Canaria la reuni\u00f3n se desarrollar\u00e1 hasta el 1 de mayo y en la Universidad de La Laguna, los d\u00edas 2 y 3 del mismo mes.<\/p>\n<p>La inauguraci\u00f3n del encuentro ser\u00e1 hoy, lunes 29, a las 17 horas en el Parque Cient\u00edfico Tecnol\u00f3gico Marino de Taliarte, con la presencia del presidente de RETI, Clive Mulholland, y los rectores de la Universidad de Las Palmas de Gran Canaria, Rafael Robaina, y el de la Universidad de La Laguna, Antonio Martin\u00f3n.<\/p>\n<p>El martes 30 de abril las sesiones se desarrollar\u00e1n en el Rectorado de la ULPGC a partir de las 9 horas, y en ellas se abordar\u00e1n asuntos relacionados con la sostenibilidad, el turismo, la econom\u00eda azul, las ciencias del mar, los idiomas e internacionalizaci\u00f3n, y las humanidades, entre otros. A partir de las 18 horas, los asistentes al encuentro visitar\u00e1n el barrio de Vegueta y el Museo de Col\u00f3n.<\/p>\n<p>El mi\u00e9rcoles 1 de mayo, antes de trasladarse a Tenerife, la comitiva visitar\u00e1 diferentes localidades de Gran Canaria, como Mog\u00e1n, Agaete o Maspalomas.<\/p>\n<p><strong>Sesiones en la Universidad de La Laguna<\/strong><\/p>\n<p>La sesi\u00f3n del d\u00eda 2 de mayo con una visita a la sede del Centro Oceanogr\u00e1fico de Canarias del Instituto Espa\u00f1ol de Oceanograf\u00eda. A partir de las 10:30 la jornada se desarrollar\u00e1 en la Facultad de Econom\u00eda, Empresa y Turismo, para abordar, entre otras materias, el trinomio turismo, econom\u00eda insular y energ\u00eda; los cet\u00e1ceos en las aguas canarias; el desarrollo regional y la innovaci\u00f3n social; y el patrimonio, la cultura y el lenguaje de las islas. El d\u00eda finalizar\u00e1 con una visita por el casco hist\u00f3rico de La Laguna<\/p>\n<p>El viernes 3 de mayo comenzar\u00e1 con una visita a la sede del Servicio General de Apoyo a la Investigaci\u00f3n de la universidad de La Laguna (SEGAI), tras la cual las sesiones de trabajo se trasladar\u00e1n a la Escuela Superior de Ingenier\u00eda y Tecnolog\u00eda para desarrollar una sesi\u00f3n de <em>brainstorming<\/em> sobre las futuras acciones que deber\u00eda acometer la RETI.<\/p>\n<p>Ese mismo d\u00eda, a las 11:00, se celebrar\u00e1 el acto de cierre de este encuentro, que contar\u00e1 con la presencia de las mismas autoridades que estuvieron en la apertura: el presidente de RETI, Clive Mulholland, y los rectores de la Universidad de La Laguna, Antonio Martin\u00f3n, y la Universidad de Las Palmas de Gran Canaria, Rafael Robaina.<\/p>\n<p>Como cierre, se realizar\u00e1 una visita al reci\u00e9n inaugurado espacio Bibliolab, en la misma Escuela Superior de Ingenier\u00eda y Tecnolog\u00eda y una excursi\u00f3n al Parque Nacional del Teide.<\/p>\n<p><strong>Sobre RETI<\/strong><\/p>\n<p>RETI es una red de universidades de todo el mundo ubicadas en territorios insulares. Tiene por objetivo convertirse en un espacio de cooperaci\u00f3n en la investigaci\u00f3n cient\u00edfica, la formaci\u00f3n, la innovaci\u00f3n y la transferencia de conocimiento y favorecer la movilidad y el intercambio de investigadores.<\/p>\n<p>Tambi\u00e9n favorece el desarrollo de proyectos de investigaci\u00f3n comunes en los \u00e1mbitos de las energ\u00edas renovables, los recursos naturales, la gesti\u00f3n y la valorizaci\u00f3n del agua, las tecnolog\u00edas de la informaci\u00f3n y de la comunicaci\u00f3n, las identidades y las culturas, las din\u00e1micas territoriales y el desarrollo sostenible, y la gesti\u00f3n de riesgos.<\/p>\n<p>Est\u00e1 conformada por 24 universidades: Illes Balears, La Laguna, Las Palmas de Gran Canaria, C\u00f3rcega Pasquale Paoli (Francia), Polinesia Francesa (Francia), La R\u00e9union (Francia), Nueva Caledonia (Francia), Las Antillas y La Guayana (Francia), Palermo (Italia), Sassari (Italia), Cagliari (Italia), Madeira (Portugal), Azores (Portugal), Cabo Verde, Creta (Grecia), Mar Egeo (Grecia), TEI de las Islas J\u00f3nicas (Grecia), Malta, Cienfuegos (Cuba), Isla del Pr\u00edncipe Eduardo (Canad\u00e1), Antsiranana (Madagascar), Antananarivo (Madagascar), Puerto Rico y Ryukyus (Jap\u00f3n).<\/p>\n","protected":false},"excerpt":{"rendered":"<p>La Red Internacional de Universidades en Islas (RETI) se re\u00fane en Canarias desde hoy, 29 de abril, hasta el pr\u00f3ximo&#8230;<\/p>\n","protected":false},"author":21,"featured_media":44022,"comment_status":"closed","ping_status":"closed","sticky":false,"template":"","format":"standard","meta":{"inline_featured_image":false,"footnotes":""},"categories":[345,349,2765],"tags":[5632,2886],"acf":[],"yoast_head":"<!-- This site is optimized with the Yoast SEO plugin v21.3 - https:\/\/yoast.com\/wordpress\/plugins\/seo\/ -->\n<title>ULL y ULPGC, sede esta semana de la Red Internacional de Universidades en Islas - ULL - Noticias<\/title>\n<meta name=\"description\" content=\"La Red Internacional de Universidades en Islas se re\u00fane en Canarias entre el 29 de abril, y el 3 de mayo con las universidades p\u00fablicas canarias como sedes.\" \/>\n<meta name=\"robots\" content=\"index, follow, max-snippet:-1, max-image-preview:large, max-video-preview:-1\" \/>\n<link rel=\"canonical\" href=\"https:\/\/www.ull.es\/portal\/noticias\/2019\/la-red-internacional-de-universidades-en-islas-reti-se-reune-en-canarias-del-29-de-abril-al-3-de-mayo\/\" \/>\n<meta property=\"og:locale\" content=\"es_ES\" \/>\n<meta property=\"og:type\" content=\"article\" \/>\n<meta property=\"og:title\" content=\"ULL y ULPGC, sede esta semana de la Red Internacional de Universidades en Islas - ULL - Noticias\" \/>\n<meta property=\"og:description\" content=\"La Red Internacional de Universidades en Islas se re\u00fane en Canarias entre el 29 de abril, y el 3 de mayo con las universidades p\u00fablicas canarias como sedes.\" \/>\n<meta property=\"og:url\" content=\"https:\/\/www.ull.es\/portal\/noticias\/2019\/la-red-internacional-de-universidades-en-islas-reti-se-reune-en-canarias-del-29-de-abril-al-3-de-mayo\/\" \/>\n<meta property=\"og:site_name\" content=\"ULL - Noticias\" \/>\n<meta property=\"article:publisher\" content=\"https:\/\/www.facebook.com\/universidaddelalaguna\/\" \/>\n<meta property=\"article:published_time\" content=\"2019-04-29T12:10:27+00:00\" \/>\n<meta property=\"article:modified_time\" content=\"2019-04-29T12:36:40+00:00\" \/>\n<meta property=\"og:image\" content=\"https:\/\/www.ull.es\/portal\/noticias\/wp-content\/uploads\/sites\/13\/2019\/04\/Imagen-RETI.jpg\" \/>\n\t<meta property=\"og:image:width\" content=\"700\" \/>\n\t<meta property=\"og:image:height\" content=\"350\" \/>\n\t<meta property=\"og:image:type\" content=\"image\/jpeg\" \/>\n<meta name=\"author\" content=\"prensa2\" \/>\n<meta name=\"twitter:card\" content=\"summary_large_image\" \/>\n<meta name=\"twitter:creator\" content=\"@CanalULL\" \/>\n<meta name=\"twitter:site\" content=\"@CanalULL\" \/>\n<meta name=\"twitter:label1\" content=\"Escrito por\" \/>\n\t<meta name=\"twitter:data1\" content=\"prensa2\" \/>\n\t<meta name=\"twitter:label2\" content=\"Tiempo de lectura\" \/>\n\t<meta name=\"twitter:data2\" content=\"3 minutos\" \/>\n<script type=\"application\/ld+json\" class=\"yoast-schema-graph\">{\"@context\":\"https:\/\/schema.org\",\"@graph\":[{\"@type\":\"WebPage\",\"@id\":\"https:\/\/www.ull.es\/portal\/noticias\/2019\/la-red-internacional-de-universidades-en-islas-reti-se-reune-en-canarias-del-29-de-abril-al-3-de-mayo\/\",\"url\":\"https:\/\/www.ull.es\/portal\/noticias\/2019\/la-red-internacional-de-universidades-en-islas-reti-se-reune-en-canarias-del-29-de-abril-al-3-de-mayo\/\",\"name\":\"ULL y ULPGC, sede esta semana de la Red Internacional de Universidades en Islas - ULL - Noticias\",\"isPartOf\":{\"@id\":\"https:\/\/www.ull.es\/portal\/noticias\/#website\"},\"datePublished\":\"2019-04-29T12:10:27+00:00\",\"dateModified\":\"2019-04-29T12:36:40+00:00\",\"author\":{\"@id\":\"https:\/\/www.ull.es\/portal\/noticias\/#\/schema\/person\/c3b2aa857797592927a03740d6664376\"},\"description\":\"La Red Internacional de Universidades en Islas se re\u00fane en Canarias entre el 29 de abril, y el 3 de mayo con las universidades p\u00fablicas canarias como sedes.\",\"breadcrumb\":{\"@id\":\"https:\/\/www.ull.es\/portal\/noticias\/2019\/la-red-internacional-de-universidades-en-islas-reti-se-reune-en-canarias-del-29-de-abril-al-3-de-mayo\/#breadcrumb\"},\"inLanguage\":\"es\",\"potentialAction\":[{\"@type\":\"ReadAction\",\"target\":[\"https:\/\/www.ull.es\/portal\/noticias\/2019\/la-red-internacional-de-universidades-en-islas-reti-se-reune-en-canarias-del-29-de-abril-al-3-de-mayo\/\"]}]},{\"@type\":\"BreadcrumbList\",\"@id\":\"https:\/\/www.ull.es\/portal\/noticias\/2019\/la-red-internacional-de-universidades-en-islas-reti-se-reune-en-canarias-del-29-de-abril-al-3-de-mayo\/#breadcrumb\",\"itemListElement\":[{\"@type\":\"ListItem\",\"position\":1,\"name\":\"Portada\",\"item\":\"https:\/\/www.ull.es\/portal\/noticias\/\"},{\"@type\":\"ListItem\",\"position\":2,\"name\":\"ULL y ULPGC, sede esta semana de la Red Internacional de Universidades en Islas\"}]},{\"@type\":\"WebSite\",\"@id\":\"https:\/\/www.ull.es\/portal\/noticias\/#website\",\"url\":\"https:\/\/www.ull.es\/portal\/noticias\/\",\"name\":\"ULL - Noticias\",\"description\":\"\",\"potentialAction\":[{\"@type\":\"SearchAction\",\"target\":{\"@type\":\"EntryPoint\",\"urlTemplate\":\"https:\/\/www.ull.es\/portal\/noticias\/?s={search_term_string}\"},\"query-input\":\"required name=search_term_string\"}],\"inLanguage\":\"es\"},{\"@type\":\"Person\",\"@id\":\"https:\/\/www.ull.es\/portal\/noticias\/#\/schema\/person\/c3b2aa857797592927a03740d6664376\",\"name\":\"prensa2\",\"image\":{\"@type\":\"ImageObject\",\"inLanguage\":\"es\",\"@id\":\"https:\/\/www.ull.es\/portal\/noticias\/#\/schema\/person\/image\/\",\"url\":\"https:\/\/secure.gravatar.com\/avatar\/b58f310a5de5feb33d1e026d2493f23c?s=96&d=mm&r=g\",\"contentUrl\":\"https:\/\/secure.gravatar.com\/avatar\/b58f310a5de5feb33d1e026d2493f23c?s=96&d=mm&r=g\",\"caption\":\"prensa2\"},\"url\":\"https:\/\/www.ull.es\/portal\/noticias\/author\/prensa2\/\"}]}<\/script>\n<!-- \/ Yoast SEO plugin. -->","yoast_head_json":{"title":"ULL y ULPGC, sede esta semana de la Red Internacional de Universidades en Islas - ULL - Noticias","description":"La Red Internacional de Universidades en Islas se re\u00fane en Canarias entre el 29 de abril, y el 3 de mayo con las universidades p\u00fablicas canarias como sedes.","robots":{"index":"index","follow":"follow","max-snippet":"max-snippet:-1","max-image-preview":"max-image-preview:large","max-video-preview":"max-video-preview:-1"},"canonical":"https:\/\/www.ull.es\/portal\/noticias\/2019\/la-red-internacional-de-universidades-en-islas-reti-se-reune-en-canarias-del-29-de-abril-al-3-de-mayo\/","og_locale":"es_ES","og_type":"article","og_title":"ULL y ULPGC, sede esta semana de la Red Internacional de Universidades en Islas - ULL - Noticias","og_description":"La Red Internacional de Universidades en Islas se re\u00fane en Canarias entre el 29 de abril, y el 3 de mayo con las universidades p\u00fablicas canarias como sedes.","og_url":"https:\/\/www.ull.es\/portal\/noticias\/2019\/la-red-internacional-de-universidades-en-islas-reti-se-reune-en-canarias-del-29-de-abril-al-3-de-mayo\/","og_site_name":"ULL - Noticias","article_publisher":"https:\/\/www.facebook.com\/universidaddelalaguna\/","article_published_time":"2019-04-29T12:10:27+00:00","article_modified_time":"2019-04-29T12:36:40+00:00","og_image":[{"width":700,"height":350,"url":"https:\/\/www.ull.es\/portal\/noticias\/wp-content\/uploads\/sites\/13\/2019\/04\/Imagen-RETI.jpg","type":"image\/jpeg"}],"author":"prensa2","twitter_card":"summary_large_image","twitter_creator":"@CanalULL","twitter_site":"@CanalULL","twitter_misc":{"Escrito por":"prensa2","Tiempo de lectura":"3 minutos"},"schema":{"@context":"https:\/\/schema.org","@graph":[{"@type":"WebPage","@id":"https:\/\/www.ull.es\/portal\/noticias\/2019\/la-red-internacional-de-universidades-en-islas-reti-se-reune-en-canarias-del-29-de-abril-al-3-de-mayo\/","url":"https:\/\/www.ull.es\/portal\/noticias\/2019\/la-red-internacional-de-universidades-en-islas-reti-se-reune-en-canarias-del-29-de-abril-al-3-de-mayo\/","name":"ULL y ULPGC, sede esta semana de la Red Internacional de Universidades en Islas - ULL - Noticias","isPartOf":{"@id":"https:\/\/www.ull.es\/portal\/noticias\/#website"},"datePublished":"2019-04-29T12:10:27+00:00","dateModified":"2019-04-29T12:36:40+00:00","author":{"@id":"https:\/\/www.ull.es\/portal\/noticias\/#\/schema\/person\/c3b2aa857797592927a03740d6664376"},"description":"La Red Internacional de Universidades en Islas se re\u00fane en Canarias entre el 29 de abril, y el 3 de mayo con las universidades p\u00fablicas canarias como sedes.","breadcrumb":{"@id":"https:\/\/www.ull.es\/portal\/noticias\/2019\/la-red-internacional-de-universidades-en-islas-reti-se-reune-en-canarias-del-29-de-abril-al-3-de-mayo\/#breadcrumb"},"inLanguage":"es","potentialAction":[{"@type":"ReadAction","target":["https:\/\/www.ull.es\/portal\/noticias\/2019\/la-red-internacional-de-universidades-en-islas-reti-se-reune-en-canarias-del-29-de-abril-al-3-de-mayo\/"]}]},{"@type":"BreadcrumbList","@id":"https:\/\/www.ull.es\/portal\/noticias\/2019\/la-red-internacional-de-universidades-en-islas-reti-se-reune-en-canarias-del-29-de-abril-al-3-de-mayo\/#breadcrumb","itemListElement":[{"@type":"ListItem","position":1,"name":"Portada","item":"https:\/\/www.ull.es\/portal\/noticias\/"},{"@type":"ListItem","position":2,"name":"ULL y ULPGC, sede esta semana de la Red Internacional de Universidades en Islas"}]},{"@type":"WebSite","@id":"https:\/\/www.ull.es\/portal\/noticias\/#website","url":"https:\/\/www.ull.es\/portal\/noticias\/","name":"ULL - Noticias","description":"","potentialAction":[{"@type":"SearchAction","target":{"@type":"EntryPoint","urlTemplate":"https:\/\/www.ull.es\/portal\/noticias\/?s={search_term_string}"},"query-input":"required name=search_term_string"}],"inLanguage":"es"},{"@type":"Person","@id":"https:\/\/www.ull.es\/portal\/noticias\/#\/schema\/person\/c3b2aa857797592927a03740d6664376","name":"prensa2","image":{"@type":"ImageObject","inLanguage":"es","@id":"https:\/\/www.ull.es\/portal\/noticias\/#\/schema\/person\/image\/","url":"https:\/\/secure.gravatar.com\/avatar\/b58f310a5de5feb33d1e026d2493f23c?s=96&d=mm&r=g","contentUrl":"https:\/\/secure.gravatar.com\/avatar\/b58f310a5de5feb33d1e026d2493f23c?s=96&d=mm&r=g","caption":"prensa2"},"url":"https:\/\/www.ull.es\/portal\/noticias\/author\/prensa2\/"}]}},"primary_category":{"id":345,"name":"Destacado","slug":"destacado","link":"https:\/\/www.ull.es\/portal\/noticias\/category\/destacado\/"},"featured_image_thumbnail_url":"https:\/\/www.ull.es\/portal\/noticias\/wp-content\/uploads\/sites\/13\/2019\/04\/Imagen-RETI-300x150.jpg","_links":{"self":[{"href":"https:\/\/www.ull.es\/portal\/noticias\/wp-json\/wp\/v2\/posts\/44021"}],"collection":[{"href":"https:\/\/www.ull.es\/portal\/noticias\/wp-json\/wp\/v2\/posts"}],"about":[{"href":"https:\/\/www.ull.es\/portal\/noticias\/wp-json\/wp\/v2\/types\/post"}],"author":[{"embeddable":true,"href":"https:\/\/www.ull.es\/portal\/noticias\/wp-json\/wp\/v2\/users\/21"}],"replies":[{"embeddable":true,"href":"https:\/\/www.ull.es\/portal\/noticias\/wp-json\/wp\/v2\/comments?post=44021"}],"version-history":[{"count":3,"href":"https:\/\/www.ull.es\/portal\/noticias\/wp-json\/wp\/v2\/posts\/44021\/revisions"}],"predecessor-version":[{"id":44033,"href":"https:\/\/www.ull.es\/portal\/noticias\/wp-json\/wp\/v2\/posts\/44021\/revisions\/44033"}],"wp:featuredmedia":[{"embeddable":true,"href":"https:\/\/www.ull.es\/portal\/noticias\/wp-json\/wp\/v2\/media\/44022"}],"wp:attachment":[{"href":"https:\/\/www.ull.es\/portal\/noticias\/wp-json\/wp\/v2\/media?parent=44021"}],"wp:term":[{"taxonomy":"category","embeddable":true,"href":"https:\/\/www.ull.es\/portal\/noticias\/wp-json\/wp\/v2\/categories?post=44021"},{"taxonomy":"post_tag","embeddable":true,"href":"https:\/\/www.ull.es\/portal\/noticias\/wp-json\/wp\/v2\/tags?post=44021"}],"curies":[{"name":"wp","href":"https:\/\/api.w.org\/{rel}","templated":true}]}}