{"id":44158,"date":"2019-05-06T22:17:01","date_gmt":"2019-05-06T22:17:01","guid":{"rendered":"https:\/\/www.ull.es\/portal\/noticias\/?p=44158"},"modified":"2019-11-21T12:08:26","modified_gmt":"2019-11-21T12:08:26","slug":"las-candidatas-a-rectora-de-la-ull-confrontan-sus-programas-en-un-debate-organizado-por-alumni","status":"publish","type":"post","link":"https:\/\/www.ull.es\/portal\/noticias\/2019\/las-candidatas-a-rectora-de-la-ull-confrontan-sus-programas-en-un-debate-organizado-por-alumni\/","title":{"rendered":"Las candidatas a rectora de la ULL confrontan sus programas en un debate organizado por Alumni"},"content":{"rendered":"<p>El sal\u00f3n de actos de Ciencias de la Informaci\u00f3n acogi\u00f3 hoy 6 de mayo el primer debate de las candidatas a rectora de la Universidad de La Laguna, en el que participaron las tres catedr\u00e1ticas y aspirantes a dirigir este centro acad\u00e9mico, las doctoras Rosa M\u00aa Aguilar Chinea, Pino Caballero Gil y Gloria Rojas Rivero.<\/p>\n<p style=\"text-align: center;\"><a href=\"https:\/\/drive.google.com\/drive\/folders\/17505VXgbScoyx103uMxUyWuKJ-tcNT1T?usp=sharing\" target=\"_blank\" rel=\"noopener\"><strong>Galer\u00eda de im\u00e1genes<\/strong><\/a><\/p>\n<p>Esta iniciativa estuvo auspiciada por la asociaci\u00f3n Alumni ULL, con apoyo del Rectorado, con el objeto de que la comunidad universitaria conociera de primera mano los programas electorales y la argumentaci\u00f3n de propuestas entre las candidatas, antes de las elecciones previstas para el 13 de mayo.<\/p>\n<p>Tras una breve presentaci\u00f3n de un minuto de cada una de ellas, el debate abord\u00f3 en primer lugar la gesti\u00f3n de la investigaci\u00f3n y del personal docente e investigador. En cada bloque se cambi\u00f3 el turno de intervenciones, de modo que cada una pudo intervenir ofreciendo su punto de vista, con unos tiempos muy medidos y controlados por el moderador y vicepresidente de Alumni ULL, Zenaido Hern\u00e1ndez, a los que se a\u00f1adi\u00f3 un breve turno de r\u00e9plicas. La sesi\u00f3n se emiti\u00f3 por Internet, con apoyo de traductores de lenguaje de signos, a trav\u00e9s del canal de Youtube del Gabinete de Comunicaci\u00f3n y el apoyo de ULL Media.<\/p>\n<p>Tras contestar a varias preguntas del m\u00e1s del centenar de cuestiones enviadas a trav\u00e9s de formulario a Alumni durante estos d\u00edas, el debate abord\u00f3 un segundo bloque, dedicado a estudiantes y titulaciones, donde se trataron asuntos como la empleabilidad o las convocatorias de ex\u00e1menes, las normas de permanencia o la vigencia de los actuales t\u00edtulos, a trav\u00e9s tambi\u00e9n de las preguntas de los miembros de la comunidad universitaria.<\/p>\n<p>El tercer bloque tuvo que ver con la gesti\u00f3n y el rol del personal de administraci\u00f3n y servicios. En este punto fueron preguntadas acerca de la oportunidad de crecimiento de la plantilla del PAS y sobre la propia financiaci\u00f3n universitaria, as\u00ed como sobre la excesiva burocratizaci\u00f3n de muchos procedimientos.<\/p>\n<p>La responsabilidad y proyecci\u00f3n de la Universidad de La Laguna fue otro de los asuntos del debate, en el que las candidatas expusieron sus puntos de vista. En este bloque se abord\u00f3 a las intervinientes acerca de la sostenibilidad y la movilidad, para llegar a la parte final del debate, que finaliz\u00f3 con un minuto de cierre por cada una de ellas.<\/p>\n<p>P\u00e1gina web de <a href=\"https:\/\/vamosrosi.es\/\" target=\"_blank\" rel=\"noopener\">Rosa M\u00aa Aguilar Chinea<\/a><br \/>\nP\u00e1gina web de\u00a0<a href=\"https:\/\/pinocontigo.ull.es\/\" target=\"_blank\" rel=\"noopener noreferrer\" target=\"_blank\" rel=\"noopener\">Pino Caballero Gil<\/a><br \/>\nP\u00e1gina web de Gloria Rojas Rivero<\/p>\n","protected":false},"excerpt":{"rendered":"<p>El sal\u00f3n de actos de Ciencias de la Informaci\u00f3n acogi\u00f3 hoy 6 de mayo el primer debate de las candidatas&#8230;<\/p>\n","protected":false},"author":23,"featured_media":44159,"comment_status":"closed","ping_status":"closed","sticky":false,"template":"","format":"standard","meta":{"inline_featured_image":false,"footnotes":""},"categories":[345,348,2765],"tags":[465,982,5605],"acf":[],"yoast_head":"<!-- This site is optimized with the Yoast SEO plugin v21.3 - https:\/\/yoast.com\/wordpress\/plugins\/seo\/ -->\n<title>Las candidatas a rectora de la ULL confrontan sus programas en un debate organizado por Alumni - ULL - Noticias<\/title>\n<meta name=\"robots\" content=\"index, follow, max-snippet:-1, max-image-preview:large, max-video-preview:-1\" \/>\n<link rel=\"canonical\" href=\"https:\/\/www.ull.es\/portal\/noticias\/2019\/las-candidatas-a-rectora-de-la-ull-confrontan-sus-programas-en-un-debate-organizado-por-alumni\/\" \/>\n<meta property=\"og:locale\" content=\"es_ES\" \/>\n<meta property=\"og:type\" content=\"article\" \/>\n<meta property=\"og:title\" content=\"Las candidatas a rectora de la ULL confrontan sus programas en un debate organizado por Alumni - ULL - Noticias\" \/>\n<meta property=\"og:description\" content=\"El sal\u00f3n de actos de Ciencias de la Informaci\u00f3n acogi\u00f3 hoy 6 de mayo el primer debate de las candidatas...\" \/>\n<meta property=\"og:url\" content=\"https:\/\/www.ull.es\/portal\/noticias\/2019\/las-candidatas-a-rectora-de-la-ull-confrontan-sus-programas-en-un-debate-organizado-por-alumni\/\" \/>\n<meta property=\"og:site_name\" content=\"ULL - Noticias\" \/>\n<meta property=\"article:publisher\" content=\"https:\/\/www.facebook.com\/universidaddelalaguna\/\" \/>\n<meta property=\"article:published_time\" content=\"2019-05-06T22:17:01+00:00\" \/>\n<meta property=\"article:modified_time\" content=\"2019-11-21T12:08:26+00:00\" \/>\n<meta property=\"og:image\" content=\"https:\/\/www.ull.es\/portal\/noticias\/wp-content\/uploads\/sites\/13\/2019\/05\/Debate-candidatas-rectora-43.jpg\" \/>\n\t<meta property=\"og:image:width\" content=\"1024\" \/>\n\t<meta property=\"og:image:height\" content=\"683\" \/>\n\t<meta property=\"og:image:type\" content=\"image\/jpeg\" \/>\n<meta name=\"author\" content=\"gaprsa\" \/>\n<meta name=\"twitter:card\" content=\"summary_large_image\" \/>\n<meta name=\"twitter:creator\" content=\"@CanalULL\" \/>\n<meta name=\"twitter:site\" content=\"@CanalULL\" \/>\n<meta name=\"twitter:label1\" content=\"Escrito por\" \/>\n\t<meta name=\"twitter:data1\" content=\"gaprsa\" \/>\n\t<meta name=\"twitter:label2\" content=\"Tiempo de lectura\" \/>\n\t<meta name=\"twitter:data2\" content=\"2 minutos\" \/>\n<script type=\"application\/ld+json\" class=\"yoast-schema-graph\">{\"@context\":\"https:\/\/schema.org\",\"@graph\":[{\"@type\":\"WebPage\",\"@id\":\"https:\/\/www.ull.es\/portal\/noticias\/2019\/las-candidatas-a-rectora-de-la-ull-confrontan-sus-programas-en-un-debate-organizado-por-alumni\/\",\"url\":\"https:\/\/www.ull.es\/portal\/noticias\/2019\/las-candidatas-a-rectora-de-la-ull-confrontan-sus-programas-en-un-debate-organizado-por-alumni\/\",\"name\":\"Las candidatas a rectora de la ULL confrontan sus programas en un debate organizado por Alumni - ULL - Noticias\",\"isPartOf\":{\"@id\":\"https:\/\/www.ull.es\/portal\/noticias\/#website\"},\"datePublished\":\"2019-05-06T22:17:01+00:00\",\"dateModified\":\"2019-11-21T12:08:26+00:00\",\"author\":{\"@id\":\"https:\/\/www.ull.es\/portal\/noticias\/#\/schema\/person\/b2b1a89d43ffa609e591f7df8ef3e817\"},\"breadcrumb\":{\"@id\":\"https:\/\/www.ull.es\/portal\/noticias\/2019\/las-candidatas-a-rectora-de-la-ull-confrontan-sus-programas-en-un-debate-organizado-por-alumni\/#breadcrumb\"},\"inLanguage\":\"es\",\"potentialAction\":[{\"@type\":\"ReadAction\",\"target\":[\"https:\/\/www.ull.es\/portal\/noticias\/2019\/las-candidatas-a-rectora-de-la-ull-confrontan-sus-programas-en-un-debate-organizado-por-alumni\/\"]}]},{\"@type\":\"BreadcrumbList\",\"@id\":\"https:\/\/www.ull.es\/portal\/noticias\/2019\/las-candidatas-a-rectora-de-la-ull-confrontan-sus-programas-en-un-debate-organizado-por-alumni\/#breadcrumb\",\"itemListElement\":[{\"@type\":\"ListItem\",\"position\":1,\"name\":\"Portada\",\"item\":\"https:\/\/www.ull.es\/portal\/noticias\/\"},{\"@type\":\"ListItem\",\"position\":2,\"name\":\"Las candidatas a rectora de la ULL confrontan sus programas en un debate organizado por Alumni\"}]},{\"@type\":\"WebSite\",\"@id\":\"https:\/\/www.ull.es\/portal\/noticias\/#website\",\"url\":\"https:\/\/www.ull.es\/portal\/noticias\/\",\"name\":\"ULL - Noticias\",\"description\":\"\",\"potentialAction\":[{\"@type\":\"SearchAction\",\"target\":{\"@type\":\"EntryPoint\",\"urlTemplate\":\"https:\/\/www.ull.es\/portal\/noticias\/?s={search_term_string}\"},\"query-input\":\"required name=search_term_string\"}],\"inLanguage\":\"es\"},{\"@type\":\"Person\",\"@id\":\"https:\/\/www.ull.es\/portal\/noticias\/#\/schema\/person\/b2b1a89d43ffa609e591f7df8ef3e817\",\"name\":\"gaprsa\",\"image\":{\"@type\":\"ImageObject\",\"inLanguage\":\"es\",\"@id\":\"https:\/\/www.ull.es\/portal\/noticias\/#\/schema\/person\/image\/\",\"url\":\"https:\/\/secure.gravatar.com\/avatar\/443820550921091458b4823867723b3d?s=96&d=mm&r=g\",\"contentUrl\":\"https:\/\/secure.gravatar.com\/avatar\/443820550921091458b4823867723b3d?s=96&d=mm&r=g\",\"caption\":\"gaprsa\"},\"url\":\"https:\/\/www.ull.es\/portal\/noticias\/author\/gaprsa\/\"}]}<\/script>\n<!-- \/ Yoast SEO plugin. -->","yoast_head_json":{"title":"Las candidatas a rectora de la ULL confrontan sus programas en un debate organizado por Alumni - ULL - Noticias","robots":{"index":"index","follow":"follow","max-snippet":"max-snippet:-1","max-image-preview":"max-image-preview:large","max-video-preview":"max-video-preview:-1"},"canonical":"https:\/\/www.ull.es\/portal\/noticias\/2019\/las-candidatas-a-rectora-de-la-ull-confrontan-sus-programas-en-un-debate-organizado-por-alumni\/","og_locale":"es_ES","og_type":"article","og_title":"Las candidatas a rectora de la ULL confrontan sus programas en un debate organizado por Alumni - ULL - Noticias","og_description":"El sal\u00f3n de actos de Ciencias de la Informaci\u00f3n acogi\u00f3 hoy 6 de mayo el primer debate de las candidatas...","og_url":"https:\/\/www.ull.es\/portal\/noticias\/2019\/las-candidatas-a-rectora-de-la-ull-confrontan-sus-programas-en-un-debate-organizado-por-alumni\/","og_site_name":"ULL - Noticias","article_publisher":"https:\/\/www.facebook.com\/universidaddelalaguna\/","article_published_time":"2019-05-06T22:17:01+00:00","article_modified_time":"2019-11-21T12:08:26+00:00","og_image":[{"width":1024,"height":683,"url":"https:\/\/www.ull.es\/portal\/noticias\/wp-content\/uploads\/sites\/13\/2019\/05\/Debate-candidatas-rectora-43.jpg","type":"image\/jpeg"}],"author":"gaprsa","twitter_card":"summary_large_image","twitter_creator":"@CanalULL","twitter_site":"@CanalULL","twitter_misc":{"Escrito por":"gaprsa","Tiempo de lectura":"2 minutos"},"schema":{"@context":"https:\/\/schema.org","@graph":[{"@type":"WebPage","@id":"https:\/\/www.ull.es\/portal\/noticias\/2019\/las-candidatas-a-rectora-de-la-ull-confrontan-sus-programas-en-un-debate-organizado-por-alumni\/","url":"https:\/\/www.ull.es\/portal\/noticias\/2019\/las-candidatas-a-rectora-de-la-ull-confrontan-sus-programas-en-un-debate-organizado-por-alumni\/","name":"Las candidatas a rectora de la ULL confrontan sus programas en un debate organizado por Alumni - ULL - Noticias","isPartOf":{"@id":"https:\/\/www.ull.es\/portal\/noticias\/#website"},"datePublished":"2019-05-06T22:17:01+00:00","dateModified":"2019-11-21T12:08:26+00:00","author":{"@id":"https:\/\/www.ull.es\/portal\/noticias\/#\/schema\/person\/b2b1a89d43ffa609e591f7df8ef3e817"},"breadcrumb":{"@id":"https:\/\/www.ull.es\/portal\/noticias\/2019\/las-candidatas-a-rectora-de-la-ull-confrontan-sus-programas-en-un-debate-organizado-por-alumni\/#breadcrumb"},"inLanguage":"es","potentialAction":[{"@type":"ReadAction","target":["https:\/\/www.ull.es\/portal\/noticias\/2019\/las-candidatas-a-rectora-de-la-ull-confrontan-sus-programas-en-un-debate-organizado-por-alumni\/"]}]},{"@type":"BreadcrumbList","@id":"https:\/\/www.ull.es\/portal\/noticias\/2019\/las-candidatas-a-rectora-de-la-ull-confrontan-sus-programas-en-un-debate-organizado-por-alumni\/#breadcrumb","itemListElement":[{"@type":"ListItem","position":1,"name":"Portada","item":"https:\/\/www.ull.es\/portal\/noticias\/"},{"@type":"ListItem","position":2,"name":"Las candidatas a rectora de la ULL confrontan sus programas en un debate organizado por Alumni"}]},{"@type":"WebSite","@id":"https:\/\/www.ull.es\/portal\/noticias\/#website","url":"https:\/\/www.ull.es\/portal\/noticias\/","name":"ULL - Noticias","description":"","potentialAction":[{"@type":"SearchAction","target":{"@type":"EntryPoint","urlTemplate":"https:\/\/www.ull.es\/portal\/noticias\/?s={search_term_string}"},"query-input":"required name=search_term_string"}],"inLanguage":"es"},{"@type":"Person","@id":"https:\/\/www.ull.es\/portal\/noticias\/#\/schema\/person\/b2b1a89d43ffa609e591f7df8ef3e817","name":"gaprsa","image":{"@type":"ImageObject","inLanguage":"es","@id":"https:\/\/www.ull.es\/portal\/noticias\/#\/schema\/person\/image\/","url":"https:\/\/secure.gravatar.com\/avatar\/443820550921091458b4823867723b3d?s=96&d=mm&r=g","contentUrl":"https:\/\/secure.gravatar.com\/avatar\/443820550921091458b4823867723b3d?s=96&d=mm&r=g","caption":"gaprsa"},"url":"https:\/\/www.ull.es\/portal\/noticias\/author\/gaprsa\/"}]}},"primary_category":{"id":345,"name":"Destacado","slug":"destacado","link":"https:\/\/www.ull.es\/portal\/noticias\/category\/destacado\/"},"featured_image_thumbnail_url":"https:\/\/www.ull.es\/portal\/noticias\/wp-content\/uploads\/sites\/13\/2019\/05\/Debate-candidatas-rectora-43-300x200.jpg","_links":{"self":[{"href":"https:\/\/www.ull.es\/portal\/noticias\/wp-json\/wp\/v2\/posts\/44158"}],"collection":[{"href":"https:\/\/www.ull.es\/portal\/noticias\/wp-json\/wp\/v2\/posts"}],"about":[{"href":"https:\/\/www.ull.es\/portal\/noticias\/wp-json\/wp\/v2\/types\/post"}],"author":[{"embeddable":true,"href":"https:\/\/www.ull.es\/portal\/noticias\/wp-json\/wp\/v2\/users\/23"}],"replies":[{"embeddable":true,"href":"https:\/\/www.ull.es\/portal\/noticias\/wp-json\/wp\/v2\/comments?post=44158"}],"version-history":[{"count":5,"href":"https:\/\/www.ull.es\/portal\/noticias\/wp-json\/wp\/v2\/posts\/44158\/revisions"}],"predecessor-version":[{"id":47701,"href":"https:\/\/www.ull.es\/portal\/noticias\/wp-json\/wp\/v2\/posts\/44158\/revisions\/47701"}],"wp:featuredmedia":[{"embeddable":true,"href":"https:\/\/www.ull.es\/portal\/noticias\/wp-json\/wp\/v2\/media\/44159"}],"wp:attachment":[{"href":"https:\/\/www.ull.es\/portal\/noticias\/wp-json\/wp\/v2\/media?parent=44158"}],"wp:term":[{"taxonomy":"category","embeddable":true,"href":"https:\/\/www.ull.es\/portal\/noticias\/wp-json\/wp\/v2\/categories?post=44158"},{"taxonomy":"post_tag","embeddable":true,"href":"https:\/\/www.ull.es\/portal\/noticias\/wp-json\/wp\/v2\/tags?post=44158"}],"curies":[{"name":"wp","href":"https:\/\/api.w.org\/{rel}","templated":true}]}}