{"id":44174,"date":"2019-05-07T10:40:09","date_gmt":"2019-05-07T10:40:09","guid":{"rendered":"https:\/\/www.ull.es\/portal\/noticias\/?p=44174"},"modified":"2019-05-07T10:42:50","modified_gmt":"2019-05-07T10:42:50","slug":"el-catedratico-sanchez-robayna-donara-su-biblioteca-personal-a-la-universidad-de-la-laguna","status":"publish","type":"post","link":"https:\/\/www.ull.es\/portal\/noticias\/2019\/el-catedratico-sanchez-robayna-donara-su-biblioteca-personal-a-la-universidad-de-la-laguna\/","title":{"rendered":"El catedr\u00e1tico S\u00e1nchez Robayna donar\u00e1 su biblioteca personal a la Universidad de La Laguna"},"content":{"rendered":"<p>La Universidad de La Laguna ha firmado recientemente un acuerdo de donaci\u00f3n bibliogr\u00e1fica con el catedr\u00e1tico de Filolog\u00eda Espa\u00f1ola Andr\u00e9s S\u00e1nchez Robayna. Con esta r\u00fabrica el profesor de la instituci\u00f3n acad\u00e9mica cede, de forma paulatina, toda su obra, que consta de miles de vol\u00famenes, en la que est\u00e1n representados tanto los diversos g\u00e9neros y modalidades literarias practicados por Robayna como escritor, junto a las distintas especialidades y l\u00edneas de investigaci\u00f3n en las que se ha centrado su trabajo acad\u00e9mico.<\/p>\n<p>En este acto estuvo presente el rector de la Universidad de La Laguna, Antonio Martin\u00f3n, acompa\u00f1ado por el cedente y distintos miembros de la Biblioteca General y de Humanidades, puesto que ser\u00e1 la Sala de Legados de este edificio el lugar que albergar\u00e1 toda la colecci\u00f3n. El archivo, que podr\u00e1 ser consultado en el centro acad\u00e9mico, contiene documentos literarios que recogen manuscritos de su obra po\u00e9tica, adem\u00e1s de la correspondencia en la que figuran cartas de poetas, escritores y artistas representativos de la cultura contempor\u00e1nea con los que el catedr\u00e1tico ha mantenido relaci\u00f3n personal.<\/p>\n<p>Martin\u00f3n no perdi\u00f3 la ocasi\u00f3n para agradecer a S\u00e1nchez Robayna su gesto altruista con la Universidad de La Laguna. Adem\u00e1s, se\u00f1al\u00f3 que, en este caso, \u201cel fondo de Andr\u00e9s no es tan importante por los libros sino por el archivo de correspondencia que ha mantenido con literatos de primer orden internacional\u201d. El rector tambi\u00e9n record\u00f3 que esta es una de las tantas donaciones que se han realizado en los \u00faltimos a\u00f1os y que se engloba dentro de la pol\u00edtica que el centro ha adoptado para atraer fondos documentales y bibliogr\u00e1ficos.<\/p>\n<p>Con m\u00e1s de 40 a\u00f1os vinculados a la Universidad de La Laguna, S\u00e1nchez Robayna ha reconocido que realiza esta donaci\u00f3n por distintas razones. Una de ellas es por el buen hacer de las personas responsables de la Biblioteca, pero sobre todo porque con esta decisi\u00f3n responde a lo que su mujer, Marta Ouvi\u00f1a, fallecida y exjefa de la Secci\u00f3n de Humanidades del Servicio de Biblioteca de la ULL, le pidi\u00f3 que hiciera.<\/p>\n<p>El catedr\u00e1tico de Filolog\u00eda Espa\u00f1ola indic\u00f3 que sentir\u00e1 una \u201csensaci\u00f3n extra\u00f1a\u201d cuando vea los estantes de su biblioteca vac\u00edos. Sin embargo, se manifest\u00f3 sabedor de lo especial que es esta situaci\u00f3n, puesto que sus libros podr\u00e1n ayudar a otros investigadores, profesores y todo el que desee consultar su archivo, una vez sea trasladado a la Biblioteca de la Universidad de La Laguna. Incluso, a este respecto, Martin\u00f3n indic\u00f3 que los documentos que van a recibir son tan valiosos que har\u00e1 que investigadores for\u00e1neos a la instituci\u00f3n acad\u00e9mica vengan a consultarla.<\/p>\n<p>&nbsp;<\/p>\n","protected":false},"excerpt":{"rendered":"<p>La Universidad de La Laguna ha firmado recientemente un acuerdo de donaci\u00f3n bibliogr\u00e1fica con el catedr\u00e1tico de Filolog\u00eda Espa\u00f1ola Andr\u00e9s&#8230;<\/p>\n","protected":false},"author":23,"featured_media":44175,"comment_status":"closed","ping_status":"closed","sticky":false,"template":"","format":"standard","meta":{"inline_featured_image":false,"footnotes":""},"categories":[4534,344,345,3408,348,2765],"tags":[3171,1065,5652,5651],"acf":[],"yoast_head":"<!-- This site is optimized with the Yoast SEO plugin v21.3 - https:\/\/yoast.com\/wordpress\/plugins\/seo\/ -->\n<title>El catedr\u00e1tico S\u00e1nchez Robayna donar\u00e1 su biblioteca personal a la Universidad de La Laguna - ULL - Noticias<\/title>\n<meta name=\"robots\" content=\"index, follow, max-snippet:-1, max-image-preview:large, max-video-preview:-1\" \/>\n<link rel=\"canonical\" href=\"https:\/\/www.ull.es\/portal\/noticias\/2019\/el-catedratico-sanchez-robayna-donara-su-biblioteca-personal-a-la-universidad-de-la-laguna\/\" \/>\n<meta property=\"og:locale\" content=\"es_ES\" \/>\n<meta property=\"og:type\" content=\"article\" \/>\n<meta property=\"og:title\" content=\"El catedr\u00e1tico S\u00e1nchez Robayna donar\u00e1 su biblioteca personal a la Universidad de La Laguna - ULL - Noticias\" \/>\n<meta property=\"og:description\" content=\"La Universidad de La Laguna ha firmado recientemente un acuerdo de donaci\u00f3n bibliogr\u00e1fica con el catedr\u00e1tico de Filolog\u00eda Espa\u00f1ola Andr\u00e9s...\" \/>\n<meta property=\"og:url\" content=\"https:\/\/www.ull.es\/portal\/noticias\/2019\/el-catedratico-sanchez-robayna-donara-su-biblioteca-personal-a-la-universidad-de-la-laguna\/\" \/>\n<meta property=\"og:site_name\" content=\"ULL - Noticias\" \/>\n<meta property=\"article:publisher\" content=\"https:\/\/www.facebook.com\/universidaddelalaguna\/\" \/>\n<meta property=\"article:published_time\" content=\"2019-05-07T10:40:09+00:00\" \/>\n<meta property=\"article:modified_time\" content=\"2019-05-07T10:42:50+00:00\" \/>\n<meta property=\"og:image\" content=\"https:\/\/www.ull.es\/portal\/noticias\/wp-content\/uploads\/sites\/13\/2019\/05\/donaci\u00f3n-Andr\u00e9s-S\u00e1nchez-Robayna.jpg\" \/>\n\t<meta property=\"og:image:width\" content=\"1200\" \/>\n\t<meta property=\"og:image:height\" content=\"800\" \/>\n\t<meta property=\"og:image:type\" content=\"image\/jpeg\" \/>\n<meta name=\"author\" content=\"gaprsa\" \/>\n<meta name=\"twitter:card\" content=\"summary_large_image\" \/>\n<meta name=\"twitter:creator\" content=\"@CanalULL\" \/>\n<meta name=\"twitter:site\" content=\"@CanalULL\" \/>\n<meta name=\"twitter:label1\" content=\"Escrito por\" \/>\n\t<meta name=\"twitter:data1\" content=\"gaprsa\" \/>\n\t<meta name=\"twitter:label2\" content=\"Tiempo de lectura\" \/>\n\t<meta name=\"twitter:data2\" content=\"2 minutos\" \/>\n<script type=\"application\/ld+json\" class=\"yoast-schema-graph\">{\"@context\":\"https:\/\/schema.org\",\"@graph\":[{\"@type\":\"WebPage\",\"@id\":\"https:\/\/www.ull.es\/portal\/noticias\/2019\/el-catedratico-sanchez-robayna-donara-su-biblioteca-personal-a-la-universidad-de-la-laguna\/\",\"url\":\"https:\/\/www.ull.es\/portal\/noticias\/2019\/el-catedratico-sanchez-robayna-donara-su-biblioteca-personal-a-la-universidad-de-la-laguna\/\",\"name\":\"El catedr\u00e1tico S\u00e1nchez Robayna donar\u00e1 su biblioteca personal a la Universidad de La Laguna - ULL - Noticias\",\"isPartOf\":{\"@id\":\"https:\/\/www.ull.es\/portal\/noticias\/#website\"},\"datePublished\":\"2019-05-07T10:40:09+00:00\",\"dateModified\":\"2019-05-07T10:42:50+00:00\",\"author\":{\"@id\":\"https:\/\/www.ull.es\/portal\/noticias\/#\/schema\/person\/b2b1a89d43ffa609e591f7df8ef3e817\"},\"breadcrumb\":{\"@id\":\"https:\/\/www.ull.es\/portal\/noticias\/2019\/el-catedratico-sanchez-robayna-donara-su-biblioteca-personal-a-la-universidad-de-la-laguna\/#breadcrumb\"},\"inLanguage\":\"es\",\"potentialAction\":[{\"@type\":\"ReadAction\",\"target\":[\"https:\/\/www.ull.es\/portal\/noticias\/2019\/el-catedratico-sanchez-robayna-donara-su-biblioteca-personal-a-la-universidad-de-la-laguna\/\"]}]},{\"@type\":\"BreadcrumbList\",\"@id\":\"https:\/\/www.ull.es\/portal\/noticias\/2019\/el-catedratico-sanchez-robayna-donara-su-biblioteca-personal-a-la-universidad-de-la-laguna\/#breadcrumb\",\"itemListElement\":[{\"@type\":\"ListItem\",\"position\":1,\"name\":\"Portada\",\"item\":\"https:\/\/www.ull.es\/portal\/noticias\/\"},{\"@type\":\"ListItem\",\"position\":2,\"name\":\"El catedr\u00e1tico S\u00e1nchez Robayna donar\u00e1 su biblioteca personal a la Universidad de La Laguna\"}]},{\"@type\":\"WebSite\",\"@id\":\"https:\/\/www.ull.es\/portal\/noticias\/#website\",\"url\":\"https:\/\/www.ull.es\/portal\/noticias\/\",\"name\":\"ULL - Noticias\",\"description\":\"\",\"potentialAction\":[{\"@type\":\"SearchAction\",\"target\":{\"@type\":\"EntryPoint\",\"urlTemplate\":\"https:\/\/www.ull.es\/portal\/noticias\/?s={search_term_string}\"},\"query-input\":\"required name=search_term_string\"}],\"inLanguage\":\"es\"},{\"@type\":\"Person\",\"@id\":\"https:\/\/www.ull.es\/portal\/noticias\/#\/schema\/person\/b2b1a89d43ffa609e591f7df8ef3e817\",\"name\":\"gaprsa\",\"image\":{\"@type\":\"ImageObject\",\"inLanguage\":\"es\",\"@id\":\"https:\/\/www.ull.es\/portal\/noticias\/#\/schema\/person\/image\/\",\"url\":\"https:\/\/secure.gravatar.com\/avatar\/443820550921091458b4823867723b3d?s=96&d=mm&r=g\",\"contentUrl\":\"https:\/\/secure.gravatar.com\/avatar\/443820550921091458b4823867723b3d?s=96&d=mm&r=g\",\"caption\":\"gaprsa\"},\"url\":\"https:\/\/www.ull.es\/portal\/noticias\/author\/gaprsa\/\"}]}<\/script>\n<!-- \/ Yoast SEO plugin. -->","yoast_head_json":{"title":"El catedr\u00e1tico S\u00e1nchez Robayna donar\u00e1 su biblioteca personal a la Universidad de La Laguna - ULL - Noticias","robots":{"index":"index","follow":"follow","max-snippet":"max-snippet:-1","max-image-preview":"max-image-preview:large","max-video-preview":"max-video-preview:-1"},"canonical":"https:\/\/www.ull.es\/portal\/noticias\/2019\/el-catedratico-sanchez-robayna-donara-su-biblioteca-personal-a-la-universidad-de-la-laguna\/","og_locale":"es_ES","og_type":"article","og_title":"El catedr\u00e1tico S\u00e1nchez Robayna donar\u00e1 su biblioteca personal a la Universidad de La Laguna - ULL - Noticias","og_description":"La Universidad de La Laguna ha firmado recientemente un acuerdo de donaci\u00f3n bibliogr\u00e1fica con el catedr\u00e1tico de Filolog\u00eda Espa\u00f1ola Andr\u00e9s...","og_url":"https:\/\/www.ull.es\/portal\/noticias\/2019\/el-catedratico-sanchez-robayna-donara-su-biblioteca-personal-a-la-universidad-de-la-laguna\/","og_site_name":"ULL - Noticias","article_publisher":"https:\/\/www.facebook.com\/universidaddelalaguna\/","article_published_time":"2019-05-07T10:40:09+00:00","article_modified_time":"2019-05-07T10:42:50+00:00","og_image":[{"width":1200,"height":800,"url":"https:\/\/www.ull.es\/portal\/noticias\/wp-content\/uploads\/sites\/13\/2019\/05\/donaci\u00f3n-Andr\u00e9s-S\u00e1nchez-Robayna.jpg","type":"image\/jpeg"}],"author":"gaprsa","twitter_card":"summary_large_image","twitter_creator":"@CanalULL","twitter_site":"@CanalULL","twitter_misc":{"Escrito por":"gaprsa","Tiempo de lectura":"2 minutos"},"schema":{"@context":"https:\/\/schema.org","@graph":[{"@type":"WebPage","@id":"https:\/\/www.ull.es\/portal\/noticias\/2019\/el-catedratico-sanchez-robayna-donara-su-biblioteca-personal-a-la-universidad-de-la-laguna\/","url":"https:\/\/www.ull.es\/portal\/noticias\/2019\/el-catedratico-sanchez-robayna-donara-su-biblioteca-personal-a-la-universidad-de-la-laguna\/","name":"El catedr\u00e1tico S\u00e1nchez Robayna donar\u00e1 su biblioteca personal a la Universidad de La Laguna - ULL - Noticias","isPartOf":{"@id":"https:\/\/www.ull.es\/portal\/noticias\/#website"},"datePublished":"2019-05-07T10:40:09+00:00","dateModified":"2019-05-07T10:42:50+00:00","author":{"@id":"https:\/\/www.ull.es\/portal\/noticias\/#\/schema\/person\/b2b1a89d43ffa609e591f7df8ef3e817"},"breadcrumb":{"@id":"https:\/\/www.ull.es\/portal\/noticias\/2019\/el-catedratico-sanchez-robayna-donara-su-biblioteca-personal-a-la-universidad-de-la-laguna\/#breadcrumb"},"inLanguage":"es","potentialAction":[{"@type":"ReadAction","target":["https:\/\/www.ull.es\/portal\/noticias\/2019\/el-catedratico-sanchez-robayna-donara-su-biblioteca-personal-a-la-universidad-de-la-laguna\/"]}]},{"@type":"BreadcrumbList","@id":"https:\/\/www.ull.es\/portal\/noticias\/2019\/el-catedratico-sanchez-robayna-donara-su-biblioteca-personal-a-la-universidad-de-la-laguna\/#breadcrumb","itemListElement":[{"@type":"ListItem","position":1,"name":"Portada","item":"https:\/\/www.ull.es\/portal\/noticias\/"},{"@type":"ListItem","position":2,"name":"El catedr\u00e1tico S\u00e1nchez Robayna donar\u00e1 su biblioteca personal a la Universidad de La Laguna"}]},{"@type":"WebSite","@id":"https:\/\/www.ull.es\/portal\/noticias\/#website","url":"https:\/\/www.ull.es\/portal\/noticias\/","name":"ULL - Noticias","description":"","potentialAction":[{"@type":"SearchAction","target":{"@type":"EntryPoint","urlTemplate":"https:\/\/www.ull.es\/portal\/noticias\/?s={search_term_string}"},"query-input":"required name=search_term_string"}],"inLanguage":"es"},{"@type":"Person","@id":"https:\/\/www.ull.es\/portal\/noticias\/#\/schema\/person\/b2b1a89d43ffa609e591f7df8ef3e817","name":"gaprsa","image":{"@type":"ImageObject","inLanguage":"es","@id":"https:\/\/www.ull.es\/portal\/noticias\/#\/schema\/person\/image\/","url":"https:\/\/secure.gravatar.com\/avatar\/443820550921091458b4823867723b3d?s=96&d=mm&r=g","contentUrl":"https:\/\/secure.gravatar.com\/avatar\/443820550921091458b4823867723b3d?s=96&d=mm&r=g","caption":"gaprsa"},"url":"https:\/\/www.ull.es\/portal\/noticias\/author\/gaprsa\/"}]}},"primary_category":{"id":2765,"name":"Portada ULL","slug":"portada-ull","link":"https:\/\/www.ull.es\/portal\/noticias\/category\/portada-ull\/"},"featured_image_thumbnail_url":"https:\/\/www.ull.es\/portal\/noticias\/wp-content\/uploads\/sites\/13\/2019\/05\/donaci\u00f3n-Andr\u00e9s-S\u00e1nchez-Robayna-300x200.jpg","_links":{"self":[{"href":"https:\/\/www.ull.es\/portal\/noticias\/wp-json\/wp\/v2\/posts\/44174"}],"collection":[{"href":"https:\/\/www.ull.es\/portal\/noticias\/wp-json\/wp\/v2\/posts"}],"about":[{"href":"https:\/\/www.ull.es\/portal\/noticias\/wp-json\/wp\/v2\/types\/post"}],"author":[{"embeddable":true,"href":"https:\/\/www.ull.es\/portal\/noticias\/wp-json\/wp\/v2\/users\/23"}],"replies":[{"embeddable":true,"href":"https:\/\/www.ull.es\/portal\/noticias\/wp-json\/wp\/v2\/comments?post=44174"}],"version-history":[{"count":1,"href":"https:\/\/www.ull.es\/portal\/noticias\/wp-json\/wp\/v2\/posts\/44174\/revisions"}],"predecessor-version":[{"id":44176,"href":"https:\/\/www.ull.es\/portal\/noticias\/wp-json\/wp\/v2\/posts\/44174\/revisions\/44176"}],"wp:featuredmedia":[{"embeddable":true,"href":"https:\/\/www.ull.es\/portal\/noticias\/wp-json\/wp\/v2\/media\/44175"}],"wp:attachment":[{"href":"https:\/\/www.ull.es\/portal\/noticias\/wp-json\/wp\/v2\/media?parent=44174"}],"wp:term":[{"taxonomy":"category","embeddable":true,"href":"https:\/\/www.ull.es\/portal\/noticias\/wp-json\/wp\/v2\/categories?post=44174"},{"taxonomy":"post_tag","embeddable":true,"href":"https:\/\/www.ull.es\/portal\/noticias\/wp-json\/wp\/v2\/tags?post=44174"}],"curies":[{"name":"wp","href":"https:\/\/api.w.org\/{rel}","templated":true}]}}