{"id":44284,"date":"2019-05-13T08:35:31","date_gmt":"2019-05-13T08:35:31","guid":{"rendered":"https:\/\/www.ull.es\/portal\/noticias\/?p=44284"},"modified":"2019-05-20T11:01:35","modified_gmt":"2019-05-20T11:01:35","slug":"las-xxvii-jornadas-de-crue-sostenibilidad-ponen-el-foco-en-el-papel-de-la-universidad-como-clave-para-el-cumplimiento-de-la-agenda-2030","status":"publish","type":"post","link":"https:\/\/www.ull.es\/portal\/noticias\/2019\/las-xxvii-jornadas-de-crue-sostenibilidad-ponen-el-foco-en-el-papel-de-la-universidad-como-clave-para-el-cumplimiento-de-la-agenda-2030\/","title":{"rendered":"Las XXVII Jornadas de Crue\u2013Sostenibilidad ponen el foco en el papel de la\u00a0Universidad como clave para el cumplimiento de la Agenda 2030"},"content":{"rendered":"<p>M\u00e1s de 170 representantes de 51 universidades espa\u00f1olas han\u00a0participado en las XXVII Jornadas de Crue\u2013Sostenibilidad, bajo el lema \u00abLa movilidad sostenible,<br \/>\nelemento clave de la Agenda 2030\u00bb. El acto de inauguraci\u00f3n, celebrado el pasado jueves en la\u00a0Facultad de Derecho de la Universidad de Valladolid, estuvo presidido por el rector de la UVa,\u00a0Antonio Largo Cabrerizo, quien remarc\u00f3 que las universidades espa\u00f1olas deben \u00abdar ejemplo en\u00a0la aplicaci\u00f3n de pr\u00e1cticas y procedimientos sostenibles y de bajo impacto ambiental que permitan\u00a0concienciar a las nuevas generaciones sobre las responsabilidades relativas al uso racional de la\u00a0energ\u00eda y a la gesti\u00f3n eficiente de los recursos en la actividad diaria desarrollada por cada\u00a0ciudadano\u00bb.<\/p>\n<p>Por su parte, el presidente de Crue\u2013Sostenibilidad y rector de la Universidad de\u00a0Oviedo, Santiago Garc\u00eda Granda, puso el foco en la responsabilidad de las universidades a la hora\u00a0de formar a las personas que liderar\u00e1n la sociedad y que tendr\u00e1n que \u00abtomar las decisiones\u00a0correctas\u00bb. Asimismo, Garc\u00eda Granda subray\u00f3 que este tipo de jornadas aportan iniciativas y\u00a0proyectos que refuerzan \u00abel liderazgo de las universidades en la transici\u00f3n hacia una sociedad\u00a0organizada de una forma m\u00e1s justa, m\u00e1s solidaria y m\u00e1s sostenible\u00bb.<\/p>\n<p>La ponencia inaugural corri\u00f3 a cargo del asesor de Alto Comisionado del Gobierno para la Agenda\u00a02030, Jorge Solana, quien destac\u00f3 que las universidades son clave para el cambio, ya que\u00a0\u00abgeneran el conocimiento y la innovaci\u00f3n necesarias para dar respuesta a los complejos retos que\u00a0marca Naciones Unidas\u00bb. Para Crue Universidades Espa\u00f1olas, la consecuci\u00f3n de los Objetivos de\u00a0Desarrollo Sostenible es una prioridad que se puso de manifiesto a principios de a\u00f1o con la<br \/>\nconstituci\u00f3n de la Comisi\u00f3n de Crue para la Agenda 2030, \u00f3rgano que facilita la coordinaci\u00f3n y el\u00a0intercambio de iniciativas y acciones en materia de desarrollo sostenible entre las diferentes\u00a0comisiones sectoriales que integran la instituci\u00f3n. Adem\u00e1s, esta nueva l\u00ednea de cooperaci\u00f3n\u00a0intersectorial ha permitido establecer una interlocuci\u00f3n efectiva entre Crue Universidades\u00a0Espa\u00f1olas y el Alto Comisionado del Gobierno para la Agenda 2030.<\/p>\n<p>La actividad de las Jornadas se distribuy\u00f3 en sesiones comunes y espec\u00edficas de los nueve grupos\u00a0de trabajo que integran Crue\u2013Sostenibilidad: Participaci\u00f3n y Voluntariado, Pol\u00edticas de G\u00e9nero,\u00a0Prevenci\u00f3n de Riesgos Laborales, Evaluaci\u00f3n de la Sostenibilidad Universitaria, Mejoras\u00a0Ambientales en Edificios Universitarios, Sostenibilizaci\u00f3n Curricular, Universidad y Movilidad\u00a0Sostenible, Universidades Saludable, Urbanismo Universitario y Sostenibilidad.<\/p>\n<p>En la jornada del viernes, el pleno de Crue\u2013Sostenibilidad aprob\u00f3 un <a href=\"https:\/\/drive.google.com\/file\/d\/1UflmqB82fSX4FV-LkEs32Pyh1pVZ22y_\/view?usp=sharing\" target=\"_blank\" rel=\"noopener\">manifiesto<\/a> sobre el papel\u00a0proactivo que deben jugar las universidades espa\u00f1olas en el cumplimiento de la Agenda 2030 de\u00a0Naciones Unidas. El documento incide en que la universidad \u00abdebe generar y transferir el\u00a0Conocimiento y la innovaci\u00f3n necesarias para dar respuesta a los complejos retos del Desarrollo\u00a0Sostenible\u00bb. En este sentido, recuerda que \u00abes responsabilidad de las universidades que las<br \/>\npersonas est\u00e9n bien preparadas y formadas para tomar decisiones que contribuyan a generar una\u00a0sociedad m\u00e1s justa y sostenible\u00bb y subraya que Crue \u00abes el interlocutor leg\u00edtimo y \u00fanico de las\u00a0universidades espa\u00f1olas en materia de Agenda 2030\u00bb.<\/p>\n<p>Por otra parte, los asistentes pudieron\u00a0escuchar las reivindicaciones de dos estudiantes del movimiento Fridays for Future, que pidieron\u00a0que la Universidad abandere el cambio necesario y que el Gobierno proceda, cuanto antes, a la\u00a0declaraci\u00f3n del Estado de emergencia clim\u00e1tico.\u00a0Durante el pleno de Crue\u2013Sostenibilidad, se present\u00f3 la campa\u00f1a #unisinplastic que se llevar\u00e1 a\u00a0cabo pr\u00f3ximamente con el objetivo de reducir el consumo de pl\u00e1sticos en las universidades<br \/>\nespa\u00f1olas. Asimismo, se llev\u00f3 a cabo la renovaci\u00f3n de la Presidencia del Grupo de Trabajo de\u00a0Urbanismo, que estar\u00e1 liderado por Agust\u00edn Hern\u00e1ndez Aja, delegado del rector de la Universidad\u00a0Polit\u00e9cnica de Madrid para Urbanismo, Sostenibilidad y Movilidad Intercampus.<\/p>\n<p>Adem\u00e1s, a\u00a0propuesta del Grupo de Trabajo de Prevenci\u00f3n de Riesgos Laborales, se aprobaron tres\u00a0documentos: una Gu\u00eda de evaluaci\u00f3n de riesgos psicosociales, una ficha informativa de\u00a0nanomateriales y sus procesos asociados, as\u00ed como una Gu\u00eda b\u00e1sica para la evaluaci\u00f3n de\u00a0proyectos de investigaci\u00f3n universitarios en materia de Prevenci\u00f3n de Riesgos Laborales.\u00a0El acto de clausura cont\u00f3 con la presencia del secretario general de Universidades, Jos\u00e9 Manuel\u00a0Pingarr\u00f3n; del presidente de Crue\u2013Sostenibilidad y rector de la Universidad de Oviedo, Santiago\u00a0Garc\u00eda Granda; y del rector de la Universidad de Valladolid, Antonio Largo Cabrerizo. En su\u00a0intervenci\u00f3n, Jos\u00e9 Manuel Pingarr\u00f3n destac\u00f3 el rol \u00ababsolutamente decisivo\u00bb que tienen las\u00a0universidades para que Espa\u00f1a \u00absea un pa\u00eds del conocimiento y la innovaci\u00f3n que van\u00a0indefectiblemente unidos a los Objetivos de Desarrollo Sostenible\u00bb. Pingarr\u00f3n afirm\u00f3 que la tarea\u00a0fundamental del pr\u00f3ximo Gobierno ser\u00e1 \u00abhacer una nueva Ley Org\u00e1nica de Universidades\u00bb con\u00a0tres caracter\u00edsticas fundamentales: estabilidad en el tiempo, resoluci\u00f3n de problemas urgentes\u00a0para la universidad \u2013como la financiaci\u00f3n o el dise\u00f1o de las plantillas\u2013 y reconocer el car\u00e1cter de\u00a0servicio p\u00fablico que tiene la Educaci\u00f3n Superior.<\/p>\n<p>Para ello, pidi\u00f3 \u00abla colaboraci\u00f3n y trabajo\u00bb de las\u00a0universidades para sacar adelante la nueva norma. El presidente de Crue\u2013Sostenibilidad y rector\u00a0de la Universidad de Oviedo, Santiago Garc\u00eda Granda, record\u00f3 al Ejecutivo que \u00ablas universidades\u00a0son el mejor instrumento que tiene un pa\u00eds para crear alianzas y riqueza\u00bb y reclam\u00f3 que el nuevo\u00a0Sexenio de Transferencia del Conocimiento reconozca el papel social que desempe\u00f1an estas\u00a0instituciones. Por su parte, el rector de la Universidad de Valladolid, Antonio Largo Cabrerizo,\u00a0subray\u00f3 que la sostenibilidad es una cuesti\u00f3n demandada no solo por los j\u00f3venes, sino por la<br \/>\nsociedad en su conjunto, y apost\u00f3 por \u00abser m\u00e1s \u00e1giles a la hora de afrontar los retos que tenemos\u00a0por delante\u00bb. Las conclusiones de las XXVII Jornadas de Crue\u2013Sostenibilidad servir\u00e1n para sentar\u00a0las bases del trabajo que esta Comisi\u00f3n Sectorial de Crue Universidades Espa\u00f1olas desarrollar\u00e1 en\u00a0los pr\u00f3ximos meses.<\/p>\n<p>(Nota de prensa y foto cedida por la CRUE).<\/p>\n","protected":false},"excerpt":{"rendered":"<p>M\u00e1s de 170 representantes de 51 universidades espa\u00f1olas han\u00a0participado en las XXVII Jornadas de Crue\u2013Sostenibilidad, bajo el lema \u00abLa movilidad&#8230;<\/p>\n","protected":false},"author":23,"featured_media":44286,"comment_status":"closed","ping_status":"closed","sticky":false,"template":"","format":"standard","meta":{"inline_featured_image":false,"footnotes":""},"categories":[5232,345,348,2765,5606],"tags":[3693,5669,3672],"acf":[],"yoast_head":"<!-- This site is optimized with the Yoast SEO plugin v21.3 - https:\/\/yoast.com\/wordpress\/plugins\/seo\/ -->\n<title>Las XXVII Jornadas de Crue\u2013Sostenibilidad ponen el foco en el papel de la\u00a0Universidad como clave para el cumplimiento de la Agenda 2030 - ULL - Noticias<\/title>\n<meta name=\"robots\" content=\"index, follow, max-snippet:-1, max-image-preview:large, max-video-preview:-1\" \/>\n<link rel=\"canonical\" href=\"https:\/\/www.ull.es\/portal\/noticias\/2019\/las-xxvii-jornadas-de-crue-sostenibilidad-ponen-el-foco-en-el-papel-de-la-universidad-como-clave-para-el-cumplimiento-de-la-agenda-2030\/\" \/>\n<meta property=\"og:locale\" content=\"es_ES\" \/>\n<meta property=\"og:type\" content=\"article\" \/>\n<meta property=\"og:title\" content=\"Las XXVII Jornadas de Crue\u2013Sostenibilidad ponen el foco en el papel de la\u00a0Universidad como clave para el cumplimiento de la Agenda 2030 - ULL - Noticias\" \/>\n<meta property=\"og:description\" content=\"M\u00e1s de 170 representantes de 51 universidades espa\u00f1olas han\u00a0participado en las XXVII Jornadas de Crue\u2013Sostenibilidad, bajo el lema \u00abLa movilidad...\" \/>\n<meta property=\"og:url\" content=\"https:\/\/www.ull.es\/portal\/noticias\/2019\/las-xxvii-jornadas-de-crue-sostenibilidad-ponen-el-foco-en-el-papel-de-la-universidad-como-clave-para-el-cumplimiento-de-la-agenda-2030\/\" \/>\n<meta property=\"og:site_name\" content=\"ULL - Noticias\" \/>\n<meta property=\"article:publisher\" content=\"https:\/\/www.facebook.com\/universidaddelalaguna\/\" \/>\n<meta property=\"article:published_time\" content=\"2019-05-13T08:35:31+00:00\" \/>\n<meta property=\"article:modified_time\" content=\"2019-05-20T11:01:35+00:00\" \/>\n<meta property=\"og:image\" content=\"https:\/\/www.ull.es\/portal\/noticias\/wp-content\/uploads\/sites\/13\/2019\/05\/Inauguracion-jornadas-1.jpg\" \/>\n\t<meta property=\"og:image:width\" content=\"1000\" \/>\n\t<meta property=\"og:image:height\" content=\"800\" \/>\n\t<meta property=\"og:image:type\" content=\"image\/jpeg\" \/>\n<meta name=\"author\" content=\"gaprsa\" \/>\n<meta name=\"twitter:card\" content=\"summary_large_image\" \/>\n<meta name=\"twitter:creator\" content=\"@CanalULL\" \/>\n<meta name=\"twitter:site\" content=\"@CanalULL\" \/>\n<meta name=\"twitter:label1\" content=\"Escrito por\" \/>\n\t<meta name=\"twitter:data1\" content=\"gaprsa\" \/>\n\t<meta name=\"twitter:label2\" content=\"Tiempo de lectura\" \/>\n\t<meta name=\"twitter:data2\" content=\"5 minutos\" \/>\n<script type=\"application\/ld+json\" class=\"yoast-schema-graph\">{\"@context\":\"https:\/\/schema.org\",\"@graph\":[{\"@type\":\"WebPage\",\"@id\":\"https:\/\/www.ull.es\/portal\/noticias\/2019\/las-xxvii-jornadas-de-crue-sostenibilidad-ponen-el-foco-en-el-papel-de-la-universidad-como-clave-para-el-cumplimiento-de-la-agenda-2030\/\",\"url\":\"https:\/\/www.ull.es\/portal\/noticias\/2019\/las-xxvii-jornadas-de-crue-sostenibilidad-ponen-el-foco-en-el-papel-de-la-universidad-como-clave-para-el-cumplimiento-de-la-agenda-2030\/\",\"name\":\"Las XXVII Jornadas de Crue\u2013Sostenibilidad ponen el foco en el papel de la\u00a0Universidad como clave para el cumplimiento de la Agenda 2030 - ULL - Noticias\",\"isPartOf\":{\"@id\":\"https:\/\/www.ull.es\/portal\/noticias\/#website\"},\"datePublished\":\"2019-05-13T08:35:31+00:00\",\"dateModified\":\"2019-05-20T11:01:35+00:00\",\"author\":{\"@id\":\"https:\/\/www.ull.es\/portal\/noticias\/#\/schema\/person\/b2b1a89d43ffa609e591f7df8ef3e817\"},\"breadcrumb\":{\"@id\":\"https:\/\/www.ull.es\/portal\/noticias\/2019\/las-xxvii-jornadas-de-crue-sostenibilidad-ponen-el-foco-en-el-papel-de-la-universidad-como-clave-para-el-cumplimiento-de-la-agenda-2030\/#breadcrumb\"},\"inLanguage\":\"es\",\"potentialAction\":[{\"@type\":\"ReadAction\",\"target\":[\"https:\/\/www.ull.es\/portal\/noticias\/2019\/las-xxvii-jornadas-de-crue-sostenibilidad-ponen-el-foco-en-el-papel-de-la-universidad-como-clave-para-el-cumplimiento-de-la-agenda-2030\/\"]}]},{\"@type\":\"BreadcrumbList\",\"@id\":\"https:\/\/www.ull.es\/portal\/noticias\/2019\/las-xxvii-jornadas-de-crue-sostenibilidad-ponen-el-foco-en-el-papel-de-la-universidad-como-clave-para-el-cumplimiento-de-la-agenda-2030\/#breadcrumb\",\"itemListElement\":[{\"@type\":\"ListItem\",\"position\":1,\"name\":\"Portada\",\"item\":\"https:\/\/www.ull.es\/portal\/noticias\/\"},{\"@type\":\"ListItem\",\"position\":2,\"name\":\"Las XXVII Jornadas de Crue\u2013Sostenibilidad ponen el foco en el papel de la\u00a0Universidad como clave para el cumplimiento de la Agenda 2030\"}]},{\"@type\":\"WebSite\",\"@id\":\"https:\/\/www.ull.es\/portal\/noticias\/#website\",\"url\":\"https:\/\/www.ull.es\/portal\/noticias\/\",\"name\":\"ULL - Noticias\",\"description\":\"\",\"potentialAction\":[{\"@type\":\"SearchAction\",\"target\":{\"@type\":\"EntryPoint\",\"urlTemplate\":\"https:\/\/www.ull.es\/portal\/noticias\/?s={search_term_string}\"},\"query-input\":\"required name=search_term_string\"}],\"inLanguage\":\"es\"},{\"@type\":\"Person\",\"@id\":\"https:\/\/www.ull.es\/portal\/noticias\/#\/schema\/person\/b2b1a89d43ffa609e591f7df8ef3e817\",\"name\":\"gaprsa\",\"image\":{\"@type\":\"ImageObject\",\"inLanguage\":\"es\",\"@id\":\"https:\/\/www.ull.es\/portal\/noticias\/#\/schema\/person\/image\/\",\"url\":\"https:\/\/secure.gravatar.com\/avatar\/443820550921091458b4823867723b3d?s=96&d=mm&r=g\",\"contentUrl\":\"https:\/\/secure.gravatar.com\/avatar\/443820550921091458b4823867723b3d?s=96&d=mm&r=g\",\"caption\":\"gaprsa\"},\"url\":\"https:\/\/www.ull.es\/portal\/noticias\/author\/gaprsa\/\"}]}<\/script>\n<!-- \/ Yoast SEO plugin. -->","yoast_head_json":{"title":"Las XXVII Jornadas de Crue\u2013Sostenibilidad ponen el foco en el papel de la\u00a0Universidad como clave para el cumplimiento de la Agenda 2030 - ULL - Noticias","robots":{"index":"index","follow":"follow","max-snippet":"max-snippet:-1","max-image-preview":"max-image-preview:large","max-video-preview":"max-video-preview:-1"},"canonical":"https:\/\/www.ull.es\/portal\/noticias\/2019\/las-xxvii-jornadas-de-crue-sostenibilidad-ponen-el-foco-en-el-papel-de-la-universidad-como-clave-para-el-cumplimiento-de-la-agenda-2030\/","og_locale":"es_ES","og_type":"article","og_title":"Las XXVII Jornadas de Crue\u2013Sostenibilidad ponen el foco en el papel de la\u00a0Universidad como clave para el cumplimiento de la Agenda 2030 - ULL - Noticias","og_description":"M\u00e1s de 170 representantes de 51 universidades espa\u00f1olas han\u00a0participado en las XXVII Jornadas de Crue\u2013Sostenibilidad, bajo el lema \u00abLa movilidad...","og_url":"https:\/\/www.ull.es\/portal\/noticias\/2019\/las-xxvii-jornadas-de-crue-sostenibilidad-ponen-el-foco-en-el-papel-de-la-universidad-como-clave-para-el-cumplimiento-de-la-agenda-2030\/","og_site_name":"ULL - Noticias","article_publisher":"https:\/\/www.facebook.com\/universidaddelalaguna\/","article_published_time":"2019-05-13T08:35:31+00:00","article_modified_time":"2019-05-20T11:01:35+00:00","og_image":[{"width":1000,"height":800,"url":"https:\/\/www.ull.es\/portal\/noticias\/wp-content\/uploads\/sites\/13\/2019\/05\/Inauguracion-jornadas-1.jpg","type":"image\/jpeg"}],"author":"gaprsa","twitter_card":"summary_large_image","twitter_creator":"@CanalULL","twitter_site":"@CanalULL","twitter_misc":{"Escrito por":"gaprsa","Tiempo de lectura":"5 minutos"},"schema":{"@context":"https:\/\/schema.org","@graph":[{"@type":"WebPage","@id":"https:\/\/www.ull.es\/portal\/noticias\/2019\/las-xxvii-jornadas-de-crue-sostenibilidad-ponen-el-foco-en-el-papel-de-la-universidad-como-clave-para-el-cumplimiento-de-la-agenda-2030\/","url":"https:\/\/www.ull.es\/portal\/noticias\/2019\/las-xxvii-jornadas-de-crue-sostenibilidad-ponen-el-foco-en-el-papel-de-la-universidad-como-clave-para-el-cumplimiento-de-la-agenda-2030\/","name":"Las XXVII Jornadas de Crue\u2013Sostenibilidad ponen el foco en el papel de la\u00a0Universidad como clave para el cumplimiento de la Agenda 2030 - ULL - Noticias","isPartOf":{"@id":"https:\/\/www.ull.es\/portal\/noticias\/#website"},"datePublished":"2019-05-13T08:35:31+00:00","dateModified":"2019-05-20T11:01:35+00:00","author":{"@id":"https:\/\/www.ull.es\/portal\/noticias\/#\/schema\/person\/b2b1a89d43ffa609e591f7df8ef3e817"},"breadcrumb":{"@id":"https:\/\/www.ull.es\/portal\/noticias\/2019\/las-xxvii-jornadas-de-crue-sostenibilidad-ponen-el-foco-en-el-papel-de-la-universidad-como-clave-para-el-cumplimiento-de-la-agenda-2030\/#breadcrumb"},"inLanguage":"es","potentialAction":[{"@type":"ReadAction","target":["https:\/\/www.ull.es\/portal\/noticias\/2019\/las-xxvii-jornadas-de-crue-sostenibilidad-ponen-el-foco-en-el-papel-de-la-universidad-como-clave-para-el-cumplimiento-de-la-agenda-2030\/"]}]},{"@type":"BreadcrumbList","@id":"https:\/\/www.ull.es\/portal\/noticias\/2019\/las-xxvii-jornadas-de-crue-sostenibilidad-ponen-el-foco-en-el-papel-de-la-universidad-como-clave-para-el-cumplimiento-de-la-agenda-2030\/#breadcrumb","itemListElement":[{"@type":"ListItem","position":1,"name":"Portada","item":"https:\/\/www.ull.es\/portal\/noticias\/"},{"@type":"ListItem","position":2,"name":"Las XXVII Jornadas de Crue\u2013Sostenibilidad ponen el foco en el papel de la\u00a0Universidad como clave para el cumplimiento de la Agenda 2030"}]},{"@type":"WebSite","@id":"https:\/\/www.ull.es\/portal\/noticias\/#website","url":"https:\/\/www.ull.es\/portal\/noticias\/","name":"ULL - Noticias","description":"","potentialAction":[{"@type":"SearchAction","target":{"@type":"EntryPoint","urlTemplate":"https:\/\/www.ull.es\/portal\/noticias\/?s={search_term_string}"},"query-input":"required name=search_term_string"}],"inLanguage":"es"},{"@type":"Person","@id":"https:\/\/www.ull.es\/portal\/noticias\/#\/schema\/person\/b2b1a89d43ffa609e591f7df8ef3e817","name":"gaprsa","image":{"@type":"ImageObject","inLanguage":"es","@id":"https:\/\/www.ull.es\/portal\/noticias\/#\/schema\/person\/image\/","url":"https:\/\/secure.gravatar.com\/avatar\/443820550921091458b4823867723b3d?s=96&d=mm&r=g","contentUrl":"https:\/\/secure.gravatar.com\/avatar\/443820550921091458b4823867723b3d?s=96&d=mm&r=g","caption":"gaprsa"},"url":"https:\/\/www.ull.es\/portal\/noticias\/author\/gaprsa\/"}]}},"primary_category":{"id":348,"name":"Instituci\u00f3n","slug":"institucion","link":"https:\/\/www.ull.es\/portal\/noticias\/category\/institucion\/"},"featured_image_thumbnail_url":"https:\/\/www.ull.es\/portal\/noticias\/wp-content\/uploads\/sites\/13\/2019\/05\/Inauguracion-jornadas-1-300x240.jpg","_links":{"self":[{"href":"https:\/\/www.ull.es\/portal\/noticias\/wp-json\/wp\/v2\/posts\/44284"}],"collection":[{"href":"https:\/\/www.ull.es\/portal\/noticias\/wp-json\/wp\/v2\/posts"}],"about":[{"href":"https:\/\/www.ull.es\/portal\/noticias\/wp-json\/wp\/v2\/types\/post"}],"author":[{"embeddable":true,"href":"https:\/\/www.ull.es\/portal\/noticias\/wp-json\/wp\/v2\/users\/23"}],"replies":[{"embeddable":true,"href":"https:\/\/www.ull.es\/portal\/noticias\/wp-json\/wp\/v2\/comments?post=44284"}],"version-history":[{"count":2,"href":"https:\/\/www.ull.es\/portal\/noticias\/wp-json\/wp\/v2\/posts\/44284\/revisions"}],"predecessor-version":[{"id":44429,"href":"https:\/\/www.ull.es\/portal\/noticias\/wp-json\/wp\/v2\/posts\/44284\/revisions\/44429"}],"wp:featuredmedia":[{"embeddable":true,"href":"https:\/\/www.ull.es\/portal\/noticias\/wp-json\/wp\/v2\/media\/44286"}],"wp:attachment":[{"href":"https:\/\/www.ull.es\/portal\/noticias\/wp-json\/wp\/v2\/media?parent=44284"}],"wp:term":[{"taxonomy":"category","embeddable":true,"href":"https:\/\/www.ull.es\/portal\/noticias\/wp-json\/wp\/v2\/categories?post=44284"},{"taxonomy":"post_tag","embeddable":true,"href":"https:\/\/www.ull.es\/portal\/noticias\/wp-json\/wp\/v2\/tags?post=44284"}],"curies":[{"name":"wp","href":"https:\/\/api.w.org\/{rel}","templated":true}]}}