{"id":44396,"date":"2019-05-16T14:24:56","date_gmt":"2019-05-16T14:24:56","guid":{"rendered":"https:\/\/www.ull.es\/portal\/noticias\/?p=44396"},"modified":"2019-05-16T14:24:56","modified_gmt":"2019-05-16T14:24:56","slug":"la-universidad-de-la-laguna-convoca-la-primera-edicion-del-premio-a-la-creatividad-audiovisual","status":"publish","type":"post","link":"https:\/\/www.ull.es\/portal\/noticias\/2019\/la-universidad-de-la-laguna-convoca-la-primera-edicion-del-premio-a-la-creatividad-audiovisual\/","title":{"rendered":"La Universidad de La Laguna convoca la primera edici\u00f3n del premio a la creatividad audiovisual"},"content":{"rendered":"<p>El Vicerrectorado de Relaciones con la Sociedad de la Universidad de La Laguna, junto con el Vicerrectorado de Internacionalizaci\u00f3n, han convocado la primera edici\u00f3n del premio a la creatividad audiovisual del centro acad\u00e9mico, con la finalidad fomentar este tipo de comunicaci\u00f3n entre el alumnado universitario. Asimismo, y coincidiendo con el trig\u00e9simo aniversario del Programa Erasmus +, tambi\u00e9n se pretende incrementar el atractivo de esta instituci\u00f3n como destino y potenciar la internacionalizaci\u00f3n de su alumnado a trav\u00e9s de la difusi\u00f3n de las experiencias de los estudiantes extranjeros.<\/p>\n<p>La Universidad de La Laguna est\u00e1 realizando un esfuerzo en hacerse presente en el escenario audiovisual, tanto en comunicaci\u00f3n como en docencia con la inclusi\u00f3n de producciones propias en los medios de comunicaci\u00f3n p\u00fablicos y privados de la comunidad canaria. En esta convocatoria podr\u00e1 participar el alumnado de la Universidad de La Laguna, con matr\u00edcula oficial en el curso acad\u00e9mico 2018\/19 o haber estado incluido en el programa Erasmus+ en las fechas se\u00f1aladas.<\/p>\n<p>Los trabajos que se presenten en esta convocatoria deber\u00e1n consistir en cortometrajes in\u00e9ditos, de t\u00e9cnica libre y en cualquiera que sea el formato de realizaci\u00f3n, con una extensi\u00f3n de tiempo limitada. En esta primera convocatoria se conceder\u00e1n dos premios, uno en cada modalidad.<\/p>\n<p>La primera modalidad se denomina \u2018Serie para cine y televisi\u00f3n de la ULL\u2019 y su contenido puede versar sobre violencia de g\u00e9nero, adicci\u00f3n a las pantallas, fomento de la lectura, valores universitarios y formaci\u00f3n personal, en consonancia con la tem\u00e1tica que ya se viene tratando desde la instituci\u00f3n. Mientras que la segunda modalidad, \u2018Premios Erasmus\u2019, trata de v\u00eddeos que reflejen la experiencia de estancias en otros pa\u00edses o bien estancias en la Universidad de La Laguna del alumnado entrante durante los tres \u00faltimos cursos acad\u00e9micos. Las bases de la convocatoria y todos los detalles se encuentran en este <a href=\"https:\/\/www.ull.es\/portal\/convocatorias\/convocatoria\/convocatoria-de-la-primera-edicion-del-premio-a-la-creatividad-audiovisual\/\" target=\"_blank\" rel=\"noopener\"><strong>enlace<\/strong><\/a>.<\/p>\n<p>&nbsp;<\/p>\n","protected":false},"excerpt":{"rendered":"<p>El Vicerrectorado de Relaciones con la Sociedad de la Universidad de La Laguna, junto con el Vicerrectorado de Internacionalizaci\u00f3n, han&#8230;<\/p>\n","protected":false},"author":23,"featured_media":44398,"comment_status":"closed","ping_status":"closed","sticky":false,"template":"","format":"standard","meta":{"inline_featured_image":false,"footnotes":""},"categories":[343,345,348,2765],"tags":[5687],"acf":[],"yoast_head":"<!-- This site is optimized with the Yoast SEO plugin v21.3 - https:\/\/yoast.com\/wordpress\/plugins\/seo\/ -->\n<title>La Universidad de La Laguna convoca la primera edici\u00f3n del premio a la creatividad audiovisual - ULL - Noticias<\/title>\n<meta name=\"robots\" content=\"index, follow, max-snippet:-1, max-image-preview:large, max-video-preview:-1\" \/>\n<link rel=\"canonical\" href=\"https:\/\/www.ull.es\/portal\/noticias\/2019\/la-universidad-de-la-laguna-convoca-la-primera-edicion-del-premio-a-la-creatividad-audiovisual\/\" \/>\n<meta property=\"og:locale\" content=\"es_ES\" \/>\n<meta property=\"og:type\" content=\"article\" \/>\n<meta property=\"og:title\" content=\"La Universidad de La Laguna convoca la primera edici\u00f3n del premio a la creatividad audiovisual - ULL - Noticias\" \/>\n<meta property=\"og:description\" content=\"El Vicerrectorado de Relaciones con la Sociedad de la Universidad de La Laguna, junto con el Vicerrectorado de Internacionalizaci\u00f3n, han...\" \/>\n<meta property=\"og:url\" content=\"https:\/\/www.ull.es\/portal\/noticias\/2019\/la-universidad-de-la-laguna-convoca-la-primera-edicion-del-premio-a-la-creatividad-audiovisual\/\" \/>\n<meta property=\"og:site_name\" content=\"ULL - Noticias\" \/>\n<meta property=\"article:publisher\" content=\"https:\/\/www.facebook.com\/universidaddelalaguna\/\" \/>\n<meta property=\"article:published_time\" content=\"2019-05-16T14:24:56+00:00\" \/>\n<meta property=\"og:image\" content=\"https:\/\/www.ull.es\/portal\/noticias\/wp-content\/uploads\/sites\/13\/2019\/05\/expo-hongos3.jpg\" \/>\n\t<meta property=\"og:image:width\" content=\"1024\" \/>\n\t<meta property=\"og:image:height\" content=\"683\" \/>\n\t<meta property=\"og:image:type\" content=\"image\/jpeg\" \/>\n<meta name=\"author\" content=\"gaprsa\" \/>\n<meta name=\"twitter:card\" content=\"summary_large_image\" \/>\n<meta name=\"twitter:creator\" content=\"@CanalULL\" \/>\n<meta name=\"twitter:site\" content=\"@CanalULL\" \/>\n<meta name=\"twitter:label1\" content=\"Escrito por\" \/>\n\t<meta name=\"twitter:data1\" content=\"gaprsa\" \/>\n\t<meta name=\"twitter:label2\" content=\"Tiempo de lectura\" \/>\n\t<meta name=\"twitter:data2\" content=\"2 minutos\" \/>\n<script type=\"application\/ld+json\" class=\"yoast-schema-graph\">{\"@context\":\"https:\/\/schema.org\",\"@graph\":[{\"@type\":\"WebPage\",\"@id\":\"https:\/\/www.ull.es\/portal\/noticias\/2019\/la-universidad-de-la-laguna-convoca-la-primera-edicion-del-premio-a-la-creatividad-audiovisual\/\",\"url\":\"https:\/\/www.ull.es\/portal\/noticias\/2019\/la-universidad-de-la-laguna-convoca-la-primera-edicion-del-premio-a-la-creatividad-audiovisual\/\",\"name\":\"La Universidad de La Laguna convoca la primera edici\u00f3n del premio a la creatividad audiovisual - ULL - Noticias\",\"isPartOf\":{\"@id\":\"https:\/\/www.ull.es\/portal\/noticias\/#website\"},\"datePublished\":\"2019-05-16T14:24:56+00:00\",\"dateModified\":\"2019-05-16T14:24:56+00:00\",\"author\":{\"@id\":\"https:\/\/www.ull.es\/portal\/noticias\/#\/schema\/person\/b2b1a89d43ffa609e591f7df8ef3e817\"},\"breadcrumb\":{\"@id\":\"https:\/\/www.ull.es\/portal\/noticias\/2019\/la-universidad-de-la-laguna-convoca-la-primera-edicion-del-premio-a-la-creatividad-audiovisual\/#breadcrumb\"},\"inLanguage\":\"es\",\"potentialAction\":[{\"@type\":\"ReadAction\",\"target\":[\"https:\/\/www.ull.es\/portal\/noticias\/2019\/la-universidad-de-la-laguna-convoca-la-primera-edicion-del-premio-a-la-creatividad-audiovisual\/\"]}]},{\"@type\":\"BreadcrumbList\",\"@id\":\"https:\/\/www.ull.es\/portal\/noticias\/2019\/la-universidad-de-la-laguna-convoca-la-primera-edicion-del-premio-a-la-creatividad-audiovisual\/#breadcrumb\",\"itemListElement\":[{\"@type\":\"ListItem\",\"position\":1,\"name\":\"Portada\",\"item\":\"https:\/\/www.ull.es\/portal\/noticias\/\"},{\"@type\":\"ListItem\",\"position\":2,\"name\":\"La Universidad de La Laguna convoca la primera edici\u00f3n del premio a la creatividad audiovisual\"}]},{\"@type\":\"WebSite\",\"@id\":\"https:\/\/www.ull.es\/portal\/noticias\/#website\",\"url\":\"https:\/\/www.ull.es\/portal\/noticias\/\",\"name\":\"ULL - Noticias\",\"description\":\"\",\"potentialAction\":[{\"@type\":\"SearchAction\",\"target\":{\"@type\":\"EntryPoint\",\"urlTemplate\":\"https:\/\/www.ull.es\/portal\/noticias\/?s={search_term_string}\"},\"query-input\":\"required name=search_term_string\"}],\"inLanguage\":\"es\"},{\"@type\":\"Person\",\"@id\":\"https:\/\/www.ull.es\/portal\/noticias\/#\/schema\/person\/b2b1a89d43ffa609e591f7df8ef3e817\",\"name\":\"gaprsa\",\"image\":{\"@type\":\"ImageObject\",\"inLanguage\":\"es\",\"@id\":\"https:\/\/www.ull.es\/portal\/noticias\/#\/schema\/person\/image\/\",\"url\":\"https:\/\/secure.gravatar.com\/avatar\/443820550921091458b4823867723b3d?s=96&d=mm&r=g\",\"contentUrl\":\"https:\/\/secure.gravatar.com\/avatar\/443820550921091458b4823867723b3d?s=96&d=mm&r=g\",\"caption\":\"gaprsa\"},\"url\":\"https:\/\/www.ull.es\/portal\/noticias\/author\/gaprsa\/\"}]}<\/script>\n<!-- \/ Yoast SEO plugin. -->","yoast_head_json":{"title":"La Universidad de La Laguna convoca la primera edici\u00f3n del premio a la creatividad audiovisual - ULL - Noticias","robots":{"index":"index","follow":"follow","max-snippet":"max-snippet:-1","max-image-preview":"max-image-preview:large","max-video-preview":"max-video-preview:-1"},"canonical":"https:\/\/www.ull.es\/portal\/noticias\/2019\/la-universidad-de-la-laguna-convoca-la-primera-edicion-del-premio-a-la-creatividad-audiovisual\/","og_locale":"es_ES","og_type":"article","og_title":"La Universidad de La Laguna convoca la primera edici\u00f3n del premio a la creatividad audiovisual - ULL - Noticias","og_description":"El Vicerrectorado de Relaciones con la Sociedad de la Universidad de La Laguna, junto con el Vicerrectorado de Internacionalizaci\u00f3n, han...","og_url":"https:\/\/www.ull.es\/portal\/noticias\/2019\/la-universidad-de-la-laguna-convoca-la-primera-edicion-del-premio-a-la-creatividad-audiovisual\/","og_site_name":"ULL - Noticias","article_publisher":"https:\/\/www.facebook.com\/universidaddelalaguna\/","article_published_time":"2019-05-16T14:24:56+00:00","og_image":[{"width":1024,"height":683,"url":"https:\/\/www.ull.es\/portal\/noticias\/wp-content\/uploads\/sites\/13\/2019\/05\/expo-hongos3.jpg","type":"image\/jpeg"}],"author":"gaprsa","twitter_card":"summary_large_image","twitter_creator":"@CanalULL","twitter_site":"@CanalULL","twitter_misc":{"Escrito por":"gaprsa","Tiempo de lectura":"2 minutos"},"schema":{"@context":"https:\/\/schema.org","@graph":[{"@type":"WebPage","@id":"https:\/\/www.ull.es\/portal\/noticias\/2019\/la-universidad-de-la-laguna-convoca-la-primera-edicion-del-premio-a-la-creatividad-audiovisual\/","url":"https:\/\/www.ull.es\/portal\/noticias\/2019\/la-universidad-de-la-laguna-convoca-la-primera-edicion-del-premio-a-la-creatividad-audiovisual\/","name":"La Universidad de La Laguna convoca la primera edici\u00f3n del premio a la creatividad audiovisual - ULL - Noticias","isPartOf":{"@id":"https:\/\/www.ull.es\/portal\/noticias\/#website"},"datePublished":"2019-05-16T14:24:56+00:00","dateModified":"2019-05-16T14:24:56+00:00","author":{"@id":"https:\/\/www.ull.es\/portal\/noticias\/#\/schema\/person\/b2b1a89d43ffa609e591f7df8ef3e817"},"breadcrumb":{"@id":"https:\/\/www.ull.es\/portal\/noticias\/2019\/la-universidad-de-la-laguna-convoca-la-primera-edicion-del-premio-a-la-creatividad-audiovisual\/#breadcrumb"},"inLanguage":"es","potentialAction":[{"@type":"ReadAction","target":["https:\/\/www.ull.es\/portal\/noticias\/2019\/la-universidad-de-la-laguna-convoca-la-primera-edicion-del-premio-a-la-creatividad-audiovisual\/"]}]},{"@type":"BreadcrumbList","@id":"https:\/\/www.ull.es\/portal\/noticias\/2019\/la-universidad-de-la-laguna-convoca-la-primera-edicion-del-premio-a-la-creatividad-audiovisual\/#breadcrumb","itemListElement":[{"@type":"ListItem","position":1,"name":"Portada","item":"https:\/\/www.ull.es\/portal\/noticias\/"},{"@type":"ListItem","position":2,"name":"La Universidad de La Laguna convoca la primera edici\u00f3n del premio a la creatividad audiovisual"}]},{"@type":"WebSite","@id":"https:\/\/www.ull.es\/portal\/noticias\/#website","url":"https:\/\/www.ull.es\/portal\/noticias\/","name":"ULL - Noticias","description":"","potentialAction":[{"@type":"SearchAction","target":{"@type":"EntryPoint","urlTemplate":"https:\/\/www.ull.es\/portal\/noticias\/?s={search_term_string}"},"query-input":"required name=search_term_string"}],"inLanguage":"es"},{"@type":"Person","@id":"https:\/\/www.ull.es\/portal\/noticias\/#\/schema\/person\/b2b1a89d43ffa609e591f7df8ef3e817","name":"gaprsa","image":{"@type":"ImageObject","inLanguage":"es","@id":"https:\/\/www.ull.es\/portal\/noticias\/#\/schema\/person\/image\/","url":"https:\/\/secure.gravatar.com\/avatar\/443820550921091458b4823867723b3d?s=96&d=mm&r=g","contentUrl":"https:\/\/secure.gravatar.com\/avatar\/443820550921091458b4823867723b3d?s=96&d=mm&r=g","caption":"gaprsa"},"url":"https:\/\/www.ull.es\/portal\/noticias\/author\/gaprsa\/"}]}},"primary_category":{"id":345,"name":"Destacado","slug":"destacado","link":"https:\/\/www.ull.es\/portal\/noticias\/category\/destacado\/"},"featured_image_thumbnail_url":"https:\/\/www.ull.es\/portal\/noticias\/wp-content\/uploads\/sites\/13\/2019\/05\/expo-hongos3-300x200.jpg","_links":{"self":[{"href":"https:\/\/www.ull.es\/portal\/noticias\/wp-json\/wp\/v2\/posts\/44396"}],"collection":[{"href":"https:\/\/www.ull.es\/portal\/noticias\/wp-json\/wp\/v2\/posts"}],"about":[{"href":"https:\/\/www.ull.es\/portal\/noticias\/wp-json\/wp\/v2\/types\/post"}],"author":[{"embeddable":true,"href":"https:\/\/www.ull.es\/portal\/noticias\/wp-json\/wp\/v2\/users\/23"}],"replies":[{"embeddable":true,"href":"https:\/\/www.ull.es\/portal\/noticias\/wp-json\/wp\/v2\/comments?post=44396"}],"version-history":[{"count":1,"href":"https:\/\/www.ull.es\/portal\/noticias\/wp-json\/wp\/v2\/posts\/44396\/revisions"}],"predecessor-version":[{"id":44397,"href":"https:\/\/www.ull.es\/portal\/noticias\/wp-json\/wp\/v2\/posts\/44396\/revisions\/44397"}],"wp:featuredmedia":[{"embeddable":true,"href":"https:\/\/www.ull.es\/portal\/noticias\/wp-json\/wp\/v2\/media\/44398"}],"wp:attachment":[{"href":"https:\/\/www.ull.es\/portal\/noticias\/wp-json\/wp\/v2\/media?parent=44396"}],"wp:term":[{"taxonomy":"category","embeddable":true,"href":"https:\/\/www.ull.es\/portal\/noticias\/wp-json\/wp\/v2\/categories?post=44396"},{"taxonomy":"post_tag","embeddable":true,"href":"https:\/\/www.ull.es\/portal\/noticias\/wp-json\/wp\/v2\/tags?post=44396"}],"curies":[{"name":"wp","href":"https:\/\/api.w.org\/{rel}","templated":true}]}}