{"id":44445,"date":"2019-05-20T12:47:25","date_gmt":"2019-05-20T12:47:25","guid":{"rendered":"https:\/\/www.ull.es\/portal\/noticias\/?p=44445"},"modified":"2019-05-20T12:47:25","modified_gmt":"2019-05-20T12:47:25","slug":"pablo-pineda-sera-el-ponente-inaugural-de-la-universidad-de-verano-de-adeje","status":"publish","type":"post","link":"https:\/\/www.ull.es\/portal\/noticias\/2019\/pablo-pineda-sera-el-ponente-inaugural-de-la-universidad-de-verano-de-adeje\/","title":{"rendered":"Pablo Pineda ser\u00e1 el ponente inaugural de la Universidad de Verano de Adeje"},"content":{"rendered":"<p>Pablo Pineda Ferrer, maestro, escritor y actor, es conocido por ser el primer europeo con S\u00edndrome de Down que obtiene un t\u00edtulo universitario. Ser\u00e1 el ponente inaugural de la trig\u00e9simo s\u00e9ptima edici\u00f3n de la Universidad de Verano de Adeje con la lecci\u00f3n \u201cLa diversidad en primera persona\u201d. El acto inaugural tendr\u00e1 lugar el viernes 19 de julio a las 11 horas en el antiguo convento del municipio y a ella asistir\u00e1n los nuevos equipos directivos tanto de la Universidad de La Laguna como del Ayuntamiento que en este momento se encuentran en sendos procesos electorales.<\/p>\n<p>Pablo Pineda es sin duda una de las personas con diversidad funcional m\u00e1s influyentes en Espa\u00f1a y Latinoam\u00e9rica. Con una mente privilegiada, ofrece un discurso transformador. Como conferenciante, ha intervenido ante los comisionados de todo el mundo en foros como ONU y la OIT en calidad de representante de los millones de personas con diversidad funcional que hay en el mundo.\u00a0Su popularidad, derivada de los \u00e9xitos universitarios, ya que adem\u00e1s de licenciarse en Educaci\u00f3n est\u00e1 terminando Psicopedagog\u00eda, se vio aumentada en 2009 tras conseguir la Concha de Plata en el Festival de Cine de San Sebasti\u00e1n por su interpretaci\u00f3n en la pel\u00edcula <em>Yo, tambi\u00e9n<\/em><em> de Antonio<\/em><em>.<\/em><\/p>\n<p>El actor naci\u00f3 en M\u00e1laga en 1974 y trabaja desde 2010 como consultor de diversidad en la Fundaci\u00f3n Adecco desarrollando diferentes tareas de di\u00e1logo, sensibilizaci\u00f3n y formaci\u00f3n dirigida a empresas y la sociedad en general, con el objetivo de eliminar las barreras que dificultan la participaci\u00f3n de las personas con discapacidad en el mercado laboral. Su compromiso social se ha visto traducido en su participaci\u00f3n y colaboraci\u00f3n con diversas asociaciones y fundaciones donde defiende la normalidad de las personas con discapacidad y lucha para que las personas con S\u00edndrome de Down formen parte de la sociedad de una manera normalizada.<\/p>\n<p>El que ser\u00e1 el ponente de la Universidad de Verano de Adeje 2019 realiza tambi\u00e9n jornadas de sensibilizaci\u00f3n con diferentes tipos de p\u00fablico: tejido empresarial, alta direcci\u00f3n, \u00e1mbito educativo e instituciones p\u00fablicas, tanto a nivel nacional como internacional.\u00a0Su faceta como escritor le ha llevado a publicar dos libros, \u201cEl reto de aprender\u201d (2013, Ed. San Pablo) y \u201cNi\u00f1os con capacidades especiales: manual para padres\u201d (2015, Ed. H\u00e9rcules de Ediciones). Actualmente compagina su labor como embajador de la Fundaci\u00f3n Adecco con el rodaje de un programa de televisi\u00f3n, \u201cDonde comen dos\u201d, junto al rapero y actor Juan Manuel Montilla \u201cEl Langui\u201d.<\/p>\n<p>En los \u00faltimos meses, sus apariciones en entrevistas de televisi\u00f3n gran audiencia como Chester o Salvados ha permitido que el gran p\u00fablico lo conozca en facetas m\u00e1s personales, en las que ha desvelado detalles de su vida que han puesto en evidencia muchos de los estereotipos que a\u00fan est\u00e1n asentados en nuestra sociedad y los retos que quedan por alcanzar.<\/p>\n<p>&nbsp;<\/p>\n<p>&nbsp;<\/p>\n","protected":false},"excerpt":{"rendered":"<p>Pablo Pineda Ferrer, maestro, escritor y actor, es conocido por ser el primer europeo con S\u00edndrome de Down que obtiene&#8230;<\/p>\n","protected":false},"author":23,"featured_media":44446,"comment_status":"closed","ping_status":"closed","sticky":false,"template":"","format":"standard","meta":{"inline_featured_image":false,"footnotes":""},"categories":[345,348,2765],"tags":[391,3176,5696,2574],"acf":[],"yoast_head":"<!-- This site is optimized with the Yoast SEO plugin v21.3 - https:\/\/yoast.com\/wordpress\/plugins\/seo\/ -->\n<title>Pablo Pineda ser\u00e1 el ponente inaugural de la Universidad de Verano de Adeje - ULL - Noticias<\/title>\n<meta name=\"robots\" content=\"index, follow, max-snippet:-1, max-image-preview:large, max-video-preview:-1\" \/>\n<link rel=\"canonical\" href=\"https:\/\/www.ull.es\/portal\/noticias\/2019\/pablo-pineda-sera-el-ponente-inaugural-de-la-universidad-de-verano-de-adeje\/\" \/>\n<meta property=\"og:locale\" content=\"es_ES\" \/>\n<meta property=\"og:type\" content=\"article\" \/>\n<meta property=\"og:title\" content=\"Pablo Pineda ser\u00e1 el ponente inaugural de la Universidad de Verano de Adeje - ULL - Noticias\" \/>\n<meta property=\"og:description\" content=\"Pablo Pineda Ferrer, maestro, escritor y actor, es conocido por ser el primer europeo con S\u00edndrome de Down que obtiene...\" \/>\n<meta property=\"og:url\" content=\"https:\/\/www.ull.es\/portal\/noticias\/2019\/pablo-pineda-sera-el-ponente-inaugural-de-la-universidad-de-verano-de-adeje\/\" \/>\n<meta property=\"og:site_name\" content=\"ULL - Noticias\" \/>\n<meta property=\"article:publisher\" content=\"https:\/\/www.facebook.com\/universidaddelalaguna\/\" \/>\n<meta property=\"article:published_time\" content=\"2019-05-20T12:47:25+00:00\" \/>\n<meta property=\"og:image\" content=\"https:\/\/www.ull.es\/portal\/noticias\/wp-content\/uploads\/sites\/13\/2019\/05\/pablo-pineda.jpg\" \/>\n\t<meta property=\"og:image:width\" content=\"1200\" \/>\n\t<meta property=\"og:image:height\" content=\"800\" \/>\n\t<meta property=\"og:image:type\" content=\"image\/jpeg\" \/>\n<meta name=\"author\" content=\"gaprsa\" \/>\n<meta name=\"twitter:card\" content=\"summary_large_image\" \/>\n<meta name=\"twitter:creator\" content=\"@CanalULL\" \/>\n<meta name=\"twitter:site\" content=\"@CanalULL\" \/>\n<meta name=\"twitter:label1\" content=\"Escrito por\" \/>\n\t<meta name=\"twitter:data1\" content=\"gaprsa\" \/>\n\t<meta name=\"twitter:label2\" content=\"Tiempo de lectura\" \/>\n\t<meta name=\"twitter:data2\" content=\"2 minutos\" \/>\n<script type=\"application\/ld+json\" class=\"yoast-schema-graph\">{\"@context\":\"https:\/\/schema.org\",\"@graph\":[{\"@type\":\"WebPage\",\"@id\":\"https:\/\/www.ull.es\/portal\/noticias\/2019\/pablo-pineda-sera-el-ponente-inaugural-de-la-universidad-de-verano-de-adeje\/\",\"url\":\"https:\/\/www.ull.es\/portal\/noticias\/2019\/pablo-pineda-sera-el-ponente-inaugural-de-la-universidad-de-verano-de-adeje\/\",\"name\":\"Pablo Pineda ser\u00e1 el ponente inaugural de la Universidad de Verano de Adeje - ULL - Noticias\",\"isPartOf\":{\"@id\":\"https:\/\/www.ull.es\/portal\/noticias\/#website\"},\"datePublished\":\"2019-05-20T12:47:25+00:00\",\"dateModified\":\"2019-05-20T12:47:25+00:00\",\"author\":{\"@id\":\"https:\/\/www.ull.es\/portal\/noticias\/#\/schema\/person\/b2b1a89d43ffa609e591f7df8ef3e817\"},\"breadcrumb\":{\"@id\":\"https:\/\/www.ull.es\/portal\/noticias\/2019\/pablo-pineda-sera-el-ponente-inaugural-de-la-universidad-de-verano-de-adeje\/#breadcrumb\"},\"inLanguage\":\"es\",\"potentialAction\":[{\"@type\":\"ReadAction\",\"target\":[\"https:\/\/www.ull.es\/portal\/noticias\/2019\/pablo-pineda-sera-el-ponente-inaugural-de-la-universidad-de-verano-de-adeje\/\"]}]},{\"@type\":\"BreadcrumbList\",\"@id\":\"https:\/\/www.ull.es\/portal\/noticias\/2019\/pablo-pineda-sera-el-ponente-inaugural-de-la-universidad-de-verano-de-adeje\/#breadcrumb\",\"itemListElement\":[{\"@type\":\"ListItem\",\"position\":1,\"name\":\"Portada\",\"item\":\"https:\/\/www.ull.es\/portal\/noticias\/\"},{\"@type\":\"ListItem\",\"position\":2,\"name\":\"Pablo Pineda ser\u00e1 el ponente inaugural de la Universidad de Verano de Adeje\"}]},{\"@type\":\"WebSite\",\"@id\":\"https:\/\/www.ull.es\/portal\/noticias\/#website\",\"url\":\"https:\/\/www.ull.es\/portal\/noticias\/\",\"name\":\"ULL - Noticias\",\"description\":\"\",\"potentialAction\":[{\"@type\":\"SearchAction\",\"target\":{\"@type\":\"EntryPoint\",\"urlTemplate\":\"https:\/\/www.ull.es\/portal\/noticias\/?s={search_term_string}\"},\"query-input\":\"required name=search_term_string\"}],\"inLanguage\":\"es\"},{\"@type\":\"Person\",\"@id\":\"https:\/\/www.ull.es\/portal\/noticias\/#\/schema\/person\/b2b1a89d43ffa609e591f7df8ef3e817\",\"name\":\"gaprsa\",\"image\":{\"@type\":\"ImageObject\",\"inLanguage\":\"es\",\"@id\":\"https:\/\/www.ull.es\/portal\/noticias\/#\/schema\/person\/image\/\",\"url\":\"https:\/\/secure.gravatar.com\/avatar\/443820550921091458b4823867723b3d?s=96&d=mm&r=g\",\"contentUrl\":\"https:\/\/secure.gravatar.com\/avatar\/443820550921091458b4823867723b3d?s=96&d=mm&r=g\",\"caption\":\"gaprsa\"},\"url\":\"https:\/\/www.ull.es\/portal\/noticias\/author\/gaprsa\/\"}]}<\/script>\n<!-- \/ Yoast SEO plugin. -->","yoast_head_json":{"title":"Pablo Pineda ser\u00e1 el ponente inaugural de la Universidad de Verano de Adeje - ULL - Noticias","robots":{"index":"index","follow":"follow","max-snippet":"max-snippet:-1","max-image-preview":"max-image-preview:large","max-video-preview":"max-video-preview:-1"},"canonical":"https:\/\/www.ull.es\/portal\/noticias\/2019\/pablo-pineda-sera-el-ponente-inaugural-de-la-universidad-de-verano-de-adeje\/","og_locale":"es_ES","og_type":"article","og_title":"Pablo Pineda ser\u00e1 el ponente inaugural de la Universidad de Verano de Adeje - ULL - Noticias","og_description":"Pablo Pineda Ferrer, maestro, escritor y actor, es conocido por ser el primer europeo con S\u00edndrome de Down que obtiene...","og_url":"https:\/\/www.ull.es\/portal\/noticias\/2019\/pablo-pineda-sera-el-ponente-inaugural-de-la-universidad-de-verano-de-adeje\/","og_site_name":"ULL - Noticias","article_publisher":"https:\/\/www.facebook.com\/universidaddelalaguna\/","article_published_time":"2019-05-20T12:47:25+00:00","og_image":[{"width":1200,"height":800,"url":"https:\/\/www.ull.es\/portal\/noticias\/wp-content\/uploads\/sites\/13\/2019\/05\/pablo-pineda.jpg","type":"image\/jpeg"}],"author":"gaprsa","twitter_card":"summary_large_image","twitter_creator":"@CanalULL","twitter_site":"@CanalULL","twitter_misc":{"Escrito por":"gaprsa","Tiempo de lectura":"2 minutos"},"schema":{"@context":"https:\/\/schema.org","@graph":[{"@type":"WebPage","@id":"https:\/\/www.ull.es\/portal\/noticias\/2019\/pablo-pineda-sera-el-ponente-inaugural-de-la-universidad-de-verano-de-adeje\/","url":"https:\/\/www.ull.es\/portal\/noticias\/2019\/pablo-pineda-sera-el-ponente-inaugural-de-la-universidad-de-verano-de-adeje\/","name":"Pablo Pineda ser\u00e1 el ponente inaugural de la Universidad de Verano de Adeje - ULL - Noticias","isPartOf":{"@id":"https:\/\/www.ull.es\/portal\/noticias\/#website"},"datePublished":"2019-05-20T12:47:25+00:00","dateModified":"2019-05-20T12:47:25+00:00","author":{"@id":"https:\/\/www.ull.es\/portal\/noticias\/#\/schema\/person\/b2b1a89d43ffa609e591f7df8ef3e817"},"breadcrumb":{"@id":"https:\/\/www.ull.es\/portal\/noticias\/2019\/pablo-pineda-sera-el-ponente-inaugural-de-la-universidad-de-verano-de-adeje\/#breadcrumb"},"inLanguage":"es","potentialAction":[{"@type":"ReadAction","target":["https:\/\/www.ull.es\/portal\/noticias\/2019\/pablo-pineda-sera-el-ponente-inaugural-de-la-universidad-de-verano-de-adeje\/"]}]},{"@type":"BreadcrumbList","@id":"https:\/\/www.ull.es\/portal\/noticias\/2019\/pablo-pineda-sera-el-ponente-inaugural-de-la-universidad-de-verano-de-adeje\/#breadcrumb","itemListElement":[{"@type":"ListItem","position":1,"name":"Portada","item":"https:\/\/www.ull.es\/portal\/noticias\/"},{"@type":"ListItem","position":2,"name":"Pablo Pineda ser\u00e1 el ponente inaugural de la Universidad de Verano de Adeje"}]},{"@type":"WebSite","@id":"https:\/\/www.ull.es\/portal\/noticias\/#website","url":"https:\/\/www.ull.es\/portal\/noticias\/","name":"ULL - Noticias","description":"","potentialAction":[{"@type":"SearchAction","target":{"@type":"EntryPoint","urlTemplate":"https:\/\/www.ull.es\/portal\/noticias\/?s={search_term_string}"},"query-input":"required name=search_term_string"}],"inLanguage":"es"},{"@type":"Person","@id":"https:\/\/www.ull.es\/portal\/noticias\/#\/schema\/person\/b2b1a89d43ffa609e591f7df8ef3e817","name":"gaprsa","image":{"@type":"ImageObject","inLanguage":"es","@id":"https:\/\/www.ull.es\/portal\/noticias\/#\/schema\/person\/image\/","url":"https:\/\/secure.gravatar.com\/avatar\/443820550921091458b4823867723b3d?s=96&d=mm&r=g","contentUrl":"https:\/\/secure.gravatar.com\/avatar\/443820550921091458b4823867723b3d?s=96&d=mm&r=g","caption":"gaprsa"},"url":"https:\/\/www.ull.es\/portal\/noticias\/author\/gaprsa\/"}]}},"primary_category":{"id":348,"name":"Instituci\u00f3n","slug":"institucion","link":"https:\/\/www.ull.es\/portal\/noticias\/category\/institucion\/"},"featured_image_thumbnail_url":"https:\/\/www.ull.es\/portal\/noticias\/wp-content\/uploads\/sites\/13\/2019\/05\/pablo-pineda-300x200.jpg","_links":{"self":[{"href":"https:\/\/www.ull.es\/portal\/noticias\/wp-json\/wp\/v2\/posts\/44445"}],"collection":[{"href":"https:\/\/www.ull.es\/portal\/noticias\/wp-json\/wp\/v2\/posts"}],"about":[{"href":"https:\/\/www.ull.es\/portal\/noticias\/wp-json\/wp\/v2\/types\/post"}],"author":[{"embeddable":true,"href":"https:\/\/www.ull.es\/portal\/noticias\/wp-json\/wp\/v2\/users\/23"}],"replies":[{"embeddable":true,"href":"https:\/\/www.ull.es\/portal\/noticias\/wp-json\/wp\/v2\/comments?post=44445"}],"version-history":[{"count":2,"href":"https:\/\/www.ull.es\/portal\/noticias\/wp-json\/wp\/v2\/posts\/44445\/revisions"}],"predecessor-version":[{"id":44448,"href":"https:\/\/www.ull.es\/portal\/noticias\/wp-json\/wp\/v2\/posts\/44445\/revisions\/44448"}],"wp:featuredmedia":[{"embeddable":true,"href":"https:\/\/www.ull.es\/portal\/noticias\/wp-json\/wp\/v2\/media\/44446"}],"wp:attachment":[{"href":"https:\/\/www.ull.es\/portal\/noticias\/wp-json\/wp\/v2\/media?parent=44445"}],"wp:term":[{"taxonomy":"category","embeddable":true,"href":"https:\/\/www.ull.es\/portal\/noticias\/wp-json\/wp\/v2\/categories?post=44445"},{"taxonomy":"post_tag","embeddable":true,"href":"https:\/\/www.ull.es\/portal\/noticias\/wp-json\/wp\/v2\/tags?post=44445"}],"curies":[{"name":"wp","href":"https:\/\/api.w.org\/{rel}","templated":true}]}}