{"id":44464,"date":"2019-05-21T09:34:24","date_gmt":"2019-05-21T09:34:24","guid":{"rendered":"https:\/\/www.ull.es\/portal\/noticias\/?p=44464"},"modified":"2019-05-21T09:34:24","modified_gmt":"2019-05-21T09:34:24","slug":"elena-pastor-ponente-argentina","status":"publish","type":"post","link":"https:\/\/www.ull.es\/portal\/noticias\/2019\/elena-pastor-ponente-argentina\/","title":{"rendered":"La catedr\u00e1tica Elena Pastor, ponente del XXI Congreso Nacional Argentino de Fisicoqu\u00edmica y Qu\u00edmica Inorg\u00e1nica"},"content":{"rendered":"<p>La catedr\u00e1tica de Qu\u00edmica de la Universidad de La Laguna Elena Pastor ha visitado durante el mes de abril Argentina para participar en diversas actividades. As\u00ed, ha sido una de las conferenciantes plenarias en el <a href=\"https:\/\/www.cafqi2019.com.ar\/informacion-cientifica\" target=\"_blank\" rel=\"noopener\" target=\"_blank\" rel=\"noopener\">XXI Congreso Nacional Argentino de Fisicoqu\u00edmica y Qu\u00edmica Inorg\u00e1nica<\/a> celebrado en Tucum\u00e1n del 14 al 17 de abril y tambi\u00e9n ha desarrollado varias actividades en las universidades nacionales de C\u00f3rdoba y R\u00edo Cuarto.<\/p>\n<p>El congreso argentino se ha celebrado en la Facultad de Ciencias Exactas y Tecnolog\u00eda de la Universidad de Tucum\u00e1n y ha contado con nueve conferencias plenarias, quince semiplenarias y treinta y una sesiones de presentaciones orales. La intervenci\u00f3n de Pastor se produjo el domingo 14 de abril, titulada \u201cCatalizadores libres de metales nobles para pilas de combustible y electrolizadores\u201d.<\/p>\n<p>Asimismo, durante su estancia en la <a href=\"https:\/\/www.unc.edu.ar\/\" target=\"_blank\" rel=\"noopener\" target=\"_blank\" rel=\"noopener\">Universidad Nacional de C\u00f3rdoba<\/a>, Pastor mantuvo reuniones con el objetivo de promover un convenio espec\u00edfico de investigaci\u00f3n y de movilidad de alumnado, para dar as\u00ed contenido al acuerdo espec\u00edfico que ya estaba firmado.<\/p>\n<p>Con la Universidad Nacional de R\u00edo Cuarto ya estaban rubricados ambos convenios, por lo que la catedr\u00e1tica de la Universidad de La Laguna se centr\u00f3 en <a href=\"https:\/\/www.exa.unrc.edu.ar\/el-hidrogeno-como-fuente-de-energia-renovable\/\" target=\"_blank\" rel=\"noopener\" target=\"_blank\" rel=\"noopener\">impartir un seminario sobre su \u00e1rea de especialidad<\/a> y la materia en la que su equipo est\u00e1 colaborando con cient\u00edficos del centro argentino: la generaci\u00f3n de dispositivos electroqu\u00edmicos para almacenar el excedente de hidr\u00f3geno y utilizarlo en pilas de combustible.<\/p>\n","protected":false},"excerpt":{"rendered":"<p>La catedr\u00e1tica de Qu\u00edmica de la Universidad de La Laguna Elena Pastor ha visitado durante el mes de abril Argentina&#8230;<\/p>\n","protected":false},"author":21,"featured_media":37320,"comment_status":"closed","ping_status":"closed","sticky":false,"template":"","format":"standard","meta":{"inline_featured_image":false,"footnotes":""},"categories":[345,3924,350,2765,3457],"tags":[533,4397,2101,4474],"acf":[],"yoast_head":"<!-- This site is optimized with the Yoast SEO plugin v21.3 - https:\/\/yoast.com\/wordpress\/plugins\/seo\/ -->\n<title>Elena Pastor, ponente en un congreso argentino de Qu\u00edmica Inorg\u00e1nica<\/title>\n<meta name=\"description\" content=\"La catedr\u00e1tica de Qu\u00edmica de la Universidad de La Laguna Elena Pastor ha visitado durante el mes de abril Argentina para participar en diversas actividades.\" \/>\n<meta name=\"robots\" content=\"index, follow, max-snippet:-1, max-image-preview:large, max-video-preview:-1\" \/>\n<link rel=\"canonical\" href=\"https:\/\/www.ull.es\/portal\/noticias\/2019\/elena-pastor-ponente-argentina\/\" \/>\n<meta property=\"og:locale\" content=\"es_ES\" \/>\n<meta property=\"og:type\" content=\"article\" \/>\n<meta property=\"og:title\" content=\"Elena Pastor, ponente en un congreso argentino de Qu\u00edmica Inorg\u00e1nica\" \/>\n<meta property=\"og:description\" content=\"La catedr\u00e1tica de Qu\u00edmica de la Universidad de La Laguna Elena Pastor ha visitado durante el mes de abril Argentina para participar en diversas actividades.\" \/>\n<meta property=\"og:url\" content=\"https:\/\/www.ull.es\/portal\/noticias\/2019\/elena-pastor-ponente-argentina\/\" \/>\n<meta property=\"og:site_name\" content=\"ULL - Noticias\" \/>\n<meta property=\"article:publisher\" content=\"https:\/\/www.facebook.com\/universidaddelalaguna\/\" \/>\n<meta property=\"article:published_time\" content=\"2019-05-21T09:34:24+00:00\" \/>\n<meta property=\"og:image\" content=\"https:\/\/www.ull.es\/portal\/noticias\/wp-content\/uploads\/sites\/13\/2018\/06\/Entrev-Elena-Pastor-05.jpg\" \/>\n\t<meta property=\"og:image:width\" content=\"1024\" \/>\n\t<meta property=\"og:image:height\" content=\"683\" \/>\n\t<meta property=\"og:image:type\" content=\"image\/jpeg\" \/>\n<meta name=\"author\" content=\"prensa2\" \/>\n<meta name=\"twitter:card\" content=\"summary_large_image\" \/>\n<meta name=\"twitter:creator\" content=\"@CanalULL\" \/>\n<meta name=\"twitter:site\" content=\"@CanalULL\" \/>\n<meta name=\"twitter:label1\" content=\"Escrito por\" \/>\n\t<meta name=\"twitter:data1\" content=\"prensa2\" \/>\n\t<meta name=\"twitter:label2\" content=\"Tiempo de lectura\" \/>\n\t<meta name=\"twitter:data2\" content=\"1 minuto\" \/>\n<script type=\"application\/ld+json\" class=\"yoast-schema-graph\">{\"@context\":\"https:\/\/schema.org\",\"@graph\":[{\"@type\":\"WebPage\",\"@id\":\"https:\/\/www.ull.es\/portal\/noticias\/2019\/elena-pastor-ponente-argentina\/\",\"url\":\"https:\/\/www.ull.es\/portal\/noticias\/2019\/elena-pastor-ponente-argentina\/\",\"name\":\"Elena Pastor, ponente en un congreso argentino de Qu\u00edmica Inorg\u00e1nica\",\"isPartOf\":{\"@id\":\"https:\/\/www.ull.es\/portal\/noticias\/#website\"},\"datePublished\":\"2019-05-21T09:34:24+00:00\",\"dateModified\":\"2019-05-21T09:34:24+00:00\",\"author\":{\"@id\":\"https:\/\/www.ull.es\/portal\/noticias\/#\/schema\/person\/c3b2aa857797592927a03740d6664376\"},\"description\":\"La catedr\u00e1tica de Qu\u00edmica de la Universidad de La Laguna Elena Pastor ha visitado durante el mes de abril Argentina para participar en diversas actividades.\",\"breadcrumb\":{\"@id\":\"https:\/\/www.ull.es\/portal\/noticias\/2019\/elena-pastor-ponente-argentina\/#breadcrumb\"},\"inLanguage\":\"es\",\"potentialAction\":[{\"@type\":\"ReadAction\",\"target\":[\"https:\/\/www.ull.es\/portal\/noticias\/2019\/elena-pastor-ponente-argentina\/\"]}]},{\"@type\":\"BreadcrumbList\",\"@id\":\"https:\/\/www.ull.es\/portal\/noticias\/2019\/elena-pastor-ponente-argentina\/#breadcrumb\",\"itemListElement\":[{\"@type\":\"ListItem\",\"position\":1,\"name\":\"Portada\",\"item\":\"https:\/\/www.ull.es\/portal\/noticias\/\"},{\"@type\":\"ListItem\",\"position\":2,\"name\":\"La catedr\u00e1tica Elena Pastor, ponente del XXI Congreso Nacional Argentino de Fisicoqu\u00edmica y Qu\u00edmica Inorg\u00e1nica\"}]},{\"@type\":\"WebSite\",\"@id\":\"https:\/\/www.ull.es\/portal\/noticias\/#website\",\"url\":\"https:\/\/www.ull.es\/portal\/noticias\/\",\"name\":\"ULL - Noticias\",\"description\":\"\",\"potentialAction\":[{\"@type\":\"SearchAction\",\"target\":{\"@type\":\"EntryPoint\",\"urlTemplate\":\"https:\/\/www.ull.es\/portal\/noticias\/?s={search_term_string}\"},\"query-input\":\"required name=search_term_string\"}],\"inLanguage\":\"es\"},{\"@type\":\"Person\",\"@id\":\"https:\/\/www.ull.es\/portal\/noticias\/#\/schema\/person\/c3b2aa857797592927a03740d6664376\",\"name\":\"prensa2\",\"image\":{\"@type\":\"ImageObject\",\"inLanguage\":\"es\",\"@id\":\"https:\/\/www.ull.es\/portal\/noticias\/#\/schema\/person\/image\/\",\"url\":\"https:\/\/secure.gravatar.com\/avatar\/b58f310a5de5feb33d1e026d2493f23c?s=96&d=mm&r=g\",\"contentUrl\":\"https:\/\/secure.gravatar.com\/avatar\/b58f310a5de5feb33d1e026d2493f23c?s=96&d=mm&r=g\",\"caption\":\"prensa2\"},\"url\":\"https:\/\/www.ull.es\/portal\/noticias\/author\/prensa2\/\"}]}<\/script>\n<!-- \/ Yoast SEO plugin. -->","yoast_head_json":{"title":"Elena Pastor, ponente en un congreso argentino de Qu\u00edmica Inorg\u00e1nica","description":"La catedr\u00e1tica de Qu\u00edmica de la Universidad de La Laguna Elena Pastor ha visitado durante el mes de abril Argentina para participar en diversas actividades.","robots":{"index":"index","follow":"follow","max-snippet":"max-snippet:-1","max-image-preview":"max-image-preview:large","max-video-preview":"max-video-preview:-1"},"canonical":"https:\/\/www.ull.es\/portal\/noticias\/2019\/elena-pastor-ponente-argentina\/","og_locale":"es_ES","og_type":"article","og_title":"Elena Pastor, ponente en un congreso argentino de Qu\u00edmica Inorg\u00e1nica","og_description":"La catedr\u00e1tica de Qu\u00edmica de la Universidad de La Laguna Elena Pastor ha visitado durante el mes de abril Argentina para participar en diversas actividades.","og_url":"https:\/\/www.ull.es\/portal\/noticias\/2019\/elena-pastor-ponente-argentina\/","og_site_name":"ULL - Noticias","article_publisher":"https:\/\/www.facebook.com\/universidaddelalaguna\/","article_published_time":"2019-05-21T09:34:24+00:00","og_image":[{"width":1024,"height":683,"url":"https:\/\/www.ull.es\/portal\/noticias\/wp-content\/uploads\/sites\/13\/2018\/06\/Entrev-Elena-Pastor-05.jpg","type":"image\/jpeg"}],"author":"prensa2","twitter_card":"summary_large_image","twitter_creator":"@CanalULL","twitter_site":"@CanalULL","twitter_misc":{"Escrito por":"prensa2","Tiempo de lectura":"1 minuto"},"schema":{"@context":"https:\/\/schema.org","@graph":[{"@type":"WebPage","@id":"https:\/\/www.ull.es\/portal\/noticias\/2019\/elena-pastor-ponente-argentina\/","url":"https:\/\/www.ull.es\/portal\/noticias\/2019\/elena-pastor-ponente-argentina\/","name":"Elena Pastor, ponente en un congreso argentino de Qu\u00edmica Inorg\u00e1nica","isPartOf":{"@id":"https:\/\/www.ull.es\/portal\/noticias\/#website"},"datePublished":"2019-05-21T09:34:24+00:00","dateModified":"2019-05-21T09:34:24+00:00","author":{"@id":"https:\/\/www.ull.es\/portal\/noticias\/#\/schema\/person\/c3b2aa857797592927a03740d6664376"},"description":"La catedr\u00e1tica de Qu\u00edmica de la Universidad de La Laguna Elena Pastor ha visitado durante el mes de abril Argentina para participar en diversas actividades.","breadcrumb":{"@id":"https:\/\/www.ull.es\/portal\/noticias\/2019\/elena-pastor-ponente-argentina\/#breadcrumb"},"inLanguage":"es","potentialAction":[{"@type":"ReadAction","target":["https:\/\/www.ull.es\/portal\/noticias\/2019\/elena-pastor-ponente-argentina\/"]}]},{"@type":"BreadcrumbList","@id":"https:\/\/www.ull.es\/portal\/noticias\/2019\/elena-pastor-ponente-argentina\/#breadcrumb","itemListElement":[{"@type":"ListItem","position":1,"name":"Portada","item":"https:\/\/www.ull.es\/portal\/noticias\/"},{"@type":"ListItem","position":2,"name":"La catedr\u00e1tica Elena Pastor, ponente del XXI Congreso Nacional Argentino de Fisicoqu\u00edmica y Qu\u00edmica Inorg\u00e1nica"}]},{"@type":"WebSite","@id":"https:\/\/www.ull.es\/portal\/noticias\/#website","url":"https:\/\/www.ull.es\/portal\/noticias\/","name":"ULL - Noticias","description":"","potentialAction":[{"@type":"SearchAction","target":{"@type":"EntryPoint","urlTemplate":"https:\/\/www.ull.es\/portal\/noticias\/?s={search_term_string}"},"query-input":"required name=search_term_string"}],"inLanguage":"es"},{"@type":"Person","@id":"https:\/\/www.ull.es\/portal\/noticias\/#\/schema\/person\/c3b2aa857797592927a03740d6664376","name":"prensa2","image":{"@type":"ImageObject","inLanguage":"es","@id":"https:\/\/www.ull.es\/portal\/noticias\/#\/schema\/person\/image\/","url":"https:\/\/secure.gravatar.com\/avatar\/b58f310a5de5feb33d1e026d2493f23c?s=96&d=mm&r=g","contentUrl":"https:\/\/secure.gravatar.com\/avatar\/b58f310a5de5feb33d1e026d2493f23c?s=96&d=mm&r=g","caption":"prensa2"},"url":"https:\/\/www.ull.es\/portal\/noticias\/author\/prensa2\/"}]}},"primary_category":{"id":345,"name":"Destacado","slug":"destacado","link":"https:\/\/www.ull.es\/portal\/noticias\/category\/destacado\/"},"featured_image_thumbnail_url":"https:\/\/www.ull.es\/portal\/noticias\/wp-content\/uploads\/sites\/13\/2018\/06\/Entrev-Elena-Pastor-05-300x200.jpg","_links":{"self":[{"href":"https:\/\/www.ull.es\/portal\/noticias\/wp-json\/wp\/v2\/posts\/44464"}],"collection":[{"href":"https:\/\/www.ull.es\/portal\/noticias\/wp-json\/wp\/v2\/posts"}],"about":[{"href":"https:\/\/www.ull.es\/portal\/noticias\/wp-json\/wp\/v2\/types\/post"}],"author":[{"embeddable":true,"href":"https:\/\/www.ull.es\/portal\/noticias\/wp-json\/wp\/v2\/users\/21"}],"replies":[{"embeddable":true,"href":"https:\/\/www.ull.es\/portal\/noticias\/wp-json\/wp\/v2\/comments?post=44464"}],"version-history":[{"count":1,"href":"https:\/\/www.ull.es\/portal\/noticias\/wp-json\/wp\/v2\/posts\/44464\/revisions"}],"predecessor-version":[{"id":44465,"href":"https:\/\/www.ull.es\/portal\/noticias\/wp-json\/wp\/v2\/posts\/44464\/revisions\/44465"}],"wp:featuredmedia":[{"embeddable":true,"href":"https:\/\/www.ull.es\/portal\/noticias\/wp-json\/wp\/v2\/media\/37320"}],"wp:attachment":[{"href":"https:\/\/www.ull.es\/portal\/noticias\/wp-json\/wp\/v2\/media?parent=44464"}],"wp:term":[{"taxonomy":"category","embeddable":true,"href":"https:\/\/www.ull.es\/portal\/noticias\/wp-json\/wp\/v2\/categories?post=44464"},{"taxonomy":"post_tag","embeddable":true,"href":"https:\/\/www.ull.es\/portal\/noticias\/wp-json\/wp\/v2\/tags?post=44464"}],"curies":[{"name":"wp","href":"https:\/\/api.w.org\/{rel}","templated":true}]}}