{"id":44508,"date":"2019-05-24T13:42:00","date_gmt":"2019-05-24T13:42:00","guid":{"rendered":"https:\/\/www.ull.es\/portal\/noticias\/?p=44508"},"modified":"2019-05-24T13:43:56","modified_gmt":"2019-05-24T13:43:56","slug":"ranking-cyd-destaca-aportacion-ull-desarrollo","status":"publish","type":"post","link":"https:\/\/www.ull.es\/portal\/noticias\/2019\/ranking-cyd-destaca-aportacion-ull-desarrollo\/","title":{"rendered":"El Ranking CyD vuelve a destacar la aportaci\u00f3n de la Universidad de La Laguna al desarrollo regional"},"content":{"rendered":"<div id=\"attachment_44509\" style=\"width: 310px\" class=\"wp-caption alignleft\"><a href=\"https:\/\/www.ull.es\/portal\/noticias\/wp-content\/uploads\/sites\/13\/2019\/05\/ranking-cyd.jpg\" target=\"_blank\" rel=\"noopener\" target=\"_blank\" rel=\"noopener\"><img aria-describedby=\"caption-attachment-44509\" decoding=\"async\" loading=\"lazy\" class=\"wp-image-44509 size-medium\" src=\"https:\/\/www.ull.es\/portal\/noticias\/wp-content\/uploads\/sites\/13\/2019\/05\/ranking-cyd-300x200.jpg\" alt=\"Ranking CyD\" width=\"300\" height=\"200\" srcset=\"https:\/\/www.ull.es\/portal\/noticias\/wp-content\/uploads\/sites\/13\/2019\/05\/ranking-cyd-300x200.jpg 300w, https:\/\/www.ull.es\/portal\/noticias\/wp-content\/uploads\/sites\/13\/2019\/05\/ranking-cyd-768x512.jpg 768w, https:\/\/www.ull.es\/portal\/noticias\/wp-content\/uploads\/sites\/13\/2019\/05\/ranking-cyd-1024x683.jpg 1024w, https:\/\/www.ull.es\/portal\/noticias\/wp-content\/uploads\/sites\/13\/2019\/05\/ranking-cyd-375x250.jpg 375w, https:\/\/www.ull.es\/portal\/noticias\/wp-content\/uploads\/sites\/13\/2019\/05\/ranking-cyd-750x500.jpg 750w, https:\/\/www.ull.es\/portal\/noticias\/wp-content\/uploads\/sites\/13\/2019\/05\/ranking-cyd-1140x760.jpg 1140w, https:\/\/www.ull.es\/portal\/noticias\/wp-content\/uploads\/sites\/13\/2019\/05\/ranking-cyd.jpg 1200w\" sizes=\"(max-width: 300px) 100vw, 300px\" \/><\/a><p id=\"caption-attachment-44509\" class=\"wp-caption-text\">P\u00e1gina principal de la web que publica este ranking.<\/p><\/div>\n<p>La Fundaci\u00f3n Conocimiento y Desarrollo (CyD) ha publicado su <a href=\"https:\/\/www.rankingcyd.org\/resultados-del-ranking-cyd\" target=\"_blank\" rel=\"noopener\" target=\"_blank\" rel=\"noopener\">ranking de universidades<\/a> espa\u00f1olas de 2019, que mide el rendimiento en indicadores sobre docencia, investigaci\u00f3n y otros par\u00e1metros. La clasificaci\u00f3n se\u00f1ala cada indicador como si de un sem\u00e1foro se tratara: en verde si su rendimiento es destacado, en amarillo si es promedio y en rojo si es bajo. La Universidad de La Laguna ha obtenido 6 indicadores en verde y, adem\u00e1s, el ranking la sit\u00faa entre las m\u00e1s destacadas en uno de los cinco grupos de indicadores, el referido a la Contribuci\u00f3n al Desarrollo Local.<\/p>\n<p>Globalmente, la Universidad de La Laguna ha registrado, como se ha dicho, 6 indicadores con rendimiento destacado (verde), 14 con rendimiento medio (amarillo) y 14 con rendimiento bajo (rojo). Esto la sit\u00faa en el puesto 53 de entre las 73 universidades analizadas en el ranking. La m\u00e1s destacada ha sido la Universidad Aut\u00f3noma de Barcelona, con 27 indicadores verdes, 5 amarillos y solo 2 en rojo.<\/p>\n<p>El ranking mide un total de 36 indicadores diferentes, si bien dos de ellos (\u00abN\u00famero medio de tramos de investigaci\u00f3n\u00bb y \u00abProfesores funcionarios sin tramos\u00bb) no son aplicables a todas las universidades, por lo que los resultados, finalmente, se han expresado para los 34 que s\u00ed comparten todas las instituciones.<\/p>\n<p>Los indicadores, adem\u00e1s, est\u00e1n divididos en cinco categor\u00edas: Ense\u00f1anza y Aprendizaje, Investigaci\u00f3n, Transferencia de Conocimiento, Orientaci\u00f3n Internacional y Contribuci\u00f3n al Desarrollo Regional.<\/p>\n<p>Es precisamente en este \u00faltimo apartado donde la Universidad de La Laguna ha obtenido sus mejores resultados, pues de los 4 indicadores que conforman esa categor\u00eda, ha obtenido 3 en verde y 1 en amarillo. Concretamente, ha registrado un alto rendimiento en \u201cPr\u00e1cticas en empresas de la regi\u00f3n\u201d, \u201cPublicaciones regionales\u201d y \u201cFondos de investigaci\u00f3n regionales\u201d. El cuarto \u00edtem de esta categor\u00eda, \u201cPublicaciones con empresas de la regi\u00f3n\u201d, queda en amarillo.<\/p>\n<p>Por ello, en esta categor\u00eda concreta, la instituci\u00f3n canaria se sit\u00faa en tercera posici\u00f3n en el \u00e1mbito nacional y revalida la alta posici\u00f3n que ya hab\u00eda obtenido en el ranking del a\u00f1o pasado.<\/p>\n<p>Los tres indicadores en verde restantes de la Universidad de La Laguna han sido \u201cTasa de graduaci\u00f3n en m\u00e1ster\u201d, correspondiente al grupo de Ense\u00f1anza y Aprendizaje; \u201cPublicaciones con empresas\u201d, del grupo de Transferencia de Conocimiento; y Publicaciones internacionales\u201d, del grupo de indicadores sobre Orientaci\u00f3n Internacional.<\/p>\n","protected":false},"excerpt":{"rendered":"<p>La Fundaci\u00f3n Conocimiento y Desarrollo (CyD) ha publicado su ranking de universidades espa\u00f1olas de 2019, que mide el rendimiento en&#8230;<\/p>\n","protected":false},"author":21,"featured_media":44509,"comment_status":"closed","ping_status":"closed","sticky":false,"template":"","format":"image","meta":{"inline_featured_image":false,"footnotes":""},"categories":[345,348,2765],"tags":[5706,2740,2223,5705,3627],"acf":[],"yoast_head":"<!-- This site is optimized with the Yoast SEO plugin v21.3 - https:\/\/yoast.com\/wordpress\/plugins\/seo\/ -->\n<title>El Ranking CyD destaca la aportaci\u00f3n de la ULL al desarrollo regional<\/title>\n<meta name=\"description\" content=\"La ULL registra alto rendimeioto en 6 indicadores y el ranking la sit\u00faa entre las m\u00e1s destacadas del pa\u00eds por su Contribuci\u00f3n al Desarrollo Local.\" \/>\n<meta name=\"robots\" content=\"index, follow, max-snippet:-1, max-image-preview:large, max-video-preview:-1\" \/>\n<link rel=\"canonical\" href=\"https:\/\/www.ull.es\/portal\/noticias\/2019\/ranking-cyd-destaca-aportacion-ull-desarrollo\/\" \/>\n<meta property=\"og:locale\" content=\"es_ES\" \/>\n<meta property=\"og:type\" content=\"article\" \/>\n<meta property=\"og:title\" content=\"El Ranking CyD destaca la aportaci\u00f3n de la ULL al desarrollo regional\" \/>\n<meta property=\"og:description\" content=\"La ULL registra alto rendimeioto en 6 indicadores y el ranking la sit\u00faa entre las m\u00e1s destacadas del pa\u00eds por su Contribuci\u00f3n al Desarrollo Local.\" \/>\n<meta property=\"og:url\" content=\"https:\/\/www.ull.es\/portal\/noticias\/2019\/ranking-cyd-destaca-aportacion-ull-desarrollo\/\" \/>\n<meta property=\"og:site_name\" content=\"ULL - Noticias\" \/>\n<meta property=\"article:publisher\" content=\"https:\/\/www.facebook.com\/universidaddelalaguna\/\" \/>\n<meta property=\"article:published_time\" content=\"2019-05-24T13:42:00+00:00\" \/>\n<meta property=\"article:modified_time\" content=\"2019-05-24T13:43:56+00:00\" \/>\n<meta property=\"og:image\" content=\"https:\/\/www.ull.es\/portal\/noticias\/wp-content\/uploads\/sites\/13\/2019\/05\/ranking-cyd.jpg\" \/>\n\t<meta property=\"og:image:width\" content=\"1200\" \/>\n\t<meta property=\"og:image:height\" content=\"800\" \/>\n\t<meta property=\"og:image:type\" content=\"image\/jpeg\" \/>\n<meta name=\"author\" content=\"prensa2\" \/>\n<meta name=\"twitter:card\" content=\"summary_large_image\" \/>\n<meta name=\"twitter:creator\" content=\"@CanalULL\" \/>\n<meta name=\"twitter:site\" content=\"@CanalULL\" \/>\n<meta name=\"twitter:label1\" content=\"Escrito por\" \/>\n\t<meta name=\"twitter:data1\" content=\"prensa2\" \/>\n\t<meta name=\"twitter:label2\" content=\"Tiempo de lectura\" \/>\n\t<meta name=\"twitter:data2\" content=\"2 minutos\" \/>\n<script type=\"application\/ld+json\" class=\"yoast-schema-graph\">{\"@context\":\"https:\/\/schema.org\",\"@graph\":[{\"@type\":\"WebPage\",\"@id\":\"https:\/\/www.ull.es\/portal\/noticias\/2019\/ranking-cyd-destaca-aportacion-ull-desarrollo\/\",\"url\":\"https:\/\/www.ull.es\/portal\/noticias\/2019\/ranking-cyd-destaca-aportacion-ull-desarrollo\/\",\"name\":\"El Ranking CyD destaca la aportaci\u00f3n de la ULL al desarrollo regional\",\"isPartOf\":{\"@id\":\"https:\/\/www.ull.es\/portal\/noticias\/#website\"},\"datePublished\":\"2019-05-24T13:42:00+00:00\",\"dateModified\":\"2019-05-24T13:43:56+00:00\",\"author\":{\"@id\":\"https:\/\/www.ull.es\/portal\/noticias\/#\/schema\/person\/c3b2aa857797592927a03740d6664376\"},\"description\":\"La ULL registra alto rendimeioto en 6 indicadores y el ranking la sit\u00faa entre las m\u00e1s destacadas del pa\u00eds por su Contribuci\u00f3n al Desarrollo Local.\",\"breadcrumb\":{\"@id\":\"https:\/\/www.ull.es\/portal\/noticias\/2019\/ranking-cyd-destaca-aportacion-ull-desarrollo\/#breadcrumb\"},\"inLanguage\":\"es\",\"potentialAction\":[{\"@type\":\"ReadAction\",\"target\":[\"https:\/\/www.ull.es\/portal\/noticias\/2019\/ranking-cyd-destaca-aportacion-ull-desarrollo\/\"]}]},{\"@type\":\"BreadcrumbList\",\"@id\":\"https:\/\/www.ull.es\/portal\/noticias\/2019\/ranking-cyd-destaca-aportacion-ull-desarrollo\/#breadcrumb\",\"itemListElement\":[{\"@type\":\"ListItem\",\"position\":1,\"name\":\"Portada\",\"item\":\"https:\/\/www.ull.es\/portal\/noticias\/\"},{\"@type\":\"ListItem\",\"position\":2,\"name\":\"El Ranking CyD vuelve a destacar la aportaci\u00f3n de la Universidad de La Laguna al desarrollo regional\"}]},{\"@type\":\"WebSite\",\"@id\":\"https:\/\/www.ull.es\/portal\/noticias\/#website\",\"url\":\"https:\/\/www.ull.es\/portal\/noticias\/\",\"name\":\"ULL - Noticias\",\"description\":\"\",\"potentialAction\":[{\"@type\":\"SearchAction\",\"target\":{\"@type\":\"EntryPoint\",\"urlTemplate\":\"https:\/\/www.ull.es\/portal\/noticias\/?s={search_term_string}\"},\"query-input\":\"required name=search_term_string\"}],\"inLanguage\":\"es\"},{\"@type\":\"Person\",\"@id\":\"https:\/\/www.ull.es\/portal\/noticias\/#\/schema\/person\/c3b2aa857797592927a03740d6664376\",\"name\":\"prensa2\",\"image\":{\"@type\":\"ImageObject\",\"inLanguage\":\"es\",\"@id\":\"https:\/\/www.ull.es\/portal\/noticias\/#\/schema\/person\/image\/\",\"url\":\"https:\/\/secure.gravatar.com\/avatar\/b58f310a5de5feb33d1e026d2493f23c?s=96&d=mm&r=g\",\"contentUrl\":\"https:\/\/secure.gravatar.com\/avatar\/b58f310a5de5feb33d1e026d2493f23c?s=96&d=mm&r=g\",\"caption\":\"prensa2\"},\"url\":\"https:\/\/www.ull.es\/portal\/noticias\/author\/prensa2\/\"}]}<\/script>\n<!-- \/ Yoast SEO plugin. -->","yoast_head_json":{"title":"El Ranking CyD destaca la aportaci\u00f3n de la ULL al desarrollo regional","description":"La ULL registra alto rendimeioto en 6 indicadores y el ranking la sit\u00faa entre las m\u00e1s destacadas del pa\u00eds por su Contribuci\u00f3n al Desarrollo Local.","robots":{"index":"index","follow":"follow","max-snippet":"max-snippet:-1","max-image-preview":"max-image-preview:large","max-video-preview":"max-video-preview:-1"},"canonical":"https:\/\/www.ull.es\/portal\/noticias\/2019\/ranking-cyd-destaca-aportacion-ull-desarrollo\/","og_locale":"es_ES","og_type":"article","og_title":"El Ranking CyD destaca la aportaci\u00f3n de la ULL al desarrollo regional","og_description":"La ULL registra alto rendimeioto en 6 indicadores y el ranking la sit\u00faa entre las m\u00e1s destacadas del pa\u00eds por su Contribuci\u00f3n al Desarrollo Local.","og_url":"https:\/\/www.ull.es\/portal\/noticias\/2019\/ranking-cyd-destaca-aportacion-ull-desarrollo\/","og_site_name":"ULL - Noticias","article_publisher":"https:\/\/www.facebook.com\/universidaddelalaguna\/","article_published_time":"2019-05-24T13:42:00+00:00","article_modified_time":"2019-05-24T13:43:56+00:00","og_image":[{"width":1200,"height":800,"url":"https:\/\/www.ull.es\/portal\/noticias\/wp-content\/uploads\/sites\/13\/2019\/05\/ranking-cyd.jpg","type":"image\/jpeg"}],"author":"prensa2","twitter_card":"summary_large_image","twitter_creator":"@CanalULL","twitter_site":"@CanalULL","twitter_misc":{"Escrito por":"prensa2","Tiempo de lectura":"2 minutos"},"schema":{"@context":"https:\/\/schema.org","@graph":[{"@type":"WebPage","@id":"https:\/\/www.ull.es\/portal\/noticias\/2019\/ranking-cyd-destaca-aportacion-ull-desarrollo\/","url":"https:\/\/www.ull.es\/portal\/noticias\/2019\/ranking-cyd-destaca-aportacion-ull-desarrollo\/","name":"El Ranking CyD destaca la aportaci\u00f3n de la ULL al desarrollo regional","isPartOf":{"@id":"https:\/\/www.ull.es\/portal\/noticias\/#website"},"datePublished":"2019-05-24T13:42:00+00:00","dateModified":"2019-05-24T13:43:56+00:00","author":{"@id":"https:\/\/www.ull.es\/portal\/noticias\/#\/schema\/person\/c3b2aa857797592927a03740d6664376"},"description":"La ULL registra alto rendimeioto en 6 indicadores y el ranking la sit\u00faa entre las m\u00e1s destacadas del pa\u00eds por su Contribuci\u00f3n al Desarrollo Local.","breadcrumb":{"@id":"https:\/\/www.ull.es\/portal\/noticias\/2019\/ranking-cyd-destaca-aportacion-ull-desarrollo\/#breadcrumb"},"inLanguage":"es","potentialAction":[{"@type":"ReadAction","target":["https:\/\/www.ull.es\/portal\/noticias\/2019\/ranking-cyd-destaca-aportacion-ull-desarrollo\/"]}]},{"@type":"BreadcrumbList","@id":"https:\/\/www.ull.es\/portal\/noticias\/2019\/ranking-cyd-destaca-aportacion-ull-desarrollo\/#breadcrumb","itemListElement":[{"@type":"ListItem","position":1,"name":"Portada","item":"https:\/\/www.ull.es\/portal\/noticias\/"},{"@type":"ListItem","position":2,"name":"El Ranking CyD vuelve a destacar la aportaci\u00f3n de la Universidad de La Laguna al desarrollo regional"}]},{"@type":"WebSite","@id":"https:\/\/www.ull.es\/portal\/noticias\/#website","url":"https:\/\/www.ull.es\/portal\/noticias\/","name":"ULL - Noticias","description":"","potentialAction":[{"@type":"SearchAction","target":{"@type":"EntryPoint","urlTemplate":"https:\/\/www.ull.es\/portal\/noticias\/?s={search_term_string}"},"query-input":"required name=search_term_string"}],"inLanguage":"es"},{"@type":"Person","@id":"https:\/\/www.ull.es\/portal\/noticias\/#\/schema\/person\/c3b2aa857797592927a03740d6664376","name":"prensa2","image":{"@type":"ImageObject","inLanguage":"es","@id":"https:\/\/www.ull.es\/portal\/noticias\/#\/schema\/person\/image\/","url":"https:\/\/secure.gravatar.com\/avatar\/b58f310a5de5feb33d1e026d2493f23c?s=96&d=mm&r=g","contentUrl":"https:\/\/secure.gravatar.com\/avatar\/b58f310a5de5feb33d1e026d2493f23c?s=96&d=mm&r=g","caption":"prensa2"},"url":"https:\/\/www.ull.es\/portal\/noticias\/author\/prensa2\/"}]}},"primary_category":{"id":345,"name":"Destacado","slug":"destacado","link":"https:\/\/www.ull.es\/portal\/noticias\/category\/destacado\/"},"featured_image_thumbnail_url":"https:\/\/www.ull.es\/portal\/noticias\/wp-content\/uploads\/sites\/13\/2019\/05\/ranking-cyd-300x200.jpg","_links":{"self":[{"href":"https:\/\/www.ull.es\/portal\/noticias\/wp-json\/wp\/v2\/posts\/44508"}],"collection":[{"href":"https:\/\/www.ull.es\/portal\/noticias\/wp-json\/wp\/v2\/posts"}],"about":[{"href":"https:\/\/www.ull.es\/portal\/noticias\/wp-json\/wp\/v2\/types\/post"}],"author":[{"embeddable":true,"href":"https:\/\/www.ull.es\/portal\/noticias\/wp-json\/wp\/v2\/users\/21"}],"replies":[{"embeddable":true,"href":"https:\/\/www.ull.es\/portal\/noticias\/wp-json\/wp\/v2\/comments?post=44508"}],"version-history":[{"count":1,"href":"https:\/\/www.ull.es\/portal\/noticias\/wp-json\/wp\/v2\/posts\/44508\/revisions"}],"predecessor-version":[{"id":44514,"href":"https:\/\/www.ull.es\/portal\/noticias\/wp-json\/wp\/v2\/posts\/44508\/revisions\/44514"}],"wp:featuredmedia":[{"embeddable":true,"href":"https:\/\/www.ull.es\/portal\/noticias\/wp-json\/wp\/v2\/media\/44509"}],"wp:attachment":[{"href":"https:\/\/www.ull.es\/portal\/noticias\/wp-json\/wp\/v2\/media?parent=44508"}],"wp:term":[{"taxonomy":"category","embeddable":true,"href":"https:\/\/www.ull.es\/portal\/noticias\/wp-json\/wp\/v2\/categories?post=44508"},{"taxonomy":"post_tag","embeddable":true,"href":"https:\/\/www.ull.es\/portal\/noticias\/wp-json\/wp\/v2\/tags?post=44508"}],"curies":[{"name":"wp","href":"https:\/\/api.w.org\/{rel}","templated":true}]}}