{"id":44575,"date":"2019-05-28T12:52:33","date_gmt":"2019-05-28T12:52:33","guid":{"rendered":"https:\/\/www.ull.es\/portal\/noticias\/?p=44575"},"modified":"2019-05-28T12:52:33","modified_gmt":"2019-05-28T12:52:33","slug":"la-segunda-vuelta-de-las-elecciones-a-rectora-se-desarrolla-con-normalidad","status":"publish","type":"post","link":"https:\/\/www.ull.es\/portal\/noticias\/2019\/la-segunda-vuelta-de-las-elecciones-a-rectora-se-desarrolla-con-normalidad\/","title":{"rendered":"La segunda vuelta de las elecciones a Rectora se desarrolla con normalidad"},"content":{"rendered":"<p>La segunda vuelta de las elecciones a rectora de la Universidad de La Laguna se est\u00e1 desarrollando con total normalidad hoy, martes 28 de mayo, en las diecinueve mesas electorales ubicadas en todos los campus de la instituci\u00f3n, que han abierto a las 9:00 horas y cerrar\u00e1n a las 18:00, en las cuales podr\u00e1 ejercer su derecho al voto un ceso de 22.187 personas.<\/p>\n<p style=\"text-align: center\"><a href=\"https:\/\/drive.google.com\/drive\/folders\/1MCgqzokr35l0UGEhnBTr9B0evk5bYcsx?usp=sharing\" target=\"_blank\" rel=\"noopener\" target=\"_blank\" rel=\"noopener\"><strong>Galer\u00eda de im\u00e1genes<\/strong><\/a><\/p>\n<p>La Comisi\u00f3n Electoral General estar\u00e1 ubicada durante la ma\u00f1ana en la Facultad de Derecho y, por la tarde, se trasladar\u00e1 al Aula Polivalente del Edificio Central, desde donde quien lo desee podr\u00e1 seguir en directo el escrutinio de resultados.<\/p>\n<p>De todos modos, la comisi\u00f3n ha habilitado una p\u00e1gina <a href=\"https:\/\/www.ull.es\/la-universidad\/segunda-vuelta-seguimiento-de-participacion-y-anticipo-de-resultados\/\" target=\"_blank\" rel=\"noopener\" target=\"_blank\" rel=\"noopener\">web en la cual se podr\u00e1n seguir los resultados<\/a> en directo y, desde esta ma\u00f1ana, est\u00e1 ofreciendo datos de participaci\u00f3n, los cuales, a las 13:40 horas, son:<\/p>\n<ul>\n<li>PDI Doctor y permanente (censo de 1037 electores). Votos emitidos: 513, lo que representa un 49,47%<\/li>\n<li>PDI no Permanente (censo de 753 electores). Votos emitidos: 217 (28,82%).<\/li>\n<li>Alumnado (censo de 19.520 electores). Votos emitidos: 1.142 (5,85%).<\/li>\n<li>PAS (censo de 877 electores). Votos emitidos: 438 (49,94%).<\/li>\n<\/ul>\n","protected":false},"excerpt":{"rendered":"<p>La segunda vuelta de las elecciones a rectora de la Universidad de La Laguna se est\u00e1 desarrollando con total normalidad&#8230;<\/p>\n","protected":false},"author":21,"featured_media":44577,"comment_status":"closed","ping_status":"closed","sticky":false,"template":"","format":"standard","meta":{"inline_featured_image":false,"footnotes":""},"categories":[345,348,2765],"tags":[1111,5605],"acf":[],"yoast_head":"<!-- This site is optimized with the Yoast SEO plugin v21.3 - https:\/\/yoast.com\/wordpress\/plugins\/seo\/ -->\n<title>La segunda vuelta de las elecciones a Rectora se desarrolla con normalidad - ULL - Noticias<\/title>\n<meta name=\"description\" content=\"La votaci\u00f3n se desarrolla en 19 mesas electorales que abren entre las 9:00 y las 18:00, en las que votar\u00e1 un censo de 22.187 personas.\" \/>\n<meta name=\"robots\" content=\"index, follow, max-snippet:-1, max-image-preview:large, max-video-preview:-1\" \/>\n<link rel=\"canonical\" href=\"https:\/\/www.ull.es\/portal\/noticias\/2019\/la-segunda-vuelta-de-las-elecciones-a-rectora-se-desarrolla-con-normalidad\/\" \/>\n<meta property=\"og:locale\" content=\"es_ES\" \/>\n<meta property=\"og:type\" content=\"article\" \/>\n<meta property=\"og:title\" content=\"La segunda vuelta de las elecciones a Rectora se desarrolla con normalidad - ULL - Noticias\" \/>\n<meta property=\"og:description\" content=\"La votaci\u00f3n se desarrolla en 19 mesas electorales que abren entre las 9:00 y las 18:00, en las que votar\u00e1 un censo de 22.187 personas.\" \/>\n<meta property=\"og:url\" content=\"https:\/\/www.ull.es\/portal\/noticias\/2019\/la-segunda-vuelta-de-las-elecciones-a-rectora-se-desarrolla-con-normalidad\/\" \/>\n<meta property=\"og:site_name\" content=\"ULL - Noticias\" \/>\n<meta property=\"article:publisher\" content=\"https:\/\/www.facebook.com\/universidaddelalaguna\/\" \/>\n<meta property=\"article:published_time\" content=\"2019-05-28T12:52:33+00:00\" \/>\n<meta property=\"og:image\" content=\"https:\/\/www.ull.es\/portal\/noticias\/wp-content\/uploads\/sites\/13\/2019\/05\/Votaciones-28M-08.jpg\" \/>\n\t<meta property=\"og:image:width\" content=\"1024\" \/>\n\t<meta property=\"og:image:height\" content=\"683\" \/>\n\t<meta property=\"og:image:type\" content=\"image\/jpeg\" \/>\n<meta name=\"author\" content=\"prensa2\" \/>\n<meta name=\"twitter:card\" content=\"summary_large_image\" \/>\n<meta name=\"twitter:creator\" content=\"@CanalULL\" \/>\n<meta name=\"twitter:site\" content=\"@CanalULL\" \/>\n<meta name=\"twitter:label1\" content=\"Escrito por\" \/>\n\t<meta name=\"twitter:data1\" content=\"prensa2\" \/>\n\t<meta name=\"twitter:label2\" content=\"Tiempo de lectura\" \/>\n\t<meta name=\"twitter:data2\" content=\"1 minuto\" \/>\n<script type=\"application\/ld+json\" class=\"yoast-schema-graph\">{\"@context\":\"https:\/\/schema.org\",\"@graph\":[{\"@type\":\"WebPage\",\"@id\":\"https:\/\/www.ull.es\/portal\/noticias\/2019\/la-segunda-vuelta-de-las-elecciones-a-rectora-se-desarrolla-con-normalidad\/\",\"url\":\"https:\/\/www.ull.es\/portal\/noticias\/2019\/la-segunda-vuelta-de-las-elecciones-a-rectora-se-desarrolla-con-normalidad\/\",\"name\":\"La segunda vuelta de las elecciones a Rectora se desarrolla con normalidad - ULL - Noticias\",\"isPartOf\":{\"@id\":\"https:\/\/www.ull.es\/portal\/noticias\/#website\"},\"datePublished\":\"2019-05-28T12:52:33+00:00\",\"dateModified\":\"2019-05-28T12:52:33+00:00\",\"author\":{\"@id\":\"https:\/\/www.ull.es\/portal\/noticias\/#\/schema\/person\/c3b2aa857797592927a03740d6664376\"},\"description\":\"La votaci\u00f3n se desarrolla en 19 mesas electorales que abren entre las 9:00 y las 18:00, en las que votar\u00e1 un censo de 22.187 personas.\",\"breadcrumb\":{\"@id\":\"https:\/\/www.ull.es\/portal\/noticias\/2019\/la-segunda-vuelta-de-las-elecciones-a-rectora-se-desarrolla-con-normalidad\/#breadcrumb\"},\"inLanguage\":\"es\",\"potentialAction\":[{\"@type\":\"ReadAction\",\"target\":[\"https:\/\/www.ull.es\/portal\/noticias\/2019\/la-segunda-vuelta-de-las-elecciones-a-rectora-se-desarrolla-con-normalidad\/\"]}]},{\"@type\":\"BreadcrumbList\",\"@id\":\"https:\/\/www.ull.es\/portal\/noticias\/2019\/la-segunda-vuelta-de-las-elecciones-a-rectora-se-desarrolla-con-normalidad\/#breadcrumb\",\"itemListElement\":[{\"@type\":\"ListItem\",\"position\":1,\"name\":\"Portada\",\"item\":\"https:\/\/www.ull.es\/portal\/noticias\/\"},{\"@type\":\"ListItem\",\"position\":2,\"name\":\"La segunda vuelta de las elecciones a Rectora se desarrolla con normalidad\"}]},{\"@type\":\"WebSite\",\"@id\":\"https:\/\/www.ull.es\/portal\/noticias\/#website\",\"url\":\"https:\/\/www.ull.es\/portal\/noticias\/\",\"name\":\"ULL - Noticias\",\"description\":\"\",\"potentialAction\":[{\"@type\":\"SearchAction\",\"target\":{\"@type\":\"EntryPoint\",\"urlTemplate\":\"https:\/\/www.ull.es\/portal\/noticias\/?s={search_term_string}\"},\"query-input\":\"required name=search_term_string\"}],\"inLanguage\":\"es\"},{\"@type\":\"Person\",\"@id\":\"https:\/\/www.ull.es\/portal\/noticias\/#\/schema\/person\/c3b2aa857797592927a03740d6664376\",\"name\":\"prensa2\",\"image\":{\"@type\":\"ImageObject\",\"inLanguage\":\"es\",\"@id\":\"https:\/\/www.ull.es\/portal\/noticias\/#\/schema\/person\/image\/\",\"url\":\"https:\/\/secure.gravatar.com\/avatar\/b58f310a5de5feb33d1e026d2493f23c?s=96&d=mm&r=g\",\"contentUrl\":\"https:\/\/secure.gravatar.com\/avatar\/b58f310a5de5feb33d1e026d2493f23c?s=96&d=mm&r=g\",\"caption\":\"prensa2\"},\"url\":\"https:\/\/www.ull.es\/portal\/noticias\/author\/prensa2\/\"}]}<\/script>\n<!-- \/ Yoast SEO plugin. -->","yoast_head_json":{"title":"La segunda vuelta de las elecciones a Rectora se desarrolla con normalidad - ULL - Noticias","description":"La votaci\u00f3n se desarrolla en 19 mesas electorales que abren entre las 9:00 y las 18:00, en las que votar\u00e1 un censo de 22.187 personas.","robots":{"index":"index","follow":"follow","max-snippet":"max-snippet:-1","max-image-preview":"max-image-preview:large","max-video-preview":"max-video-preview:-1"},"canonical":"https:\/\/www.ull.es\/portal\/noticias\/2019\/la-segunda-vuelta-de-las-elecciones-a-rectora-se-desarrolla-con-normalidad\/","og_locale":"es_ES","og_type":"article","og_title":"La segunda vuelta de las elecciones a Rectora se desarrolla con normalidad - ULL - Noticias","og_description":"La votaci\u00f3n se desarrolla en 19 mesas electorales que abren entre las 9:00 y las 18:00, en las que votar\u00e1 un censo de 22.187 personas.","og_url":"https:\/\/www.ull.es\/portal\/noticias\/2019\/la-segunda-vuelta-de-las-elecciones-a-rectora-se-desarrolla-con-normalidad\/","og_site_name":"ULL - Noticias","article_publisher":"https:\/\/www.facebook.com\/universidaddelalaguna\/","article_published_time":"2019-05-28T12:52:33+00:00","og_image":[{"width":1024,"height":683,"url":"https:\/\/www.ull.es\/portal\/noticias\/wp-content\/uploads\/sites\/13\/2019\/05\/Votaciones-28M-08.jpg","type":"image\/jpeg"}],"author":"prensa2","twitter_card":"summary_large_image","twitter_creator":"@CanalULL","twitter_site":"@CanalULL","twitter_misc":{"Escrito por":"prensa2","Tiempo de lectura":"1 minuto"},"schema":{"@context":"https:\/\/schema.org","@graph":[{"@type":"WebPage","@id":"https:\/\/www.ull.es\/portal\/noticias\/2019\/la-segunda-vuelta-de-las-elecciones-a-rectora-se-desarrolla-con-normalidad\/","url":"https:\/\/www.ull.es\/portal\/noticias\/2019\/la-segunda-vuelta-de-las-elecciones-a-rectora-se-desarrolla-con-normalidad\/","name":"La segunda vuelta de las elecciones a Rectora se desarrolla con normalidad - ULL - Noticias","isPartOf":{"@id":"https:\/\/www.ull.es\/portal\/noticias\/#website"},"datePublished":"2019-05-28T12:52:33+00:00","dateModified":"2019-05-28T12:52:33+00:00","author":{"@id":"https:\/\/www.ull.es\/portal\/noticias\/#\/schema\/person\/c3b2aa857797592927a03740d6664376"},"description":"La votaci\u00f3n se desarrolla en 19 mesas electorales que abren entre las 9:00 y las 18:00, en las que votar\u00e1 un censo de 22.187 personas.","breadcrumb":{"@id":"https:\/\/www.ull.es\/portal\/noticias\/2019\/la-segunda-vuelta-de-las-elecciones-a-rectora-se-desarrolla-con-normalidad\/#breadcrumb"},"inLanguage":"es","potentialAction":[{"@type":"ReadAction","target":["https:\/\/www.ull.es\/portal\/noticias\/2019\/la-segunda-vuelta-de-las-elecciones-a-rectora-se-desarrolla-con-normalidad\/"]}]},{"@type":"BreadcrumbList","@id":"https:\/\/www.ull.es\/portal\/noticias\/2019\/la-segunda-vuelta-de-las-elecciones-a-rectora-se-desarrolla-con-normalidad\/#breadcrumb","itemListElement":[{"@type":"ListItem","position":1,"name":"Portada","item":"https:\/\/www.ull.es\/portal\/noticias\/"},{"@type":"ListItem","position":2,"name":"La segunda vuelta de las elecciones a Rectora se desarrolla con normalidad"}]},{"@type":"WebSite","@id":"https:\/\/www.ull.es\/portal\/noticias\/#website","url":"https:\/\/www.ull.es\/portal\/noticias\/","name":"ULL - Noticias","description":"","potentialAction":[{"@type":"SearchAction","target":{"@type":"EntryPoint","urlTemplate":"https:\/\/www.ull.es\/portal\/noticias\/?s={search_term_string}"},"query-input":"required name=search_term_string"}],"inLanguage":"es"},{"@type":"Person","@id":"https:\/\/www.ull.es\/portal\/noticias\/#\/schema\/person\/c3b2aa857797592927a03740d6664376","name":"prensa2","image":{"@type":"ImageObject","inLanguage":"es","@id":"https:\/\/www.ull.es\/portal\/noticias\/#\/schema\/person\/image\/","url":"https:\/\/secure.gravatar.com\/avatar\/b58f310a5de5feb33d1e026d2493f23c?s=96&d=mm&r=g","contentUrl":"https:\/\/secure.gravatar.com\/avatar\/b58f310a5de5feb33d1e026d2493f23c?s=96&d=mm&r=g","caption":"prensa2"},"url":"https:\/\/www.ull.es\/portal\/noticias\/author\/prensa2\/"}]}},"primary_category":{"id":345,"name":"Destacado","slug":"destacado","link":"https:\/\/www.ull.es\/portal\/noticias\/category\/destacado\/"},"featured_image_thumbnail_url":"https:\/\/www.ull.es\/portal\/noticias\/wp-content\/uploads\/sites\/13\/2019\/05\/Votaciones-28M-08-300x200.jpg","_links":{"self":[{"href":"https:\/\/www.ull.es\/portal\/noticias\/wp-json\/wp\/v2\/posts\/44575"}],"collection":[{"href":"https:\/\/www.ull.es\/portal\/noticias\/wp-json\/wp\/v2\/posts"}],"about":[{"href":"https:\/\/www.ull.es\/portal\/noticias\/wp-json\/wp\/v2\/types\/post"}],"author":[{"embeddable":true,"href":"https:\/\/www.ull.es\/portal\/noticias\/wp-json\/wp\/v2\/users\/21"}],"replies":[{"embeddable":true,"href":"https:\/\/www.ull.es\/portal\/noticias\/wp-json\/wp\/v2\/comments?post=44575"}],"version-history":[{"count":1,"href":"https:\/\/www.ull.es\/portal\/noticias\/wp-json\/wp\/v2\/posts\/44575\/revisions"}],"predecessor-version":[{"id":44579,"href":"https:\/\/www.ull.es\/portal\/noticias\/wp-json\/wp\/v2\/posts\/44575\/revisions\/44579"}],"wp:featuredmedia":[{"embeddable":true,"href":"https:\/\/www.ull.es\/portal\/noticias\/wp-json\/wp\/v2\/media\/44577"}],"wp:attachment":[{"href":"https:\/\/www.ull.es\/portal\/noticias\/wp-json\/wp\/v2\/media?parent=44575"}],"wp:term":[{"taxonomy":"category","embeddable":true,"href":"https:\/\/www.ull.es\/portal\/noticias\/wp-json\/wp\/v2\/categories?post=44575"},{"taxonomy":"post_tag","embeddable":true,"href":"https:\/\/www.ull.es\/portal\/noticias\/wp-json\/wp\/v2\/tags?post=44575"}],"curies":[{"name":"wp","href":"https:\/\/api.w.org\/{rel}","templated":true}]}}