{"id":44580,"date":"2019-05-28T19:39:54","date_gmt":"2019-05-28T19:39:54","guid":{"rendered":"https:\/\/www.ull.es\/portal\/noticias\/?p=44580"},"modified":"2019-05-28T21:15:56","modified_gmt":"2019-05-28T21:15:56","slug":"rosa-aguilar-rectora-de-la-universidad-de-la-laguna","status":"publish","type":"post","link":"https:\/\/www.ull.es\/portal\/noticias\/2019\/rosa-aguilar-rectora-de-la-universidad-de-la-laguna\/","title":{"rendered":"Rosa Aguilar, rectora de la Universidad de La Laguna"},"content":{"rendered":"<p>La catedr\u00e1tica de Ingenier\u00eda de Sistemas y Autom\u00e1tica, Rosa M\u00aa Aguilar Chinea, ha resultado hoy 28 de mayo elegida rectora de la Universidad de La Laguna, al haber obtenido m\u00e1s del 63,6% de los votos, frente al 36,4% conseguido por Gloria Rojas en esta segunda vuelta de los comicios universitarios.<\/p>\n<p style=\"text-align: center\"><a href=\"https:\/\/drive.google.com\/drive\/folders\/13CvvP40Dyw_S-AzLnvQfkufAlOjrKnmq?usp=sharing\" target=\"_blank\" rel=\"noopener\"><strong>Galer\u00eda gr\u00e1fica<\/strong><\/a><\/p>\n<p>Aguilar ha ganado con holgura en todos los sectores. As\u00ed, se ha hecho acreedora del voto favorable del 59% del profesorado doctor con vinculaci\u00f3n permanente; del 62,9% de los docentes sin permanencia; del 66% del alumnado y del 81,2% del Personal de Administraci\u00f3n y Servicios (PAS).<\/p>\n<p>La nueva rectora de la Universidad de La Laguna, procedente de La Gomera y con 48 a\u00f1os, es la segunda mujer que ha ocupado este cargo en este centro acad\u00e9mico, dado que la primera fue M\u00aa Luisa Tejedor Salguero, cuyo mandato transcurri\u00f3 entre 1990 y 1995.<\/p>\n<p>Como ya se ha se\u00f1alado en otras ocasiones, el voto en estas elecciones es ponderado, de forma que el del profesorado permanente vale un 51% del total, el de los docentes no permanentes ocupa un 9%, el del alumnado alcanza un 30% y el del PAS un 10%.<\/p>\n<p>El \u00edndice de participaci\u00f3n en la jornada electoral de hoy, que ha transcurrido con total normalidad, no difiere demasiado de la primera vuelta, quiz\u00e1 con un leve descenso en todos los sectores. As\u00ed, en el sector del profesorado con vinculaci\u00f3n permanente se registr\u00f3 una participaci\u00f3n del 82,55%, el de los docentes no permanentes se alz\u00f3 con un 60,03%, frente al 76,62% del PAS. La ya habitual escasa presencia del alumnado en estos comicios se ha agravado en esta segunda vuelta un poco m\u00e1s, con m\u00e1s de un millar menos de votantes, de tal modo que apenas supera el 11,89% del total del colectivo convocado, 19.520 estudiantes.<\/p>\n<p><strong>Curr\u00edculo de la nueva rectora<\/strong><\/p>\n<p>Rosa M\u00aa Aguilar es catedr\u00e1tica de Ingenier\u00eda de Sistemas y Autom\u00e1tica en el Departamento de Ingenier\u00eda Inform\u00e1tica y Sistemas. Se licenci\u00f3 en Inform\u00e1tica en la Universidad de Las Palmas de Gran Canaria en 1993 y ley\u00f3 la tesis doctoral en Inform\u00e1tica en la Universidad de La Laguna en 1998.<\/p>\n<p>Su trayectoria docente comienza a finales de 1993 en esta universidad hasta que en el a\u00f1o 2015 obtiene la c\u00e1tedra de Ingenier\u00eda de Sistemas y Autom\u00e1tica. Ha impartido docencia en muchas titulaciones y en algunos programas de doctorado de otras universidades. Ha dirigido cuatro tesis doctorales y tiene reconocidos tres sexenios de investigaci\u00f3n y solicitado el cuarto.<\/p>\n<p>Su actividad investigadora inicial dentro del grupo de computadoras y control se desarrolla en diversas l\u00edneas (control, simulaci\u00f3n, educaci\u00f3n, etc.) y, a ra\u00edz de su tesis doctoral, empieza a liderar una nueva l\u00ednea de investigaci\u00f3n sobre sistemas discretos y an\u00e1lisis de datos. Actualmente sus proyectos activos abordan tres l\u00edneas de trabajo: energ\u00edas renovables con el ITER, turismo en colaboraci\u00f3n con la ULPGC, y bioingenier\u00eda, concretamente en el Trastorno del Espectro Autista, con neurofisi\u00f3logos de la Universidad de La Laguna.<\/p>\n<p>Ha participado en algo m\u00e1s de 20 proyectos de investigaci\u00f3n competitivos, en tres de ellos como investigador principal, y en un n\u00famero similar de proyectos de transferencia con empresas. Ha publicado m\u00e1s de 40 art\u00edculos en revistas nacionales e internacionales, 30 de ellas indexadas en JCR, de los cuales 10 en el primer cuartil. Ha presentado m\u00e1s de 60 comunicaciones en congresos nacionales e internacionales.<\/p>\n<p>Su compromiso con la gesti\u00f3n universitaria le ha llevado a ser subdirectora de la Escuela T\u00e9cnica Superior de Ingenier\u00eda Inform\u00e1tica, secretaria del Departamento de F\u00edsica Fundamental y Experimental, directora de la Escuela T\u00e9cnicas de Ingenier\u00eda Civil e Industrial, vicerrectora de Servicios Universitarios y vicerrectora de Tecnolog\u00edas de la Informaci\u00f3n y las Comunicaciones. Actualmente es presidenta del Spanish Modeling and Simulation Group, representante espa\u00f1ola en la Federaci\u00f3n Europea de Grupos de Simulaci\u00f3n, miembro de la Junta Directiva del Comit\u00e9 Espa\u00f1ol de Autom\u00e1tica y de otros organismos internacionales de su rama de conocimiento.<\/p>\n","protected":false},"excerpt":{"rendered":"<p>La catedr\u00e1tica de Ingenier\u00eda de Sistemas y Autom\u00e1tica, Rosa M\u00aa Aguilar Chinea, ha resultado hoy 28 de mayo elegida rectora&#8230;<\/p>\n","protected":false},"author":23,"featured_media":44585,"comment_status":"closed","ping_status":"closed","sticky":false,"template":"","format":"standard","meta":{"inline_featured_image":false,"footnotes":""},"categories":[345,348,2765],"tags":[5605,5717],"acf":[],"yoast_head":"<!-- This site is optimized with the Yoast SEO plugin v21.3 - https:\/\/yoast.com\/wordpress\/plugins\/seo\/ -->\n<title>Rosa Aguilar, rectora de la Universidad de La Laguna - ULL - Noticias<\/title>\n<meta name=\"robots\" content=\"index, follow, max-snippet:-1, max-image-preview:large, max-video-preview:-1\" \/>\n<link rel=\"canonical\" href=\"https:\/\/www.ull.es\/portal\/noticias\/2019\/rosa-aguilar-rectora-de-la-universidad-de-la-laguna\/\" \/>\n<meta property=\"og:locale\" content=\"es_ES\" \/>\n<meta property=\"og:type\" content=\"article\" \/>\n<meta property=\"og:title\" content=\"Rosa Aguilar, rectora de la Universidad de La Laguna - ULL - Noticias\" \/>\n<meta property=\"og:description\" content=\"La catedr\u00e1tica de Ingenier\u00eda de Sistemas y Autom\u00e1tica, Rosa M\u00aa Aguilar Chinea, ha resultado hoy 28 de mayo elegida rectora...\" \/>\n<meta property=\"og:url\" content=\"https:\/\/www.ull.es\/portal\/noticias\/2019\/rosa-aguilar-rectora-de-la-universidad-de-la-laguna\/\" \/>\n<meta property=\"og:site_name\" content=\"ULL - Noticias\" \/>\n<meta property=\"article:publisher\" content=\"https:\/\/www.facebook.com\/universidaddelalaguna\/\" \/>\n<meta property=\"article:published_time\" content=\"2019-05-28T19:39:54+00:00\" \/>\n<meta property=\"article:modified_time\" content=\"2019-05-28T21:15:56+00:00\" \/>\n<meta property=\"og:image\" content=\"https:\/\/www.ull.es\/portal\/noticias\/wp-content\/uploads\/sites\/13\/2019\/05\/Victoria-Rosa-Aguilar-03.jpg\" \/>\n\t<meta property=\"og:image:width\" content=\"1024\" \/>\n\t<meta property=\"og:image:height\" content=\"683\" \/>\n\t<meta property=\"og:image:type\" content=\"image\/jpeg\" \/>\n<meta name=\"author\" content=\"gaprsa\" \/>\n<meta name=\"twitter:card\" content=\"summary_large_image\" \/>\n<meta name=\"twitter:creator\" content=\"@CanalULL\" \/>\n<meta name=\"twitter:site\" content=\"@CanalULL\" \/>\n<meta name=\"twitter:label1\" content=\"Escrito por\" \/>\n\t<meta name=\"twitter:data1\" content=\"gaprsa\" \/>\n\t<meta name=\"twitter:label2\" content=\"Tiempo de lectura\" \/>\n\t<meta name=\"twitter:data2\" content=\"3 minutos\" \/>\n<script type=\"application\/ld+json\" class=\"yoast-schema-graph\">{\"@context\":\"https:\/\/schema.org\",\"@graph\":[{\"@type\":\"WebPage\",\"@id\":\"https:\/\/www.ull.es\/portal\/noticias\/2019\/rosa-aguilar-rectora-de-la-universidad-de-la-laguna\/\",\"url\":\"https:\/\/www.ull.es\/portal\/noticias\/2019\/rosa-aguilar-rectora-de-la-universidad-de-la-laguna\/\",\"name\":\"Rosa Aguilar, rectora de la Universidad de La Laguna - ULL - Noticias\",\"isPartOf\":{\"@id\":\"https:\/\/www.ull.es\/portal\/noticias\/#website\"},\"datePublished\":\"2019-05-28T19:39:54+00:00\",\"dateModified\":\"2019-05-28T21:15:56+00:00\",\"author\":{\"@id\":\"https:\/\/www.ull.es\/portal\/noticias\/#\/schema\/person\/b2b1a89d43ffa609e591f7df8ef3e817\"},\"breadcrumb\":{\"@id\":\"https:\/\/www.ull.es\/portal\/noticias\/2019\/rosa-aguilar-rectora-de-la-universidad-de-la-laguna\/#breadcrumb\"},\"inLanguage\":\"es\",\"potentialAction\":[{\"@type\":\"ReadAction\",\"target\":[\"https:\/\/www.ull.es\/portal\/noticias\/2019\/rosa-aguilar-rectora-de-la-universidad-de-la-laguna\/\"]}]},{\"@type\":\"BreadcrumbList\",\"@id\":\"https:\/\/www.ull.es\/portal\/noticias\/2019\/rosa-aguilar-rectora-de-la-universidad-de-la-laguna\/#breadcrumb\",\"itemListElement\":[{\"@type\":\"ListItem\",\"position\":1,\"name\":\"Portada\",\"item\":\"https:\/\/www.ull.es\/portal\/noticias\/\"},{\"@type\":\"ListItem\",\"position\":2,\"name\":\"Rosa Aguilar, rectora de la Universidad de La Laguna\"}]},{\"@type\":\"WebSite\",\"@id\":\"https:\/\/www.ull.es\/portal\/noticias\/#website\",\"url\":\"https:\/\/www.ull.es\/portal\/noticias\/\",\"name\":\"ULL - Noticias\",\"description\":\"\",\"potentialAction\":[{\"@type\":\"SearchAction\",\"target\":{\"@type\":\"EntryPoint\",\"urlTemplate\":\"https:\/\/www.ull.es\/portal\/noticias\/?s={search_term_string}\"},\"query-input\":\"required name=search_term_string\"}],\"inLanguage\":\"es\"},{\"@type\":\"Person\",\"@id\":\"https:\/\/www.ull.es\/portal\/noticias\/#\/schema\/person\/b2b1a89d43ffa609e591f7df8ef3e817\",\"name\":\"gaprsa\",\"image\":{\"@type\":\"ImageObject\",\"inLanguage\":\"es\",\"@id\":\"https:\/\/www.ull.es\/portal\/noticias\/#\/schema\/person\/image\/\",\"url\":\"https:\/\/secure.gravatar.com\/avatar\/443820550921091458b4823867723b3d?s=96&d=mm&r=g\",\"contentUrl\":\"https:\/\/secure.gravatar.com\/avatar\/443820550921091458b4823867723b3d?s=96&d=mm&r=g\",\"caption\":\"gaprsa\"},\"url\":\"https:\/\/www.ull.es\/portal\/noticias\/author\/gaprsa\/\"}]}<\/script>\n<!-- \/ Yoast SEO plugin. -->","yoast_head_json":{"title":"Rosa Aguilar, rectora de la Universidad de La Laguna - ULL - Noticias","robots":{"index":"index","follow":"follow","max-snippet":"max-snippet:-1","max-image-preview":"max-image-preview:large","max-video-preview":"max-video-preview:-1"},"canonical":"https:\/\/www.ull.es\/portal\/noticias\/2019\/rosa-aguilar-rectora-de-la-universidad-de-la-laguna\/","og_locale":"es_ES","og_type":"article","og_title":"Rosa Aguilar, rectora de la Universidad de La Laguna - ULL - Noticias","og_description":"La catedr\u00e1tica de Ingenier\u00eda de Sistemas y Autom\u00e1tica, Rosa M\u00aa Aguilar Chinea, ha resultado hoy 28 de mayo elegida rectora...","og_url":"https:\/\/www.ull.es\/portal\/noticias\/2019\/rosa-aguilar-rectora-de-la-universidad-de-la-laguna\/","og_site_name":"ULL - Noticias","article_publisher":"https:\/\/www.facebook.com\/universidaddelalaguna\/","article_published_time":"2019-05-28T19:39:54+00:00","article_modified_time":"2019-05-28T21:15:56+00:00","og_image":[{"width":1024,"height":683,"url":"https:\/\/www.ull.es\/portal\/noticias\/wp-content\/uploads\/sites\/13\/2019\/05\/Victoria-Rosa-Aguilar-03.jpg","type":"image\/jpeg"}],"author":"gaprsa","twitter_card":"summary_large_image","twitter_creator":"@CanalULL","twitter_site":"@CanalULL","twitter_misc":{"Escrito por":"gaprsa","Tiempo de lectura":"3 minutos"},"schema":{"@context":"https:\/\/schema.org","@graph":[{"@type":"WebPage","@id":"https:\/\/www.ull.es\/portal\/noticias\/2019\/rosa-aguilar-rectora-de-la-universidad-de-la-laguna\/","url":"https:\/\/www.ull.es\/portal\/noticias\/2019\/rosa-aguilar-rectora-de-la-universidad-de-la-laguna\/","name":"Rosa Aguilar, rectora de la Universidad de La Laguna - ULL - Noticias","isPartOf":{"@id":"https:\/\/www.ull.es\/portal\/noticias\/#website"},"datePublished":"2019-05-28T19:39:54+00:00","dateModified":"2019-05-28T21:15:56+00:00","author":{"@id":"https:\/\/www.ull.es\/portal\/noticias\/#\/schema\/person\/b2b1a89d43ffa609e591f7df8ef3e817"},"breadcrumb":{"@id":"https:\/\/www.ull.es\/portal\/noticias\/2019\/rosa-aguilar-rectora-de-la-universidad-de-la-laguna\/#breadcrumb"},"inLanguage":"es","potentialAction":[{"@type":"ReadAction","target":["https:\/\/www.ull.es\/portal\/noticias\/2019\/rosa-aguilar-rectora-de-la-universidad-de-la-laguna\/"]}]},{"@type":"BreadcrumbList","@id":"https:\/\/www.ull.es\/portal\/noticias\/2019\/rosa-aguilar-rectora-de-la-universidad-de-la-laguna\/#breadcrumb","itemListElement":[{"@type":"ListItem","position":1,"name":"Portada","item":"https:\/\/www.ull.es\/portal\/noticias\/"},{"@type":"ListItem","position":2,"name":"Rosa Aguilar, rectora de la Universidad de La Laguna"}]},{"@type":"WebSite","@id":"https:\/\/www.ull.es\/portal\/noticias\/#website","url":"https:\/\/www.ull.es\/portal\/noticias\/","name":"ULL - Noticias","description":"","potentialAction":[{"@type":"SearchAction","target":{"@type":"EntryPoint","urlTemplate":"https:\/\/www.ull.es\/portal\/noticias\/?s={search_term_string}"},"query-input":"required name=search_term_string"}],"inLanguage":"es"},{"@type":"Person","@id":"https:\/\/www.ull.es\/portal\/noticias\/#\/schema\/person\/b2b1a89d43ffa609e591f7df8ef3e817","name":"gaprsa","image":{"@type":"ImageObject","inLanguage":"es","@id":"https:\/\/www.ull.es\/portal\/noticias\/#\/schema\/person\/image\/","url":"https:\/\/secure.gravatar.com\/avatar\/443820550921091458b4823867723b3d?s=96&d=mm&r=g","contentUrl":"https:\/\/secure.gravatar.com\/avatar\/443820550921091458b4823867723b3d?s=96&d=mm&r=g","caption":"gaprsa"},"url":"https:\/\/www.ull.es\/portal\/noticias\/author\/gaprsa\/"}]}},"primary_category":{"id":345,"name":"Destacado","slug":"destacado","link":"https:\/\/www.ull.es\/portal\/noticias\/category\/destacado\/"},"featured_image_thumbnail_url":"https:\/\/www.ull.es\/portal\/noticias\/wp-content\/uploads\/sites\/13\/2019\/05\/Victoria-Rosa-Aguilar-03-300x200.jpg","_links":{"self":[{"href":"https:\/\/www.ull.es\/portal\/noticias\/wp-json\/wp\/v2\/posts\/44580"}],"collection":[{"href":"https:\/\/www.ull.es\/portal\/noticias\/wp-json\/wp\/v2\/posts"}],"about":[{"href":"https:\/\/www.ull.es\/portal\/noticias\/wp-json\/wp\/v2\/types\/post"}],"author":[{"embeddable":true,"href":"https:\/\/www.ull.es\/portal\/noticias\/wp-json\/wp\/v2\/users\/23"}],"replies":[{"embeddable":true,"href":"https:\/\/www.ull.es\/portal\/noticias\/wp-json\/wp\/v2\/comments?post=44580"}],"version-history":[{"count":3,"href":"https:\/\/www.ull.es\/portal\/noticias\/wp-json\/wp\/v2\/posts\/44580\/revisions"}],"predecessor-version":[{"id":44584,"href":"https:\/\/www.ull.es\/portal\/noticias\/wp-json\/wp\/v2\/posts\/44580\/revisions\/44584"}],"wp:featuredmedia":[{"embeddable":true,"href":"https:\/\/www.ull.es\/portal\/noticias\/wp-json\/wp\/v2\/media\/44585"}],"wp:attachment":[{"href":"https:\/\/www.ull.es\/portal\/noticias\/wp-json\/wp\/v2\/media?parent=44580"}],"wp:term":[{"taxonomy":"category","embeddable":true,"href":"https:\/\/www.ull.es\/portal\/noticias\/wp-json\/wp\/v2\/categories?post=44580"},{"taxonomy":"post_tag","embeddable":true,"href":"https:\/\/www.ull.es\/portal\/noticias\/wp-json\/wp\/v2\/tags?post=44580"}],"curies":[{"name":"wp","href":"https:\/\/api.w.org\/{rel}","templated":true}]}}