{"id":44709,"date":"2019-06-07T10:41:46","date_gmt":"2019-06-07T10:41:46","guid":{"rendered":"https:\/\/www.ull.es\/portal\/noticias\/?p=44709"},"modified":"2019-06-07T10:41:46","modified_gmt":"2019-06-07T10:41:46","slug":"rosa-aguilar-chinea-tomara-posesion-como-rectora-de-la-universidad-de-la-laguna-el-proximo-lunes","status":"publish","type":"post","link":"https:\/\/www.ull.es\/portal\/noticias\/2019\/rosa-aguilar-chinea-tomara-posesion-como-rectora-de-la-universidad-de-la-laguna-el-proximo-lunes\/","title":{"rendered":"Rosa Aguilar Chinea tomar\u00e1 posesi\u00f3n como rectora de la Universidad de La Laguna el pr\u00f3ximo lunes"},"content":{"rendered":"<p>La catedr\u00e1tica de Ingenier\u00eda de Sistemas y Autom\u00e1tica Rosa M\u00aa Aguilar Chinea tomar\u00e1 posesi\u00f3n como nueva rectora de la Universidad de La Laguna en un acto que se celebrar\u00e1 el pr\u00f3ximo lunes, 10 de junio, a las 19:00 horas en el Paraninfo de la instituci\u00f3n acad\u00e9mica, el cual estar\u00e1 encabezado por el presidente del Gobierno de Canarias, Fernando Clavijo.<\/p>\n<p>Tras la apertura de la sesi\u00f3n por parte del presidente del ejecutivo auton\u00f3mico, se proceder\u00e1 a la lectura del decreto de la Presidencia del Gobierno en virtud la cual Rosa M\u00aa Rosa Aguilar Chinea es nombrada Rectora Magn\u00edfica de la Universidad de La Laguna.<\/p>\n<p>A continuaci\u00f3n, llegar\u00e1 el momento m\u00e1s simb\u00f3lico de la ceremonia, durante el cual la nueva rectora jurar\u00e1 o prometer\u00e1 el cargo y firmar\u00e1 el acta de toma de posesi\u00f3n. Seguidamente, el rector saliente, Antonio Martin\u00f3n Cejas, le har\u00e1 entrega de la medalla, el anillo y el bast\u00f3n de mando propios del cargo.<\/p>\n<p>Ya investida, Rosa M\u00aa Aguilar Chinea ofrecer\u00e1 su primer discurso p\u00fablico en calidad de rectora la Universidad de La Laguna. Finalmente, el acto cerrar\u00e1 con unas palabras del presidente del Gobierno de Canarias y la audici\u00f3n de los himnos universitario y auton\u00f3mico.<\/p>\n<p><strong>Perfil de la Rectora<\/strong><\/p>\n<p>Rosa M\u00aa Aguilar Chinea gan\u00f3 el pasado 28 de mayo la segunda vuelta de las elecciones al Rectorado. Es catedr\u00e1tica de Ingenier\u00eda de Sistemas y Autom\u00e1tica en el Departamento de Ingenier\u00eda Inform\u00e1tica y Sistemas. Se licenci\u00f3 en Inform\u00e1tica en la Universidad de Las Palmas de Gran Canaria en 1993 y ley\u00f3 la tesis doctoral en Inform\u00e1tica en la Universidad de La Laguna en 1998.<\/p>\n<p>Su trayectoria docente comienza a finales de 1993 en esta universidad hasta que en el a\u00f1o 2015 obtiene la c\u00e1tedra de Ingenier\u00eda de Sistemas y Autom\u00e1tica. Ha impartido docencia en muchas titulaciones y en algunos programas de doctorado de otras universidades. Ha dirigido cuatro tesis doctorales y tiene reconocidos tres sexenios de investigaci\u00f3n y solicitado el cuarto.<\/p>\n<p>Su actividad investigadora inicial dentro del grupo de computadoras y control se desarrolla en diversas l\u00edneas (control, simulaci\u00f3n, educaci\u00f3n, etc.) y, a ra\u00edz de su tesis doctoral, empieza a liderar una nueva l\u00ednea de investigaci\u00f3n sobre sistemas discretos y an\u00e1lisis de datos. Actualmente sus proyectos activos abordan tres l\u00edneas de trabajo: energ\u00edas renovables con el ITER, turismo en colaboraci\u00f3n con la ULPGC, y bioingenier\u00eda, concretamente en el Trastorno del Espectro Autista, con neurofisi\u00f3logos de la Universidad de La Laguna.<\/p>\n<p>Ha participado en algo m\u00e1s de 20 proyectos de investigaci\u00f3n competitivos, en tres de ellos como investigador principal, y en un n\u00famero similar de proyectos de transferencia con empresas. Ha publicado m\u00e1s de 40 art\u00edculos en revistas nacionales e internacionales, 30 de ellas indexadas en JCR, de los cuales 10 en el primer cuartil. Ha presentado m\u00e1s de 60 comunicaciones en congresos nacionales e internacionales.<\/p>\n<p>Su compromiso con la gesti\u00f3n universitaria le ha llevado a ser subdirectora de la Escuela T\u00e9cnica Superior de Ingenier\u00eda Inform\u00e1tica, secretaria del Departamento de F\u00edsica Fundamental y Experimental, directora de la Escuela T\u00e9cnicas de Ingenier\u00eda Civil e Industrial, vicerrectora de Servicios Universitarios y vicerrectora de Tecnolog\u00edas de la Informaci\u00f3n y las Comunicaciones. Actualmente es presidenta del Spanish Modeling and Simulation Group, representante espa\u00f1ola en la Federaci\u00f3n Europea de Grupos de Simulaci\u00f3n, miembro de la Junta Directiva del Comit\u00e9 Espa\u00f1ol de Autom\u00e1tica y de otros organismos internacionales de su rama de conocimiento.<\/p>\n","protected":false},"excerpt":{"rendered":"<p>La catedr\u00e1tica de Ingenier\u00eda de Sistemas y Autom\u00e1tica Rosa M\u00aa Aguilar Chinea tomar\u00e1 posesi\u00f3n como nueva rectora de la Universidad&#8230;<\/p>\n","protected":false},"author":23,"featured_media":44716,"comment_status":"closed","ping_status":"closed","sticky":false,"template":"","format":"standard","meta":{"inline_featured_image":false,"footnotes":""},"categories":[345,348,2765],"tags":[5605,5736,2497],"acf":[],"yoast_head":"<!-- This site is optimized with the Yoast SEO plugin v21.3 - https:\/\/yoast.com\/wordpress\/plugins\/seo\/ -->\n<title>Rosa Aguilar Chinea tomar\u00e1 posesi\u00f3n como rectora de la Universidad de La Laguna el pr\u00f3ximo lunes - ULL - Noticias<\/title>\n<meta name=\"robots\" content=\"index, follow, max-snippet:-1, max-image-preview:large, max-video-preview:-1\" \/>\n<link rel=\"canonical\" href=\"https:\/\/www.ull.es\/portal\/noticias\/2019\/rosa-aguilar-chinea-tomara-posesion-como-rectora-de-la-universidad-de-la-laguna-el-proximo-lunes\/\" \/>\n<meta property=\"og:locale\" content=\"es_ES\" \/>\n<meta property=\"og:type\" content=\"article\" \/>\n<meta property=\"og:title\" content=\"Rosa Aguilar Chinea tomar\u00e1 posesi\u00f3n como rectora de la Universidad de La Laguna el pr\u00f3ximo lunes - ULL - Noticias\" \/>\n<meta property=\"og:description\" content=\"La catedr\u00e1tica de Ingenier\u00eda de Sistemas y Autom\u00e1tica Rosa M\u00aa Aguilar Chinea tomar\u00e1 posesi\u00f3n como nueva rectora de la Universidad...\" \/>\n<meta property=\"og:url\" content=\"https:\/\/www.ull.es\/portal\/noticias\/2019\/rosa-aguilar-chinea-tomara-posesion-como-rectora-de-la-universidad-de-la-laguna-el-proximo-lunes\/\" \/>\n<meta property=\"og:site_name\" content=\"ULL - Noticias\" \/>\n<meta property=\"article:publisher\" content=\"https:\/\/www.facebook.com\/universidaddelalaguna\/\" \/>\n<meta property=\"article:published_time\" content=\"2019-06-07T10:41:46+00:00\" \/>\n<meta property=\"og:image\" content=\"https:\/\/www.ull.es\/portal\/noticias\/wp-content\/uploads\/sites\/13\/2019\/06\/rosa-aguilar.jpg\" \/>\n\t<meta property=\"og:image:width\" content=\"1200\" \/>\n\t<meta property=\"og:image:height\" content=\"800\" \/>\n\t<meta property=\"og:image:type\" content=\"image\/jpeg\" \/>\n<meta name=\"author\" content=\"gaprsa\" \/>\n<meta name=\"twitter:card\" content=\"summary_large_image\" \/>\n<meta name=\"twitter:creator\" content=\"@CanalULL\" \/>\n<meta name=\"twitter:site\" content=\"@CanalULL\" \/>\n<meta name=\"twitter:label1\" content=\"Escrito por\" \/>\n\t<meta name=\"twitter:data1\" content=\"gaprsa\" \/>\n\t<meta name=\"twitter:label2\" content=\"Tiempo de lectura\" \/>\n\t<meta name=\"twitter:data2\" content=\"3 minutos\" \/>\n<script type=\"application\/ld+json\" class=\"yoast-schema-graph\">{\"@context\":\"https:\/\/schema.org\",\"@graph\":[{\"@type\":\"WebPage\",\"@id\":\"https:\/\/www.ull.es\/portal\/noticias\/2019\/rosa-aguilar-chinea-tomara-posesion-como-rectora-de-la-universidad-de-la-laguna-el-proximo-lunes\/\",\"url\":\"https:\/\/www.ull.es\/portal\/noticias\/2019\/rosa-aguilar-chinea-tomara-posesion-como-rectora-de-la-universidad-de-la-laguna-el-proximo-lunes\/\",\"name\":\"Rosa Aguilar Chinea tomar\u00e1 posesi\u00f3n como rectora de la Universidad de La Laguna el pr\u00f3ximo lunes - ULL - Noticias\",\"isPartOf\":{\"@id\":\"https:\/\/www.ull.es\/portal\/noticias\/#website\"},\"datePublished\":\"2019-06-07T10:41:46+00:00\",\"dateModified\":\"2019-06-07T10:41:46+00:00\",\"author\":{\"@id\":\"https:\/\/www.ull.es\/portal\/noticias\/#\/schema\/person\/b2b1a89d43ffa609e591f7df8ef3e817\"},\"breadcrumb\":{\"@id\":\"https:\/\/www.ull.es\/portal\/noticias\/2019\/rosa-aguilar-chinea-tomara-posesion-como-rectora-de-la-universidad-de-la-laguna-el-proximo-lunes\/#breadcrumb\"},\"inLanguage\":\"es\",\"potentialAction\":[{\"@type\":\"ReadAction\",\"target\":[\"https:\/\/www.ull.es\/portal\/noticias\/2019\/rosa-aguilar-chinea-tomara-posesion-como-rectora-de-la-universidad-de-la-laguna-el-proximo-lunes\/\"]}]},{\"@type\":\"BreadcrumbList\",\"@id\":\"https:\/\/www.ull.es\/portal\/noticias\/2019\/rosa-aguilar-chinea-tomara-posesion-como-rectora-de-la-universidad-de-la-laguna-el-proximo-lunes\/#breadcrumb\",\"itemListElement\":[{\"@type\":\"ListItem\",\"position\":1,\"name\":\"Portada\",\"item\":\"https:\/\/www.ull.es\/portal\/noticias\/\"},{\"@type\":\"ListItem\",\"position\":2,\"name\":\"Rosa Aguilar Chinea tomar\u00e1 posesi\u00f3n como rectora de la Universidad de La Laguna el pr\u00f3ximo lunes\"}]},{\"@type\":\"WebSite\",\"@id\":\"https:\/\/www.ull.es\/portal\/noticias\/#website\",\"url\":\"https:\/\/www.ull.es\/portal\/noticias\/\",\"name\":\"ULL - Noticias\",\"description\":\"\",\"potentialAction\":[{\"@type\":\"SearchAction\",\"target\":{\"@type\":\"EntryPoint\",\"urlTemplate\":\"https:\/\/www.ull.es\/portal\/noticias\/?s={search_term_string}\"},\"query-input\":\"required name=search_term_string\"}],\"inLanguage\":\"es\"},{\"@type\":\"Person\",\"@id\":\"https:\/\/www.ull.es\/portal\/noticias\/#\/schema\/person\/b2b1a89d43ffa609e591f7df8ef3e817\",\"name\":\"gaprsa\",\"image\":{\"@type\":\"ImageObject\",\"inLanguage\":\"es\",\"@id\":\"https:\/\/www.ull.es\/portal\/noticias\/#\/schema\/person\/image\/\",\"url\":\"https:\/\/secure.gravatar.com\/avatar\/443820550921091458b4823867723b3d?s=96&d=mm&r=g\",\"contentUrl\":\"https:\/\/secure.gravatar.com\/avatar\/443820550921091458b4823867723b3d?s=96&d=mm&r=g\",\"caption\":\"gaprsa\"},\"url\":\"https:\/\/www.ull.es\/portal\/noticias\/author\/gaprsa\/\"}]}<\/script>\n<!-- \/ Yoast SEO plugin. -->","yoast_head_json":{"title":"Rosa Aguilar Chinea tomar\u00e1 posesi\u00f3n como rectora de la Universidad de La Laguna el pr\u00f3ximo lunes - ULL - Noticias","robots":{"index":"index","follow":"follow","max-snippet":"max-snippet:-1","max-image-preview":"max-image-preview:large","max-video-preview":"max-video-preview:-1"},"canonical":"https:\/\/www.ull.es\/portal\/noticias\/2019\/rosa-aguilar-chinea-tomara-posesion-como-rectora-de-la-universidad-de-la-laguna-el-proximo-lunes\/","og_locale":"es_ES","og_type":"article","og_title":"Rosa Aguilar Chinea tomar\u00e1 posesi\u00f3n como rectora de la Universidad de La Laguna el pr\u00f3ximo lunes - ULL - Noticias","og_description":"La catedr\u00e1tica de Ingenier\u00eda de Sistemas y Autom\u00e1tica Rosa M\u00aa Aguilar Chinea tomar\u00e1 posesi\u00f3n como nueva rectora de la Universidad...","og_url":"https:\/\/www.ull.es\/portal\/noticias\/2019\/rosa-aguilar-chinea-tomara-posesion-como-rectora-de-la-universidad-de-la-laguna-el-proximo-lunes\/","og_site_name":"ULL - Noticias","article_publisher":"https:\/\/www.facebook.com\/universidaddelalaguna\/","article_published_time":"2019-06-07T10:41:46+00:00","og_image":[{"width":1200,"height":800,"url":"https:\/\/www.ull.es\/portal\/noticias\/wp-content\/uploads\/sites\/13\/2019\/06\/rosa-aguilar.jpg","type":"image\/jpeg"}],"author":"gaprsa","twitter_card":"summary_large_image","twitter_creator":"@CanalULL","twitter_site":"@CanalULL","twitter_misc":{"Escrito por":"gaprsa","Tiempo de lectura":"3 minutos"},"schema":{"@context":"https:\/\/schema.org","@graph":[{"@type":"WebPage","@id":"https:\/\/www.ull.es\/portal\/noticias\/2019\/rosa-aguilar-chinea-tomara-posesion-como-rectora-de-la-universidad-de-la-laguna-el-proximo-lunes\/","url":"https:\/\/www.ull.es\/portal\/noticias\/2019\/rosa-aguilar-chinea-tomara-posesion-como-rectora-de-la-universidad-de-la-laguna-el-proximo-lunes\/","name":"Rosa Aguilar Chinea tomar\u00e1 posesi\u00f3n como rectora de la Universidad de La Laguna el pr\u00f3ximo lunes - ULL - Noticias","isPartOf":{"@id":"https:\/\/www.ull.es\/portal\/noticias\/#website"},"datePublished":"2019-06-07T10:41:46+00:00","dateModified":"2019-06-07T10:41:46+00:00","author":{"@id":"https:\/\/www.ull.es\/portal\/noticias\/#\/schema\/person\/b2b1a89d43ffa609e591f7df8ef3e817"},"breadcrumb":{"@id":"https:\/\/www.ull.es\/portal\/noticias\/2019\/rosa-aguilar-chinea-tomara-posesion-como-rectora-de-la-universidad-de-la-laguna-el-proximo-lunes\/#breadcrumb"},"inLanguage":"es","potentialAction":[{"@type":"ReadAction","target":["https:\/\/www.ull.es\/portal\/noticias\/2019\/rosa-aguilar-chinea-tomara-posesion-como-rectora-de-la-universidad-de-la-laguna-el-proximo-lunes\/"]}]},{"@type":"BreadcrumbList","@id":"https:\/\/www.ull.es\/portal\/noticias\/2019\/rosa-aguilar-chinea-tomara-posesion-como-rectora-de-la-universidad-de-la-laguna-el-proximo-lunes\/#breadcrumb","itemListElement":[{"@type":"ListItem","position":1,"name":"Portada","item":"https:\/\/www.ull.es\/portal\/noticias\/"},{"@type":"ListItem","position":2,"name":"Rosa Aguilar Chinea tomar\u00e1 posesi\u00f3n como rectora de la Universidad de La Laguna el pr\u00f3ximo lunes"}]},{"@type":"WebSite","@id":"https:\/\/www.ull.es\/portal\/noticias\/#website","url":"https:\/\/www.ull.es\/portal\/noticias\/","name":"ULL - Noticias","description":"","potentialAction":[{"@type":"SearchAction","target":{"@type":"EntryPoint","urlTemplate":"https:\/\/www.ull.es\/portal\/noticias\/?s={search_term_string}"},"query-input":"required name=search_term_string"}],"inLanguage":"es"},{"@type":"Person","@id":"https:\/\/www.ull.es\/portal\/noticias\/#\/schema\/person\/b2b1a89d43ffa609e591f7df8ef3e817","name":"gaprsa","image":{"@type":"ImageObject","inLanguage":"es","@id":"https:\/\/www.ull.es\/portal\/noticias\/#\/schema\/person\/image\/","url":"https:\/\/secure.gravatar.com\/avatar\/443820550921091458b4823867723b3d?s=96&d=mm&r=g","contentUrl":"https:\/\/secure.gravatar.com\/avatar\/443820550921091458b4823867723b3d?s=96&d=mm&r=g","caption":"gaprsa"},"url":"https:\/\/www.ull.es\/portal\/noticias\/author\/gaprsa\/"}]}},"primary_category":{"id":345,"name":"Destacado","slug":"destacado","link":"https:\/\/www.ull.es\/portal\/noticias\/category\/destacado\/"},"featured_image_thumbnail_url":"https:\/\/www.ull.es\/portal\/noticias\/wp-content\/uploads\/sites\/13\/2019\/06\/rosa-aguilar-300x200.jpg","_links":{"self":[{"href":"https:\/\/www.ull.es\/portal\/noticias\/wp-json\/wp\/v2\/posts\/44709"}],"collection":[{"href":"https:\/\/www.ull.es\/portal\/noticias\/wp-json\/wp\/v2\/posts"}],"about":[{"href":"https:\/\/www.ull.es\/portal\/noticias\/wp-json\/wp\/v2\/types\/post"}],"author":[{"embeddable":true,"href":"https:\/\/www.ull.es\/portal\/noticias\/wp-json\/wp\/v2\/users\/23"}],"replies":[{"embeddable":true,"href":"https:\/\/www.ull.es\/portal\/noticias\/wp-json\/wp\/v2\/comments?post=44709"}],"version-history":[{"count":1,"href":"https:\/\/www.ull.es\/portal\/noticias\/wp-json\/wp\/v2\/posts\/44709\/revisions"}],"predecessor-version":[{"id":44710,"href":"https:\/\/www.ull.es\/portal\/noticias\/wp-json\/wp\/v2\/posts\/44709\/revisions\/44710"}],"wp:featuredmedia":[{"embeddable":true,"href":"https:\/\/www.ull.es\/portal\/noticias\/wp-json\/wp\/v2\/media\/44716"}],"wp:attachment":[{"href":"https:\/\/www.ull.es\/portal\/noticias\/wp-json\/wp\/v2\/media?parent=44709"}],"wp:term":[{"taxonomy":"category","embeddable":true,"href":"https:\/\/www.ull.es\/portal\/noticias\/wp-json\/wp\/v2\/categories?post=44709"},{"taxonomy":"post_tag","embeddable":true,"href":"https:\/\/www.ull.es\/portal\/noticias\/wp-json\/wp\/v2\/tags?post=44709"}],"curies":[{"name":"wp","href":"https:\/\/api.w.org\/{rel}","templated":true}]}}