{"id":44819,"date":"2019-06-13T09:12:57","date_gmt":"2019-06-13T09:12:57","guid":{"rendered":"https:\/\/www.ull.es\/portal\/noticias\/?p=44819"},"modified":"2019-06-13T09:12:57","modified_gmt":"2019-06-13T09:12:57","slug":"jornadas-riesgo-inundaciones","status":"publish","type":"post","link":"https:\/\/www.ull.es\/portal\/noticias\/2019\/jornadas-riesgo-inundaciones\/","title":{"rendered":"Unas jornadas universitarias abordar\u00e1n el riesgo de inundaciones y las medidas para prevenirlo"},"content":{"rendered":"<p><a href=\"https:\/\/www.ull.es\/portal\/noticias\/wp-content\/uploads\/sites\/13\/2019\/06\/jornada-riesgo-inundacion-g.jpg\" target=\"_blank\" rel=\"noopener\" target=\"_blank\" rel=\"noopener\"><img decoding=\"async\" loading=\"lazy\" class=\"alignleft wp-image-44821 size-medium\" src=\"https:\/\/www.ull.es\/portal\/noticias\/wp-content\/uploads\/sites\/13\/2019\/06\/jornada-riesgo-inundacion-g-224x300.jpg\" alt=\"riesgo de inundaci\u00f3n\" width=\"224\" height=\"300\" srcset=\"https:\/\/www.ull.es\/portal\/noticias\/wp-content\/uploads\/sites\/13\/2019\/06\/jornada-riesgo-inundacion-g-224x300.jpg 224w, https:\/\/www.ull.es\/portal\/noticias\/wp-content\/uploads\/sites\/13\/2019\/06\/jornada-riesgo-inundacion-g-768x1030.jpg 768w, https:\/\/www.ull.es\/portal\/noticias\/wp-content\/uploads\/sites\/13\/2019\/06\/jornada-riesgo-inundacion-g-764x1024.jpg 764w, https:\/\/www.ull.es\/portal\/noticias\/wp-content\/uploads\/sites\/13\/2019\/06\/jornada-riesgo-inundacion-g-375x503.jpg 375w, https:\/\/www.ull.es\/portal\/noticias\/wp-content\/uploads\/sites\/13\/2019\/06\/jornada-riesgo-inundacion-g-750x1006.jpg 750w, https:\/\/www.ull.es\/portal\/noticias\/wp-content\/uploads\/sites\/13\/2019\/06\/jornada-riesgo-inundacion-g.jpg 895w\" sizes=\"(max-width: 224px) 100vw, 224px\" \/><\/a>Los eventos meteorol\u00f3gicos que han generados cuantiosos da\u00f1os e, incluso, la p\u00e9rdida de vidas, han sido muy frecuentes en Canarias durante las \u00faltimas d\u00e9cadas: las lluvias del 31 de marzo de 2002 en Santa Cruz de Tenerife, noviembre de 2002 en el Sur de Gran Canaria, octubre de 2015 en los municipios orientales de la misma isla, o febrero de 2010 en numerosos puntos del archipi\u00e9lago. En este contexto, los d\u00edas 17 y 18 de junio se celebrar\u00e1n las jornadas cient\u00edficas \u201cRiesgos de Inundaci\u00f3n y Resiliencia: de la teor\u00eda a la acci\u00f3n\u201d.<\/p>\n<p>Las sesiones se celebrar\u00e1n, el d\u00eda 17 a partir de las 9:00, en la Sala de Grado de la Facultad de Geograf\u00eda e Historia de La Universidad de Las Palmas de Gran Canaria y, el d\u00eda 18 a la misma hora, en la sede del Instituto de Estudios Canarios en San Crist\u00f3bal de La Laguna. Se encuentra <a href=\"https:\/\/www.ull.es\/portal\/agenda\/evento\/riesgos-de-inundaciones-y-resiliencia-de-la-teoria-a-la-accion\/\" target=\"_blank\" rel=\"noopener\">abierta la inscripci\u00f3n gratuita<\/a> en la web de la Universidad de La Laguna.<\/p>\n<p>Las jornadas est\u00e1n enmarcadas en el proyecto de investigaci\u00f3n \u201cAn\u00e1lisis del impacto de las inundaciones en \u00e1reas tur\u00edsticas costeras: Canarias, laboratorio natural de resiliencia\u201d, dirigido por el profesor de la Universidad de Las Palmas de Gran Canaria Pablo M\u00e1yer Suarez y financiado por el Gobierno de Canarias. En \u00e9l colaboran la C\u00e1tedra de Reducci\u00f3n de Riesgos de Desastre y Ciudades Resilientes de la Universidad de La Laguna, el Instituto de Oceanograf\u00eda y Cambio Global de la Universidad de Las Palmas de Gran Canaria y el Colegio de Ge\u00f3grafos de la delegaci\u00f3n de Canarias.<\/p>\n<p>En las sesiones participar\u00e1n especialistas de las dos universidades p\u00fablicas canarias, as\u00ed como la Universidad de Alicante (Jorge Olcina Cantos), la Universidad de Valencia (Ana Mar\u00eda Camarasa Belmonte), el Instituto Geol\u00f3gico y Minero de Espa\u00f1a (Andr\u00e9s D\u00edez Herrero), el Consejo Insular de Aguas de El Hierro (Luis Fernando Mart\u00edn Rodr\u00edguez) y el CECOES 112 del Gobierno de Canarias (Rafael Garc\u00eda Hern\u00e1ndez). Las ponencias versar\u00e1n sobre aspectos muy diversos en torno a los problemas y retos que suponen las inundaciones, especialmente en enclaves costeros en los que el turismo juega un papel fundamental: la evaluaci\u00f3n y gesti\u00f3n de los riesgos de inundaci\u00f3n, el Plan de Emergencias por riesgos de inundaciones de Canarias, el cambio clim\u00e1tico y sus riesgos de cara a la actividad tur\u00edstica, la necesidad de los estudios de riesgo de inundaci\u00f3n, los datos generados por las avenidas en la comunidad valenciana o la subida del nivel del mar en algunas localidades del archipi\u00e9lago.<\/p>\n<p>El objetivo ser\u00e1 compartir experiencias de planificaci\u00f3n y gesti\u00f3n del territorio en torno al riesgo de inundaciones para Canarias, pero con la aportaci\u00f3n de experiencias de otros territorios similares en condiciones pluviom\u00e9tricas y actividad tur\u00edstica. Todo ello, sin perder de vista cuestiones directamente relacionadas con el cambio clim\u00e1tico, proceso en el que el Archipi\u00e9lago ya se encuentra inmerso.<\/p>\n","protected":false},"excerpt":{"rendered":"<p>Los eventos meteorol\u00f3gicos que han generados cuantiosos da\u00f1os e, incluso, la p\u00e9rdida de vidas, han sido muy frecuentes en Canarias&#8230;<\/p>\n","protected":false},"author":21,"featured_media":44820,"comment_status":"closed","ping_status":"closed","sticky":false,"template":"","format":"image","meta":{"inline_featured_image":false,"footnotes":""},"categories":[345,348,2765],"tags":[4306,2267,5755],"acf":[],"yoast_head":"<!-- This site is optimized with the Yoast SEO plugin v21.3 - https:\/\/yoast.com\/wordpress\/plugins\/seo\/ -->\n<title>Unas jornadas universitarias abordar\u00e1n el riesgo de inundaciones<\/title>\n<meta name=\"description\" content=\"Se celebrar\u00e1n el 17 de junio en la Universidad de Las Palmas de Gran Canaria y el 18 de junio, en la Universidad de La Laguna.\" \/>\n<meta name=\"robots\" content=\"index, follow, max-snippet:-1, max-image-preview:large, max-video-preview:-1\" \/>\n<link rel=\"canonical\" href=\"https:\/\/www.ull.es\/portal\/noticias\/2019\/jornadas-riesgo-inundaciones\/\" \/>\n<meta property=\"og:locale\" content=\"es_ES\" \/>\n<meta property=\"og:type\" content=\"article\" \/>\n<meta property=\"og:title\" content=\"Unas jornadas universitarias abordar\u00e1n el riesgo de inundaciones\" \/>\n<meta property=\"og:description\" content=\"Se celebrar\u00e1n el 17 de junio en la Universidad de Las Palmas de Gran Canaria y el 18 de junio, en la Universidad de La Laguna.\" \/>\n<meta property=\"og:url\" content=\"https:\/\/www.ull.es\/portal\/noticias\/2019\/jornadas-riesgo-inundaciones\/\" \/>\n<meta property=\"og:site_name\" content=\"ULL - Noticias\" \/>\n<meta property=\"article:publisher\" content=\"https:\/\/www.facebook.com\/universidaddelalaguna\/\" \/>\n<meta property=\"article:published_time\" content=\"2019-06-13T09:12:57+00:00\" \/>\n<meta property=\"og:image\" content=\"https:\/\/www.ull.es\/portal\/noticias\/wp-content\/uploads\/sites\/13\/2019\/06\/jornada-riesgo-inundacion-p.jpg\" \/>\n\t<meta property=\"og:image:width\" content=\"835\" \/>\n\t<meta property=\"og:image:height\" content=\"450\" \/>\n\t<meta property=\"og:image:type\" content=\"image\/jpeg\" \/>\n<meta name=\"author\" content=\"prensa2\" \/>\n<meta name=\"twitter:card\" content=\"summary_large_image\" \/>\n<meta name=\"twitter:creator\" content=\"@CanalULL\" \/>\n<meta name=\"twitter:site\" content=\"@CanalULL\" \/>\n<meta name=\"twitter:label1\" content=\"Escrito por\" \/>\n\t<meta name=\"twitter:data1\" content=\"prensa2\" \/>\n\t<meta name=\"twitter:label2\" content=\"Tiempo de lectura\" \/>\n\t<meta name=\"twitter:data2\" content=\"3 minutos\" \/>\n<script type=\"application\/ld+json\" class=\"yoast-schema-graph\">{\"@context\":\"https:\/\/schema.org\",\"@graph\":[{\"@type\":\"WebPage\",\"@id\":\"https:\/\/www.ull.es\/portal\/noticias\/2019\/jornadas-riesgo-inundaciones\/\",\"url\":\"https:\/\/www.ull.es\/portal\/noticias\/2019\/jornadas-riesgo-inundaciones\/\",\"name\":\"Unas jornadas universitarias abordar\u00e1n el riesgo de inundaciones\",\"isPartOf\":{\"@id\":\"https:\/\/www.ull.es\/portal\/noticias\/#website\"},\"datePublished\":\"2019-06-13T09:12:57+00:00\",\"dateModified\":\"2019-06-13T09:12:57+00:00\",\"author\":{\"@id\":\"https:\/\/www.ull.es\/portal\/noticias\/#\/schema\/person\/c3b2aa857797592927a03740d6664376\"},\"description\":\"Se celebrar\u00e1n el 17 de junio en la Universidad de Las Palmas de Gran Canaria y el 18 de junio, en la Universidad de La Laguna.\",\"breadcrumb\":{\"@id\":\"https:\/\/www.ull.es\/portal\/noticias\/2019\/jornadas-riesgo-inundaciones\/#breadcrumb\"},\"inLanguage\":\"es\",\"potentialAction\":[{\"@type\":\"ReadAction\",\"target\":[\"https:\/\/www.ull.es\/portal\/noticias\/2019\/jornadas-riesgo-inundaciones\/\"]}]},{\"@type\":\"BreadcrumbList\",\"@id\":\"https:\/\/www.ull.es\/portal\/noticias\/2019\/jornadas-riesgo-inundaciones\/#breadcrumb\",\"itemListElement\":[{\"@type\":\"ListItem\",\"position\":1,\"name\":\"Portada\",\"item\":\"https:\/\/www.ull.es\/portal\/noticias\/\"},{\"@type\":\"ListItem\",\"position\":2,\"name\":\"Unas jornadas universitarias abordar\u00e1n el riesgo de inundaciones y las medidas para prevenirlo\"}]},{\"@type\":\"WebSite\",\"@id\":\"https:\/\/www.ull.es\/portal\/noticias\/#website\",\"url\":\"https:\/\/www.ull.es\/portal\/noticias\/\",\"name\":\"ULL - Noticias\",\"description\":\"\",\"potentialAction\":[{\"@type\":\"SearchAction\",\"target\":{\"@type\":\"EntryPoint\",\"urlTemplate\":\"https:\/\/www.ull.es\/portal\/noticias\/?s={search_term_string}\"},\"query-input\":\"required name=search_term_string\"}],\"inLanguage\":\"es\"},{\"@type\":\"Person\",\"@id\":\"https:\/\/www.ull.es\/portal\/noticias\/#\/schema\/person\/c3b2aa857797592927a03740d6664376\",\"name\":\"prensa2\",\"image\":{\"@type\":\"ImageObject\",\"inLanguage\":\"es\",\"@id\":\"https:\/\/www.ull.es\/portal\/noticias\/#\/schema\/person\/image\/\",\"url\":\"https:\/\/secure.gravatar.com\/avatar\/b58f310a5de5feb33d1e026d2493f23c?s=96&d=mm&r=g\",\"contentUrl\":\"https:\/\/secure.gravatar.com\/avatar\/b58f310a5de5feb33d1e026d2493f23c?s=96&d=mm&r=g\",\"caption\":\"prensa2\"},\"url\":\"https:\/\/www.ull.es\/portal\/noticias\/author\/prensa2\/\"}]}<\/script>\n<!-- \/ Yoast SEO plugin. -->","yoast_head_json":{"title":"Unas jornadas universitarias abordar\u00e1n el riesgo de inundaciones","description":"Se celebrar\u00e1n el 17 de junio en la Universidad de Las Palmas de Gran Canaria y el 18 de junio, en la Universidad de La Laguna.","robots":{"index":"index","follow":"follow","max-snippet":"max-snippet:-1","max-image-preview":"max-image-preview:large","max-video-preview":"max-video-preview:-1"},"canonical":"https:\/\/www.ull.es\/portal\/noticias\/2019\/jornadas-riesgo-inundaciones\/","og_locale":"es_ES","og_type":"article","og_title":"Unas jornadas universitarias abordar\u00e1n el riesgo de inundaciones","og_description":"Se celebrar\u00e1n el 17 de junio en la Universidad de Las Palmas de Gran Canaria y el 18 de junio, en la Universidad de La Laguna.","og_url":"https:\/\/www.ull.es\/portal\/noticias\/2019\/jornadas-riesgo-inundaciones\/","og_site_name":"ULL - Noticias","article_publisher":"https:\/\/www.facebook.com\/universidaddelalaguna\/","article_published_time":"2019-06-13T09:12:57+00:00","og_image":[{"width":835,"height":450,"url":"https:\/\/www.ull.es\/portal\/noticias\/wp-content\/uploads\/sites\/13\/2019\/06\/jornada-riesgo-inundacion-p.jpg","type":"image\/jpeg"}],"author":"prensa2","twitter_card":"summary_large_image","twitter_creator":"@CanalULL","twitter_site":"@CanalULL","twitter_misc":{"Escrito por":"prensa2","Tiempo de lectura":"3 minutos"},"schema":{"@context":"https:\/\/schema.org","@graph":[{"@type":"WebPage","@id":"https:\/\/www.ull.es\/portal\/noticias\/2019\/jornadas-riesgo-inundaciones\/","url":"https:\/\/www.ull.es\/portal\/noticias\/2019\/jornadas-riesgo-inundaciones\/","name":"Unas jornadas universitarias abordar\u00e1n el riesgo de inundaciones","isPartOf":{"@id":"https:\/\/www.ull.es\/portal\/noticias\/#website"},"datePublished":"2019-06-13T09:12:57+00:00","dateModified":"2019-06-13T09:12:57+00:00","author":{"@id":"https:\/\/www.ull.es\/portal\/noticias\/#\/schema\/person\/c3b2aa857797592927a03740d6664376"},"description":"Se celebrar\u00e1n el 17 de junio en la Universidad de Las Palmas de Gran Canaria y el 18 de junio, en la Universidad de La Laguna.","breadcrumb":{"@id":"https:\/\/www.ull.es\/portal\/noticias\/2019\/jornadas-riesgo-inundaciones\/#breadcrumb"},"inLanguage":"es","potentialAction":[{"@type":"ReadAction","target":["https:\/\/www.ull.es\/portal\/noticias\/2019\/jornadas-riesgo-inundaciones\/"]}]},{"@type":"BreadcrumbList","@id":"https:\/\/www.ull.es\/portal\/noticias\/2019\/jornadas-riesgo-inundaciones\/#breadcrumb","itemListElement":[{"@type":"ListItem","position":1,"name":"Portada","item":"https:\/\/www.ull.es\/portal\/noticias\/"},{"@type":"ListItem","position":2,"name":"Unas jornadas universitarias abordar\u00e1n el riesgo de inundaciones y las medidas para prevenirlo"}]},{"@type":"WebSite","@id":"https:\/\/www.ull.es\/portal\/noticias\/#website","url":"https:\/\/www.ull.es\/portal\/noticias\/","name":"ULL - Noticias","description":"","potentialAction":[{"@type":"SearchAction","target":{"@type":"EntryPoint","urlTemplate":"https:\/\/www.ull.es\/portal\/noticias\/?s={search_term_string}"},"query-input":"required name=search_term_string"}],"inLanguage":"es"},{"@type":"Person","@id":"https:\/\/www.ull.es\/portal\/noticias\/#\/schema\/person\/c3b2aa857797592927a03740d6664376","name":"prensa2","image":{"@type":"ImageObject","inLanguage":"es","@id":"https:\/\/www.ull.es\/portal\/noticias\/#\/schema\/person\/image\/","url":"https:\/\/secure.gravatar.com\/avatar\/b58f310a5de5feb33d1e026d2493f23c?s=96&d=mm&r=g","contentUrl":"https:\/\/secure.gravatar.com\/avatar\/b58f310a5de5feb33d1e026d2493f23c?s=96&d=mm&r=g","caption":"prensa2"},"url":"https:\/\/www.ull.es\/portal\/noticias\/author\/prensa2\/"}]}},"primary_category":{"id":345,"name":"Destacado","slug":"destacado","link":"https:\/\/www.ull.es\/portal\/noticias\/category\/destacado\/"},"featured_image_thumbnail_url":"https:\/\/www.ull.es\/portal\/noticias\/wp-content\/uploads\/sites\/13\/2019\/06\/jornada-riesgo-inundacion-p-300x162.jpg","_links":{"self":[{"href":"https:\/\/www.ull.es\/portal\/noticias\/wp-json\/wp\/v2\/posts\/44819"}],"collection":[{"href":"https:\/\/www.ull.es\/portal\/noticias\/wp-json\/wp\/v2\/posts"}],"about":[{"href":"https:\/\/www.ull.es\/portal\/noticias\/wp-json\/wp\/v2\/types\/post"}],"author":[{"embeddable":true,"href":"https:\/\/www.ull.es\/portal\/noticias\/wp-json\/wp\/v2\/users\/21"}],"replies":[{"embeddable":true,"href":"https:\/\/www.ull.es\/portal\/noticias\/wp-json\/wp\/v2\/comments?post=44819"}],"version-history":[{"count":1,"href":"https:\/\/www.ull.es\/portal\/noticias\/wp-json\/wp\/v2\/posts\/44819\/revisions"}],"predecessor-version":[{"id":44822,"href":"https:\/\/www.ull.es\/portal\/noticias\/wp-json\/wp\/v2\/posts\/44819\/revisions\/44822"}],"wp:featuredmedia":[{"embeddable":true,"href":"https:\/\/www.ull.es\/portal\/noticias\/wp-json\/wp\/v2\/media\/44820"}],"wp:attachment":[{"href":"https:\/\/www.ull.es\/portal\/noticias\/wp-json\/wp\/v2\/media?parent=44819"}],"wp:term":[{"taxonomy":"category","embeddable":true,"href":"https:\/\/www.ull.es\/portal\/noticias\/wp-json\/wp\/v2\/categories?post=44819"},{"taxonomy":"post_tag","embeddable":true,"href":"https:\/\/www.ull.es\/portal\/noticias\/wp-json\/wp\/v2\/tags?post=44819"}],"curies":[{"name":"wp","href":"https:\/\/api.w.org\/{rel}","templated":true}]}}