{"id":44830,"date":"2019-06-13T11:30:46","date_gmt":"2019-06-13T11:30:46","guid":{"rendered":"https:\/\/www.ull.es\/portal\/noticias\/?p=44830"},"modified":"2019-06-13T13:34:13","modified_gmt":"2019-06-13T13:34:13","slug":"recepcion-campeonato-futbol-sala-pas","status":"publish","type":"post","link":"https:\/\/www.ull.es\/portal\/noticias\/2019\/recepcion-campeonato-futbol-sala-pas\/","title":{"rendered":"La ULL recibi\u00f3 a los diez equipos que disputar\u00e1n el XXXVII Campeonato Nacional de F\u00fatbol Sala del PAS"},"content":{"rendered":"<p>La Universidad de La Laguna celebr\u00f3 ayer, mi\u00e9rcoles 12 de junio, la recepci\u00f3n oficial a los diez equipos que disputan en la instituci\u00f3n acad\u00e9mica el XXXVII Campeonato Nacional de F\u00fatbol Sala del Personal de Administraci\u00f3n y Servicios (PAS). El acto estuvo presidido por la rectora, Rosa M\u00aa Aguilar Chinea, y cont\u00f3 con la presencia del consejero con delegaci\u00f3n especial en Tecnolog\u00edas de la Informaci\u00f3n y Comunicaci\u00f3n y Sociedad de la Informaci\u00f3n del Cabildo Insular de Tenerife, F\u00e9lix Fari\u00f1a Rodr\u00edguez, y la directora del Servicio de Deportes del centro anfitri\u00f3n, Bego\u00f1a L\u00f3pez Rodr\u00edguez.<\/p>\n<p>Aunque el campeonato comenz\u00f3 el pasado lunes, 10 de junio, la recepci\u00f3n se ha celebrado tres d\u00edas despu\u00e9s porque no todos los equipos han estado presentes en Tenerife desde el primer d\u00eda. En la competici\u00f3n participan, concretamente, los combinados de las universidades de Almer\u00eda, C\u00e1diz, Vigo, Islas Baleares, Santiago de Compostela, Murcia, Granada, Oviedo, Alicante y la propia La Laguna.<\/p>\n<div id=\"attachment_44831\" style=\"width: 310px\" class=\"wp-caption alignleft\"><a href=\"https:\/\/www.ull.es\/portal\/noticias\/wp-content\/uploads\/sites\/13\/2019\/06\/Bienv-Torneo-Futbol-Sala-PAS-05.jpg\" target=\"_blank\" rel=\"noopener\" target=\"_blank\" rel=\"noopener\"><img aria-describedby=\"caption-attachment-44831\" decoding=\"async\" loading=\"lazy\" class=\"wp-image-44831 size-medium\" src=\"https:\/\/www.ull.es\/portal\/noticias\/wp-content\/uploads\/sites\/13\/2019\/06\/Bienv-Torneo-Futbol-Sala-PAS-05-300x200.jpg\" alt=\"f\u00fatbol sala\" width=\"300\" height=\"200\" srcset=\"https:\/\/www.ull.es\/portal\/noticias\/wp-content\/uploads\/sites\/13\/2019\/06\/Bienv-Torneo-Futbol-Sala-PAS-05-300x200.jpg 300w, https:\/\/www.ull.es\/portal\/noticias\/wp-content\/uploads\/sites\/13\/2019\/06\/Bienv-Torneo-Futbol-Sala-PAS-05-768x512.jpg 768w, https:\/\/www.ull.es\/portal\/noticias\/wp-content\/uploads\/sites\/13\/2019\/06\/Bienv-Torneo-Futbol-Sala-PAS-05.jpg 1024w, https:\/\/www.ull.es\/portal\/noticias\/wp-content\/uploads\/sites\/13\/2019\/06\/Bienv-Torneo-Futbol-Sala-PAS-05-375x250.jpg 375w, https:\/\/www.ull.es\/portal\/noticias\/wp-content\/uploads\/sites\/13\/2019\/06\/Bienv-Torneo-Futbol-Sala-PAS-05-750x500.jpg 750w\" sizes=\"(max-width: 300px) 100vw, 300px\" \/><\/a><p id=\"caption-attachment-44831\" class=\"wp-caption-text\">Los equipos competidores durante la recpeci\u00f3n.<\/p><\/div>\n<p>En su bienvenida, la rectora abog\u00f3 por que el campeonato discurriera en un \u00e1mbito distendido donde primaran el juego limpio y el \u201cverdadero esp\u00edritu del deporte universitario\u201d. Tambi\u00e9n aprovech\u00f3 la ocasi\u00f3n para reflexionar que, tradicionalmente, \u201cla mujer ha sido excluida de la pr\u00e1ctica deportiva porque no encajaba en su rol de g\u00e9nero\u201d, por lo que manifest\u00f3 su esperanza por lograr una pr\u00e1ctica deportiva universitaria que no caiga en esos estereotipos.<\/p>\n<p>El campeonato se estructura en una liga disputada por dos bloques de cinco equipos cada uno. A la fase final concurrir\u00e1n los primeros de cada grupo, para designar el primer y el segundo puesto, mientras que el resto de la clasificaci\u00f3n, hasta el d\u00e9cimo puesto, se establecer\u00e1 seg\u00fan los resultados obtenidos por cada equipo en cada grupo. Tambi\u00e9n habr\u00e1 trofeos para el jugador m\u00e1ximo goleador, al equipo menos goleado y a la deportividad.<\/p>\n<p>El equipo de la Universidad de La Laguna est\u00e1 integrado por Jos\u00e9 Antonio Bello D\u00edaz, Antonio Hern\u00e1ndez Cabrera, Gamaliel Enrique Rojas Lutzardo, Alonso Garc\u00eda Hern\u00e1ndez, Alejandro Mart\u00edn Santana, \u00c1ngel Antonio Rodr\u00edguez Alonso, Jos\u00e9 Manuel Zerpa P\u00e9rez, Alfonso Febles Torres, Jos\u00e9 \u00c1ngel Herrera, Miguel \u00c1ngel Gonz\u00e1lez Lugo, y Fernando Guti\u00e9rrez Barrios y Alfonso Giordano Camacho Gonz\u00e1lez, quienes son tambi\u00e9n entrenadores.<\/p>\n","protected":false},"excerpt":{"rendered":"<p>La Universidad de La Laguna celebr\u00f3 ayer, mi\u00e9rcoles 12 de junio, la recepci\u00f3n oficial a los diez equipos que disputan&#8230;<\/p>\n","protected":false},"author":21,"featured_media":44833,"comment_status":"closed","ping_status":"closed","sticky":false,"template":"","format":"standard","meta":{"inline_featured_image":false,"footnotes":""},"categories":[345,348,2755,2765],"tags":[5731,1010,5730,2057],"acf":[],"yoast_head":"<!-- This site is optimized with the Yoast SEO plugin v21.3 - https:\/\/yoast.com\/wordpress\/plugins\/seo\/ -->\n<title>La ULL acoge el Campeonato Nacional de F\u00fatbol Sala del PAS<\/title>\n<meta name=\"description\" content=\"La ULL celebr\u00f3 el 12 de junio la recepci\u00f3n a los diez equipos que disputarn \u00e9n el centro el XXXVII Campeonato Nacional de F\u00fatbol Sala del PAS.\" \/>\n<meta name=\"robots\" content=\"index, follow, max-snippet:-1, max-image-preview:large, max-video-preview:-1\" \/>\n<link rel=\"canonical\" href=\"https:\/\/www.ull.es\/portal\/noticias\/2019\/recepcion-campeonato-futbol-sala-pas\/\" \/>\n<meta property=\"og:locale\" content=\"es_ES\" \/>\n<meta property=\"og:type\" content=\"article\" \/>\n<meta property=\"og:title\" content=\"La ULL acoge el Campeonato Nacional de F\u00fatbol Sala del PAS\" \/>\n<meta property=\"og:description\" content=\"La ULL celebr\u00f3 el 12 de junio la recepci\u00f3n a los diez equipos que disputarn \u00e9n el centro el XXXVII Campeonato Nacional de F\u00fatbol Sala del PAS.\" \/>\n<meta property=\"og:url\" content=\"https:\/\/www.ull.es\/portal\/noticias\/2019\/recepcion-campeonato-futbol-sala-pas\/\" \/>\n<meta property=\"og:site_name\" content=\"ULL - Noticias\" \/>\n<meta property=\"article:publisher\" content=\"https:\/\/www.facebook.com\/universidaddelalaguna\/\" \/>\n<meta property=\"article:published_time\" content=\"2019-06-13T11:30:46+00:00\" \/>\n<meta property=\"article:modified_time\" content=\"2019-06-13T13:34:13+00:00\" \/>\n<meta property=\"og:image\" content=\"https:\/\/www.ull.es\/portal\/noticias\/wp-content\/uploads\/sites\/13\/2019\/06\/Bienv-Torneo-Futbol-Sala-PAS-15.jpg\" \/>\n\t<meta property=\"og:image:width\" content=\"1024\" \/>\n\t<meta property=\"og:image:height\" content=\"683\" \/>\n\t<meta property=\"og:image:type\" content=\"image\/jpeg\" \/>\n<meta name=\"author\" content=\"prensa2\" \/>\n<meta name=\"twitter:card\" content=\"summary_large_image\" \/>\n<meta name=\"twitter:creator\" content=\"@CanalULL\" \/>\n<meta name=\"twitter:site\" content=\"@CanalULL\" \/>\n<meta name=\"twitter:label1\" content=\"Escrito por\" \/>\n\t<meta name=\"twitter:data1\" content=\"prensa2\" \/>\n\t<meta name=\"twitter:label2\" content=\"Tiempo de lectura\" \/>\n\t<meta name=\"twitter:data2\" content=\"2 minutos\" \/>\n<script type=\"application\/ld+json\" class=\"yoast-schema-graph\">{\"@context\":\"https:\/\/schema.org\",\"@graph\":[{\"@type\":\"WebPage\",\"@id\":\"https:\/\/www.ull.es\/portal\/noticias\/2019\/recepcion-campeonato-futbol-sala-pas\/\",\"url\":\"https:\/\/www.ull.es\/portal\/noticias\/2019\/recepcion-campeonato-futbol-sala-pas\/\",\"name\":\"La ULL acoge el Campeonato Nacional de F\u00fatbol Sala del PAS\",\"isPartOf\":{\"@id\":\"https:\/\/www.ull.es\/portal\/noticias\/#website\"},\"datePublished\":\"2019-06-13T11:30:46+00:00\",\"dateModified\":\"2019-06-13T13:34:13+00:00\",\"author\":{\"@id\":\"https:\/\/www.ull.es\/portal\/noticias\/#\/schema\/person\/c3b2aa857797592927a03740d6664376\"},\"description\":\"La ULL celebr\u00f3 el 12 de junio la recepci\u00f3n a los diez equipos que disputarn \u00e9n el centro el XXXVII Campeonato Nacional de F\u00fatbol Sala del PAS.\",\"breadcrumb\":{\"@id\":\"https:\/\/www.ull.es\/portal\/noticias\/2019\/recepcion-campeonato-futbol-sala-pas\/#breadcrumb\"},\"inLanguage\":\"es\",\"potentialAction\":[{\"@type\":\"ReadAction\",\"target\":[\"https:\/\/www.ull.es\/portal\/noticias\/2019\/recepcion-campeonato-futbol-sala-pas\/\"]}]},{\"@type\":\"BreadcrumbList\",\"@id\":\"https:\/\/www.ull.es\/portal\/noticias\/2019\/recepcion-campeonato-futbol-sala-pas\/#breadcrumb\",\"itemListElement\":[{\"@type\":\"ListItem\",\"position\":1,\"name\":\"Portada\",\"item\":\"https:\/\/www.ull.es\/portal\/noticias\/\"},{\"@type\":\"ListItem\",\"position\":2,\"name\":\"La ULL recibi\u00f3 a los diez equipos que disputar\u00e1n el XXXVII Campeonato Nacional de F\u00fatbol Sala del PAS\"}]},{\"@type\":\"WebSite\",\"@id\":\"https:\/\/www.ull.es\/portal\/noticias\/#website\",\"url\":\"https:\/\/www.ull.es\/portal\/noticias\/\",\"name\":\"ULL - Noticias\",\"description\":\"\",\"potentialAction\":[{\"@type\":\"SearchAction\",\"target\":{\"@type\":\"EntryPoint\",\"urlTemplate\":\"https:\/\/www.ull.es\/portal\/noticias\/?s={search_term_string}\"},\"query-input\":\"required name=search_term_string\"}],\"inLanguage\":\"es\"},{\"@type\":\"Person\",\"@id\":\"https:\/\/www.ull.es\/portal\/noticias\/#\/schema\/person\/c3b2aa857797592927a03740d6664376\",\"name\":\"prensa2\",\"image\":{\"@type\":\"ImageObject\",\"inLanguage\":\"es\",\"@id\":\"https:\/\/www.ull.es\/portal\/noticias\/#\/schema\/person\/image\/\",\"url\":\"https:\/\/secure.gravatar.com\/avatar\/b58f310a5de5feb33d1e026d2493f23c?s=96&d=mm&r=g\",\"contentUrl\":\"https:\/\/secure.gravatar.com\/avatar\/b58f310a5de5feb33d1e026d2493f23c?s=96&d=mm&r=g\",\"caption\":\"prensa2\"},\"url\":\"https:\/\/www.ull.es\/portal\/noticias\/author\/prensa2\/\"}]}<\/script>\n<!-- \/ Yoast SEO plugin. -->","yoast_head_json":{"title":"La ULL acoge el Campeonato Nacional de F\u00fatbol Sala del PAS","description":"La ULL celebr\u00f3 el 12 de junio la recepci\u00f3n a los diez equipos que disputarn \u00e9n el centro el XXXVII Campeonato Nacional de F\u00fatbol Sala del PAS.","robots":{"index":"index","follow":"follow","max-snippet":"max-snippet:-1","max-image-preview":"max-image-preview:large","max-video-preview":"max-video-preview:-1"},"canonical":"https:\/\/www.ull.es\/portal\/noticias\/2019\/recepcion-campeonato-futbol-sala-pas\/","og_locale":"es_ES","og_type":"article","og_title":"La ULL acoge el Campeonato Nacional de F\u00fatbol Sala del PAS","og_description":"La ULL celebr\u00f3 el 12 de junio la recepci\u00f3n a los diez equipos que disputarn \u00e9n el centro el XXXVII Campeonato Nacional de F\u00fatbol Sala del PAS.","og_url":"https:\/\/www.ull.es\/portal\/noticias\/2019\/recepcion-campeonato-futbol-sala-pas\/","og_site_name":"ULL - Noticias","article_publisher":"https:\/\/www.facebook.com\/universidaddelalaguna\/","article_published_time":"2019-06-13T11:30:46+00:00","article_modified_time":"2019-06-13T13:34:13+00:00","og_image":[{"width":1024,"height":683,"url":"https:\/\/www.ull.es\/portal\/noticias\/wp-content\/uploads\/sites\/13\/2019\/06\/Bienv-Torneo-Futbol-Sala-PAS-15.jpg","type":"image\/jpeg"}],"author":"prensa2","twitter_card":"summary_large_image","twitter_creator":"@CanalULL","twitter_site":"@CanalULL","twitter_misc":{"Escrito por":"prensa2","Tiempo de lectura":"2 minutos"},"schema":{"@context":"https:\/\/schema.org","@graph":[{"@type":"WebPage","@id":"https:\/\/www.ull.es\/portal\/noticias\/2019\/recepcion-campeonato-futbol-sala-pas\/","url":"https:\/\/www.ull.es\/portal\/noticias\/2019\/recepcion-campeonato-futbol-sala-pas\/","name":"La ULL acoge el Campeonato Nacional de F\u00fatbol Sala del PAS","isPartOf":{"@id":"https:\/\/www.ull.es\/portal\/noticias\/#website"},"datePublished":"2019-06-13T11:30:46+00:00","dateModified":"2019-06-13T13:34:13+00:00","author":{"@id":"https:\/\/www.ull.es\/portal\/noticias\/#\/schema\/person\/c3b2aa857797592927a03740d6664376"},"description":"La ULL celebr\u00f3 el 12 de junio la recepci\u00f3n a los diez equipos que disputarn \u00e9n el centro el XXXVII Campeonato Nacional de F\u00fatbol Sala del PAS.","breadcrumb":{"@id":"https:\/\/www.ull.es\/portal\/noticias\/2019\/recepcion-campeonato-futbol-sala-pas\/#breadcrumb"},"inLanguage":"es","potentialAction":[{"@type":"ReadAction","target":["https:\/\/www.ull.es\/portal\/noticias\/2019\/recepcion-campeonato-futbol-sala-pas\/"]}]},{"@type":"BreadcrumbList","@id":"https:\/\/www.ull.es\/portal\/noticias\/2019\/recepcion-campeonato-futbol-sala-pas\/#breadcrumb","itemListElement":[{"@type":"ListItem","position":1,"name":"Portada","item":"https:\/\/www.ull.es\/portal\/noticias\/"},{"@type":"ListItem","position":2,"name":"La ULL recibi\u00f3 a los diez equipos que disputar\u00e1n el XXXVII Campeonato Nacional de F\u00fatbol Sala del PAS"}]},{"@type":"WebSite","@id":"https:\/\/www.ull.es\/portal\/noticias\/#website","url":"https:\/\/www.ull.es\/portal\/noticias\/","name":"ULL - Noticias","description":"","potentialAction":[{"@type":"SearchAction","target":{"@type":"EntryPoint","urlTemplate":"https:\/\/www.ull.es\/portal\/noticias\/?s={search_term_string}"},"query-input":"required name=search_term_string"}],"inLanguage":"es"},{"@type":"Person","@id":"https:\/\/www.ull.es\/portal\/noticias\/#\/schema\/person\/c3b2aa857797592927a03740d6664376","name":"prensa2","image":{"@type":"ImageObject","inLanguage":"es","@id":"https:\/\/www.ull.es\/portal\/noticias\/#\/schema\/person\/image\/","url":"https:\/\/secure.gravatar.com\/avatar\/b58f310a5de5feb33d1e026d2493f23c?s=96&d=mm&r=g","contentUrl":"https:\/\/secure.gravatar.com\/avatar\/b58f310a5de5feb33d1e026d2493f23c?s=96&d=mm&r=g","caption":"prensa2"},"url":"https:\/\/www.ull.es\/portal\/noticias\/author\/prensa2\/"}]}},"primary_category":{"id":345,"name":"Destacado","slug":"destacado","link":"https:\/\/www.ull.es\/portal\/noticias\/category\/destacado\/"},"featured_image_thumbnail_url":"https:\/\/www.ull.es\/portal\/noticias\/wp-content\/uploads\/sites\/13\/2019\/06\/Bienv-Torneo-Futbol-Sala-PAS-15-300x200.jpg","_links":{"self":[{"href":"https:\/\/www.ull.es\/portal\/noticias\/wp-json\/wp\/v2\/posts\/44830"}],"collection":[{"href":"https:\/\/www.ull.es\/portal\/noticias\/wp-json\/wp\/v2\/posts"}],"about":[{"href":"https:\/\/www.ull.es\/portal\/noticias\/wp-json\/wp\/v2\/types\/post"}],"author":[{"embeddable":true,"href":"https:\/\/www.ull.es\/portal\/noticias\/wp-json\/wp\/v2\/users\/21"}],"replies":[{"embeddable":true,"href":"https:\/\/www.ull.es\/portal\/noticias\/wp-json\/wp\/v2\/comments?post=44830"}],"version-history":[{"count":3,"href":"https:\/\/www.ull.es\/portal\/noticias\/wp-json\/wp\/v2\/posts\/44830\/revisions"}],"predecessor-version":[{"id":44836,"href":"https:\/\/www.ull.es\/portal\/noticias\/wp-json\/wp\/v2\/posts\/44830\/revisions\/44836"}],"wp:featuredmedia":[{"embeddable":true,"href":"https:\/\/www.ull.es\/portal\/noticias\/wp-json\/wp\/v2\/media\/44833"}],"wp:attachment":[{"href":"https:\/\/www.ull.es\/portal\/noticias\/wp-json\/wp\/v2\/media?parent=44830"}],"wp:term":[{"taxonomy":"category","embeddable":true,"href":"https:\/\/www.ull.es\/portal\/noticias\/wp-json\/wp\/v2\/categories?post=44830"},{"taxonomy":"post_tag","embeddable":true,"href":"https:\/\/www.ull.es\/portal\/noticias\/wp-json\/wp\/v2\/tags?post=44830"}],"curies":[{"name":"wp","href":"https:\/\/api.w.org\/{rel}","templated":true}]}}