{"id":44837,"date":"2019-06-13T14:01:18","date_gmt":"2019-06-13T14:01:18","guid":{"rendered":"https:\/\/www.ull.es\/portal\/noticias\/?p=44837"},"modified":"2019-10-18T10:03:32","modified_gmt":"2019-10-18T10:03:32","slug":"la-tasa-de-aprobados-de-la-ebau-de-junio-en-la-provincia-de-santa-cruz-de-tenerife-ha-sido-del-9426","status":"publish","type":"post","link":"https:\/\/www.ull.es\/portal\/noticias\/2019\/la-tasa-de-aprobados-de-la-ebau-de-junio-en-la-provincia-de-santa-cruz-de-tenerife-ha-sido-del-9426\/","title":{"rendered":"La tasa de aprobados de la EBAU de junio en la provincia de Santa Cruz de Tenerife ha sido del 94,26%"},"content":{"rendered":"<p>Los resultados en la provincia de Santa Cruz de Tenerife de la Evaluaci\u00f3n de Bachillerato para el Acceso a la Universidad (EBAU) de junio de 2019 arrojan una tasa de aprobados del 94,26%, correspondiente a 4.006 estudiantes aptos sobre un total de 4.280 inscritos, 244 suspensos y 30 no presentados. Curiosamente, en la convocatoria del pasado junio de 2018 se obtuvo exactamente el mismo porcentaje, 94,26%, si bien en aquel caso correspond\u00edan a una cifra de 3.944 aprobados sobre 4.231 matriculadas.<\/p>\n<p>Por modalidades, en la de Artes se registraron 174 personas, de las cuales aprobaron 156, que supone un 94,55%, suspendieron 9 y dejaron de presentarse 9. En Ciencias hubo 2.385 inscritos, con 2.291 aprobados (96,38%), 86 suspensos y 8 no presentados. En Humanidades y Ciencias Sociales, itinerario Ciencias Sociales, se matricularon 1.158, de los cuales aprobaron 1.033 (89,67%), suspendieron 119 y dejaron de acudir a las pruebas 6. En Humanidades y Ciencias Sociales, itinerario Humanidades, hubo 563 inscritos, de los cuales aprobaron 526 (94,60%), suspendieron 30 y no se presentaron 7.<\/p>\n<p>Expresados los resultados por islas, en Tenerife el porcentaje de aprobados fue del 94,15% sobre el total de 3.603 presentados, con 224 suspensos y 29 no presentados. En La Palma, de 326 inscritos aprobaron 312 (95,71%), no lo hicieron 14 y nadie dej\u00f3 de presentarse. En La Gomera, de 66 inscritos aprobaron 65 (98,48%) y suspendi\u00f3 1. Y en El Hierro, de 32 registrados superaron la prueba 26 (93,87%), 5 no lo consiguieron y 1 no se present\u00f3.<\/p>\n<p>Estos resultados se refieren a la modalidad general de la prueba, puesto que la fase de opci\u00f3n, de car\u00e1cter voluntario, no permite ofrecer valores promedios al no realizar todo el alumnado los ex\u00e1menes y, adem\u00e1s, existir varias opciones disponibles.<\/p>\n<p>Los d\u00edas 14, 17 y hasta las 12:00 del 18 de junio ser\u00e1 posible presentar a la reclamaci\u00f3n o a la doble correcci\u00f3n. La nota resultante de ambos procesos ser\u00e1 publicada el 21 de junio, pero conviene que recordar que ambas opciones son excluyentes, es decir, que s\u00f3lo se podr\u00e1 acceder a una de las dos. Habr\u00e1 una segunda convocatoria de la EBAU en julio, concretamente entre los d\u00edas 3 y 5, que se desarrollar\u00e1 en los mismos escenarios que la prueba de junio.<\/p>\n<p><strong>Preinscripci\u00f3n<\/strong><\/p>\n<p>Con la nota obtenida en la EBAU, el alumnado podr\u00e1 solicitar la preinscripci\u00f3n para solicitar plaza en alguna titulaci\u00f3n de grado de la Universidad de La Laguna para el curso 2019\/20, proceso que abrir\u00e1 ma\u00f1ana, viernes 14 de junio a las 10:00 y permanecer\u00e1 activo hasta las 14:00 del 2 de julio.\u00a0El 5 de julio se publicar\u00e1 el estado de la solicitud de cada candidatura, es decir, si est\u00e1 admitida a tr\u00e1mite o si, por el contrario, hay alguna raz\u00f3n burocr\u00e1tica que la ha excluido. Entre ese d\u00eda y el 9 de julio habr\u00e1 un plazo para solucionar cualquier eventualidad.<\/p>\n<p>La primera lista de adjudicaci\u00f3n de plazas aparecer\u00e1 el 15 de julio, y desde ese mismo d\u00eda hasta el 17 de julio, podr\u00e1n matricularse aquellas personas que hayan obtenido un puesto en la titulaci\u00f3n que solicitaron como primera opci\u00f3n.\u00a0La segunda lista de adjudicaci\u00f3n aparecer\u00e1 el 19 de julio y su matr\u00edcula estar\u00e1 disponible hasta el 23 del mismo mes. La ejecuci\u00f3n de la lista de espera publicada el 19 de julio se celebrar\u00e1 los d\u00edas 25 y 26 de julio y su matr\u00edcula correspondiente, del 29 al 31 julio.<\/p>\n<p>Una vez culmine el procedimiento ordinario, la Universidad de La Laguna abrir\u00e1 un periodo extraordinario para cubrir las vacantes que pudieran haber quedado en alguna titulaci\u00f3n, que se abrir\u00e1 entre el 27 y el 29 de agosto.<\/p>\n","protected":false},"excerpt":{"rendered":"<p>Los resultados en la provincia de Santa Cruz de Tenerife de la Evaluaci\u00f3n de Bachillerato para el Acceso a la&#8230;<\/p>\n","protected":false},"author":23,"featured_media":44840,"comment_status":"closed","ping_status":"closed","sticky":false,"template":"","format":"standard","meta":{"inline_featured_image":false,"footnotes":""},"categories":[343,345,2765],"tags":[2879,3105],"acf":[],"yoast_head":"<!-- This site is optimized with the Yoast SEO plugin v21.3 - https:\/\/yoast.com\/wordpress\/plugins\/seo\/ -->\n<title>La tasa de aprobados de la EBAU de junio en la provincia de Santa Cruz de Tenerife ha sido del 94,26% - ULL - Noticias<\/title>\n<meta name=\"robots\" content=\"index, follow, max-snippet:-1, max-image-preview:large, max-video-preview:-1\" \/>\n<link rel=\"canonical\" href=\"https:\/\/www.ull.es\/portal\/noticias\/2019\/la-tasa-de-aprobados-de-la-ebau-de-junio-en-la-provincia-de-santa-cruz-de-tenerife-ha-sido-del-9426\/\" \/>\n<meta property=\"og:locale\" content=\"es_ES\" \/>\n<meta property=\"og:type\" content=\"article\" \/>\n<meta property=\"og:title\" content=\"La tasa de aprobados de la EBAU de junio en la provincia de Santa Cruz de Tenerife ha sido del 94,26% - ULL - Noticias\" \/>\n<meta property=\"og:description\" content=\"Los resultados en la provincia de Santa Cruz de Tenerife de la Evaluaci\u00f3n de Bachillerato para el Acceso a la...\" \/>\n<meta property=\"og:url\" content=\"https:\/\/www.ull.es\/portal\/noticias\/2019\/la-tasa-de-aprobados-de-la-ebau-de-junio-en-la-provincia-de-santa-cruz-de-tenerife-ha-sido-del-9426\/\" \/>\n<meta property=\"og:site_name\" content=\"ULL - Noticias\" \/>\n<meta property=\"article:publisher\" content=\"https:\/\/www.facebook.com\/universidaddelalaguna\/\" \/>\n<meta property=\"article:published_time\" content=\"2019-06-13T14:01:18+00:00\" \/>\n<meta property=\"article:modified_time\" content=\"2019-10-18T10:03:32+00:00\" \/>\n<meta property=\"og:image\" content=\"https:\/\/www.ull.es\/portal\/noticias\/wp-content\/uploads\/sites\/13\/2019\/06\/EBAU-2019-26.jpg\" \/>\n\t<meta property=\"og:image:width\" content=\"1600\" \/>\n\t<meta property=\"og:image:height\" content=\"1067\" \/>\n\t<meta property=\"og:image:type\" content=\"image\/jpeg\" \/>\n<meta name=\"author\" content=\"gaprsa\" \/>\n<meta name=\"twitter:card\" content=\"summary_large_image\" \/>\n<meta name=\"twitter:creator\" content=\"@CanalULL\" \/>\n<meta name=\"twitter:site\" content=\"@CanalULL\" \/>\n<meta name=\"twitter:label1\" content=\"Escrito por\" \/>\n\t<meta name=\"twitter:data1\" content=\"gaprsa\" \/>\n\t<meta name=\"twitter:label2\" content=\"Tiempo de lectura\" \/>\n\t<meta name=\"twitter:data2\" content=\"3 minutos\" \/>\n<script type=\"application\/ld+json\" class=\"yoast-schema-graph\">{\"@context\":\"https:\/\/schema.org\",\"@graph\":[{\"@type\":\"WebPage\",\"@id\":\"https:\/\/www.ull.es\/portal\/noticias\/2019\/la-tasa-de-aprobados-de-la-ebau-de-junio-en-la-provincia-de-santa-cruz-de-tenerife-ha-sido-del-9426\/\",\"url\":\"https:\/\/www.ull.es\/portal\/noticias\/2019\/la-tasa-de-aprobados-de-la-ebau-de-junio-en-la-provincia-de-santa-cruz-de-tenerife-ha-sido-del-9426\/\",\"name\":\"La tasa de aprobados de la EBAU de junio en la provincia de Santa Cruz de Tenerife ha sido del 94,26% - ULL - Noticias\",\"isPartOf\":{\"@id\":\"https:\/\/www.ull.es\/portal\/noticias\/#website\"},\"datePublished\":\"2019-06-13T14:01:18+00:00\",\"dateModified\":\"2019-10-18T10:03:32+00:00\",\"author\":{\"@id\":\"https:\/\/www.ull.es\/portal\/noticias\/#\/schema\/person\/b2b1a89d43ffa609e591f7df8ef3e817\"},\"breadcrumb\":{\"@id\":\"https:\/\/www.ull.es\/portal\/noticias\/2019\/la-tasa-de-aprobados-de-la-ebau-de-junio-en-la-provincia-de-santa-cruz-de-tenerife-ha-sido-del-9426\/#breadcrumb\"},\"inLanguage\":\"es\",\"potentialAction\":[{\"@type\":\"ReadAction\",\"target\":[\"https:\/\/www.ull.es\/portal\/noticias\/2019\/la-tasa-de-aprobados-de-la-ebau-de-junio-en-la-provincia-de-santa-cruz-de-tenerife-ha-sido-del-9426\/\"]}]},{\"@type\":\"BreadcrumbList\",\"@id\":\"https:\/\/www.ull.es\/portal\/noticias\/2019\/la-tasa-de-aprobados-de-la-ebau-de-junio-en-la-provincia-de-santa-cruz-de-tenerife-ha-sido-del-9426\/#breadcrumb\",\"itemListElement\":[{\"@type\":\"ListItem\",\"position\":1,\"name\":\"Portada\",\"item\":\"https:\/\/www.ull.es\/portal\/noticias\/\"},{\"@type\":\"ListItem\",\"position\":2,\"name\":\"La tasa de aprobados de la EBAU de junio en la provincia de Santa Cruz de Tenerife ha sido del 94,26%\"}]},{\"@type\":\"WebSite\",\"@id\":\"https:\/\/www.ull.es\/portal\/noticias\/#website\",\"url\":\"https:\/\/www.ull.es\/portal\/noticias\/\",\"name\":\"ULL - Noticias\",\"description\":\"\",\"potentialAction\":[{\"@type\":\"SearchAction\",\"target\":{\"@type\":\"EntryPoint\",\"urlTemplate\":\"https:\/\/www.ull.es\/portal\/noticias\/?s={search_term_string}\"},\"query-input\":\"required name=search_term_string\"}],\"inLanguage\":\"es\"},{\"@type\":\"Person\",\"@id\":\"https:\/\/www.ull.es\/portal\/noticias\/#\/schema\/person\/b2b1a89d43ffa609e591f7df8ef3e817\",\"name\":\"gaprsa\",\"image\":{\"@type\":\"ImageObject\",\"inLanguage\":\"es\",\"@id\":\"https:\/\/www.ull.es\/portal\/noticias\/#\/schema\/person\/image\/\",\"url\":\"https:\/\/secure.gravatar.com\/avatar\/443820550921091458b4823867723b3d?s=96&d=mm&r=g\",\"contentUrl\":\"https:\/\/secure.gravatar.com\/avatar\/443820550921091458b4823867723b3d?s=96&d=mm&r=g\",\"caption\":\"gaprsa\"},\"url\":\"https:\/\/www.ull.es\/portal\/noticias\/author\/gaprsa\/\"}]}<\/script>\n<!-- \/ Yoast SEO plugin. -->","yoast_head_json":{"title":"La tasa de aprobados de la EBAU de junio en la provincia de Santa Cruz de Tenerife ha sido del 94,26% - ULL - Noticias","robots":{"index":"index","follow":"follow","max-snippet":"max-snippet:-1","max-image-preview":"max-image-preview:large","max-video-preview":"max-video-preview:-1"},"canonical":"https:\/\/www.ull.es\/portal\/noticias\/2019\/la-tasa-de-aprobados-de-la-ebau-de-junio-en-la-provincia-de-santa-cruz-de-tenerife-ha-sido-del-9426\/","og_locale":"es_ES","og_type":"article","og_title":"La tasa de aprobados de la EBAU de junio en la provincia de Santa Cruz de Tenerife ha sido del 94,26% - ULL - Noticias","og_description":"Los resultados en la provincia de Santa Cruz de Tenerife de la Evaluaci\u00f3n de Bachillerato para el Acceso a la...","og_url":"https:\/\/www.ull.es\/portal\/noticias\/2019\/la-tasa-de-aprobados-de-la-ebau-de-junio-en-la-provincia-de-santa-cruz-de-tenerife-ha-sido-del-9426\/","og_site_name":"ULL - Noticias","article_publisher":"https:\/\/www.facebook.com\/universidaddelalaguna\/","article_published_time":"2019-06-13T14:01:18+00:00","article_modified_time":"2019-10-18T10:03:32+00:00","og_image":[{"width":1600,"height":1067,"url":"https:\/\/www.ull.es\/portal\/noticias\/wp-content\/uploads\/sites\/13\/2019\/06\/EBAU-2019-26.jpg","type":"image\/jpeg"}],"author":"gaprsa","twitter_card":"summary_large_image","twitter_creator":"@CanalULL","twitter_site":"@CanalULL","twitter_misc":{"Escrito por":"gaprsa","Tiempo de lectura":"3 minutos"},"schema":{"@context":"https:\/\/schema.org","@graph":[{"@type":"WebPage","@id":"https:\/\/www.ull.es\/portal\/noticias\/2019\/la-tasa-de-aprobados-de-la-ebau-de-junio-en-la-provincia-de-santa-cruz-de-tenerife-ha-sido-del-9426\/","url":"https:\/\/www.ull.es\/portal\/noticias\/2019\/la-tasa-de-aprobados-de-la-ebau-de-junio-en-la-provincia-de-santa-cruz-de-tenerife-ha-sido-del-9426\/","name":"La tasa de aprobados de la EBAU de junio en la provincia de Santa Cruz de Tenerife ha sido del 94,26% - ULL - Noticias","isPartOf":{"@id":"https:\/\/www.ull.es\/portal\/noticias\/#website"},"datePublished":"2019-06-13T14:01:18+00:00","dateModified":"2019-10-18T10:03:32+00:00","author":{"@id":"https:\/\/www.ull.es\/portal\/noticias\/#\/schema\/person\/b2b1a89d43ffa609e591f7df8ef3e817"},"breadcrumb":{"@id":"https:\/\/www.ull.es\/portal\/noticias\/2019\/la-tasa-de-aprobados-de-la-ebau-de-junio-en-la-provincia-de-santa-cruz-de-tenerife-ha-sido-del-9426\/#breadcrumb"},"inLanguage":"es","potentialAction":[{"@type":"ReadAction","target":["https:\/\/www.ull.es\/portal\/noticias\/2019\/la-tasa-de-aprobados-de-la-ebau-de-junio-en-la-provincia-de-santa-cruz-de-tenerife-ha-sido-del-9426\/"]}]},{"@type":"BreadcrumbList","@id":"https:\/\/www.ull.es\/portal\/noticias\/2019\/la-tasa-de-aprobados-de-la-ebau-de-junio-en-la-provincia-de-santa-cruz-de-tenerife-ha-sido-del-9426\/#breadcrumb","itemListElement":[{"@type":"ListItem","position":1,"name":"Portada","item":"https:\/\/www.ull.es\/portal\/noticias\/"},{"@type":"ListItem","position":2,"name":"La tasa de aprobados de la EBAU de junio en la provincia de Santa Cruz de Tenerife ha sido del 94,26%"}]},{"@type":"WebSite","@id":"https:\/\/www.ull.es\/portal\/noticias\/#website","url":"https:\/\/www.ull.es\/portal\/noticias\/","name":"ULL - Noticias","description":"","potentialAction":[{"@type":"SearchAction","target":{"@type":"EntryPoint","urlTemplate":"https:\/\/www.ull.es\/portal\/noticias\/?s={search_term_string}"},"query-input":"required name=search_term_string"}],"inLanguage":"es"},{"@type":"Person","@id":"https:\/\/www.ull.es\/portal\/noticias\/#\/schema\/person\/b2b1a89d43ffa609e591f7df8ef3e817","name":"gaprsa","image":{"@type":"ImageObject","inLanguage":"es","@id":"https:\/\/www.ull.es\/portal\/noticias\/#\/schema\/person\/image\/","url":"https:\/\/secure.gravatar.com\/avatar\/443820550921091458b4823867723b3d?s=96&d=mm&r=g","contentUrl":"https:\/\/secure.gravatar.com\/avatar\/443820550921091458b4823867723b3d?s=96&d=mm&r=g","caption":"gaprsa"},"url":"https:\/\/www.ull.es\/portal\/noticias\/author\/gaprsa\/"}]}},"primary_category":{"id":343,"name":"Alumnado","slug":"alumnado","link":"https:\/\/www.ull.es\/portal\/noticias\/category\/alumnado\/"},"featured_image_thumbnail_url":"https:\/\/www.ull.es\/portal\/noticias\/wp-content\/uploads\/sites\/13\/2019\/06\/EBAU-2019-26-300x200.jpg","_links":{"self":[{"href":"https:\/\/www.ull.es\/portal\/noticias\/wp-json\/wp\/v2\/posts\/44837"}],"collection":[{"href":"https:\/\/www.ull.es\/portal\/noticias\/wp-json\/wp\/v2\/posts"}],"about":[{"href":"https:\/\/www.ull.es\/portal\/noticias\/wp-json\/wp\/v2\/types\/post"}],"author":[{"embeddable":true,"href":"https:\/\/www.ull.es\/portal\/noticias\/wp-json\/wp\/v2\/users\/23"}],"replies":[{"embeddable":true,"href":"https:\/\/www.ull.es\/portal\/noticias\/wp-json\/wp\/v2\/comments?post=44837"}],"version-history":[{"count":3,"href":"https:\/\/www.ull.es\/portal\/noticias\/wp-json\/wp\/v2\/posts\/44837\/revisions"}],"predecessor-version":[{"id":47036,"href":"https:\/\/www.ull.es\/portal\/noticias\/wp-json\/wp\/v2\/posts\/44837\/revisions\/47036"}],"wp:featuredmedia":[{"embeddable":true,"href":"https:\/\/www.ull.es\/portal\/noticias\/wp-json\/wp\/v2\/media\/44840"}],"wp:attachment":[{"href":"https:\/\/www.ull.es\/portal\/noticias\/wp-json\/wp\/v2\/media?parent=44837"}],"wp:term":[{"taxonomy":"category","embeddable":true,"href":"https:\/\/www.ull.es\/portal\/noticias\/wp-json\/wp\/v2\/categories?post=44837"},{"taxonomy":"post_tag","embeddable":true,"href":"https:\/\/www.ull.es\/portal\/noticias\/wp-json\/wp\/v2\/tags?post=44837"}],"curies":[{"name":"wp","href":"https:\/\/api.w.org\/{rel}","templated":true}]}}