{"id":45301,"date":"2019-07-03T12:40:30","date_gmt":"2019-07-03T12:40:30","guid":{"rendered":"https:\/\/www.ull.es\/portal\/noticias\/?p=45301"},"modified":"2019-07-04T08:32:04","modified_gmt":"2019-07-04T08:32:04","slug":"rectora-vicerrector-investigacion-iac","status":"publish","type":"post","link":"https:\/\/www.ull.es\/portal\/noticias\/2019\/rectora-vicerrector-investigacion-iac\/","title":{"rendered":"La rectora y el vicerrector de Investigaci\u00f3n de la ULL visitaron el Instituto de Astrof\u00edsica de Canarias"},"content":{"rendered":"<p>La rectora de la Universidad de La Laguna, Rosa Aguilar Chinea, y el vicerrector de Investigaci\u00f3n, Transferencia y Campus de Santa Cruz y del Sur, Ernesto Pereda, visitaron ayer, martes 2 de julio, las instalaciones centrales del <a href=\"http:\/\/www.iac.es\/\" target=\"_blank\" rel=\"noopener noreferrer\" target=\"_blank\" rel=\"noopener\">Instituto de Astrof\u00edsica de Canarias<\/a>, donde se reunieron con el equipo gestor del centro investigador, con su director, Rafael Rebolo, a la cabeza.<\/p>\n<p>Tras la reuni\u00f3n, tambi\u00e9n se realiz\u00f3 una visita a la sede del IAC, en donde, entre otras infraestructuras, la comitiva universitaria pudo ver una copia de los rotadores del Gran Telescopio de Canarias y la \u00f3ptica adaptativa del mismo instrumental.<\/p>\n","protected":false},"excerpt":{"rendered":"<p>La rectora de la Universidad de La Laguna, Rosa Aguilar Chinea, y el vicerrector de Investigaci\u00f3n, Transferencia y Campus de&#8230;<\/p>\n","protected":false},"author":21,"featured_media":45302,"comment_status":"closed","ping_status":"closed","sticky":false,"template":"","format":"standard","meta":{"inline_featured_image":false,"footnotes":""},"categories":[345,350,2765],"tags":[561,1454,1513,2739],"acf":[],"yoast_head":"<!-- This site is optimized with the Yoast SEO plugin v21.3 - https:\/\/yoast.com\/wordpress\/plugins\/seo\/ -->\n<title>La rectora y el vicerrector de investigaci\u00f3n de la ULL visitaron el IAC<\/title>\n<meta name=\"description\" content=\"Se reunieron con el equipo directivo y visitaron infraestructuras como una copia de los rotadores y la \u00f3ptica adaptativa del Gran Telescopio de Canarias\" \/>\n<meta name=\"robots\" content=\"index, follow, max-snippet:-1, max-image-preview:large, max-video-preview:-1\" \/>\n<link rel=\"canonical\" href=\"https:\/\/www.ull.es\/portal\/noticias\/2019\/rectora-vicerrector-investigacion-iac\/\" \/>\n<meta property=\"og:locale\" content=\"es_ES\" \/>\n<meta property=\"og:type\" content=\"article\" \/>\n<meta property=\"og:title\" content=\"La rectora y el vicerrector de investigaci\u00f3n de la ULL visitaron el IAC\" \/>\n<meta property=\"og:description\" content=\"Se reunieron con el equipo directivo y visitaron infraestructuras como una copia de los rotadores y la \u00f3ptica adaptativa del Gran Telescopio de Canarias\" \/>\n<meta property=\"og:url\" content=\"https:\/\/www.ull.es\/portal\/noticias\/2019\/rectora-vicerrector-investigacion-iac\/\" \/>\n<meta property=\"og:site_name\" content=\"ULL - Noticias\" \/>\n<meta property=\"article:publisher\" content=\"https:\/\/www.facebook.com\/universidaddelalaguna\/\" \/>\n<meta property=\"article:published_time\" content=\"2019-07-03T12:40:30+00:00\" \/>\n<meta property=\"article:modified_time\" content=\"2019-07-04T08:32:04+00:00\" \/>\n<meta property=\"og:image\" content=\"https:\/\/www.ull.es\/portal\/noticias\/wp-content\/uploads\/sites\/13\/2019\/07\/visita-optica-adpatativa-iac.jpg\" \/>\n\t<meta property=\"og:image:width\" content=\"1200\" \/>\n\t<meta property=\"og:image:height\" content=\"800\" \/>\n\t<meta property=\"og:image:type\" content=\"image\/jpeg\" \/>\n<meta name=\"author\" content=\"prensa2\" \/>\n<meta name=\"twitter:card\" content=\"summary_large_image\" \/>\n<meta name=\"twitter:creator\" content=\"@CanalULL\" \/>\n<meta name=\"twitter:site\" content=\"@CanalULL\" \/>\n<meta name=\"twitter:label1\" content=\"Escrito por\" \/>\n\t<meta name=\"twitter:data1\" content=\"prensa2\" \/>\n\t<meta name=\"twitter:label2\" content=\"Tiempo de lectura\" \/>\n\t<meta name=\"twitter:data2\" content=\"1 minuto\" \/>\n<script type=\"application\/ld+json\" class=\"yoast-schema-graph\">{\"@context\":\"https:\/\/schema.org\",\"@graph\":[{\"@type\":\"WebPage\",\"@id\":\"https:\/\/www.ull.es\/portal\/noticias\/2019\/rectora-vicerrector-investigacion-iac\/\",\"url\":\"https:\/\/www.ull.es\/portal\/noticias\/2019\/rectora-vicerrector-investigacion-iac\/\",\"name\":\"La rectora y el vicerrector de investigaci\u00f3n de la ULL visitaron el IAC\",\"isPartOf\":{\"@id\":\"https:\/\/www.ull.es\/portal\/noticias\/#website\"},\"datePublished\":\"2019-07-03T12:40:30+00:00\",\"dateModified\":\"2019-07-04T08:32:04+00:00\",\"author\":{\"@id\":\"https:\/\/www.ull.es\/portal\/noticias\/#\/schema\/person\/c3b2aa857797592927a03740d6664376\"},\"description\":\"Se reunieron con el equipo directivo y visitaron infraestructuras como una copia de los rotadores y la \u00f3ptica adaptativa del Gran Telescopio de Canarias\",\"breadcrumb\":{\"@id\":\"https:\/\/www.ull.es\/portal\/noticias\/2019\/rectora-vicerrector-investigacion-iac\/#breadcrumb\"},\"inLanguage\":\"es\",\"potentialAction\":[{\"@type\":\"ReadAction\",\"target\":[\"https:\/\/www.ull.es\/portal\/noticias\/2019\/rectora-vicerrector-investigacion-iac\/\"]}]},{\"@type\":\"BreadcrumbList\",\"@id\":\"https:\/\/www.ull.es\/portal\/noticias\/2019\/rectora-vicerrector-investigacion-iac\/#breadcrumb\",\"itemListElement\":[{\"@type\":\"ListItem\",\"position\":1,\"name\":\"Portada\",\"item\":\"https:\/\/www.ull.es\/portal\/noticias\/\"},{\"@type\":\"ListItem\",\"position\":2,\"name\":\"La rectora y el vicerrector de Investigaci\u00f3n de la ULL visitaron el Instituto de Astrof\u00edsica de Canarias\"}]},{\"@type\":\"WebSite\",\"@id\":\"https:\/\/www.ull.es\/portal\/noticias\/#website\",\"url\":\"https:\/\/www.ull.es\/portal\/noticias\/\",\"name\":\"ULL - Noticias\",\"description\":\"\",\"potentialAction\":[{\"@type\":\"SearchAction\",\"target\":{\"@type\":\"EntryPoint\",\"urlTemplate\":\"https:\/\/www.ull.es\/portal\/noticias\/?s={search_term_string}\"},\"query-input\":\"required name=search_term_string\"}],\"inLanguage\":\"es\"},{\"@type\":\"Person\",\"@id\":\"https:\/\/www.ull.es\/portal\/noticias\/#\/schema\/person\/c3b2aa857797592927a03740d6664376\",\"name\":\"prensa2\",\"image\":{\"@type\":\"ImageObject\",\"inLanguage\":\"es\",\"@id\":\"https:\/\/www.ull.es\/portal\/noticias\/#\/schema\/person\/image\/\",\"url\":\"https:\/\/secure.gravatar.com\/avatar\/b58f310a5de5feb33d1e026d2493f23c?s=96&d=mm&r=g\",\"contentUrl\":\"https:\/\/secure.gravatar.com\/avatar\/b58f310a5de5feb33d1e026d2493f23c?s=96&d=mm&r=g\",\"caption\":\"prensa2\"},\"url\":\"https:\/\/www.ull.es\/portal\/noticias\/author\/prensa2\/\"}]}<\/script>\n<!-- \/ Yoast SEO plugin. -->","yoast_head_json":{"title":"La rectora y el vicerrector de investigaci\u00f3n de la ULL visitaron el IAC","description":"Se reunieron con el equipo directivo y visitaron infraestructuras como una copia de los rotadores y la \u00f3ptica adaptativa del Gran Telescopio de Canarias","robots":{"index":"index","follow":"follow","max-snippet":"max-snippet:-1","max-image-preview":"max-image-preview:large","max-video-preview":"max-video-preview:-1"},"canonical":"https:\/\/www.ull.es\/portal\/noticias\/2019\/rectora-vicerrector-investigacion-iac\/","og_locale":"es_ES","og_type":"article","og_title":"La rectora y el vicerrector de investigaci\u00f3n de la ULL visitaron el IAC","og_description":"Se reunieron con el equipo directivo y visitaron infraestructuras como una copia de los rotadores y la \u00f3ptica adaptativa del Gran Telescopio de Canarias","og_url":"https:\/\/www.ull.es\/portal\/noticias\/2019\/rectora-vicerrector-investigacion-iac\/","og_site_name":"ULL - Noticias","article_publisher":"https:\/\/www.facebook.com\/universidaddelalaguna\/","article_published_time":"2019-07-03T12:40:30+00:00","article_modified_time":"2019-07-04T08:32:04+00:00","og_image":[{"width":1200,"height":800,"url":"https:\/\/www.ull.es\/portal\/noticias\/wp-content\/uploads\/sites\/13\/2019\/07\/visita-optica-adpatativa-iac.jpg","type":"image\/jpeg"}],"author":"prensa2","twitter_card":"summary_large_image","twitter_creator":"@CanalULL","twitter_site":"@CanalULL","twitter_misc":{"Escrito por":"prensa2","Tiempo de lectura":"1 minuto"},"schema":{"@context":"https:\/\/schema.org","@graph":[{"@type":"WebPage","@id":"https:\/\/www.ull.es\/portal\/noticias\/2019\/rectora-vicerrector-investigacion-iac\/","url":"https:\/\/www.ull.es\/portal\/noticias\/2019\/rectora-vicerrector-investigacion-iac\/","name":"La rectora y el vicerrector de investigaci\u00f3n de la ULL visitaron el IAC","isPartOf":{"@id":"https:\/\/www.ull.es\/portal\/noticias\/#website"},"datePublished":"2019-07-03T12:40:30+00:00","dateModified":"2019-07-04T08:32:04+00:00","author":{"@id":"https:\/\/www.ull.es\/portal\/noticias\/#\/schema\/person\/c3b2aa857797592927a03740d6664376"},"description":"Se reunieron con el equipo directivo y visitaron infraestructuras como una copia de los rotadores y la \u00f3ptica adaptativa del Gran Telescopio de Canarias","breadcrumb":{"@id":"https:\/\/www.ull.es\/portal\/noticias\/2019\/rectora-vicerrector-investigacion-iac\/#breadcrumb"},"inLanguage":"es","potentialAction":[{"@type":"ReadAction","target":["https:\/\/www.ull.es\/portal\/noticias\/2019\/rectora-vicerrector-investigacion-iac\/"]}]},{"@type":"BreadcrumbList","@id":"https:\/\/www.ull.es\/portal\/noticias\/2019\/rectora-vicerrector-investigacion-iac\/#breadcrumb","itemListElement":[{"@type":"ListItem","position":1,"name":"Portada","item":"https:\/\/www.ull.es\/portal\/noticias\/"},{"@type":"ListItem","position":2,"name":"La rectora y el vicerrector de Investigaci\u00f3n de la ULL visitaron el Instituto de Astrof\u00edsica de Canarias"}]},{"@type":"WebSite","@id":"https:\/\/www.ull.es\/portal\/noticias\/#website","url":"https:\/\/www.ull.es\/portal\/noticias\/","name":"ULL - Noticias","description":"","potentialAction":[{"@type":"SearchAction","target":{"@type":"EntryPoint","urlTemplate":"https:\/\/www.ull.es\/portal\/noticias\/?s={search_term_string}"},"query-input":"required name=search_term_string"}],"inLanguage":"es"},{"@type":"Person","@id":"https:\/\/www.ull.es\/portal\/noticias\/#\/schema\/person\/c3b2aa857797592927a03740d6664376","name":"prensa2","image":{"@type":"ImageObject","inLanguage":"es","@id":"https:\/\/www.ull.es\/portal\/noticias\/#\/schema\/person\/image\/","url":"https:\/\/secure.gravatar.com\/avatar\/b58f310a5de5feb33d1e026d2493f23c?s=96&d=mm&r=g","contentUrl":"https:\/\/secure.gravatar.com\/avatar\/b58f310a5de5feb33d1e026d2493f23c?s=96&d=mm&r=g","caption":"prensa2"},"url":"https:\/\/www.ull.es\/portal\/noticias\/author\/prensa2\/"}]}},"primary_category":{"id":345,"name":"Destacado","slug":"destacado","link":"https:\/\/www.ull.es\/portal\/noticias\/category\/destacado\/"},"featured_image_thumbnail_url":"https:\/\/www.ull.es\/portal\/noticias\/wp-content\/uploads\/sites\/13\/2019\/07\/visita-optica-adpatativa-iac-300x200.jpg","_links":{"self":[{"href":"https:\/\/www.ull.es\/portal\/noticias\/wp-json\/wp\/v2\/posts\/45301"}],"collection":[{"href":"https:\/\/www.ull.es\/portal\/noticias\/wp-json\/wp\/v2\/posts"}],"about":[{"href":"https:\/\/www.ull.es\/portal\/noticias\/wp-json\/wp\/v2\/types\/post"}],"author":[{"embeddable":true,"href":"https:\/\/www.ull.es\/portal\/noticias\/wp-json\/wp\/v2\/users\/21"}],"replies":[{"embeddable":true,"href":"https:\/\/www.ull.es\/portal\/noticias\/wp-json\/wp\/v2\/comments?post=45301"}],"version-history":[{"count":2,"href":"https:\/\/www.ull.es\/portal\/noticias\/wp-json\/wp\/v2\/posts\/45301\/revisions"}],"predecessor-version":[{"id":45307,"href":"https:\/\/www.ull.es\/portal\/noticias\/wp-json\/wp\/v2\/posts\/45301\/revisions\/45307"}],"wp:featuredmedia":[{"embeddable":true,"href":"https:\/\/www.ull.es\/portal\/noticias\/wp-json\/wp\/v2\/media\/45302"}],"wp:attachment":[{"href":"https:\/\/www.ull.es\/portal\/noticias\/wp-json\/wp\/v2\/media?parent=45301"}],"wp:term":[{"taxonomy":"category","embeddable":true,"href":"https:\/\/www.ull.es\/portal\/noticias\/wp-json\/wp\/v2\/categories?post=45301"},{"taxonomy":"post_tag","embeddable":true,"href":"https:\/\/www.ull.es\/portal\/noticias\/wp-json\/wp\/v2\/tags?post=45301"}],"curies":[{"name":"wp","href":"https:\/\/api.w.org\/{rel}","templated":true}]}}