{"id":45313,"date":"2019-07-03T12:54:44","date_gmt":"2019-07-03T12:54:44","guid":{"rendered":"https:\/\/www.ull.es\/portal\/noticias\/?p=45313"},"modified":"2019-07-03T12:54:44","modified_gmt":"2019-07-03T12:54:44","slug":"la-rectora-se-reune-por-primera-vez-con-la-junta-directiva-de-alumni-ull","status":"publish","type":"post","link":"https:\/\/www.ull.es\/portal\/noticias\/2019\/la-rectora-se-reune-por-primera-vez-con-la-junta-directiva-de-alumni-ull\/","title":{"rendered":"La rectora se re\u00fane por primera vez con la junta directiva de Alumni ULL"},"content":{"rendered":"<p>La rectora de la Universidad de La Laguna, Rosa Aguilar, ha recibido hoy, mi\u00e9rcoles 3 de julio, a la Junta Directiva de la asociaci\u00f3n<a href=\"https:\/\/www.alumniull.es\/\" target=\"_blank\" rel=\"noopener noreferrer\" target=\"_blank\" rel=\"noopener\"> Alumni ULL<\/a>, presidida por Carmen Pitti, para tener una primera toma de contacto sobre las actividades que a corto y medio plazo realizar\u00e1n conjuntamente.<\/p>\n<p>Durante la reuni\u00f3n, la rectora anunci\u00f3 que su representante en la Junta Directiva de Alumni ULL ser\u00e1 Emilia M\u00aa Carmona Calero, vicerrectora de Cultura, Participaci\u00f3n Social y Campus Ofra y La Palma.<\/p>\n<p>Por su parte, Alumni ULL le informo de que casi est\u00e1 finalizado el proceso mediante el cual la asociaci\u00f3n ser\u00e1 declarada de Inter\u00e9s P\u00fablico, lo cual se espera que suponga un avance para sus asociados y para la captaci\u00f3n de fondos de mecenazgo para proyectos vinculados a la Universidad de La Laguna.<\/p>\n<p>Tambi\u00e9n se comunic\u00f3 la intenci\u00f3n de constituir, antes de finales de a\u00f1o, el Consejo Asesor Alumni ULL, del cual la rectora ser\u00eda vicepresidenta. Este \u00f3rgano facilitar\u00e1 la ejecuci\u00f3n estrat\u00e9gica de las l\u00edneas de actuaci\u00f3n de la asociaci\u00f3n y tiene entre sus funciones, entre otras, velar por el prestigio y la continuidad del organismo, sugerir a la junta directiva cualesquiera iniciativas que consideren potencialmente beneficiosas para la Universidad de La Laguna o para la asociaci\u00f3n, e informar sobre el plan estrat\u00e9gico de Alumni ULL.<\/p>\n<p>Alumni ULL solicit\u00f3 a la rectora, en cumplimiento del vigente convenio de interrelaci\u00f3n entre ambas instituciones, el nombramiento de personas de contacto en los servicios de m\u00e1s uso por parte del colectivo de antiguos alumnos, como son biblioteca, deportes o tecnolog\u00edas de la informaci\u00f3n.<\/p>\n<p>La reuni\u00f3n finaliz\u00f3 con un intercambio de ideas sobre asuntos que est\u00e1n presentes tanto en el programa de la rectora como en las l\u00edneas de trabajo de Alumni ULL, como son el sentimiento de pertenencia a la Universidad, la propuesta de embajadores, la expansi\u00f3n de Alumni ULL fuera del marco territorial de la isla de Tenerife y la difusi\u00f3n, por parte de la instituci\u00f3n acad\u00e9mica, de la actividad de la asociaci\u00f3n entre los egresados.<\/p>\n<p>Tambi\u00e9n se habl\u00f3 de estudiar las posibilidades de establecer una Oficina Alumni, por lo que ambas partes acordaron reunirse nuevamente tras el inicio del curso universitario para concretar estas ideas.<\/p>\n","protected":false},"excerpt":{"rendered":"<p>La rectora de la Universidad de La Laguna, Rosa Aguilar, ha recibido hoy, mi\u00e9rcoles 3 de julio, a la Junta&#8230;<\/p>\n","protected":false},"author":21,"featured_media":45314,"comment_status":"closed","ping_status":"closed","sticky":false,"template":"","format":"standard","meta":{"inline_featured_image":false,"footnotes":""},"categories":[345,348,2765],"tags":[465,726],"acf":[],"yoast_head":"<!-- This site is optimized with the Yoast SEO plugin v21.3 - https:\/\/yoast.com\/wordpress\/plugins\/seo\/ -->\n<title>La rectora se re\u00fane por primera vez con la junta directiva de Alumni ULL<\/title>\n<meta name=\"description\" content=\"La recotra recibi\u00f3 a la junta directiva de la asociaci\u00f3n presidida por Carmen Pitti, para tener una primera toma de contacto.\" \/>\n<meta name=\"robots\" content=\"index, follow, max-snippet:-1, max-image-preview:large, max-video-preview:-1\" \/>\n<link rel=\"canonical\" href=\"https:\/\/www.ull.es\/portal\/noticias\/2019\/la-rectora-se-reune-por-primera-vez-con-la-junta-directiva-de-alumni-ull\/\" \/>\n<meta property=\"og:locale\" content=\"es_ES\" \/>\n<meta property=\"og:type\" content=\"article\" \/>\n<meta property=\"og:title\" content=\"La rectora se re\u00fane por primera vez con la junta directiva de Alumni ULL\" \/>\n<meta property=\"og:description\" content=\"La recotra recibi\u00f3 a la junta directiva de la asociaci\u00f3n presidida por Carmen Pitti, para tener una primera toma de contacto.\" \/>\n<meta property=\"og:url\" content=\"https:\/\/www.ull.es\/portal\/noticias\/2019\/la-rectora-se-reune-por-primera-vez-con-la-junta-directiva-de-alumni-ull\/\" \/>\n<meta property=\"og:site_name\" content=\"ULL - Noticias\" \/>\n<meta property=\"article:publisher\" content=\"https:\/\/www.facebook.com\/universidaddelalaguna\/\" \/>\n<meta property=\"article:published_time\" content=\"2019-07-03T12:54:44+00:00\" \/>\n<meta property=\"og:image\" content=\"https:\/\/www.ull.es\/portal\/noticias\/wp-content\/uploads\/sites\/13\/2019\/07\/reunion-rectora-alumni-03.jpg\" \/>\n\t<meta property=\"og:image:width\" content=\"1200\" \/>\n\t<meta property=\"og:image:height\" content=\"800\" \/>\n\t<meta property=\"og:image:type\" content=\"image\/jpeg\" \/>\n<meta name=\"author\" content=\"prensa2\" \/>\n<meta name=\"twitter:card\" content=\"summary_large_image\" \/>\n<meta name=\"twitter:creator\" content=\"@CanalULL\" \/>\n<meta name=\"twitter:site\" content=\"@CanalULL\" \/>\n<meta name=\"twitter:label1\" content=\"Escrito por\" \/>\n\t<meta name=\"twitter:data1\" content=\"prensa2\" \/>\n\t<meta name=\"twitter:label2\" content=\"Tiempo de lectura\" \/>\n\t<meta name=\"twitter:data2\" content=\"2 minutos\" \/>\n<script type=\"application\/ld+json\" class=\"yoast-schema-graph\">{\"@context\":\"https:\/\/schema.org\",\"@graph\":[{\"@type\":\"WebPage\",\"@id\":\"https:\/\/www.ull.es\/portal\/noticias\/2019\/la-rectora-se-reune-por-primera-vez-con-la-junta-directiva-de-alumni-ull\/\",\"url\":\"https:\/\/www.ull.es\/portal\/noticias\/2019\/la-rectora-se-reune-por-primera-vez-con-la-junta-directiva-de-alumni-ull\/\",\"name\":\"La rectora se re\u00fane por primera vez con la junta directiva de Alumni ULL\",\"isPartOf\":{\"@id\":\"https:\/\/www.ull.es\/portal\/noticias\/#website\"},\"datePublished\":\"2019-07-03T12:54:44+00:00\",\"dateModified\":\"2019-07-03T12:54:44+00:00\",\"author\":{\"@id\":\"https:\/\/www.ull.es\/portal\/noticias\/#\/schema\/person\/c3b2aa857797592927a03740d6664376\"},\"description\":\"La recotra recibi\u00f3 a la junta directiva de la asociaci\u00f3n presidida por Carmen Pitti, para tener una primera toma de contacto.\",\"breadcrumb\":{\"@id\":\"https:\/\/www.ull.es\/portal\/noticias\/2019\/la-rectora-se-reune-por-primera-vez-con-la-junta-directiva-de-alumni-ull\/#breadcrumb\"},\"inLanguage\":\"es\",\"potentialAction\":[{\"@type\":\"ReadAction\",\"target\":[\"https:\/\/www.ull.es\/portal\/noticias\/2019\/la-rectora-se-reune-por-primera-vez-con-la-junta-directiva-de-alumni-ull\/\"]}]},{\"@type\":\"BreadcrumbList\",\"@id\":\"https:\/\/www.ull.es\/portal\/noticias\/2019\/la-rectora-se-reune-por-primera-vez-con-la-junta-directiva-de-alumni-ull\/#breadcrumb\",\"itemListElement\":[{\"@type\":\"ListItem\",\"position\":1,\"name\":\"Portada\",\"item\":\"https:\/\/www.ull.es\/portal\/noticias\/\"},{\"@type\":\"ListItem\",\"position\":2,\"name\":\"La rectora se re\u00fane por primera vez con la junta directiva de Alumni ULL\"}]},{\"@type\":\"WebSite\",\"@id\":\"https:\/\/www.ull.es\/portal\/noticias\/#website\",\"url\":\"https:\/\/www.ull.es\/portal\/noticias\/\",\"name\":\"ULL - Noticias\",\"description\":\"\",\"potentialAction\":[{\"@type\":\"SearchAction\",\"target\":{\"@type\":\"EntryPoint\",\"urlTemplate\":\"https:\/\/www.ull.es\/portal\/noticias\/?s={search_term_string}\"},\"query-input\":\"required name=search_term_string\"}],\"inLanguage\":\"es\"},{\"@type\":\"Person\",\"@id\":\"https:\/\/www.ull.es\/portal\/noticias\/#\/schema\/person\/c3b2aa857797592927a03740d6664376\",\"name\":\"prensa2\",\"image\":{\"@type\":\"ImageObject\",\"inLanguage\":\"es\",\"@id\":\"https:\/\/www.ull.es\/portal\/noticias\/#\/schema\/person\/image\/\",\"url\":\"https:\/\/secure.gravatar.com\/avatar\/b58f310a5de5feb33d1e026d2493f23c?s=96&d=mm&r=g\",\"contentUrl\":\"https:\/\/secure.gravatar.com\/avatar\/b58f310a5de5feb33d1e026d2493f23c?s=96&d=mm&r=g\",\"caption\":\"prensa2\"},\"url\":\"https:\/\/www.ull.es\/portal\/noticias\/author\/prensa2\/\"}]}<\/script>\n<!-- \/ Yoast SEO plugin. -->","yoast_head_json":{"title":"La rectora se re\u00fane por primera vez con la junta directiva de Alumni ULL","description":"La recotra recibi\u00f3 a la junta directiva de la asociaci\u00f3n presidida por Carmen Pitti, para tener una primera toma de contacto.","robots":{"index":"index","follow":"follow","max-snippet":"max-snippet:-1","max-image-preview":"max-image-preview:large","max-video-preview":"max-video-preview:-1"},"canonical":"https:\/\/www.ull.es\/portal\/noticias\/2019\/la-rectora-se-reune-por-primera-vez-con-la-junta-directiva-de-alumni-ull\/","og_locale":"es_ES","og_type":"article","og_title":"La rectora se re\u00fane por primera vez con la junta directiva de Alumni ULL","og_description":"La recotra recibi\u00f3 a la junta directiva de la asociaci\u00f3n presidida por Carmen Pitti, para tener una primera toma de contacto.","og_url":"https:\/\/www.ull.es\/portal\/noticias\/2019\/la-rectora-se-reune-por-primera-vez-con-la-junta-directiva-de-alumni-ull\/","og_site_name":"ULL - Noticias","article_publisher":"https:\/\/www.facebook.com\/universidaddelalaguna\/","article_published_time":"2019-07-03T12:54:44+00:00","og_image":[{"width":1200,"height":800,"url":"https:\/\/www.ull.es\/portal\/noticias\/wp-content\/uploads\/sites\/13\/2019\/07\/reunion-rectora-alumni-03.jpg","type":"image\/jpeg"}],"author":"prensa2","twitter_card":"summary_large_image","twitter_creator":"@CanalULL","twitter_site":"@CanalULL","twitter_misc":{"Escrito por":"prensa2","Tiempo de lectura":"2 minutos"},"schema":{"@context":"https:\/\/schema.org","@graph":[{"@type":"WebPage","@id":"https:\/\/www.ull.es\/portal\/noticias\/2019\/la-rectora-se-reune-por-primera-vez-con-la-junta-directiva-de-alumni-ull\/","url":"https:\/\/www.ull.es\/portal\/noticias\/2019\/la-rectora-se-reune-por-primera-vez-con-la-junta-directiva-de-alumni-ull\/","name":"La rectora se re\u00fane por primera vez con la junta directiva de Alumni ULL","isPartOf":{"@id":"https:\/\/www.ull.es\/portal\/noticias\/#website"},"datePublished":"2019-07-03T12:54:44+00:00","dateModified":"2019-07-03T12:54:44+00:00","author":{"@id":"https:\/\/www.ull.es\/portal\/noticias\/#\/schema\/person\/c3b2aa857797592927a03740d6664376"},"description":"La recotra recibi\u00f3 a la junta directiva de la asociaci\u00f3n presidida por Carmen Pitti, para tener una primera toma de contacto.","breadcrumb":{"@id":"https:\/\/www.ull.es\/portal\/noticias\/2019\/la-rectora-se-reune-por-primera-vez-con-la-junta-directiva-de-alumni-ull\/#breadcrumb"},"inLanguage":"es","potentialAction":[{"@type":"ReadAction","target":["https:\/\/www.ull.es\/portal\/noticias\/2019\/la-rectora-se-reune-por-primera-vez-con-la-junta-directiva-de-alumni-ull\/"]}]},{"@type":"BreadcrumbList","@id":"https:\/\/www.ull.es\/portal\/noticias\/2019\/la-rectora-se-reune-por-primera-vez-con-la-junta-directiva-de-alumni-ull\/#breadcrumb","itemListElement":[{"@type":"ListItem","position":1,"name":"Portada","item":"https:\/\/www.ull.es\/portal\/noticias\/"},{"@type":"ListItem","position":2,"name":"La rectora se re\u00fane por primera vez con la junta directiva de Alumni ULL"}]},{"@type":"WebSite","@id":"https:\/\/www.ull.es\/portal\/noticias\/#website","url":"https:\/\/www.ull.es\/portal\/noticias\/","name":"ULL - Noticias","description":"","potentialAction":[{"@type":"SearchAction","target":{"@type":"EntryPoint","urlTemplate":"https:\/\/www.ull.es\/portal\/noticias\/?s={search_term_string}"},"query-input":"required name=search_term_string"}],"inLanguage":"es"},{"@type":"Person","@id":"https:\/\/www.ull.es\/portal\/noticias\/#\/schema\/person\/c3b2aa857797592927a03740d6664376","name":"prensa2","image":{"@type":"ImageObject","inLanguage":"es","@id":"https:\/\/www.ull.es\/portal\/noticias\/#\/schema\/person\/image\/","url":"https:\/\/secure.gravatar.com\/avatar\/b58f310a5de5feb33d1e026d2493f23c?s=96&d=mm&r=g","contentUrl":"https:\/\/secure.gravatar.com\/avatar\/b58f310a5de5feb33d1e026d2493f23c?s=96&d=mm&r=g","caption":"prensa2"},"url":"https:\/\/www.ull.es\/portal\/noticias\/author\/prensa2\/"}]}},"primary_category":{"id":345,"name":"Destacado","slug":"destacado","link":"https:\/\/www.ull.es\/portal\/noticias\/category\/destacado\/"},"featured_image_thumbnail_url":"https:\/\/www.ull.es\/portal\/noticias\/wp-content\/uploads\/sites\/13\/2019\/07\/reunion-rectora-alumni-03-300x200.jpg","_links":{"self":[{"href":"https:\/\/www.ull.es\/portal\/noticias\/wp-json\/wp\/v2\/posts\/45313"}],"collection":[{"href":"https:\/\/www.ull.es\/portal\/noticias\/wp-json\/wp\/v2\/posts"}],"about":[{"href":"https:\/\/www.ull.es\/portal\/noticias\/wp-json\/wp\/v2\/types\/post"}],"author":[{"embeddable":true,"href":"https:\/\/www.ull.es\/portal\/noticias\/wp-json\/wp\/v2\/users\/21"}],"replies":[{"embeddable":true,"href":"https:\/\/www.ull.es\/portal\/noticias\/wp-json\/wp\/v2\/comments?post=45313"}],"version-history":[{"count":1,"href":"https:\/\/www.ull.es\/portal\/noticias\/wp-json\/wp\/v2\/posts\/45313\/revisions"}],"predecessor-version":[{"id":45315,"href":"https:\/\/www.ull.es\/portal\/noticias\/wp-json\/wp\/v2\/posts\/45313\/revisions\/45315"}],"wp:featuredmedia":[{"embeddable":true,"href":"https:\/\/www.ull.es\/portal\/noticias\/wp-json\/wp\/v2\/media\/45314"}],"wp:attachment":[{"href":"https:\/\/www.ull.es\/portal\/noticias\/wp-json\/wp\/v2\/media?parent=45313"}],"wp:term":[{"taxonomy":"category","embeddable":true,"href":"https:\/\/www.ull.es\/portal\/noticias\/wp-json\/wp\/v2\/categories?post=45313"},{"taxonomy":"post_tag","embeddable":true,"href":"https:\/\/www.ull.es\/portal\/noticias\/wp-json\/wp\/v2\/tags?post=45313"}],"curies":[{"name":"wp","href":"https:\/\/api.w.org\/{rel}","templated":true}]}}