{"id":45358,"date":"2019-07-05T08:55:25","date_gmt":"2019-07-05T08:55:25","guid":{"rendered":"https:\/\/www.ull.es\/portal\/noticias\/?p=45358"},"modified":"2019-07-05T08:55:25","modified_gmt":"2019-07-05T08:55:25","slug":"encuentro-internacional-iau-guajara","status":"publish","type":"post","link":"https:\/\/www.ull.es\/portal\/noticias\/2019\/encuentro-internacional-iau-guajara\/","title":{"rendered":"La Uni\u00f3n Astron\u00f3mica Internacional celebra en el Campus de Guajara de la ULL un encuentro internacional"},"content":{"rendered":"<p><a href=\"https:\/\/www.ull.es\/portal\/noticias\/wp-content\/uploads\/sites\/13\/2019\/07\/iau_symposium_355.jpg\" target=\"_blank\" rel=\"noopener noreferrer\" target=\"_blank\" rel=\"noopener\"><img decoding=\"async\" loading=\"lazy\" class=\"alignleft wp-image-45360 size-medium\" src=\"https:\/\/www.ull.es\/portal\/noticias\/wp-content\/uploads\/sites\/13\/2019\/07\/iau_symposium_355-212x300.jpg\" alt=\"IAU Symposium\" width=\"212\" height=\"300\" srcset=\"https:\/\/www.ull.es\/portal\/noticias\/wp-content\/uploads\/sites\/13\/2019\/07\/iau_symposium_355-212x300.jpg 212w, https:\/\/www.ull.es\/portal\/noticias\/wp-content\/uploads\/sites\/13\/2019\/07\/iau_symposium_355-768x1087.jpg 768w, https:\/\/www.ull.es\/portal\/noticias\/wp-content\/uploads\/sites\/13\/2019\/07\/iau_symposium_355-724x1024.jpg 724w, https:\/\/www.ull.es\/portal\/noticias\/wp-content\/uploads\/sites\/13\/2019\/07\/iau_symposium_355-375x531.jpg 375w, https:\/\/www.ull.es\/portal\/noticias\/wp-content\/uploads\/sites\/13\/2019\/07\/iau_symposium_355-750x1061.jpg 750w, https:\/\/www.ull.es\/portal\/noticias\/wp-content\/uploads\/sites\/13\/2019\/07\/iau_symposium_355.jpg 848w\" sizes=\"(max-width: 212px) 100vw, 212px\" \/><\/a>La <a href=\"https:\/\/www.iau.org\/\" target=\"_blank\" rel=\"noopener noreferrer\" target=\"_blank\" rel=\"noopener\">Uni\u00f3n Astron\u00f3mica Internacional (IAU)<\/a>, organizaci\u00f3n que agrupa a astr\u00f3nomos de todo el mundo y vela por la promoci\u00f3n de la investigaci\u00f3n de esta disciplina, ha elegido el Aulario General de Campus de Guajara de la Universidad de La Laguna como sede para celebrar, entre el 8 y el 12 de julio, el IAU Symposium 355. En este congreso, organizado por el <a href=\"http:\/\/www.iac.es\/\" target=\"_blank\" rel=\"noopener noreferrer\" target=\"_blank\" rel=\"noopener\">Instituto de Astrof\u00edsica de Canarias (IAC)<\/a>, se hablar\u00e1 de las t\u00e9cnicas que utilizan diferentes \u00e1reas de la Astrof\u00edsica para sortear el brillo del cielo que les ciega a la hora de detectar estructuras de muy d\u00e9bil luminosidad.<\/p>\n<p>\u201cEste es un congreso sobre luz difusa, et\u00e9rea, \u2018fantasmal\u2019, sobre estructuras que son muy dif\u00edciles de ver\u201d, explica Ignacio Trujillo, investigador del IAC y uno de los organizadores del congreso. \u201cLo que se va a exponer es la historia de todos los progresos realizados durante los \u00faltimos 30 a\u00f1os y c\u00f3mo, con las nuevas t\u00e9cnicas, se ha dado un importante salto hacia adelante\u201d, a\u00f1ade.<\/p>\n<p>A lo largo de los cinco d\u00edas que dura el encuentro, se impartir\u00e1n charlas que tratar\u00e1n desde los cambios que provoca la actividad solar en la luz zodiacal \u2013el halo luminoso que se aprecia en el cielo nocturno y que est\u00e1 producido por el reflejo del Sol sobre las part\u00edculas de polvo del Sistema Solar-, hasta la luz m\u00e1s tenue que nos llega de los filamentos que forman la estructura a gran escala del Universo.<\/p>\n<p>Se abordar\u00e1 tambi\u00e9n, entre otros asuntos, el estudio de las partes externas de las galaxias, con las corrientes de marea o los halos estelares; las galaxias ultradifusas; y la luz intracumular, el tenue brillo entre los c\u00famulos de galaxias. En general, se van a cubrir todos aquellos fen\u00f3menos f\u00edsicos relacionados con esa luz muy tenue y extendida en el universo.<\/p>\n<p>M\u00e1s de 120 personas de EEUU, Australia, Jap\u00f3n, Corea del Sur, Rusia, Chile, Brasil o India, entre otros pa\u00edses, asistir\u00e1n a esta reuni\u00f3n. \u201cQue la IAU haya escogido Tenerife para albergar este evento destaca la calidad del IAC como entidad capaz de organizar un encuentro as\u00ed\u201d, subraya Johan Knapen, investigador del IAC y otro de los organizadores del evento. Y a\u00f1ade: \u201cEn este tipo de reuniones se prima la internacionalidad y la heterogeneidad de los asistentes. Es una oportunidad para coincidir con investigadores de todo el mundo\u201d.<\/p>\n<p>Adem\u00e1s, en este congreso no solo tienen cabida las contribuciones profesionales de telescopios terrestres y espaciales, sino que tambi\u00e9n se hablar\u00e1 de contribuciones llevadas a cabo por astr\u00f3nomos aficionados.<\/p>\n","protected":false},"excerpt":{"rendered":"<p>La Uni\u00f3n Astron\u00f3mica Internacional (IAU), organizaci\u00f3n que agrupa a astr\u00f3nomos de todo el mundo y vela por la promoci\u00f3n de&#8230;<\/p>\n","protected":false},"author":21,"featured_media":45359,"comment_status":"closed","ping_status":"closed","sticky":false,"template":"","format":"image","meta":{"inline_featured_image":false,"footnotes":""},"categories":[3152,345,3924,350,2765],"tags":[561,1454,5826],"acf":[],"yoast_head":"<!-- This site is optimized with the Yoast SEO plugin v21.3 - https:\/\/yoast.com\/wordpress\/plugins\/seo\/ -->\n<title>La Uni\u00f3n Astron\u00f3mica Internacional celebra en la ULL un encuentro<\/title>\n<meta name=\"description\" content=\"Se celebra del 8 y el 12 de julio y hablar\u00e1 de t\u00e9cnicas para sortear el brillo del cielo que ciega para detectar estructuras de muy d\u00e9bil luminosidad.\" \/>\n<meta name=\"robots\" content=\"index, follow, max-snippet:-1, max-image-preview:large, max-video-preview:-1\" \/>\n<link rel=\"canonical\" href=\"https:\/\/www.ull.es\/portal\/noticias\/2019\/encuentro-internacional-iau-guajara\/\" \/>\n<meta property=\"og:locale\" content=\"es_ES\" \/>\n<meta property=\"og:type\" content=\"article\" \/>\n<meta property=\"og:title\" content=\"La Uni\u00f3n Astron\u00f3mica Internacional celebra en la ULL un encuentro\" \/>\n<meta property=\"og:description\" content=\"Se celebra del 8 y el 12 de julio y hablar\u00e1 de t\u00e9cnicas para sortear el brillo del cielo que ciega para detectar estructuras de muy d\u00e9bil luminosidad.\" \/>\n<meta property=\"og:url\" content=\"https:\/\/www.ull.es\/portal\/noticias\/2019\/encuentro-internacional-iau-guajara\/\" \/>\n<meta property=\"og:site_name\" content=\"ULL - Noticias\" \/>\n<meta property=\"article:publisher\" content=\"https:\/\/www.facebook.com\/universidaddelalaguna\/\" \/>\n<meta property=\"article:published_time\" content=\"2019-07-05T08:55:25+00:00\" \/>\n<meta property=\"og:image\" content=\"https:\/\/www.ull.es\/portal\/noticias\/wp-content\/uploads\/sites\/13\/2019\/07\/iau_symposium_355-p.jpg\" \/>\n\t<meta property=\"og:image:width\" content=\"700\" \/>\n\t<meta property=\"og:image:height\" content=\"467\" \/>\n\t<meta property=\"og:image:type\" content=\"image\/jpeg\" \/>\n<meta name=\"author\" content=\"prensa2\" \/>\n<meta name=\"twitter:card\" content=\"summary_large_image\" \/>\n<meta name=\"twitter:creator\" content=\"@CanalULL\" \/>\n<meta name=\"twitter:site\" content=\"@CanalULL\" \/>\n<meta name=\"twitter:label1\" content=\"Escrito por\" \/>\n\t<meta name=\"twitter:data1\" content=\"prensa2\" \/>\n\t<meta name=\"twitter:label2\" content=\"Tiempo de lectura\" \/>\n\t<meta name=\"twitter:data2\" content=\"2 minutos\" \/>\n<script type=\"application\/ld+json\" class=\"yoast-schema-graph\">{\"@context\":\"https:\/\/schema.org\",\"@graph\":[{\"@type\":\"WebPage\",\"@id\":\"https:\/\/www.ull.es\/portal\/noticias\/2019\/encuentro-internacional-iau-guajara\/\",\"url\":\"https:\/\/www.ull.es\/portal\/noticias\/2019\/encuentro-internacional-iau-guajara\/\",\"name\":\"La Uni\u00f3n Astron\u00f3mica Internacional celebra en la ULL un encuentro\",\"isPartOf\":{\"@id\":\"https:\/\/www.ull.es\/portal\/noticias\/#website\"},\"datePublished\":\"2019-07-05T08:55:25+00:00\",\"dateModified\":\"2019-07-05T08:55:25+00:00\",\"author\":{\"@id\":\"https:\/\/www.ull.es\/portal\/noticias\/#\/schema\/person\/c3b2aa857797592927a03740d6664376\"},\"description\":\"Se celebra del 8 y el 12 de julio y hablar\u00e1 de t\u00e9cnicas para sortear el brillo del cielo que ciega para detectar estructuras de muy d\u00e9bil luminosidad.\",\"breadcrumb\":{\"@id\":\"https:\/\/www.ull.es\/portal\/noticias\/2019\/encuentro-internacional-iau-guajara\/#breadcrumb\"},\"inLanguage\":\"es\",\"potentialAction\":[{\"@type\":\"ReadAction\",\"target\":[\"https:\/\/www.ull.es\/portal\/noticias\/2019\/encuentro-internacional-iau-guajara\/\"]}]},{\"@type\":\"BreadcrumbList\",\"@id\":\"https:\/\/www.ull.es\/portal\/noticias\/2019\/encuentro-internacional-iau-guajara\/#breadcrumb\",\"itemListElement\":[{\"@type\":\"ListItem\",\"position\":1,\"name\":\"Portada\",\"item\":\"https:\/\/www.ull.es\/portal\/noticias\/\"},{\"@type\":\"ListItem\",\"position\":2,\"name\":\"La Uni\u00f3n Astron\u00f3mica Internacional celebra en el Campus de Guajara de la ULL un encuentro internacional\"}]},{\"@type\":\"WebSite\",\"@id\":\"https:\/\/www.ull.es\/portal\/noticias\/#website\",\"url\":\"https:\/\/www.ull.es\/portal\/noticias\/\",\"name\":\"ULL - Noticias\",\"description\":\"\",\"potentialAction\":[{\"@type\":\"SearchAction\",\"target\":{\"@type\":\"EntryPoint\",\"urlTemplate\":\"https:\/\/www.ull.es\/portal\/noticias\/?s={search_term_string}\"},\"query-input\":\"required name=search_term_string\"}],\"inLanguage\":\"es\"},{\"@type\":\"Person\",\"@id\":\"https:\/\/www.ull.es\/portal\/noticias\/#\/schema\/person\/c3b2aa857797592927a03740d6664376\",\"name\":\"prensa2\",\"image\":{\"@type\":\"ImageObject\",\"inLanguage\":\"es\",\"@id\":\"https:\/\/www.ull.es\/portal\/noticias\/#\/schema\/person\/image\/\",\"url\":\"https:\/\/secure.gravatar.com\/avatar\/b58f310a5de5feb33d1e026d2493f23c?s=96&d=mm&r=g\",\"contentUrl\":\"https:\/\/secure.gravatar.com\/avatar\/b58f310a5de5feb33d1e026d2493f23c?s=96&d=mm&r=g\",\"caption\":\"prensa2\"},\"url\":\"https:\/\/www.ull.es\/portal\/noticias\/author\/prensa2\/\"}]}<\/script>\n<!-- \/ Yoast SEO plugin. -->","yoast_head_json":{"title":"La Uni\u00f3n Astron\u00f3mica Internacional celebra en la ULL un encuentro","description":"Se celebra del 8 y el 12 de julio y hablar\u00e1 de t\u00e9cnicas para sortear el brillo del cielo que ciega para detectar estructuras de muy d\u00e9bil luminosidad.","robots":{"index":"index","follow":"follow","max-snippet":"max-snippet:-1","max-image-preview":"max-image-preview:large","max-video-preview":"max-video-preview:-1"},"canonical":"https:\/\/www.ull.es\/portal\/noticias\/2019\/encuentro-internacional-iau-guajara\/","og_locale":"es_ES","og_type":"article","og_title":"La Uni\u00f3n Astron\u00f3mica Internacional celebra en la ULL un encuentro","og_description":"Se celebra del 8 y el 12 de julio y hablar\u00e1 de t\u00e9cnicas para sortear el brillo del cielo que ciega para detectar estructuras de muy d\u00e9bil luminosidad.","og_url":"https:\/\/www.ull.es\/portal\/noticias\/2019\/encuentro-internacional-iau-guajara\/","og_site_name":"ULL - Noticias","article_publisher":"https:\/\/www.facebook.com\/universidaddelalaguna\/","article_published_time":"2019-07-05T08:55:25+00:00","og_image":[{"width":700,"height":467,"url":"https:\/\/www.ull.es\/portal\/noticias\/wp-content\/uploads\/sites\/13\/2019\/07\/iau_symposium_355-p.jpg","type":"image\/jpeg"}],"author":"prensa2","twitter_card":"summary_large_image","twitter_creator":"@CanalULL","twitter_site":"@CanalULL","twitter_misc":{"Escrito por":"prensa2","Tiempo de lectura":"2 minutos"},"schema":{"@context":"https:\/\/schema.org","@graph":[{"@type":"WebPage","@id":"https:\/\/www.ull.es\/portal\/noticias\/2019\/encuentro-internacional-iau-guajara\/","url":"https:\/\/www.ull.es\/portal\/noticias\/2019\/encuentro-internacional-iau-guajara\/","name":"La Uni\u00f3n Astron\u00f3mica Internacional celebra en la ULL un encuentro","isPartOf":{"@id":"https:\/\/www.ull.es\/portal\/noticias\/#website"},"datePublished":"2019-07-05T08:55:25+00:00","dateModified":"2019-07-05T08:55:25+00:00","author":{"@id":"https:\/\/www.ull.es\/portal\/noticias\/#\/schema\/person\/c3b2aa857797592927a03740d6664376"},"description":"Se celebra del 8 y el 12 de julio y hablar\u00e1 de t\u00e9cnicas para sortear el brillo del cielo que ciega para detectar estructuras de muy d\u00e9bil luminosidad.","breadcrumb":{"@id":"https:\/\/www.ull.es\/portal\/noticias\/2019\/encuentro-internacional-iau-guajara\/#breadcrumb"},"inLanguage":"es","potentialAction":[{"@type":"ReadAction","target":["https:\/\/www.ull.es\/portal\/noticias\/2019\/encuentro-internacional-iau-guajara\/"]}]},{"@type":"BreadcrumbList","@id":"https:\/\/www.ull.es\/portal\/noticias\/2019\/encuentro-internacional-iau-guajara\/#breadcrumb","itemListElement":[{"@type":"ListItem","position":1,"name":"Portada","item":"https:\/\/www.ull.es\/portal\/noticias\/"},{"@type":"ListItem","position":2,"name":"La Uni\u00f3n Astron\u00f3mica Internacional celebra en el Campus de Guajara de la ULL un encuentro internacional"}]},{"@type":"WebSite","@id":"https:\/\/www.ull.es\/portal\/noticias\/#website","url":"https:\/\/www.ull.es\/portal\/noticias\/","name":"ULL - Noticias","description":"","potentialAction":[{"@type":"SearchAction","target":{"@type":"EntryPoint","urlTemplate":"https:\/\/www.ull.es\/portal\/noticias\/?s={search_term_string}"},"query-input":"required name=search_term_string"}],"inLanguage":"es"},{"@type":"Person","@id":"https:\/\/www.ull.es\/portal\/noticias\/#\/schema\/person\/c3b2aa857797592927a03740d6664376","name":"prensa2","image":{"@type":"ImageObject","inLanguage":"es","@id":"https:\/\/www.ull.es\/portal\/noticias\/#\/schema\/person\/image\/","url":"https:\/\/secure.gravatar.com\/avatar\/b58f310a5de5feb33d1e026d2493f23c?s=96&d=mm&r=g","contentUrl":"https:\/\/secure.gravatar.com\/avatar\/b58f310a5de5feb33d1e026d2493f23c?s=96&d=mm&r=g","caption":"prensa2"},"url":"https:\/\/www.ull.es\/portal\/noticias\/author\/prensa2\/"}]}},"primary_category":{"id":345,"name":"Destacado","slug":"destacado","link":"https:\/\/www.ull.es\/portal\/noticias\/category\/destacado\/"},"featured_image_thumbnail_url":"https:\/\/www.ull.es\/portal\/noticias\/wp-content\/uploads\/sites\/13\/2019\/07\/iau_symposium_355-p-300x200.jpg","_links":{"self":[{"href":"https:\/\/www.ull.es\/portal\/noticias\/wp-json\/wp\/v2\/posts\/45358"}],"collection":[{"href":"https:\/\/www.ull.es\/portal\/noticias\/wp-json\/wp\/v2\/posts"}],"about":[{"href":"https:\/\/www.ull.es\/portal\/noticias\/wp-json\/wp\/v2\/types\/post"}],"author":[{"embeddable":true,"href":"https:\/\/www.ull.es\/portal\/noticias\/wp-json\/wp\/v2\/users\/21"}],"replies":[{"embeddable":true,"href":"https:\/\/www.ull.es\/portal\/noticias\/wp-json\/wp\/v2\/comments?post=45358"}],"version-history":[{"count":1,"href":"https:\/\/www.ull.es\/portal\/noticias\/wp-json\/wp\/v2\/posts\/45358\/revisions"}],"predecessor-version":[{"id":45361,"href":"https:\/\/www.ull.es\/portal\/noticias\/wp-json\/wp\/v2\/posts\/45358\/revisions\/45361"}],"wp:featuredmedia":[{"embeddable":true,"href":"https:\/\/www.ull.es\/portal\/noticias\/wp-json\/wp\/v2\/media\/45359"}],"wp:attachment":[{"href":"https:\/\/www.ull.es\/portal\/noticias\/wp-json\/wp\/v2\/media?parent=45358"}],"wp:term":[{"taxonomy":"category","embeddable":true,"href":"https:\/\/www.ull.es\/portal\/noticias\/wp-json\/wp\/v2\/categories?post=45358"},{"taxonomy":"post_tag","embeddable":true,"href":"https:\/\/www.ull.es\/portal\/noticias\/wp-json\/wp\/v2\/tags?post=45358"}],"curies":[{"name":"wp","href":"https:\/\/api.w.org\/{rel}","templated":true}]}}