{"id":45518,"date":"2019-07-11T13:40:04","date_gmt":"2019-07-11T13:40:04","guid":{"rendered":"https:\/\/www.ull.es\/portal\/noticias\/?p=45518"},"modified":"2019-07-15T08:14:35","modified_gmt":"2019-07-15T08:14:35","slug":"un-7086-supera-la-ebau-en-la-convocatoria-de-julio-en-la-universidad-de-la-laguna","status":"publish","type":"post","link":"https:\/\/www.ull.es\/portal\/noticias\/2019\/un-7086-supera-la-ebau-en-la-convocatoria-de-julio-en-la-universidad-de-la-laguna\/","title":{"rendered":"Un 70,86% supera la EBAU en la convocatoria de julio en la Universidad de La Laguna"},"content":{"rendered":"<p>Un 70,86% de los matriculados en la prueba de acceso a la universidad (EBAU) en la convocatoria de julio ha superado los ex\u00e1menes en la Universidad de La Laguna, seg\u00fan los datos facilitados por el Gabinete de An\u00e1lisis y Planificaci\u00f3n del centro acad\u00e9mico. Este porcentaje corresponde a 496 estudiantes de los 719 inscritos. De este modo, 204 alumnos no han conseguido superar los ejercicios y 19 no se presentaron a la convocatoria.<\/p>\n<p>Por islas, en Tenerife han resultado aptos un 70,57% de los presentados, lo que equivale a 446 estudiantes; en La Palma la tasa de aprobados se elev\u00f3 al 74%, es decir, a 37 estudiantes de los 50 que se presentaron; La Gomera obtuvo un 90,91% de aptos, ya que se inscribieron 11 y aprobaron 10; y en El Hierro la tasa de \u00e9xito correspondi\u00f3 a un 42,86%, lo que supone 3 aprobados de los 7 inscritos.<\/p>\n<p>Desglosado por materias, la modalidad de Artes alcanz\u00f3 un 72,22% de alumnado apto; en Ciencias se elev\u00f3 a un 75,91%; en Humanidades y Ciencias Sociales (itinerario de Ciencias Sociales) se registr\u00f3 un 65,95% de \u00e9xito; y en Humanidades y Ciencias Sociales (itinerario de Humanidades) el porcentaje de aptos fue del 65,38%.<\/p>\n<p><strong>Calendario de preinscripci\u00f3n<\/strong><\/p>\n<p>Los estudiantes que hayan superado la EBAU en la convocatoria de julio deber\u00e1n formalizar su preinscripci\u00f3n en este centro acad\u00e9mico y en las titulaciones donde hayan quedado plazas vacantes del del 27 al 29 de agosto. Seg\u00fan reza el calendario, la publicaci\u00f3n de la lista de adjudicaci\u00f3n de plazas y listas de espera se producir\u00e1 el 2 de septiembre, a partir de lo cual se abrir\u00e1 un plazo de reclamaciones de tres d\u00edas.<\/p>\n<p>El mismo documento indica que la matr\u00edcula habr\u00e1 de formalizarse entre del 6 al 9 de septiembre, mientras que la ejecuci\u00f3n de las listas de espera tendr\u00e1 lugar el 11 de septiembre. El resto del calendario puede consultarse en este <a href=\"https:\/\/drive.google.com\/file\/d\/1hRPqu7ag6qzVIrcfI4hDa3beU5DZMJfd\/view\" target=\"_blank\" rel=\"noopener\">enlace<\/a>.<\/p>\n<p>&nbsp;<\/p>\n","protected":false},"excerpt":{"rendered":"<p>Un 70,86% de los matriculados en la prueba de acceso a la universidad (EBAU) en la convocatoria de julio ha&#8230;<\/p>\n","protected":false},"author":23,"featured_media":45520,"comment_status":"closed","ping_status":"closed","sticky":false,"template":"","format":"standard","meta":{"inline_featured_image":false,"footnotes":""},"categories":[343,345,2765],"tags":[3758,2879],"acf":[],"yoast_head":"<!-- This site is optimized with the Yoast SEO plugin v21.3 - https:\/\/yoast.com\/wordpress\/plugins\/seo\/ -->\n<title>Un 70,86% supera la EBAU en la convocatoria de julio en la Universidad de La Laguna - ULL - Noticias<\/title>\n<meta name=\"robots\" content=\"index, follow, max-snippet:-1, max-image-preview:large, max-video-preview:-1\" \/>\n<link rel=\"canonical\" href=\"https:\/\/www.ull.es\/portal\/noticias\/2019\/un-7086-supera-la-ebau-en-la-convocatoria-de-julio-en-la-universidad-de-la-laguna\/\" \/>\n<meta property=\"og:locale\" content=\"es_ES\" \/>\n<meta property=\"og:type\" content=\"article\" \/>\n<meta property=\"og:title\" content=\"Un 70,86% supera la EBAU en la convocatoria de julio en la Universidad de La Laguna - ULL - Noticias\" \/>\n<meta property=\"og:description\" content=\"Un 70,86% de los matriculados en la prueba de acceso a la universidad (EBAU) en la convocatoria de julio ha...\" \/>\n<meta property=\"og:url\" content=\"https:\/\/www.ull.es\/portal\/noticias\/2019\/un-7086-supera-la-ebau-en-la-convocatoria-de-julio-en-la-universidad-de-la-laguna\/\" \/>\n<meta property=\"og:site_name\" content=\"ULL - Noticias\" \/>\n<meta property=\"article:publisher\" content=\"https:\/\/www.facebook.com\/universidaddelalaguna\/\" \/>\n<meta property=\"article:published_time\" content=\"2019-07-11T13:40:04+00:00\" \/>\n<meta property=\"article:modified_time\" content=\"2019-07-15T08:14:35+00:00\" \/>\n<meta property=\"og:image\" content=\"https:\/\/www.ull.es\/portal\/noticias\/wp-content\/uploads\/sites\/13\/2019\/07\/EBAU-ULL-40.jpg\" \/>\n\t<meta property=\"og:image:width\" content=\"1600\" \/>\n\t<meta property=\"og:image:height\" content=\"1067\" \/>\n\t<meta property=\"og:image:type\" content=\"image\/jpeg\" \/>\n<meta name=\"author\" content=\"gaprsa\" \/>\n<meta name=\"twitter:card\" content=\"summary_large_image\" \/>\n<meta name=\"twitter:creator\" content=\"@CanalULL\" \/>\n<meta name=\"twitter:site\" content=\"@CanalULL\" \/>\n<meta name=\"twitter:label1\" content=\"Escrito por\" \/>\n\t<meta name=\"twitter:data1\" content=\"gaprsa\" \/>\n\t<meta name=\"twitter:label2\" content=\"Tiempo de lectura\" \/>\n\t<meta name=\"twitter:data2\" content=\"2 minutos\" \/>\n<script type=\"application\/ld+json\" class=\"yoast-schema-graph\">{\"@context\":\"https:\/\/schema.org\",\"@graph\":[{\"@type\":\"WebPage\",\"@id\":\"https:\/\/www.ull.es\/portal\/noticias\/2019\/un-7086-supera-la-ebau-en-la-convocatoria-de-julio-en-la-universidad-de-la-laguna\/\",\"url\":\"https:\/\/www.ull.es\/portal\/noticias\/2019\/un-7086-supera-la-ebau-en-la-convocatoria-de-julio-en-la-universidad-de-la-laguna\/\",\"name\":\"Un 70,86% supera la EBAU en la convocatoria de julio en la Universidad de La Laguna - ULL - Noticias\",\"isPartOf\":{\"@id\":\"https:\/\/www.ull.es\/portal\/noticias\/#website\"},\"datePublished\":\"2019-07-11T13:40:04+00:00\",\"dateModified\":\"2019-07-15T08:14:35+00:00\",\"author\":{\"@id\":\"https:\/\/www.ull.es\/portal\/noticias\/#\/schema\/person\/b2b1a89d43ffa609e591f7df8ef3e817\"},\"breadcrumb\":{\"@id\":\"https:\/\/www.ull.es\/portal\/noticias\/2019\/un-7086-supera-la-ebau-en-la-convocatoria-de-julio-en-la-universidad-de-la-laguna\/#breadcrumb\"},\"inLanguage\":\"es\",\"potentialAction\":[{\"@type\":\"ReadAction\",\"target\":[\"https:\/\/www.ull.es\/portal\/noticias\/2019\/un-7086-supera-la-ebau-en-la-convocatoria-de-julio-en-la-universidad-de-la-laguna\/\"]}]},{\"@type\":\"BreadcrumbList\",\"@id\":\"https:\/\/www.ull.es\/portal\/noticias\/2019\/un-7086-supera-la-ebau-en-la-convocatoria-de-julio-en-la-universidad-de-la-laguna\/#breadcrumb\",\"itemListElement\":[{\"@type\":\"ListItem\",\"position\":1,\"name\":\"Portada\",\"item\":\"https:\/\/www.ull.es\/portal\/noticias\/\"},{\"@type\":\"ListItem\",\"position\":2,\"name\":\"Un 70,86% supera la EBAU en la convocatoria de julio en la Universidad de La Laguna\"}]},{\"@type\":\"WebSite\",\"@id\":\"https:\/\/www.ull.es\/portal\/noticias\/#website\",\"url\":\"https:\/\/www.ull.es\/portal\/noticias\/\",\"name\":\"ULL - Noticias\",\"description\":\"\",\"potentialAction\":[{\"@type\":\"SearchAction\",\"target\":{\"@type\":\"EntryPoint\",\"urlTemplate\":\"https:\/\/www.ull.es\/portal\/noticias\/?s={search_term_string}\"},\"query-input\":\"required name=search_term_string\"}],\"inLanguage\":\"es\"},{\"@type\":\"Person\",\"@id\":\"https:\/\/www.ull.es\/portal\/noticias\/#\/schema\/person\/b2b1a89d43ffa609e591f7df8ef3e817\",\"name\":\"gaprsa\",\"image\":{\"@type\":\"ImageObject\",\"inLanguage\":\"es\",\"@id\":\"https:\/\/www.ull.es\/portal\/noticias\/#\/schema\/person\/image\/\",\"url\":\"https:\/\/secure.gravatar.com\/avatar\/443820550921091458b4823867723b3d?s=96&d=mm&r=g\",\"contentUrl\":\"https:\/\/secure.gravatar.com\/avatar\/443820550921091458b4823867723b3d?s=96&d=mm&r=g\",\"caption\":\"gaprsa\"},\"url\":\"https:\/\/www.ull.es\/portal\/noticias\/author\/gaprsa\/\"}]}<\/script>\n<!-- \/ Yoast SEO plugin. -->","yoast_head_json":{"title":"Un 70,86% supera la EBAU en la convocatoria de julio en la Universidad de La Laguna - ULL - Noticias","robots":{"index":"index","follow":"follow","max-snippet":"max-snippet:-1","max-image-preview":"max-image-preview:large","max-video-preview":"max-video-preview:-1"},"canonical":"https:\/\/www.ull.es\/portal\/noticias\/2019\/un-7086-supera-la-ebau-en-la-convocatoria-de-julio-en-la-universidad-de-la-laguna\/","og_locale":"es_ES","og_type":"article","og_title":"Un 70,86% supera la EBAU en la convocatoria de julio en la Universidad de La Laguna - ULL - Noticias","og_description":"Un 70,86% de los matriculados en la prueba de acceso a la universidad (EBAU) en la convocatoria de julio ha...","og_url":"https:\/\/www.ull.es\/portal\/noticias\/2019\/un-7086-supera-la-ebau-en-la-convocatoria-de-julio-en-la-universidad-de-la-laguna\/","og_site_name":"ULL - Noticias","article_publisher":"https:\/\/www.facebook.com\/universidaddelalaguna\/","article_published_time":"2019-07-11T13:40:04+00:00","article_modified_time":"2019-07-15T08:14:35+00:00","og_image":[{"width":1600,"height":1067,"url":"https:\/\/www.ull.es\/portal\/noticias\/wp-content\/uploads\/sites\/13\/2019\/07\/EBAU-ULL-40.jpg","type":"image\/jpeg"}],"author":"gaprsa","twitter_card":"summary_large_image","twitter_creator":"@CanalULL","twitter_site":"@CanalULL","twitter_misc":{"Escrito por":"gaprsa","Tiempo de lectura":"2 minutos"},"schema":{"@context":"https:\/\/schema.org","@graph":[{"@type":"WebPage","@id":"https:\/\/www.ull.es\/portal\/noticias\/2019\/un-7086-supera-la-ebau-en-la-convocatoria-de-julio-en-la-universidad-de-la-laguna\/","url":"https:\/\/www.ull.es\/portal\/noticias\/2019\/un-7086-supera-la-ebau-en-la-convocatoria-de-julio-en-la-universidad-de-la-laguna\/","name":"Un 70,86% supera la EBAU en la convocatoria de julio en la Universidad de La Laguna - ULL - Noticias","isPartOf":{"@id":"https:\/\/www.ull.es\/portal\/noticias\/#website"},"datePublished":"2019-07-11T13:40:04+00:00","dateModified":"2019-07-15T08:14:35+00:00","author":{"@id":"https:\/\/www.ull.es\/portal\/noticias\/#\/schema\/person\/b2b1a89d43ffa609e591f7df8ef3e817"},"breadcrumb":{"@id":"https:\/\/www.ull.es\/portal\/noticias\/2019\/un-7086-supera-la-ebau-en-la-convocatoria-de-julio-en-la-universidad-de-la-laguna\/#breadcrumb"},"inLanguage":"es","potentialAction":[{"@type":"ReadAction","target":["https:\/\/www.ull.es\/portal\/noticias\/2019\/un-7086-supera-la-ebau-en-la-convocatoria-de-julio-en-la-universidad-de-la-laguna\/"]}]},{"@type":"BreadcrumbList","@id":"https:\/\/www.ull.es\/portal\/noticias\/2019\/un-7086-supera-la-ebau-en-la-convocatoria-de-julio-en-la-universidad-de-la-laguna\/#breadcrumb","itemListElement":[{"@type":"ListItem","position":1,"name":"Portada","item":"https:\/\/www.ull.es\/portal\/noticias\/"},{"@type":"ListItem","position":2,"name":"Un 70,86% supera la EBAU en la convocatoria de julio en la Universidad de La Laguna"}]},{"@type":"WebSite","@id":"https:\/\/www.ull.es\/portal\/noticias\/#website","url":"https:\/\/www.ull.es\/portal\/noticias\/","name":"ULL - Noticias","description":"","potentialAction":[{"@type":"SearchAction","target":{"@type":"EntryPoint","urlTemplate":"https:\/\/www.ull.es\/portal\/noticias\/?s={search_term_string}"},"query-input":"required name=search_term_string"}],"inLanguage":"es"},{"@type":"Person","@id":"https:\/\/www.ull.es\/portal\/noticias\/#\/schema\/person\/b2b1a89d43ffa609e591f7df8ef3e817","name":"gaprsa","image":{"@type":"ImageObject","inLanguage":"es","@id":"https:\/\/www.ull.es\/portal\/noticias\/#\/schema\/person\/image\/","url":"https:\/\/secure.gravatar.com\/avatar\/443820550921091458b4823867723b3d?s=96&d=mm&r=g","contentUrl":"https:\/\/secure.gravatar.com\/avatar\/443820550921091458b4823867723b3d?s=96&d=mm&r=g","caption":"gaprsa"},"url":"https:\/\/www.ull.es\/portal\/noticias\/author\/gaprsa\/"}]}},"primary_category":{"id":345,"name":"Destacado","slug":"destacado","link":"https:\/\/www.ull.es\/portal\/noticias\/category\/destacado\/"},"featured_image_thumbnail_url":"https:\/\/www.ull.es\/portal\/noticias\/wp-content\/uploads\/sites\/13\/2019\/07\/EBAU-ULL-40-300x200.jpg","_links":{"self":[{"href":"https:\/\/www.ull.es\/portal\/noticias\/wp-json\/wp\/v2\/posts\/45518"}],"collection":[{"href":"https:\/\/www.ull.es\/portal\/noticias\/wp-json\/wp\/v2\/posts"}],"about":[{"href":"https:\/\/www.ull.es\/portal\/noticias\/wp-json\/wp\/v2\/types\/post"}],"author":[{"embeddable":true,"href":"https:\/\/www.ull.es\/portal\/noticias\/wp-json\/wp\/v2\/users\/23"}],"replies":[{"embeddable":true,"href":"https:\/\/www.ull.es\/portal\/noticias\/wp-json\/wp\/v2\/comments?post=45518"}],"version-history":[{"count":1,"href":"https:\/\/www.ull.es\/portal\/noticias\/wp-json\/wp\/v2\/posts\/45518\/revisions"}],"predecessor-version":[{"id":45519,"href":"https:\/\/www.ull.es\/portal\/noticias\/wp-json\/wp\/v2\/posts\/45518\/revisions\/45519"}],"wp:featuredmedia":[{"embeddable":true,"href":"https:\/\/www.ull.es\/portal\/noticias\/wp-json\/wp\/v2\/media\/45520"}],"wp:attachment":[{"href":"https:\/\/www.ull.es\/portal\/noticias\/wp-json\/wp\/v2\/media?parent=45518"}],"wp:term":[{"taxonomy":"category","embeddable":true,"href":"https:\/\/www.ull.es\/portal\/noticias\/wp-json\/wp\/v2\/categories?post=45518"},{"taxonomy":"post_tag","embeddable":true,"href":"https:\/\/www.ull.es\/portal\/noticias\/wp-json\/wp\/v2\/tags?post=45518"}],"curies":[{"name":"wp","href":"https:\/\/api.w.org\/{rel}","templated":true}]}}