{"id":45570,"date":"2019-07-15T12:11:04","date_gmt":"2019-07-15T12:11:04","guid":{"rendered":"https:\/\/www.ull.es\/portal\/noticias\/?p=45570"},"modified":"2019-07-15T12:11:04","modified_gmt":"2019-07-15T12:11:04","slug":"la-universidad-de-la-laguna-elaborara-un-protocolo-de-acompanamiento-para-el-colectivo-de-estudiantes-transexuales","status":"publish","type":"post","link":"https:\/\/www.ull.es\/portal\/noticias\/2019\/la-universidad-de-la-laguna-elaborara-un-protocolo-de-acompanamiento-para-el-colectivo-de-estudiantes-transexuales\/","title":{"rendered":"La Universidad de La Laguna elaborar\u00e1 un protocolo de acompa\u00f1amiento para el colectivo de estudiantes transexuales"},"content":{"rendered":"<p>La rectora de la Universidad de La Laguna, Rosa Aguilar, ha recibido hoy 15 de julio la visita del secretario de la asociaci\u00f3n Transgirls Canarias, Alekai HI. El objeto del encuentro fue exponerle a la m\u00e1xima mandataria de la instituci\u00f3n acad\u00e9mica la situaci\u00f3n del colectivo transexual y, en concreto, llevar a cabo alguna medida de seguimiento en el \u00e1mbito acad\u00e9mico de los estudiantes con esta condici\u00f3n, para mejorar su integraci\u00f3n y conocer de cerca sus necesidades.<\/p>\n<p>Por este motivo en la reuni\u00f3n, a la que tambi\u00e9n acudi\u00f3 la vicerrectora de Estudiantes y Empleabilidad, Lastenia Hern\u00e1ndez, se acord\u00f3 abordar un protocolo de acompa\u00f1amiento, al tiempo que poner en marcha un programa formativo dentro de la comunidad universitaria para sensibilizar acerca de las realidades diferentes dentro del estudiantado, destinado tanto al propio alumnado como al resto de sectores de la comunidad acad\u00e9mica.<\/p>\n<p>Una de sus necesidades expresadas en la reuni\u00f3n fue la de que, mientras un estudiante no proceda al cambio de nombre legal, que aparezca en los listados de clase con el llamado nombre sentido, de tal forma que el primero solo se utilizar\u00e1 para las actas de calificaciones.<\/p>\n","protected":false},"excerpt":{"rendered":"<p>La rectora de la Universidad de La Laguna, Rosa Aguilar, ha recibido hoy 15 de julio la visita del secretario&#8230;<\/p>\n","protected":false},"author":23,"featured_media":45571,"comment_status":"closed","ping_status":"closed","sticky":false,"template":"","format":"standard","meta":{"inline_featured_image":false,"footnotes":""},"categories":[343,345,2765],"tags":[],"acf":[],"yoast_head":"<!-- This site is optimized with the Yoast SEO plugin v21.3 - https:\/\/yoast.com\/wordpress\/plugins\/seo\/ -->\n<title>La Universidad de La Laguna elaborar\u00e1 un protocolo de acompa\u00f1amiento para el colectivo de estudiantes transexuales - ULL - Noticias<\/title>\n<meta name=\"robots\" content=\"index, follow, max-snippet:-1, max-image-preview:large, max-video-preview:-1\" \/>\n<link rel=\"canonical\" href=\"https:\/\/www.ull.es\/portal\/noticias\/2019\/la-universidad-de-la-laguna-elaborara-un-protocolo-de-acompanamiento-para-el-colectivo-de-estudiantes-transexuales\/\" \/>\n<meta property=\"og:locale\" content=\"es_ES\" \/>\n<meta property=\"og:type\" content=\"article\" \/>\n<meta property=\"og:title\" content=\"La Universidad de La Laguna elaborar\u00e1 un protocolo de acompa\u00f1amiento para el colectivo de estudiantes transexuales - ULL - Noticias\" \/>\n<meta property=\"og:description\" content=\"La rectora de la Universidad de La Laguna, Rosa Aguilar, ha recibido hoy 15 de julio la visita del secretario...\" \/>\n<meta property=\"og:url\" content=\"https:\/\/www.ull.es\/portal\/noticias\/2019\/la-universidad-de-la-laguna-elaborara-un-protocolo-de-acompanamiento-para-el-colectivo-de-estudiantes-transexuales\/\" \/>\n<meta property=\"og:site_name\" content=\"ULL - Noticias\" \/>\n<meta property=\"article:publisher\" content=\"https:\/\/www.facebook.com\/universidaddelalaguna\/\" \/>\n<meta property=\"article:published_time\" content=\"2019-07-15T12:11:04+00:00\" \/>\n<meta property=\"og:image\" content=\"https:\/\/www.ull.es\/portal\/noticias\/wp-content\/uploads\/sites\/13\/2019\/07\/reunion-rectora-colectivo-trans.jpg\" \/>\n\t<meta property=\"og:image:width\" content=\"1200\" \/>\n\t<meta property=\"og:image:height\" content=\"800\" \/>\n\t<meta property=\"og:image:type\" content=\"image\/jpeg\" \/>\n<meta name=\"author\" content=\"gaprsa\" \/>\n<meta name=\"twitter:card\" content=\"summary_large_image\" \/>\n<meta name=\"twitter:creator\" content=\"@CanalULL\" \/>\n<meta name=\"twitter:site\" content=\"@CanalULL\" \/>\n<meta name=\"twitter:label1\" content=\"Escrito por\" \/>\n\t<meta name=\"twitter:data1\" content=\"gaprsa\" \/>\n\t<meta name=\"twitter:label2\" content=\"Tiempo de lectura\" \/>\n\t<meta name=\"twitter:data2\" content=\"1 minuto\" \/>\n<script type=\"application\/ld+json\" class=\"yoast-schema-graph\">{\"@context\":\"https:\/\/schema.org\",\"@graph\":[{\"@type\":\"WebPage\",\"@id\":\"https:\/\/www.ull.es\/portal\/noticias\/2019\/la-universidad-de-la-laguna-elaborara-un-protocolo-de-acompanamiento-para-el-colectivo-de-estudiantes-transexuales\/\",\"url\":\"https:\/\/www.ull.es\/portal\/noticias\/2019\/la-universidad-de-la-laguna-elaborara-un-protocolo-de-acompanamiento-para-el-colectivo-de-estudiantes-transexuales\/\",\"name\":\"La Universidad de La Laguna elaborar\u00e1 un protocolo de acompa\u00f1amiento para el colectivo de estudiantes transexuales - ULL - Noticias\",\"isPartOf\":{\"@id\":\"https:\/\/www.ull.es\/portal\/noticias\/#website\"},\"datePublished\":\"2019-07-15T12:11:04+00:00\",\"dateModified\":\"2019-07-15T12:11:04+00:00\",\"author\":{\"@id\":\"https:\/\/www.ull.es\/portal\/noticias\/#\/schema\/person\/b2b1a89d43ffa609e591f7df8ef3e817\"},\"breadcrumb\":{\"@id\":\"https:\/\/www.ull.es\/portal\/noticias\/2019\/la-universidad-de-la-laguna-elaborara-un-protocolo-de-acompanamiento-para-el-colectivo-de-estudiantes-transexuales\/#breadcrumb\"},\"inLanguage\":\"es\",\"potentialAction\":[{\"@type\":\"ReadAction\",\"target\":[\"https:\/\/www.ull.es\/portal\/noticias\/2019\/la-universidad-de-la-laguna-elaborara-un-protocolo-de-acompanamiento-para-el-colectivo-de-estudiantes-transexuales\/\"]}]},{\"@type\":\"BreadcrumbList\",\"@id\":\"https:\/\/www.ull.es\/portal\/noticias\/2019\/la-universidad-de-la-laguna-elaborara-un-protocolo-de-acompanamiento-para-el-colectivo-de-estudiantes-transexuales\/#breadcrumb\",\"itemListElement\":[{\"@type\":\"ListItem\",\"position\":1,\"name\":\"Portada\",\"item\":\"https:\/\/www.ull.es\/portal\/noticias\/\"},{\"@type\":\"ListItem\",\"position\":2,\"name\":\"La Universidad de La Laguna elaborar\u00e1 un protocolo de acompa\u00f1amiento para el colectivo de estudiantes transexuales\"}]},{\"@type\":\"WebSite\",\"@id\":\"https:\/\/www.ull.es\/portal\/noticias\/#website\",\"url\":\"https:\/\/www.ull.es\/portal\/noticias\/\",\"name\":\"ULL - Noticias\",\"description\":\"\",\"potentialAction\":[{\"@type\":\"SearchAction\",\"target\":{\"@type\":\"EntryPoint\",\"urlTemplate\":\"https:\/\/www.ull.es\/portal\/noticias\/?s={search_term_string}\"},\"query-input\":\"required name=search_term_string\"}],\"inLanguage\":\"es\"},{\"@type\":\"Person\",\"@id\":\"https:\/\/www.ull.es\/portal\/noticias\/#\/schema\/person\/b2b1a89d43ffa609e591f7df8ef3e817\",\"name\":\"gaprsa\",\"image\":{\"@type\":\"ImageObject\",\"inLanguage\":\"es\",\"@id\":\"https:\/\/www.ull.es\/portal\/noticias\/#\/schema\/person\/image\/\",\"url\":\"https:\/\/secure.gravatar.com\/avatar\/443820550921091458b4823867723b3d?s=96&d=mm&r=g\",\"contentUrl\":\"https:\/\/secure.gravatar.com\/avatar\/443820550921091458b4823867723b3d?s=96&d=mm&r=g\",\"caption\":\"gaprsa\"},\"url\":\"https:\/\/www.ull.es\/portal\/noticias\/author\/gaprsa\/\"}]}<\/script>\n<!-- \/ Yoast SEO plugin. -->","yoast_head_json":{"title":"La Universidad de La Laguna elaborar\u00e1 un protocolo de acompa\u00f1amiento para el colectivo de estudiantes transexuales - ULL - Noticias","robots":{"index":"index","follow":"follow","max-snippet":"max-snippet:-1","max-image-preview":"max-image-preview:large","max-video-preview":"max-video-preview:-1"},"canonical":"https:\/\/www.ull.es\/portal\/noticias\/2019\/la-universidad-de-la-laguna-elaborara-un-protocolo-de-acompanamiento-para-el-colectivo-de-estudiantes-transexuales\/","og_locale":"es_ES","og_type":"article","og_title":"La Universidad de La Laguna elaborar\u00e1 un protocolo de acompa\u00f1amiento para el colectivo de estudiantes transexuales - ULL - Noticias","og_description":"La rectora de la Universidad de La Laguna, Rosa Aguilar, ha recibido hoy 15 de julio la visita del secretario...","og_url":"https:\/\/www.ull.es\/portal\/noticias\/2019\/la-universidad-de-la-laguna-elaborara-un-protocolo-de-acompanamiento-para-el-colectivo-de-estudiantes-transexuales\/","og_site_name":"ULL - Noticias","article_publisher":"https:\/\/www.facebook.com\/universidaddelalaguna\/","article_published_time":"2019-07-15T12:11:04+00:00","og_image":[{"width":1200,"height":800,"url":"https:\/\/www.ull.es\/portal\/noticias\/wp-content\/uploads\/sites\/13\/2019\/07\/reunion-rectora-colectivo-trans.jpg","type":"image\/jpeg"}],"author":"gaprsa","twitter_card":"summary_large_image","twitter_creator":"@CanalULL","twitter_site":"@CanalULL","twitter_misc":{"Escrito por":"gaprsa","Tiempo de lectura":"1 minuto"},"schema":{"@context":"https:\/\/schema.org","@graph":[{"@type":"WebPage","@id":"https:\/\/www.ull.es\/portal\/noticias\/2019\/la-universidad-de-la-laguna-elaborara-un-protocolo-de-acompanamiento-para-el-colectivo-de-estudiantes-transexuales\/","url":"https:\/\/www.ull.es\/portal\/noticias\/2019\/la-universidad-de-la-laguna-elaborara-un-protocolo-de-acompanamiento-para-el-colectivo-de-estudiantes-transexuales\/","name":"La Universidad de La Laguna elaborar\u00e1 un protocolo de acompa\u00f1amiento para el colectivo de estudiantes transexuales - ULL - Noticias","isPartOf":{"@id":"https:\/\/www.ull.es\/portal\/noticias\/#website"},"datePublished":"2019-07-15T12:11:04+00:00","dateModified":"2019-07-15T12:11:04+00:00","author":{"@id":"https:\/\/www.ull.es\/portal\/noticias\/#\/schema\/person\/b2b1a89d43ffa609e591f7df8ef3e817"},"breadcrumb":{"@id":"https:\/\/www.ull.es\/portal\/noticias\/2019\/la-universidad-de-la-laguna-elaborara-un-protocolo-de-acompanamiento-para-el-colectivo-de-estudiantes-transexuales\/#breadcrumb"},"inLanguage":"es","potentialAction":[{"@type":"ReadAction","target":["https:\/\/www.ull.es\/portal\/noticias\/2019\/la-universidad-de-la-laguna-elaborara-un-protocolo-de-acompanamiento-para-el-colectivo-de-estudiantes-transexuales\/"]}]},{"@type":"BreadcrumbList","@id":"https:\/\/www.ull.es\/portal\/noticias\/2019\/la-universidad-de-la-laguna-elaborara-un-protocolo-de-acompanamiento-para-el-colectivo-de-estudiantes-transexuales\/#breadcrumb","itemListElement":[{"@type":"ListItem","position":1,"name":"Portada","item":"https:\/\/www.ull.es\/portal\/noticias\/"},{"@type":"ListItem","position":2,"name":"La Universidad de La Laguna elaborar\u00e1 un protocolo de acompa\u00f1amiento para el colectivo de estudiantes transexuales"}]},{"@type":"WebSite","@id":"https:\/\/www.ull.es\/portal\/noticias\/#website","url":"https:\/\/www.ull.es\/portal\/noticias\/","name":"ULL - Noticias","description":"","potentialAction":[{"@type":"SearchAction","target":{"@type":"EntryPoint","urlTemplate":"https:\/\/www.ull.es\/portal\/noticias\/?s={search_term_string}"},"query-input":"required name=search_term_string"}],"inLanguage":"es"},{"@type":"Person","@id":"https:\/\/www.ull.es\/portal\/noticias\/#\/schema\/person\/b2b1a89d43ffa609e591f7df8ef3e817","name":"gaprsa","image":{"@type":"ImageObject","inLanguage":"es","@id":"https:\/\/www.ull.es\/portal\/noticias\/#\/schema\/person\/image\/","url":"https:\/\/secure.gravatar.com\/avatar\/443820550921091458b4823867723b3d?s=96&d=mm&r=g","contentUrl":"https:\/\/secure.gravatar.com\/avatar\/443820550921091458b4823867723b3d?s=96&d=mm&r=g","caption":"gaprsa"},"url":"https:\/\/www.ull.es\/portal\/noticias\/author\/gaprsa\/"}]}},"primary_category":{"id":343,"name":"Alumnado","slug":"alumnado","link":"https:\/\/www.ull.es\/portal\/noticias\/category\/alumnado\/"},"featured_image_thumbnail_url":"https:\/\/www.ull.es\/portal\/noticias\/wp-content\/uploads\/sites\/13\/2019\/07\/reunion-rectora-colectivo-trans-300x200.jpg","_links":{"self":[{"href":"https:\/\/www.ull.es\/portal\/noticias\/wp-json\/wp\/v2\/posts\/45570"}],"collection":[{"href":"https:\/\/www.ull.es\/portal\/noticias\/wp-json\/wp\/v2\/posts"}],"about":[{"href":"https:\/\/www.ull.es\/portal\/noticias\/wp-json\/wp\/v2\/types\/post"}],"author":[{"embeddable":true,"href":"https:\/\/www.ull.es\/portal\/noticias\/wp-json\/wp\/v2\/users\/23"}],"replies":[{"embeddable":true,"href":"https:\/\/www.ull.es\/portal\/noticias\/wp-json\/wp\/v2\/comments?post=45570"}],"version-history":[{"count":1,"href":"https:\/\/www.ull.es\/portal\/noticias\/wp-json\/wp\/v2\/posts\/45570\/revisions"}],"predecessor-version":[{"id":45573,"href":"https:\/\/www.ull.es\/portal\/noticias\/wp-json\/wp\/v2\/posts\/45570\/revisions\/45573"}],"wp:featuredmedia":[{"embeddable":true,"href":"https:\/\/www.ull.es\/portal\/noticias\/wp-json\/wp\/v2\/media\/45571"}],"wp:attachment":[{"href":"https:\/\/www.ull.es\/portal\/noticias\/wp-json\/wp\/v2\/media?parent=45570"}],"wp:term":[{"taxonomy":"category","embeddable":true,"href":"https:\/\/www.ull.es\/portal\/noticias\/wp-json\/wp\/v2\/categories?post=45570"},{"taxonomy":"post_tag","embeddable":true,"href":"https:\/\/www.ull.es\/portal\/noticias\/wp-json\/wp\/v2\/tags?post=45570"}],"curies":[{"name":"wp","href":"https:\/\/api.w.org\/{rel}","templated":true}]}}