{"id":45590,"date":"2019-07-15T13:54:35","date_gmt":"2019-07-15T13:54:35","guid":{"rendered":"https:\/\/www.ull.es\/portal\/noticias\/?p=45590"},"modified":"2019-07-15T13:54:35","modified_gmt":"2019-07-15T13:54:35","slug":"medicina-y-maestro-en-educacion-primaria-los-grados-mas-solicitados-en-la-preinscripcion-de-la-ull","status":"publish","type":"post","link":"https:\/\/www.ull.es\/portal\/noticias\/2019\/medicina-y-maestro-en-educacion-primaria-los-grados-mas-solicitados-en-la-preinscripcion-de-la-ull\/","title":{"rendered":"Medicina y Maestro en Educaci\u00f3n Primaria, los grados m\u00e1s solicitados en la preinscripci\u00f3n de la ULL"},"content":{"rendered":"<p>La Universidad de La Laguna ha publicado hoy, lunes 15 de julio, la primera lista de adjudicaci\u00f3n de plazas de nuevo ingreso correspondiente a la preinscripci\u00f3n ordinaria, la cual pudo formalizarse entre el 14 de junio y el 2 de julio. El Grado en Medicina ha vuelto a ser la titulaci\u00f3n m\u00e1s demandada, con 1.145 solicitudes para 130 plazas, seguida por Maestro en Educaci\u00f3n Primaria, que recibi\u00f3 472 solicitudes para 260 vacantes.<\/p>\n<p>Los siguientes grados m\u00e1s demandados, del total de 48 ofertados, han sido el Grado en Enfermer\u00eda, con 456 solitudes para 100 plazas; el Grado en Psicolog\u00eda, con 400 solicitudes para 200 plazas; y el Grado en Administraci\u00f3n y Direcci\u00f3n de Empresas, con 370 solicitudes y 175 plazas.<\/p>\n<p>La matr\u00edcula para esta primera lista se ha abierto tambi\u00e9n hoy, y permanecer\u00e1 activa hasta el mi\u00e9rcoles 17 de julio. A las 13:30 horas ya se hab\u00edan matriculado 970 personas en los diferentes grados adjudicados, seg\u00fan datos facilitados por el Gabinete de An\u00e1lisis y Planificaci\u00f3n del centro docente.<\/p>\n<p>El viernes 19 de julio ser\u00e1 publicada una segunda lista, cuya matriculaci\u00f3n se producir\u00e1 entre el 19 y el 23 de julio. La lista de espera se ejecutar\u00e1 los d\u00edas 25 y 26 de julio, y su matriculaci\u00f3n ser\u00e1 del 29 al 31 de julio.<\/p>\n<p>Una vez distribuidas las plazas para alumnado de nuevo ingreso en las titulaciones de grado mediante esta preinscripci\u00f3n ordinaria, se abrir\u00e1 un periodo extraordinario para distribuir aquellas vacantes que hayan quedado sin cubrir, cuyo listado ser\u00e1 publicado el lunes 5 de agosto.<\/p>\n<p>La preinscripci\u00f3n extraordinaria podr\u00e1 solicitarse entre los d\u00edas 27 y 29 de agosto y su \u00fanica lista de adjudicaci\u00f3n de plazas ser\u00e1 publicada el d\u00eda 2 de septiembre, para formalizar la matr\u00edcula entre el 6 y el 9 de septiembre.<\/p>\n<p>En cuanto al alumnado de grado que ya hab\u00eda accedido a la universidad y prosigue sus estudios, la matr\u00edcula comenzar\u00e1 el d\u00eda 23 de septiembre y finalizar\u00e1 el d\u00eda 30 de ese mismo mes. Para evitar colapsos y organizar mejor el proceso, el d\u00eda 23 se iniciar\u00e1 la matr\u00edcula para el alumnado de determinadas titulaciones de forma escalonada, en un periodo de horas concreto, que se podr\u00e1 consultar en la <a href=\"https:\/\/riull.ull.es\/xmlui\/bitstream\/handle\/915\/14312\/Calendario%20de%20Grado%20continuaci%c3%b3n%20actualizado.pdf\" target=\"_blank\" rel=\"noopener\">web institucional<\/a>.<\/p>\n","protected":false},"excerpt":{"rendered":"<p>La Universidad de La Laguna ha publicado hoy, lunes 15 de julio, la primera lista de adjudicaci\u00f3n de plazas de&#8230;<\/p>\n","protected":false},"author":23,"featured_media":45246,"comment_status":"closed","ping_status":"closed","sticky":false,"template":"","format":"standard","meta":{"inline_featured_image":false,"footnotes":""},"categories":[343,345,348,2765],"tags":[2138],"acf":[],"yoast_head":"<!-- This site is optimized with the Yoast SEO plugin v21.3 - https:\/\/yoast.com\/wordpress\/plugins\/seo\/ -->\n<title>Medicina y Maestro en Educaci\u00f3n Primaria, los grados m\u00e1s solicitados en la preinscripci\u00f3n de la ULL - ULL - Noticias<\/title>\n<meta name=\"robots\" content=\"index, follow, max-snippet:-1, max-image-preview:large, max-video-preview:-1\" \/>\n<link rel=\"canonical\" href=\"https:\/\/www.ull.es\/portal\/noticias\/2019\/medicina-y-maestro-en-educacion-primaria-los-grados-mas-solicitados-en-la-preinscripcion-de-la-ull\/\" \/>\n<meta property=\"og:locale\" content=\"es_ES\" \/>\n<meta property=\"og:type\" content=\"article\" \/>\n<meta property=\"og:title\" content=\"Medicina y Maestro en Educaci\u00f3n Primaria, los grados m\u00e1s solicitados en la preinscripci\u00f3n de la ULL - ULL - Noticias\" \/>\n<meta property=\"og:description\" content=\"La Universidad de La Laguna ha publicado hoy, lunes 15 de julio, la primera lista de adjudicaci\u00f3n de plazas de...\" \/>\n<meta property=\"og:url\" content=\"https:\/\/www.ull.es\/portal\/noticias\/2019\/medicina-y-maestro-en-educacion-primaria-los-grados-mas-solicitados-en-la-preinscripcion-de-la-ull\/\" \/>\n<meta property=\"og:site_name\" content=\"ULL - Noticias\" \/>\n<meta property=\"article:publisher\" content=\"https:\/\/www.facebook.com\/universidaddelalaguna\/\" \/>\n<meta property=\"article:published_time\" content=\"2019-07-15T13:54:35+00:00\" \/>\n<meta property=\"og:image\" content=\"https:\/\/www.ull.es\/portal\/noticias\/wp-content\/uploads\/sites\/13\/2019\/07\/Altas-capacidades_castellano-simons.jpg\" \/>\n\t<meta property=\"og:image:width\" content=\"1024\" \/>\n\t<meta property=\"og:image:height\" content=\"683\" \/>\n\t<meta property=\"og:image:type\" content=\"image\/jpeg\" \/>\n<meta name=\"author\" content=\"gaprsa\" \/>\n<meta name=\"twitter:card\" content=\"summary_large_image\" \/>\n<meta name=\"twitter:creator\" content=\"@CanalULL\" \/>\n<meta name=\"twitter:site\" content=\"@CanalULL\" \/>\n<meta name=\"twitter:label1\" content=\"Escrito por\" \/>\n\t<meta name=\"twitter:data1\" content=\"gaprsa\" \/>\n\t<meta name=\"twitter:label2\" content=\"Tiempo de lectura\" \/>\n\t<meta name=\"twitter:data2\" content=\"2 minutos\" \/>\n<script type=\"application\/ld+json\" class=\"yoast-schema-graph\">{\"@context\":\"https:\/\/schema.org\",\"@graph\":[{\"@type\":\"WebPage\",\"@id\":\"https:\/\/www.ull.es\/portal\/noticias\/2019\/medicina-y-maestro-en-educacion-primaria-los-grados-mas-solicitados-en-la-preinscripcion-de-la-ull\/\",\"url\":\"https:\/\/www.ull.es\/portal\/noticias\/2019\/medicina-y-maestro-en-educacion-primaria-los-grados-mas-solicitados-en-la-preinscripcion-de-la-ull\/\",\"name\":\"Medicina y Maestro en Educaci\u00f3n Primaria, los grados m\u00e1s solicitados en la preinscripci\u00f3n de la ULL - ULL - Noticias\",\"isPartOf\":{\"@id\":\"https:\/\/www.ull.es\/portal\/noticias\/#website\"},\"datePublished\":\"2019-07-15T13:54:35+00:00\",\"dateModified\":\"2019-07-15T13:54:35+00:00\",\"author\":{\"@id\":\"https:\/\/www.ull.es\/portal\/noticias\/#\/schema\/person\/b2b1a89d43ffa609e591f7df8ef3e817\"},\"breadcrumb\":{\"@id\":\"https:\/\/www.ull.es\/portal\/noticias\/2019\/medicina-y-maestro-en-educacion-primaria-los-grados-mas-solicitados-en-la-preinscripcion-de-la-ull\/#breadcrumb\"},\"inLanguage\":\"es\",\"potentialAction\":[{\"@type\":\"ReadAction\",\"target\":[\"https:\/\/www.ull.es\/portal\/noticias\/2019\/medicina-y-maestro-en-educacion-primaria-los-grados-mas-solicitados-en-la-preinscripcion-de-la-ull\/\"]}]},{\"@type\":\"BreadcrumbList\",\"@id\":\"https:\/\/www.ull.es\/portal\/noticias\/2019\/medicina-y-maestro-en-educacion-primaria-los-grados-mas-solicitados-en-la-preinscripcion-de-la-ull\/#breadcrumb\",\"itemListElement\":[{\"@type\":\"ListItem\",\"position\":1,\"name\":\"Portada\",\"item\":\"https:\/\/www.ull.es\/portal\/noticias\/\"},{\"@type\":\"ListItem\",\"position\":2,\"name\":\"Medicina y Maestro en Educaci\u00f3n Primaria, los grados m\u00e1s solicitados en la preinscripci\u00f3n de la ULL\"}]},{\"@type\":\"WebSite\",\"@id\":\"https:\/\/www.ull.es\/portal\/noticias\/#website\",\"url\":\"https:\/\/www.ull.es\/portal\/noticias\/\",\"name\":\"ULL - Noticias\",\"description\":\"\",\"potentialAction\":[{\"@type\":\"SearchAction\",\"target\":{\"@type\":\"EntryPoint\",\"urlTemplate\":\"https:\/\/www.ull.es\/portal\/noticias\/?s={search_term_string}\"},\"query-input\":\"required name=search_term_string\"}],\"inLanguage\":\"es\"},{\"@type\":\"Person\",\"@id\":\"https:\/\/www.ull.es\/portal\/noticias\/#\/schema\/person\/b2b1a89d43ffa609e591f7df8ef3e817\",\"name\":\"gaprsa\",\"image\":{\"@type\":\"ImageObject\",\"inLanguage\":\"es\",\"@id\":\"https:\/\/www.ull.es\/portal\/noticias\/#\/schema\/person\/image\/\",\"url\":\"https:\/\/secure.gravatar.com\/avatar\/443820550921091458b4823867723b3d?s=96&d=mm&r=g\",\"contentUrl\":\"https:\/\/secure.gravatar.com\/avatar\/443820550921091458b4823867723b3d?s=96&d=mm&r=g\",\"caption\":\"gaprsa\"},\"url\":\"https:\/\/www.ull.es\/portal\/noticias\/author\/gaprsa\/\"}]}<\/script>\n<!-- \/ Yoast SEO plugin. -->","yoast_head_json":{"title":"Medicina y Maestro en Educaci\u00f3n Primaria, los grados m\u00e1s solicitados en la preinscripci\u00f3n de la ULL - ULL - Noticias","robots":{"index":"index","follow":"follow","max-snippet":"max-snippet:-1","max-image-preview":"max-image-preview:large","max-video-preview":"max-video-preview:-1"},"canonical":"https:\/\/www.ull.es\/portal\/noticias\/2019\/medicina-y-maestro-en-educacion-primaria-los-grados-mas-solicitados-en-la-preinscripcion-de-la-ull\/","og_locale":"es_ES","og_type":"article","og_title":"Medicina y Maestro en Educaci\u00f3n Primaria, los grados m\u00e1s solicitados en la preinscripci\u00f3n de la ULL - ULL - Noticias","og_description":"La Universidad de La Laguna ha publicado hoy, lunes 15 de julio, la primera lista de adjudicaci\u00f3n de plazas de...","og_url":"https:\/\/www.ull.es\/portal\/noticias\/2019\/medicina-y-maestro-en-educacion-primaria-los-grados-mas-solicitados-en-la-preinscripcion-de-la-ull\/","og_site_name":"ULL - Noticias","article_publisher":"https:\/\/www.facebook.com\/universidaddelalaguna\/","article_published_time":"2019-07-15T13:54:35+00:00","og_image":[{"width":1024,"height":683,"url":"https:\/\/www.ull.es\/portal\/noticias\/wp-content\/uploads\/sites\/13\/2019\/07\/Altas-capacidades_castellano-simons.jpg","type":"image\/jpeg"}],"author":"gaprsa","twitter_card":"summary_large_image","twitter_creator":"@CanalULL","twitter_site":"@CanalULL","twitter_misc":{"Escrito por":"gaprsa","Tiempo de lectura":"2 minutos"},"schema":{"@context":"https:\/\/schema.org","@graph":[{"@type":"WebPage","@id":"https:\/\/www.ull.es\/portal\/noticias\/2019\/medicina-y-maestro-en-educacion-primaria-los-grados-mas-solicitados-en-la-preinscripcion-de-la-ull\/","url":"https:\/\/www.ull.es\/portal\/noticias\/2019\/medicina-y-maestro-en-educacion-primaria-los-grados-mas-solicitados-en-la-preinscripcion-de-la-ull\/","name":"Medicina y Maestro en Educaci\u00f3n Primaria, los grados m\u00e1s solicitados en la preinscripci\u00f3n de la ULL - ULL - Noticias","isPartOf":{"@id":"https:\/\/www.ull.es\/portal\/noticias\/#website"},"datePublished":"2019-07-15T13:54:35+00:00","dateModified":"2019-07-15T13:54:35+00:00","author":{"@id":"https:\/\/www.ull.es\/portal\/noticias\/#\/schema\/person\/b2b1a89d43ffa609e591f7df8ef3e817"},"breadcrumb":{"@id":"https:\/\/www.ull.es\/portal\/noticias\/2019\/medicina-y-maestro-en-educacion-primaria-los-grados-mas-solicitados-en-la-preinscripcion-de-la-ull\/#breadcrumb"},"inLanguage":"es","potentialAction":[{"@type":"ReadAction","target":["https:\/\/www.ull.es\/portal\/noticias\/2019\/medicina-y-maestro-en-educacion-primaria-los-grados-mas-solicitados-en-la-preinscripcion-de-la-ull\/"]}]},{"@type":"BreadcrumbList","@id":"https:\/\/www.ull.es\/portal\/noticias\/2019\/medicina-y-maestro-en-educacion-primaria-los-grados-mas-solicitados-en-la-preinscripcion-de-la-ull\/#breadcrumb","itemListElement":[{"@type":"ListItem","position":1,"name":"Portada","item":"https:\/\/www.ull.es\/portal\/noticias\/"},{"@type":"ListItem","position":2,"name":"Medicina y Maestro en Educaci\u00f3n Primaria, los grados m\u00e1s solicitados en la preinscripci\u00f3n de la ULL"}]},{"@type":"WebSite","@id":"https:\/\/www.ull.es\/portal\/noticias\/#website","url":"https:\/\/www.ull.es\/portal\/noticias\/","name":"ULL - Noticias","description":"","potentialAction":[{"@type":"SearchAction","target":{"@type":"EntryPoint","urlTemplate":"https:\/\/www.ull.es\/portal\/noticias\/?s={search_term_string}"},"query-input":"required name=search_term_string"}],"inLanguage":"es"},{"@type":"Person","@id":"https:\/\/www.ull.es\/portal\/noticias\/#\/schema\/person\/b2b1a89d43ffa609e591f7df8ef3e817","name":"gaprsa","image":{"@type":"ImageObject","inLanguage":"es","@id":"https:\/\/www.ull.es\/portal\/noticias\/#\/schema\/person\/image\/","url":"https:\/\/secure.gravatar.com\/avatar\/443820550921091458b4823867723b3d?s=96&d=mm&r=g","contentUrl":"https:\/\/secure.gravatar.com\/avatar\/443820550921091458b4823867723b3d?s=96&d=mm&r=g","caption":"gaprsa"},"url":"https:\/\/www.ull.es\/portal\/noticias\/author\/gaprsa\/"}]}},"primary_category":{"id":343,"name":"Alumnado","slug":"alumnado","link":"https:\/\/www.ull.es\/portal\/noticias\/category\/alumnado\/"},"featured_image_thumbnail_url":"https:\/\/www.ull.es\/portal\/noticias\/wp-content\/uploads\/sites\/13\/2019\/07\/Altas-capacidades_castellano-simons-300x200.jpg","_links":{"self":[{"href":"https:\/\/www.ull.es\/portal\/noticias\/wp-json\/wp\/v2\/posts\/45590"}],"collection":[{"href":"https:\/\/www.ull.es\/portal\/noticias\/wp-json\/wp\/v2\/posts"}],"about":[{"href":"https:\/\/www.ull.es\/portal\/noticias\/wp-json\/wp\/v2\/types\/post"}],"author":[{"embeddable":true,"href":"https:\/\/www.ull.es\/portal\/noticias\/wp-json\/wp\/v2\/users\/23"}],"replies":[{"embeddable":true,"href":"https:\/\/www.ull.es\/portal\/noticias\/wp-json\/wp\/v2\/comments?post=45590"}],"version-history":[{"count":1,"href":"https:\/\/www.ull.es\/portal\/noticias\/wp-json\/wp\/v2\/posts\/45590\/revisions"}],"predecessor-version":[{"id":45591,"href":"https:\/\/www.ull.es\/portal\/noticias\/wp-json\/wp\/v2\/posts\/45590\/revisions\/45591"}],"wp:featuredmedia":[{"embeddable":true,"href":"https:\/\/www.ull.es\/portal\/noticias\/wp-json\/wp\/v2\/media\/45246"}],"wp:attachment":[{"href":"https:\/\/www.ull.es\/portal\/noticias\/wp-json\/wp\/v2\/media?parent=45590"}],"wp:term":[{"taxonomy":"category","embeddable":true,"href":"https:\/\/www.ull.es\/portal\/noticias\/wp-json\/wp\/v2\/categories?post=45590"},{"taxonomy":"post_tag","embeddable":true,"href":"https:\/\/www.ull.es\/portal\/noticias\/wp-json\/wp\/v2\/tags?post=45590"}],"curies":[{"name":"wp","href":"https:\/\/api.w.org\/{rel}","templated":true}]}}