{"id":45646,"date":"2019-07-17T13:57:23","date_gmt":"2019-07-17T13:57:23","guid":{"rendered":"https:\/\/www.ull.es\/portal\/noticias\/?p=45646"},"modified":"2019-07-17T13:57:24","modified_gmt":"2019-07-17T13:57:24","slug":"aragones-en-el-congreso-de-psicologia-ambiental-la-ciencia-esta-ajena-al-concepto-de-bienestar","status":"publish","type":"post","link":"https:\/\/www.ull.es\/portal\/noticias\/2019\/aragones-en-el-congreso-de-psicologia-ambiental-la-ciencia-esta-ajena-al-concepto-de-bienestar\/","title":{"rendered":"Aragon\u00e9s, en el Congreso de Psicolog\u00eda Ambiental: \u201cLa ciencia est\u00e1 ajena al concepto de bienestar\u201d"},"content":{"rendered":"<p>El catedr\u00e1tico de Psicolog\u00eda Ambiental de la Universidad Complutense de Madrid Juan Aragon\u00e9s participa estos d\u00edas en el congreso internacional que sobre la misma materia celebra la Universidad de La Laguna. En opini\u00f3n del experto, la ciencia vive al margen del bienestar, porque lo que le interesa es la resoluci\u00f3n de problemas y se centra exclusivamente en c\u00f3mo funcionan las cosas.<\/p>\n<p>En esta cita cient\u00edfica, que se ha centrado en las comunidades, sus recursos y su sostenibilidad, se presentar\u00e1n un total de 158 trabajos de investigaci\u00f3n, distribuidos entre 97 comunicaciones orales divididas entre diecis\u00e9is mesas tem\u00e1ticas, 40 p\u00f3steres que se presentar\u00e1n en dos sesiones y cuatro simposios que re\u00fanen 21 trabajos en total.<\/p>\n<p>Ya en los fundamentos de la psicolog\u00eda ambiental se hablaba del bienestar como elemento central de esta disciplina, explic\u00f3 hoy 17 de julio el catedr\u00e1tico en una distendida charla que dio pie a que otros profesionales ofrecieran igualmente su punto de vista.&nbsp;Relat\u00f3 que hace escasos d\u00edas apareci\u00f3 un art\u00edculo que dec\u00eda que gastar 120 minutos a la semana en la naturaleza se asocia al bienestar y a la salud. \u201cLo cierto es que no podemos afirmar que estar en la naturaleza sienta bien, en realidad puede decirse, pero no sabemos por qu\u00e9 ocurre, no podemos demostrarlo\u201d, sentenci\u00f3 Aragon\u00e9s. \u201cPodemos hablar de conectividad con la naturaleza, de afinidad con ella, pero no sabemos el porqu\u00e9 de esta relaci\u00f3n\u201d.<\/p>\n<div id=\"attachment_45648\" style=\"width: 310px\" class=\"wp-caption alignleft\"><img aria-describedby=\"caption-attachment-45648\" decoding=\"async\" loading=\"lazy\" class=\"size-medium wp-image-45648\" src=\"https:\/\/www.ull.es\/portal\/noticias\/wp-content\/uploads\/sites\/13\/2019\/07\/Congr-Psicologia-Ambiental-inauguracion-300x200.jpg\" alt=\"\" width=\"300\" height=\"200\" srcset=\"https:\/\/www.ull.es\/portal\/noticias\/wp-content\/uploads\/sites\/13\/2019\/07\/Congr-Psicologia-Ambiental-inauguracion-300x200.jpg 300w, https:\/\/www.ull.es\/portal\/noticias\/wp-content\/uploads\/sites\/13\/2019\/07\/Congr-Psicologia-Ambiental-inauguracion-768x512.jpg 768w, https:\/\/www.ull.es\/portal\/noticias\/wp-content\/uploads\/sites\/13\/2019\/07\/Congr-Psicologia-Ambiental-inauguracion.jpg 1024w, https:\/\/www.ull.es\/portal\/noticias\/wp-content\/uploads\/sites\/13\/2019\/07\/Congr-Psicologia-Ambiental-inauguracion-375x250.jpg 375w, https:\/\/www.ull.es\/portal\/noticias\/wp-content\/uploads\/sites\/13\/2019\/07\/Congr-Psicologia-Ambiental-inauguracion-750x500.jpg 750w\" sizes=\"(max-width: 300px) 100vw, 300px\" \/><p id=\"caption-attachment-45648\" class=\"wp-caption-text\">Acto inaugural de ayer<\/p><\/div>\n<p>Otros expertos participaron en el debate para a\u00f1adir que en algunos contextos esas relaciones con la naturaleza son fuentes de bienestar, pero no siempre, recalcaron, porque pueden ven en ella otros problemas relacionados con inseguridad o con presencia de animales, por ejemplo. Uno de los asistentes a\u00f1adi\u00f3 que hay dos esferas en el conocimiento, una que est\u00e1 relacionada con los conceptos, que evoluciona y se presta a discusi\u00f3n, y otra que tiene que ver con las evidencias emp\u00edricas. \u201cAunque no casen siempre, se puede trabajar con los conceptos aunque no se relacionen directamente con lo experiencial\u201d.<\/p>\n<p>Esta cita internacional comenz\u00f3 en el d\u00eda de ayer con un precongreso a cargo de V\u00edctor Corral-Verdugo, profesor de la Universidad de Sonora, en M\u00e9xico. Dicho curso, titulado<em> Ambientes sostenibles y positivos,<\/em> ten\u00eda como objetivo dar una visi\u00f3n general sobre la idea original de la psicolog\u00eda ambiental, la visi\u00f3n positiva en psicolog\u00eda, ambientes positivos, su enfoque tradicional y ecol\u00f3gico, y los factores e indicadores que los condicionan, finalizando con un ejercicio en equipos para fomentar la aplicaci\u00f3n de los conocimientos recientemente adquiridos.<\/p>\n<p>Como conclusi\u00f3n, cabe decir que el ambiente est\u00e1 en el 100% de los antecedentes del bienestar. De esta forma, el curso constituy\u00f3 el punto de partida para <img decoding=\"async\" loading=\"lazy\" class=\"alignright size-medium wp-image-45649\" src=\"https:\/\/www.ull.es\/portal\/noticias\/wp-content\/uploads\/sites\/13\/2019\/07\/Inaug-Congr-Psicologia-Ambient-mesa-apertura-300x200.jpg\" alt=\"\" width=\"300\" height=\"200\" srcset=\"https:\/\/www.ull.es\/portal\/noticias\/wp-content\/uploads\/sites\/13\/2019\/07\/Inaug-Congr-Psicologia-Ambient-mesa-apertura-300x200.jpg 300w, https:\/\/www.ull.es\/portal\/noticias\/wp-content\/uploads\/sites\/13\/2019\/07\/Inaug-Congr-Psicologia-Ambient-mesa-apertura-768x512.jpg 768w, https:\/\/www.ull.es\/portal\/noticias\/wp-content\/uploads\/sites\/13\/2019\/07\/Inaug-Congr-Psicologia-Ambient-mesa-apertura.jpg 1024w, https:\/\/www.ull.es\/portal\/noticias\/wp-content\/uploads\/sites\/13\/2019\/07\/Inaug-Congr-Psicologia-Ambient-mesa-apertura-375x250.jpg 375w, https:\/\/www.ull.es\/portal\/noticias\/wp-content\/uploads\/sites\/13\/2019\/07\/Inaug-Congr-Psicologia-Ambient-mesa-apertura-750x500.jpg 750w\" sizes=\"(max-width: 300px) 100vw, 300px\" \/>arrancar el propio congreso. A continuaci\u00f3n, tuvo lugar la presentaci\u00f3n de los p\u00f3steres que optan al premio Roc\u00edo Mart\u00edn ante la comisi\u00f3n evaluadora.&nbsp;Ya por la tarde, se celebr\u00f3 el acto de apertura presidido por la rectora de la Universidad de La Laguna, Rosa Aguilar, con la presencia, entre otros, del decano del centro anfitri\u00f3n, Bernardo Hern\u00e1ndez, y de los colegios profesionales de Psicolog\u00eda de las dos provincias, con quienes la facultad mantiene estrechas relaciones.<\/p>\n<p>La conferencia inaugural se centr\u00f3 en la construcci\u00f3n de las comunidades para ser resilientes antes los riesgos, a cargo de la experta brit\u00e1nica Clare Twigger-Ross, quien abord\u00f3 los impactos sociales que puede presentar una situaci\u00f3n de peligro como son las inundaciones, y el concepto de resiliencia con un nuevo enfoque o perspectiva, atendiendo al conocimiento previo y la conducta de las personas ante esta circunstancia.&nbsp;As\u00ed pues, se puso en evidencia que resulta necesario una mejora de la resiliencia adquirida en estas comunidades ante los futuros acontecimientos derivados del cambio clim\u00e1tico, por ejemplo, no solo desde el punto de seguridad y emergencias, sino tambi\u00e9n abordando la psicolog\u00eda para minimizar el impacto social.<\/p>\n","protected":false},"excerpt":{"rendered":"<p>El catedr\u00e1tico de Psicolog\u00eda Ambiental de la Universidad Complutense de Madrid Juan Aragon\u00e9s participa estos d\u00edas en el congreso internacional&#8230;<\/p>\n","protected":false},"author":23,"featured_media":45647,"comment_status":"closed","ping_status":"closed","sticky":false,"template":"","format":"standard","meta":{"inline_featured_image":false,"footnotes":""},"categories":[345,350,2765],"tags":[5510,5861,2193,2267],"acf":[],"yoast_head":"<!-- This site is optimized with the Yoast SEO plugin v21.3 - https:\/\/yoast.com\/wordpress\/plugins\/seo\/ -->\n<title>Aragon\u00e9s, en el Congreso de Psicolog\u00eda Ambiental: \u201cLa ciencia est\u00e1 ajena al concepto de bienestar\u201d - ULL - Noticias<\/title>\n<meta name=\"robots\" content=\"index, follow, max-snippet:-1, max-image-preview:large, max-video-preview:-1\" \/>\n<link rel=\"canonical\" href=\"https:\/\/www.ull.es\/portal\/noticias\/2019\/aragones-en-el-congreso-de-psicologia-ambiental-la-ciencia-esta-ajena-al-concepto-de-bienestar\/\" \/>\n<meta property=\"og:locale\" content=\"es_ES\" \/>\n<meta property=\"og:type\" content=\"article\" \/>\n<meta property=\"og:title\" content=\"Aragon\u00e9s, en el Congreso de Psicolog\u00eda Ambiental: \u201cLa ciencia est\u00e1 ajena al concepto de bienestar\u201d - ULL - Noticias\" \/>\n<meta property=\"og:description\" content=\"El catedr\u00e1tico de Psicolog\u00eda Ambiental de la Universidad Complutense de Madrid Juan Aragon\u00e9s participa estos d\u00edas en el congreso internacional...\" \/>\n<meta property=\"og:url\" content=\"https:\/\/www.ull.es\/portal\/noticias\/2019\/aragones-en-el-congreso-de-psicologia-ambiental-la-ciencia-esta-ajena-al-concepto-de-bienestar\/\" \/>\n<meta property=\"og:site_name\" content=\"ULL - Noticias\" \/>\n<meta property=\"article:publisher\" content=\"https:\/\/www.facebook.com\/universidaddelalaguna\/\" \/>\n<meta property=\"article:published_time\" content=\"2019-07-17T13:57:23+00:00\" \/>\n<meta property=\"article:modified_time\" content=\"2019-07-17T13:57:24+00:00\" \/>\n<meta property=\"og:image\" content=\"https:\/\/www.ull.es\/portal\/noticias\/wp-content\/uploads\/sites\/13\/2019\/07\/Congr-Psicologia-Ambiental-juan-aragones.jpg\" \/>\n\t<meta property=\"og:image:width\" content=\"1024\" \/>\n\t<meta property=\"og:image:height\" content=\"683\" \/>\n\t<meta property=\"og:image:type\" content=\"image\/jpeg\" \/>\n<meta name=\"author\" content=\"gaprsa\" \/>\n<meta name=\"twitter:card\" content=\"summary_large_image\" \/>\n<meta name=\"twitter:creator\" content=\"@CanalULL\" \/>\n<meta name=\"twitter:site\" content=\"@CanalULL\" \/>\n<meta name=\"twitter:label1\" content=\"Escrito por\" \/>\n\t<meta name=\"twitter:data1\" content=\"gaprsa\" \/>\n\t<meta name=\"twitter:label2\" content=\"Tiempo de lectura\" \/>\n\t<meta name=\"twitter:data2\" content=\"3 minutos\" \/>\n<script type=\"application\/ld+json\" class=\"yoast-schema-graph\">{\"@context\":\"https:\/\/schema.org\",\"@graph\":[{\"@type\":\"WebPage\",\"@id\":\"https:\/\/www.ull.es\/portal\/noticias\/2019\/aragones-en-el-congreso-de-psicologia-ambiental-la-ciencia-esta-ajena-al-concepto-de-bienestar\/\",\"url\":\"https:\/\/www.ull.es\/portal\/noticias\/2019\/aragones-en-el-congreso-de-psicologia-ambiental-la-ciencia-esta-ajena-al-concepto-de-bienestar\/\",\"name\":\"Aragon\u00e9s, en el Congreso de Psicolog\u00eda Ambiental: \u201cLa ciencia est\u00e1 ajena al concepto de bienestar\u201d - ULL - Noticias\",\"isPartOf\":{\"@id\":\"https:\/\/www.ull.es\/portal\/noticias\/#website\"},\"datePublished\":\"2019-07-17T13:57:23+00:00\",\"dateModified\":\"2019-07-17T13:57:24+00:00\",\"author\":{\"@id\":\"https:\/\/www.ull.es\/portal\/noticias\/#\/schema\/person\/b2b1a89d43ffa609e591f7df8ef3e817\"},\"breadcrumb\":{\"@id\":\"https:\/\/www.ull.es\/portal\/noticias\/2019\/aragones-en-el-congreso-de-psicologia-ambiental-la-ciencia-esta-ajena-al-concepto-de-bienestar\/#breadcrumb\"},\"inLanguage\":\"es\",\"potentialAction\":[{\"@type\":\"ReadAction\",\"target\":[\"https:\/\/www.ull.es\/portal\/noticias\/2019\/aragones-en-el-congreso-de-psicologia-ambiental-la-ciencia-esta-ajena-al-concepto-de-bienestar\/\"]}]},{\"@type\":\"BreadcrumbList\",\"@id\":\"https:\/\/www.ull.es\/portal\/noticias\/2019\/aragones-en-el-congreso-de-psicologia-ambiental-la-ciencia-esta-ajena-al-concepto-de-bienestar\/#breadcrumb\",\"itemListElement\":[{\"@type\":\"ListItem\",\"position\":1,\"name\":\"Portada\",\"item\":\"https:\/\/www.ull.es\/portal\/noticias\/\"},{\"@type\":\"ListItem\",\"position\":2,\"name\":\"Aragon\u00e9s, en el Congreso de Psicolog\u00eda Ambiental: \u201cLa ciencia est\u00e1 ajena al concepto de bienestar\u201d\"}]},{\"@type\":\"WebSite\",\"@id\":\"https:\/\/www.ull.es\/portal\/noticias\/#website\",\"url\":\"https:\/\/www.ull.es\/portal\/noticias\/\",\"name\":\"ULL - Noticias\",\"description\":\"\",\"potentialAction\":[{\"@type\":\"SearchAction\",\"target\":{\"@type\":\"EntryPoint\",\"urlTemplate\":\"https:\/\/www.ull.es\/portal\/noticias\/?s={search_term_string}\"},\"query-input\":\"required name=search_term_string\"}],\"inLanguage\":\"es\"},{\"@type\":\"Person\",\"@id\":\"https:\/\/www.ull.es\/portal\/noticias\/#\/schema\/person\/b2b1a89d43ffa609e591f7df8ef3e817\",\"name\":\"gaprsa\",\"image\":{\"@type\":\"ImageObject\",\"inLanguage\":\"es\",\"@id\":\"https:\/\/www.ull.es\/portal\/noticias\/#\/schema\/person\/image\/\",\"url\":\"https:\/\/secure.gravatar.com\/avatar\/443820550921091458b4823867723b3d?s=96&d=mm&r=g\",\"contentUrl\":\"https:\/\/secure.gravatar.com\/avatar\/443820550921091458b4823867723b3d?s=96&d=mm&r=g\",\"caption\":\"gaprsa\"},\"url\":\"https:\/\/www.ull.es\/portal\/noticias\/author\/gaprsa\/\"}]}<\/script>\n<!-- \/ Yoast SEO plugin. -->","yoast_head_json":{"title":"Aragon\u00e9s, en el Congreso de Psicolog\u00eda Ambiental: \u201cLa ciencia est\u00e1 ajena al concepto de bienestar\u201d - ULL - Noticias","robots":{"index":"index","follow":"follow","max-snippet":"max-snippet:-1","max-image-preview":"max-image-preview:large","max-video-preview":"max-video-preview:-1"},"canonical":"https:\/\/www.ull.es\/portal\/noticias\/2019\/aragones-en-el-congreso-de-psicologia-ambiental-la-ciencia-esta-ajena-al-concepto-de-bienestar\/","og_locale":"es_ES","og_type":"article","og_title":"Aragon\u00e9s, en el Congreso de Psicolog\u00eda Ambiental: \u201cLa ciencia est\u00e1 ajena al concepto de bienestar\u201d - ULL - Noticias","og_description":"El catedr\u00e1tico de Psicolog\u00eda Ambiental de la Universidad Complutense de Madrid Juan Aragon\u00e9s participa estos d\u00edas en el congreso internacional...","og_url":"https:\/\/www.ull.es\/portal\/noticias\/2019\/aragones-en-el-congreso-de-psicologia-ambiental-la-ciencia-esta-ajena-al-concepto-de-bienestar\/","og_site_name":"ULL - Noticias","article_publisher":"https:\/\/www.facebook.com\/universidaddelalaguna\/","article_published_time":"2019-07-17T13:57:23+00:00","article_modified_time":"2019-07-17T13:57:24+00:00","og_image":[{"width":1024,"height":683,"url":"https:\/\/www.ull.es\/portal\/noticias\/wp-content\/uploads\/sites\/13\/2019\/07\/Congr-Psicologia-Ambiental-juan-aragones.jpg","type":"image\/jpeg"}],"author":"gaprsa","twitter_card":"summary_large_image","twitter_creator":"@CanalULL","twitter_site":"@CanalULL","twitter_misc":{"Escrito por":"gaprsa","Tiempo de lectura":"3 minutos"},"schema":{"@context":"https:\/\/schema.org","@graph":[{"@type":"WebPage","@id":"https:\/\/www.ull.es\/portal\/noticias\/2019\/aragones-en-el-congreso-de-psicologia-ambiental-la-ciencia-esta-ajena-al-concepto-de-bienestar\/","url":"https:\/\/www.ull.es\/portal\/noticias\/2019\/aragones-en-el-congreso-de-psicologia-ambiental-la-ciencia-esta-ajena-al-concepto-de-bienestar\/","name":"Aragon\u00e9s, en el Congreso de Psicolog\u00eda Ambiental: \u201cLa ciencia est\u00e1 ajena al concepto de bienestar\u201d - ULL - Noticias","isPartOf":{"@id":"https:\/\/www.ull.es\/portal\/noticias\/#website"},"datePublished":"2019-07-17T13:57:23+00:00","dateModified":"2019-07-17T13:57:24+00:00","author":{"@id":"https:\/\/www.ull.es\/portal\/noticias\/#\/schema\/person\/b2b1a89d43ffa609e591f7df8ef3e817"},"breadcrumb":{"@id":"https:\/\/www.ull.es\/portal\/noticias\/2019\/aragones-en-el-congreso-de-psicologia-ambiental-la-ciencia-esta-ajena-al-concepto-de-bienestar\/#breadcrumb"},"inLanguage":"es","potentialAction":[{"@type":"ReadAction","target":["https:\/\/www.ull.es\/portal\/noticias\/2019\/aragones-en-el-congreso-de-psicologia-ambiental-la-ciencia-esta-ajena-al-concepto-de-bienestar\/"]}]},{"@type":"BreadcrumbList","@id":"https:\/\/www.ull.es\/portal\/noticias\/2019\/aragones-en-el-congreso-de-psicologia-ambiental-la-ciencia-esta-ajena-al-concepto-de-bienestar\/#breadcrumb","itemListElement":[{"@type":"ListItem","position":1,"name":"Portada","item":"https:\/\/www.ull.es\/portal\/noticias\/"},{"@type":"ListItem","position":2,"name":"Aragon\u00e9s, en el Congreso de Psicolog\u00eda Ambiental: \u201cLa ciencia est\u00e1 ajena al concepto de bienestar\u201d"}]},{"@type":"WebSite","@id":"https:\/\/www.ull.es\/portal\/noticias\/#website","url":"https:\/\/www.ull.es\/portal\/noticias\/","name":"ULL - Noticias","description":"","potentialAction":[{"@type":"SearchAction","target":{"@type":"EntryPoint","urlTemplate":"https:\/\/www.ull.es\/portal\/noticias\/?s={search_term_string}"},"query-input":"required name=search_term_string"}],"inLanguage":"es"},{"@type":"Person","@id":"https:\/\/www.ull.es\/portal\/noticias\/#\/schema\/person\/b2b1a89d43ffa609e591f7df8ef3e817","name":"gaprsa","image":{"@type":"ImageObject","inLanguage":"es","@id":"https:\/\/www.ull.es\/portal\/noticias\/#\/schema\/person\/image\/","url":"https:\/\/secure.gravatar.com\/avatar\/443820550921091458b4823867723b3d?s=96&d=mm&r=g","contentUrl":"https:\/\/secure.gravatar.com\/avatar\/443820550921091458b4823867723b3d?s=96&d=mm&r=g","caption":"gaprsa"},"url":"https:\/\/www.ull.es\/portal\/noticias\/author\/gaprsa\/"}]}},"primary_category":{"id":2765,"name":"Portada ULL","slug":"portada-ull","link":"https:\/\/www.ull.es\/portal\/noticias\/category\/portada-ull\/"},"featured_image_thumbnail_url":"https:\/\/www.ull.es\/portal\/noticias\/wp-content\/uploads\/sites\/13\/2019\/07\/Congr-Psicologia-Ambiental-juan-aragones-300x200.jpg","_links":{"self":[{"href":"https:\/\/www.ull.es\/portal\/noticias\/wp-json\/wp\/v2\/posts\/45646"}],"collection":[{"href":"https:\/\/www.ull.es\/portal\/noticias\/wp-json\/wp\/v2\/posts"}],"about":[{"href":"https:\/\/www.ull.es\/portal\/noticias\/wp-json\/wp\/v2\/types\/post"}],"author":[{"embeddable":true,"href":"https:\/\/www.ull.es\/portal\/noticias\/wp-json\/wp\/v2\/users\/23"}],"replies":[{"embeddable":true,"href":"https:\/\/www.ull.es\/portal\/noticias\/wp-json\/wp\/v2\/comments?post=45646"}],"version-history":[{"count":2,"href":"https:\/\/www.ull.es\/portal\/noticias\/wp-json\/wp\/v2\/posts\/45646\/revisions"}],"predecessor-version":[{"id":45651,"href":"https:\/\/www.ull.es\/portal\/noticias\/wp-json\/wp\/v2\/posts\/45646\/revisions\/45651"}],"wp:featuredmedia":[{"embeddable":true,"href":"https:\/\/www.ull.es\/portal\/noticias\/wp-json\/wp\/v2\/media\/45647"}],"wp:attachment":[{"href":"https:\/\/www.ull.es\/portal\/noticias\/wp-json\/wp\/v2\/media?parent=45646"}],"wp:term":[{"taxonomy":"category","embeddable":true,"href":"https:\/\/www.ull.es\/portal\/noticias\/wp-json\/wp\/v2\/categories?post=45646"},{"taxonomy":"post_tag","embeddable":true,"href":"https:\/\/www.ull.es\/portal\/noticias\/wp-json\/wp\/v2\/tags?post=45646"}],"curies":[{"name":"wp","href":"https:\/\/api.w.org\/{rel}","templated":true}]}}