{"id":45697,"date":"2019-07-19T08:14:50","date_gmt":"2019-07-19T08:14:50","guid":{"rendered":"https:\/\/www.ull.es\/portal\/noticias\/?p=45697"},"modified":"2019-07-19T10:22:28","modified_gmt":"2019-07-19T10:22:28","slug":"la-rectora-de-la-ull-ensalza-la-relacion-con-el-iac-en-la-apertura-del-congreso-impulsando-la-astrofisica-en-espana-50-anos-de-tesis-doctorales","status":"publish","type":"post","link":"https:\/\/www.ull.es\/portal\/noticias\/2019\/la-rectora-de-la-ull-ensalza-la-relacion-con-el-iac-en-la-apertura-del-congreso-impulsando-la-astrofisica-en-espana-50-anos-de-tesis-doctorales\/","title":{"rendered":"La rectora de la ULL ensalza la relaci\u00f3n con el IAC en el congreso &#8216;Impulsando la Astrof\u00edsica en Espa\u00f1a: 50 a\u00f1os de tesis doctorales&#8217;"},"content":{"rendered":"<p>El congreso \u201cImpulsando la Astrof\u00edsica en Espa\u00f1a: 50 a\u00f1os de tesis doctorales en el IAC\u201d, organizado por el Instituto de Astrof\u00edsica de Canaria (IAC) y la Universidad de La Laguna (ULL), inaugurado el mi\u00e9rcoles en el Teatro Leal de La Laguna y que se celebrar\u00e1 hasta hoy viernes en la Secci\u00f3n de F\u00edsica y Matem\u00e1ticas de la ULL, m\u00e1s que un encuentro cient\u00edfico es un \u201creencuentro\u201d. As\u00ed lo expres\u00f3 Ignacio Gonz\u00e1lez, coordinador de Ense\u00f1anza Superior y director del Departamento de Astrof\u00edsica del centro universitario, quien en su intervenci\u00f3n en el acto inaugural como organizador insisti\u00f3 en dar \u00e9nfasis al \u201ccar\u00e1cter social del evento\u201d y subrayar que el IAC, como cualquier centro de investigaci\u00f3n, \u201ces lo que son sus tesis\u201d.<\/p>\n<p>En esa misma l\u00ednea, la rectora de la Universidad de La Laguna, Rosa Mar\u00eda Aguilar, destac\u00f3 en su intervenci\u00f3n \u201cla fruct\u00edfera relaci\u00f3n\u201d entre la Universidad y el IAC. \u201cEstamos orgullosos \u2013se\u00f1al\u00f3- de contar con un centro de referencia mundial a nuestro lado, con el que compartimos sinergias y con el que tratamos de hacer una ciencia global desde lo local. Evidentemente es mucho e intenso el contacto acad\u00e9mico y cient\u00edfico que surge entre nosotros. Publicamos art\u00edculos de investigaci\u00f3n juntos, codirigimos tesis doctorales, llevamos a cabo proyectos comunes, innovamos y transferimos y, sobre todo, labramos el futuro de cientos de j\u00f3venes investigadores e investigadoras\u00bb.<\/p>\n<p>Para Aguilar es evidente la simbiosis que se produce en el departamento universitario de Astrof\u00edsica, la secci\u00f3n de F\u00edsica y Matem\u00e1ticas, y el propio Instituto, ya que mucho de nuestro personal trabaja diariamente en \u00e9l, \u00abcon lo que compartimos recursos, colegas de investigaci\u00f3n y muchos retos cient\u00edficos\u201d. Y a\u00f1adi\u00f3: \u201cAqu\u00ed la F\u00edsica y la Astrof\u00edsica tienen un nombre propio. Se han hecho un hueco en la sociedad y gozan del respeto de los ciudadanos, que han visto c\u00f3mo con sus impuestos se puede hacer ciencia de vanguardia y de futuro.\u201d<\/p>\n<p>Rubens Ascanio, primer teniente de alcalde y concejal de Bienestar Social de la Universidad de La Laguna, felicit\u00f3 al IAC por estos 50 a\u00f1os de investigaci\u00f3n y divulgaci\u00f3n cient\u00edfica y reiter\u00f3 su apoyo y voluntad a un centro de investigaci\u00f3n de referencia, \u201cque tenemos la suerte \u2013dijo- de que est\u00e9 en nuestro municipio\u201d. Tambi\u00e9n hizo una referencia a c\u00f3mo la Astrof\u00edsica ha cambiado el sentido de lo que es la propia humanidad y que, por eso, \u201cel 50 aniversario del hecho de que un ser humano pisara el suelo de la Luna o que hace 60 a\u00f1os el Observatorio del Teide inaugurara sus instalaciones, tambi\u00e9n ha ayudado a identificarnos como lo que somos\u201d. Y a\u00f1adi\u00f3: \u201cEl Instituto de Astrof\u00edsica de Canarias lleva ayud\u00e1ndonos a atender el Universo desde hace ya much\u00edsimo tiempo a trav\u00e9s de la observaci\u00f3n y el estudio del cielo nocturno.\u201d<\/p>\n<p>Rafael Rebolo, director del IAC, dio una charla sobre el presente y el futuro del Instituto de Astrof\u00edsica de Canarias, recordando que \u201cel IAC es, en primer lugar, su gente, m\u00e1s de 400 personas.\u201d Un equipo que comprende personal investigador, t\u00e9cnico, administrativo y doctorandos. Destac\u00f3 las l\u00edneas de investigaci\u00f3n en las que se trabaja en el IAC, principalmente f\u00edsica solar, f\u00edsica estelar e interestelar, formaci\u00f3n y evoluci\u00f3n de galaxias, exoplanetas y sistemas planetarios, cosmolog\u00eda y astropart\u00edculas e instrumentaci\u00f3n astrof\u00edsica, campos que cubrir\u00e1n precisamente, hoy y ma\u00f1ana, la veintena de charlas en las que los doctorados en la ULL-IAC han desarrollado su actividad cient\u00edfica, incluyendo la arqueoastronom\u00eda, los Big Data, la docencia y la divulgaci\u00f3n astron\u00f3mica y el desarrollo de la astronom\u00eda y las ciencias del espacio en \u00c1frica. Rebolo tambi\u00e9n coment\u00f3 el programa postdoctoral del IAC y el de estudiantes de doctorado, los proyectos tecnol\u00f3gicos y de nuevos grandes telescopios para los Observatorios de Canarias (NRT, LEST y red CTA) as\u00ed como los pa\u00edses e instituciones presentes en ellos. Y concluy\u00f3: \u201cSeguimos trabajando para conseguir un supertelescopio de clase 30-40 m o mayor, y continuar impulsando la astronom\u00eda \u00f3ptica e infrarroja en Canarias y en Espa\u00f1a por otros 50 a\u00f1os.\u201d<\/p>\n<p><strong>&nbsp;<\/strong><strong>\u201cSo\u00f1ando estrellas\u201d<\/strong><\/p>\n<p><em>\u201c<\/em>Caminante no hay camino, se hace camino al andar<em>\u201d.<\/em> Con unos versos inspirados en el conocido poema de Antonio Machado arranc\u00f3 la conferencia inaugural del director fundador Francisco S\u00e1nchez, primer catedr\u00e1tico de Astrof\u00edsica en Espa\u00f1a. En la charla, el veterano astrof\u00edsico hizo referencias continuas a su libro \u201cSo\u00f1ando estrellas\u201d, recientemente publicado, un relato de c\u00f3mo naci\u00f3 y se consolid\u00f3, en tiempo r\u00e9cord, la Astrof\u00edsica y sus tecnolog\u00edas conexas en Espa\u00f1a, lleno de an\u00e9cdotas y prologado por el astrof\u00edsico y guitarrista de <em>Queen <\/em>Brian May. Francisco S\u00e1nchez explic\u00f3, por ejemplo, lo duro que fueron sus primeros a\u00f1os en Canarias, cuando reci\u00e9n casado vino con su esposa a hacer prospecci\u00f3n astron\u00f3mica en el Observatorio de Teide, renunciando a otras ofertas de trabajo mejor remuneradas, c\u00f3mo se introdujeron las ense\u00f1anzas de la Astrof\u00edsica en la Universidad espa\u00f1ola y c\u00f3mo termin\u00f3 haciendo su tesis sobre la luz zodiacal, la primera tesis de las 333 contabilizadas en el IAC a fecha de hoy. En definitiva, su charla, como su libro, aborda el porqu\u00e9 y el c\u00f3mo se hicieron las cosas, c\u00f3mo nacieron los sue\u00f1os iniciales y c\u00f3mo se forj\u00f3 el IAC, \u201cuna aventura permanente que refleja el gran esfuerzo realizado durante la Transici\u00f3n, tambi\u00e9n en ciencia y tecnolog\u00eda, por lograr la incorporaci\u00f3n de este pa\u00eds a la modernidad. <em>La historia que muchos, juntos, hicimos al caminar<\/em>\u201d.<\/p>\n<p>Web del congreso:&nbsp;<a href=\"http:\/\/www.iac.es\/congreso\/tesis50\/\" target=\"_blank\" rel=\"noopener\"><strong>Impulsando la Astrof\u00edsica en Espa\u00f1a: 50 a\u00f1os de tesis doctorales en el IAC<\/strong><\/a><\/p>\n<p>&nbsp;<\/p>\n<p>&nbsp;<\/p>\n<p>&nbsp;<\/p>\n<p>&nbsp;<\/p>\n","protected":false},"excerpt":{"rendered":"<p>El congreso \u201cImpulsando la Astrof\u00edsica en Espa\u00f1a: 50 a\u00f1os de tesis doctorales en el IAC\u201d, organizado por el Instituto de&#8230;<\/p>\n","protected":false},"author":23,"featured_media":45698,"comment_status":"closed","ping_status":"closed","sticky":false,"template":"","format":"standard","meta":{"inline_featured_image":false,"footnotes":""},"categories":[3152,3785,345,3924,3412,348,350,2765],"tags":[561,5856,1454,5863],"acf":[],"yoast_head":"<!-- This site is optimized with the Yoast SEO plugin v21.3 - https:\/\/yoast.com\/wordpress\/plugins\/seo\/ -->\n<title>La rectora de la ULL ensalza la relaci\u00f3n con el IAC en el congreso &#039;Impulsando la Astrof\u00edsica en Espa\u00f1a: 50 a\u00f1os de tesis doctorales&#039; - ULL - Noticias<\/title>\n<meta name=\"robots\" content=\"index, follow, max-snippet:-1, max-image-preview:large, max-video-preview:-1\" \/>\n<link rel=\"canonical\" href=\"https:\/\/www.ull.es\/portal\/noticias\/2019\/la-rectora-de-la-ull-ensalza-la-relacion-con-el-iac-en-la-apertura-del-congreso-impulsando-la-astrofisica-en-espana-50-anos-de-tesis-doctorales\/\" \/>\n<meta property=\"og:locale\" content=\"es_ES\" \/>\n<meta property=\"og:type\" content=\"article\" \/>\n<meta property=\"og:title\" content=\"La rectora de la ULL ensalza la relaci\u00f3n con el IAC en el congreso &#039;Impulsando la Astrof\u00edsica en Espa\u00f1a: 50 a\u00f1os de tesis doctorales&#039; - ULL - Noticias\" \/>\n<meta property=\"og:description\" content=\"El congreso \u201cImpulsando la Astrof\u00edsica en Espa\u00f1a: 50 a\u00f1os de tesis doctorales en el IAC\u201d, organizado por el Instituto de...\" \/>\n<meta property=\"og:url\" content=\"https:\/\/www.ull.es\/portal\/noticias\/2019\/la-rectora-de-la-ull-ensalza-la-relacion-con-el-iac-en-la-apertura-del-congreso-impulsando-la-astrofisica-en-espana-50-anos-de-tesis-doctorales\/\" \/>\n<meta property=\"og:site_name\" content=\"ULL - Noticias\" \/>\n<meta property=\"article:publisher\" content=\"https:\/\/www.facebook.com\/universidaddelalaguna\/\" \/>\n<meta property=\"article:published_time\" content=\"2019-07-19T08:14:50+00:00\" \/>\n<meta property=\"article:modified_time\" content=\"2019-07-19T10:22:28+00:00\" \/>\n<meta property=\"og:image\" content=\"https:\/\/www.ull.es\/portal\/noticias\/wp-content\/uploads\/sites\/13\/2019\/07\/rectora-iac.jpg\" \/>\n\t<meta property=\"og:image:width\" content=\"1200\" \/>\n\t<meta property=\"og:image:height\" content=\"800\" \/>\n\t<meta property=\"og:image:type\" content=\"image\/jpeg\" \/>\n<meta name=\"author\" content=\"gaprsa\" \/>\n<meta name=\"twitter:card\" content=\"summary_large_image\" \/>\n<meta name=\"twitter:creator\" content=\"@CanalULL\" \/>\n<meta name=\"twitter:site\" content=\"@CanalULL\" \/>\n<meta name=\"twitter:label1\" content=\"Escrito por\" \/>\n\t<meta name=\"twitter:data1\" content=\"gaprsa\" \/>\n\t<meta name=\"twitter:label2\" content=\"Tiempo de lectura\" \/>\n\t<meta name=\"twitter:data2\" content=\"5 minutos\" \/>\n<script type=\"application\/ld+json\" class=\"yoast-schema-graph\">{\"@context\":\"https:\/\/schema.org\",\"@graph\":[{\"@type\":\"WebPage\",\"@id\":\"https:\/\/www.ull.es\/portal\/noticias\/2019\/la-rectora-de-la-ull-ensalza-la-relacion-con-el-iac-en-la-apertura-del-congreso-impulsando-la-astrofisica-en-espana-50-anos-de-tesis-doctorales\/\",\"url\":\"https:\/\/www.ull.es\/portal\/noticias\/2019\/la-rectora-de-la-ull-ensalza-la-relacion-con-el-iac-en-la-apertura-del-congreso-impulsando-la-astrofisica-en-espana-50-anos-de-tesis-doctorales\/\",\"name\":\"La rectora de la ULL ensalza la relaci\u00f3n con el IAC en el congreso 'Impulsando la Astrof\u00edsica en Espa\u00f1a: 50 a\u00f1os de tesis doctorales' - ULL - Noticias\",\"isPartOf\":{\"@id\":\"https:\/\/www.ull.es\/portal\/noticias\/#website\"},\"datePublished\":\"2019-07-19T08:14:50+00:00\",\"dateModified\":\"2019-07-19T10:22:28+00:00\",\"author\":{\"@id\":\"https:\/\/www.ull.es\/portal\/noticias\/#\/schema\/person\/b2b1a89d43ffa609e591f7df8ef3e817\"},\"breadcrumb\":{\"@id\":\"https:\/\/www.ull.es\/portal\/noticias\/2019\/la-rectora-de-la-ull-ensalza-la-relacion-con-el-iac-en-la-apertura-del-congreso-impulsando-la-astrofisica-en-espana-50-anos-de-tesis-doctorales\/#breadcrumb\"},\"inLanguage\":\"es\",\"potentialAction\":[{\"@type\":\"ReadAction\",\"target\":[\"https:\/\/www.ull.es\/portal\/noticias\/2019\/la-rectora-de-la-ull-ensalza-la-relacion-con-el-iac-en-la-apertura-del-congreso-impulsando-la-astrofisica-en-espana-50-anos-de-tesis-doctorales\/\"]}]},{\"@type\":\"BreadcrumbList\",\"@id\":\"https:\/\/www.ull.es\/portal\/noticias\/2019\/la-rectora-de-la-ull-ensalza-la-relacion-con-el-iac-en-la-apertura-del-congreso-impulsando-la-astrofisica-en-espana-50-anos-de-tesis-doctorales\/#breadcrumb\",\"itemListElement\":[{\"@type\":\"ListItem\",\"position\":1,\"name\":\"Portada\",\"item\":\"https:\/\/www.ull.es\/portal\/noticias\/\"},{\"@type\":\"ListItem\",\"position\":2,\"name\":\"La rectora de la ULL ensalza la relaci\u00f3n con el IAC en el congreso &#8216;Impulsando la Astrof\u00edsica en Espa\u00f1a: 50 a\u00f1os de tesis doctorales&#8217;\"}]},{\"@type\":\"WebSite\",\"@id\":\"https:\/\/www.ull.es\/portal\/noticias\/#website\",\"url\":\"https:\/\/www.ull.es\/portal\/noticias\/\",\"name\":\"ULL - Noticias\",\"description\":\"\",\"potentialAction\":[{\"@type\":\"SearchAction\",\"target\":{\"@type\":\"EntryPoint\",\"urlTemplate\":\"https:\/\/www.ull.es\/portal\/noticias\/?s={search_term_string}\"},\"query-input\":\"required name=search_term_string\"}],\"inLanguage\":\"es\"},{\"@type\":\"Person\",\"@id\":\"https:\/\/www.ull.es\/portal\/noticias\/#\/schema\/person\/b2b1a89d43ffa609e591f7df8ef3e817\",\"name\":\"gaprsa\",\"image\":{\"@type\":\"ImageObject\",\"inLanguage\":\"es\",\"@id\":\"https:\/\/www.ull.es\/portal\/noticias\/#\/schema\/person\/image\/\",\"url\":\"https:\/\/secure.gravatar.com\/avatar\/443820550921091458b4823867723b3d?s=96&d=mm&r=g\",\"contentUrl\":\"https:\/\/secure.gravatar.com\/avatar\/443820550921091458b4823867723b3d?s=96&d=mm&r=g\",\"caption\":\"gaprsa\"},\"url\":\"https:\/\/www.ull.es\/portal\/noticias\/author\/gaprsa\/\"}]}<\/script>\n<!-- \/ Yoast SEO plugin. -->","yoast_head_json":{"title":"La rectora de la ULL ensalza la relaci\u00f3n con el IAC en el congreso 'Impulsando la Astrof\u00edsica en Espa\u00f1a: 50 a\u00f1os de tesis doctorales' - ULL - Noticias","robots":{"index":"index","follow":"follow","max-snippet":"max-snippet:-1","max-image-preview":"max-image-preview:large","max-video-preview":"max-video-preview:-1"},"canonical":"https:\/\/www.ull.es\/portal\/noticias\/2019\/la-rectora-de-la-ull-ensalza-la-relacion-con-el-iac-en-la-apertura-del-congreso-impulsando-la-astrofisica-en-espana-50-anos-de-tesis-doctorales\/","og_locale":"es_ES","og_type":"article","og_title":"La rectora de la ULL ensalza la relaci\u00f3n con el IAC en el congreso 'Impulsando la Astrof\u00edsica en Espa\u00f1a: 50 a\u00f1os de tesis doctorales' - ULL - Noticias","og_description":"El congreso \u201cImpulsando la Astrof\u00edsica en Espa\u00f1a: 50 a\u00f1os de tesis doctorales en el IAC\u201d, organizado por el Instituto de...","og_url":"https:\/\/www.ull.es\/portal\/noticias\/2019\/la-rectora-de-la-ull-ensalza-la-relacion-con-el-iac-en-la-apertura-del-congreso-impulsando-la-astrofisica-en-espana-50-anos-de-tesis-doctorales\/","og_site_name":"ULL - Noticias","article_publisher":"https:\/\/www.facebook.com\/universidaddelalaguna\/","article_published_time":"2019-07-19T08:14:50+00:00","article_modified_time":"2019-07-19T10:22:28+00:00","og_image":[{"width":1200,"height":800,"url":"https:\/\/www.ull.es\/portal\/noticias\/wp-content\/uploads\/sites\/13\/2019\/07\/rectora-iac.jpg","type":"image\/jpeg"}],"author":"gaprsa","twitter_card":"summary_large_image","twitter_creator":"@CanalULL","twitter_site":"@CanalULL","twitter_misc":{"Escrito por":"gaprsa","Tiempo de lectura":"5 minutos"},"schema":{"@context":"https:\/\/schema.org","@graph":[{"@type":"WebPage","@id":"https:\/\/www.ull.es\/portal\/noticias\/2019\/la-rectora-de-la-ull-ensalza-la-relacion-con-el-iac-en-la-apertura-del-congreso-impulsando-la-astrofisica-en-espana-50-anos-de-tesis-doctorales\/","url":"https:\/\/www.ull.es\/portal\/noticias\/2019\/la-rectora-de-la-ull-ensalza-la-relacion-con-el-iac-en-la-apertura-del-congreso-impulsando-la-astrofisica-en-espana-50-anos-de-tesis-doctorales\/","name":"La rectora de la ULL ensalza la relaci\u00f3n con el IAC en el congreso 'Impulsando la Astrof\u00edsica en Espa\u00f1a: 50 a\u00f1os de tesis doctorales' - ULL - Noticias","isPartOf":{"@id":"https:\/\/www.ull.es\/portal\/noticias\/#website"},"datePublished":"2019-07-19T08:14:50+00:00","dateModified":"2019-07-19T10:22:28+00:00","author":{"@id":"https:\/\/www.ull.es\/portal\/noticias\/#\/schema\/person\/b2b1a89d43ffa609e591f7df8ef3e817"},"breadcrumb":{"@id":"https:\/\/www.ull.es\/portal\/noticias\/2019\/la-rectora-de-la-ull-ensalza-la-relacion-con-el-iac-en-la-apertura-del-congreso-impulsando-la-astrofisica-en-espana-50-anos-de-tesis-doctorales\/#breadcrumb"},"inLanguage":"es","potentialAction":[{"@type":"ReadAction","target":["https:\/\/www.ull.es\/portal\/noticias\/2019\/la-rectora-de-la-ull-ensalza-la-relacion-con-el-iac-en-la-apertura-del-congreso-impulsando-la-astrofisica-en-espana-50-anos-de-tesis-doctorales\/"]}]},{"@type":"BreadcrumbList","@id":"https:\/\/www.ull.es\/portal\/noticias\/2019\/la-rectora-de-la-ull-ensalza-la-relacion-con-el-iac-en-la-apertura-del-congreso-impulsando-la-astrofisica-en-espana-50-anos-de-tesis-doctorales\/#breadcrumb","itemListElement":[{"@type":"ListItem","position":1,"name":"Portada","item":"https:\/\/www.ull.es\/portal\/noticias\/"},{"@type":"ListItem","position":2,"name":"La rectora de la ULL ensalza la relaci\u00f3n con el IAC en el congreso &#8216;Impulsando la Astrof\u00edsica en Espa\u00f1a: 50 a\u00f1os de tesis doctorales&#8217;"}]},{"@type":"WebSite","@id":"https:\/\/www.ull.es\/portal\/noticias\/#website","url":"https:\/\/www.ull.es\/portal\/noticias\/","name":"ULL - Noticias","description":"","potentialAction":[{"@type":"SearchAction","target":{"@type":"EntryPoint","urlTemplate":"https:\/\/www.ull.es\/portal\/noticias\/?s={search_term_string}"},"query-input":"required name=search_term_string"}],"inLanguage":"es"},{"@type":"Person","@id":"https:\/\/www.ull.es\/portal\/noticias\/#\/schema\/person\/b2b1a89d43ffa609e591f7df8ef3e817","name":"gaprsa","image":{"@type":"ImageObject","inLanguage":"es","@id":"https:\/\/www.ull.es\/portal\/noticias\/#\/schema\/person\/image\/","url":"https:\/\/secure.gravatar.com\/avatar\/443820550921091458b4823867723b3d?s=96&d=mm&r=g","contentUrl":"https:\/\/secure.gravatar.com\/avatar\/443820550921091458b4823867723b3d?s=96&d=mm&r=g","caption":"gaprsa"},"url":"https:\/\/www.ull.es\/portal\/noticias\/author\/gaprsa\/"}]}},"primary_category":{"id":2765,"name":"Portada ULL","slug":"portada-ull","link":"https:\/\/www.ull.es\/portal\/noticias\/category\/portada-ull\/"},"featured_image_thumbnail_url":"https:\/\/www.ull.es\/portal\/noticias\/wp-content\/uploads\/sites\/13\/2019\/07\/rectora-iac-300x200.jpg","_links":{"self":[{"href":"https:\/\/www.ull.es\/portal\/noticias\/wp-json\/wp\/v2\/posts\/45697"}],"collection":[{"href":"https:\/\/www.ull.es\/portal\/noticias\/wp-json\/wp\/v2\/posts"}],"about":[{"href":"https:\/\/www.ull.es\/portal\/noticias\/wp-json\/wp\/v2\/types\/post"}],"author":[{"embeddable":true,"href":"https:\/\/www.ull.es\/portal\/noticias\/wp-json\/wp\/v2\/users\/23"}],"replies":[{"embeddable":true,"href":"https:\/\/www.ull.es\/portal\/noticias\/wp-json\/wp\/v2\/comments?post=45697"}],"version-history":[{"count":3,"href":"https:\/\/www.ull.es\/portal\/noticias\/wp-json\/wp\/v2\/posts\/45697\/revisions"}],"predecessor-version":[{"id":45708,"href":"https:\/\/www.ull.es\/portal\/noticias\/wp-json\/wp\/v2\/posts\/45697\/revisions\/45708"}],"wp:featuredmedia":[{"embeddable":true,"href":"https:\/\/www.ull.es\/portal\/noticias\/wp-json\/wp\/v2\/media\/45698"}],"wp:attachment":[{"href":"https:\/\/www.ull.es\/portal\/noticias\/wp-json\/wp\/v2\/media?parent=45697"}],"wp:term":[{"taxonomy":"category","embeddable":true,"href":"https:\/\/www.ull.es\/portal\/noticias\/wp-json\/wp\/v2\/categories?post=45697"},{"taxonomy":"post_tag","embeddable":true,"href":"https:\/\/www.ull.es\/portal\/noticias\/wp-json\/wp\/v2\/tags?post=45697"}],"curies":[{"name":"wp","href":"https:\/\/api.w.org\/{rel}","templated":true}]}}