{"id":45718,"date":"2019-07-19T11:57:52","date_gmt":"2019-07-19T11:57:52","guid":{"rendered":"https:\/\/www.ull.es\/portal\/noticias\/?p=45718"},"modified":"2019-07-19T12:02:53","modified_gmt":"2019-07-19T12:02:53","slug":"convocatoria-de-premio-de-creacion-literaria-y-traduccion","status":"publish","type":"post","link":"https:\/\/www.ull.es\/portal\/noticias\/2019\/convocatoria-de-premio-de-creacion-literaria-y-traduccion\/","title":{"rendered":"Convocatoria del XXVII concurso de los premios de creaci\u00f3n literaria y traducci\u00f3n"},"content":{"rendered":"\n<p><a href=\"https:\/\/drive.google.com\/file\/d\/1zn1P1f2YdEiuu0_U86Ae4rV2BIPO-S3j\/view?usp=sharing\" target=\"_blank\" rel=\"noopener\">Convocatoria de premio de creaci\u00f3n literaria y traducci\u00f3n.<\/a><\/p>\n\n\n\n<p> El decano en funciones de la Facultad de Humanidades de la Universidad de La Laguna, por delegaci\u00f3n expresa del Sr. Rector Magfco. con fecha 26 de abril de 2019, convoca el XXVII concurso de los Premios de Creaci\u00f3n Literaria y Traducci\u00f3n 2019 en las modalidades de poes\u00eda, narrativa y traducci\u00f3n de la Secci\u00f3n de Filolog\u00eda.<\/p>\n\n\n\n<p>Podr\u00e1n optar al concurso los alumnos de la Secci\u00f3n de filolog\u00eda que no hayan ganado el premio en la modalidad a la que concurran m\u00e1s de dos veces.<\/p>\n\n\n\n<p>En la modalidad de poes\u00eda se podr\u00e1 presentar un poema o conjunto de poemas con un m\u00e1ximo de 100 versos.<\/p>\n\n\n\n<p>Las obras de narrativa tendr\u00e1n un m\u00ednimo de 15 p\u00e1ginas m\u00e1ximo de 25.<\/p>\n\n\n\n<p>En la modalidad de traducci\u00f3n solo se aceptar\u00e1n traducciones de franc\u00e9s, ingl\u00e9s, \u00e1rabe, lat\u00edn, griego y griego moderno y se podr\u00e1 presentar: <\/p>\n\n\n\n<p>a. Traducci\u00f3n de un poema o conjunto de poemas con un m\u00e1ximo de 100<br> versos.<br> b. Traducci\u00f3n de narraciones cortas que no excedan de 25 p\u00e1ginas.<\/p>\n\n\n\n<p>Las obras deber\u00e1n ser originales e in\u00e9ditas. Las traducciones tambi\u00e9n han de ser in\u00e9ditas y se entregar\u00e1n acompa\u00f1adas de una fotocopia del original y referencia bibliogr\u00e1fica completa del mismo, especificando la edici\u00f3n de la obra original.<\/p>\n\n\n<p><!--EndFragment--><\/p>\n\n\n<p><\/p>\n","protected":false},"excerpt":{"rendered":"<p>Convocatoria de premio de creaci\u00f3n literaria y traducci\u00f3n. El decano en funciones de la Facultad de Humanidades de la Universidad&#8230;<\/p>\n","protected":false},"author":65,"featured_media":0,"comment_status":"closed","ping_status":"closed","sticky":false,"template":"","format":"standard","meta":{"inline_featured_image":false,"footnotes":""},"categories":[3995],"tags":[],"acf":[],"yoast_head":"<!-- This site is optimized with the Yoast SEO plugin v21.3 - https:\/\/yoast.com\/wordpress\/plugins\/seo\/ -->\n<title>Convocatoria del XXVII concurso de los premios de creaci\u00f3n literaria y traducci\u00f3n - ULL - Noticias<\/title>\n<meta name=\"robots\" content=\"index, follow, max-snippet:-1, max-image-preview:large, max-video-preview:-1\" \/>\n<link rel=\"canonical\" href=\"https:\/\/www.ull.es\/portal\/noticias\/2019\/convocatoria-de-premio-de-creacion-literaria-y-traduccion\/\" \/>\n<meta property=\"og:locale\" content=\"es_ES\" \/>\n<meta property=\"og:type\" content=\"article\" \/>\n<meta property=\"og:title\" content=\"Convocatoria del XXVII concurso de los premios de creaci\u00f3n literaria y traducci\u00f3n - ULL - Noticias\" \/>\n<meta property=\"og:description\" content=\"Convocatoria de premio de creaci\u00f3n literaria y traducci\u00f3n. El decano en funciones de la Facultad de Humanidades de la Universidad...\" \/>\n<meta property=\"og:url\" content=\"https:\/\/www.ull.es\/portal\/noticias\/2019\/convocatoria-de-premio-de-creacion-literaria-y-traduccion\/\" \/>\n<meta property=\"og:site_name\" content=\"ULL - Noticias\" \/>\n<meta property=\"article:publisher\" content=\"https:\/\/www.facebook.com\/universidaddelalaguna\/\" \/>\n<meta property=\"article:published_time\" content=\"2019-07-19T11:57:52+00:00\" \/>\n<meta property=\"article:modified_time\" content=\"2019-07-19T12:02:53+00:00\" \/>\n<meta property=\"og:image\" content=\"https:\/\/www.ull.es\/portal\/noticias\/wp-content\/uploads\/sites\/13\/2023\/06\/logo-redimensionado.png\" \/>\n\t<meta property=\"og:image:width\" content=\"1200\" \/>\n\t<meta property=\"og:image:height\" content=\"630\" \/>\n\t<meta property=\"og:image:type\" content=\"image\/png\" \/>\n<meta name=\"author\" content=\"gcom4\" \/>\n<meta name=\"twitter:card\" content=\"summary_large_image\" \/>\n<meta name=\"twitter:creator\" content=\"@CanalULL\" \/>\n<meta name=\"twitter:site\" content=\"@CanalULL\" \/>\n<meta name=\"twitter:label1\" content=\"Escrito por\" \/>\n\t<meta name=\"twitter:data1\" content=\"gcom4\" \/>\n\t<meta name=\"twitter:label2\" content=\"Tiempo de lectura\" \/>\n\t<meta name=\"twitter:data2\" content=\"1 minuto\" \/>\n<script type=\"application\/ld+json\" class=\"yoast-schema-graph\">{\"@context\":\"https:\/\/schema.org\",\"@graph\":[{\"@type\":\"WebPage\",\"@id\":\"https:\/\/www.ull.es\/portal\/noticias\/2019\/convocatoria-de-premio-de-creacion-literaria-y-traduccion\/\",\"url\":\"https:\/\/www.ull.es\/portal\/noticias\/2019\/convocatoria-de-premio-de-creacion-literaria-y-traduccion\/\",\"name\":\"Convocatoria del XXVII concurso de los premios de creaci\u00f3n literaria y traducci\u00f3n - ULL - Noticias\",\"isPartOf\":{\"@id\":\"https:\/\/www.ull.es\/portal\/noticias\/#website\"},\"datePublished\":\"2019-07-19T11:57:52+00:00\",\"dateModified\":\"2019-07-19T12:02:53+00:00\",\"author\":{\"@id\":\"https:\/\/www.ull.es\/portal\/noticias\/#\/schema\/person\/9924518fb1ad37d4428e7b5d6f311773\"},\"breadcrumb\":{\"@id\":\"https:\/\/www.ull.es\/portal\/noticias\/2019\/convocatoria-de-premio-de-creacion-literaria-y-traduccion\/#breadcrumb\"},\"inLanguage\":\"es\",\"potentialAction\":[{\"@type\":\"ReadAction\",\"target\":[\"https:\/\/www.ull.es\/portal\/noticias\/2019\/convocatoria-de-premio-de-creacion-literaria-y-traduccion\/\"]}]},{\"@type\":\"BreadcrumbList\",\"@id\":\"https:\/\/www.ull.es\/portal\/noticias\/2019\/convocatoria-de-premio-de-creacion-literaria-y-traduccion\/#breadcrumb\",\"itemListElement\":[{\"@type\":\"ListItem\",\"position\":1,\"name\":\"Portada\",\"item\":\"https:\/\/www.ull.es\/portal\/noticias\/\"},{\"@type\":\"ListItem\",\"position\":2,\"name\":\"Convocatoria del XXVII concurso de los premios de creaci\u00f3n literaria y traducci\u00f3n\"}]},{\"@type\":\"WebSite\",\"@id\":\"https:\/\/www.ull.es\/portal\/noticias\/#website\",\"url\":\"https:\/\/www.ull.es\/portal\/noticias\/\",\"name\":\"ULL - Noticias\",\"description\":\"\",\"potentialAction\":[{\"@type\":\"SearchAction\",\"target\":{\"@type\":\"EntryPoint\",\"urlTemplate\":\"https:\/\/www.ull.es\/portal\/noticias\/?s={search_term_string}\"},\"query-input\":\"required name=search_term_string\"}],\"inLanguage\":\"es\"},{\"@type\":\"Person\",\"@id\":\"https:\/\/www.ull.es\/portal\/noticias\/#\/schema\/person\/9924518fb1ad37d4428e7b5d6f311773\",\"name\":\"gcom4\",\"image\":{\"@type\":\"ImageObject\",\"inLanguage\":\"es\",\"@id\":\"https:\/\/www.ull.es\/portal\/noticias\/#\/schema\/person\/image\/\",\"url\":\"https:\/\/secure.gravatar.com\/avatar\/a5d1f5573f10617ccfcc209aaf6aa7fb?s=96&d=mm&r=g\",\"contentUrl\":\"https:\/\/secure.gravatar.com\/avatar\/a5d1f5573f10617ccfcc209aaf6aa7fb?s=96&d=mm&r=g\",\"caption\":\"gcom4\"},\"url\":\"https:\/\/www.ull.es\/portal\/noticias\/author\/gcom4\/\"}]}<\/script>\n<!-- \/ Yoast SEO plugin. -->","yoast_head_json":{"title":"Convocatoria del XXVII concurso de los premios de creaci\u00f3n literaria y traducci\u00f3n - ULL - Noticias","robots":{"index":"index","follow":"follow","max-snippet":"max-snippet:-1","max-image-preview":"max-image-preview:large","max-video-preview":"max-video-preview:-1"},"canonical":"https:\/\/www.ull.es\/portal\/noticias\/2019\/convocatoria-de-premio-de-creacion-literaria-y-traduccion\/","og_locale":"es_ES","og_type":"article","og_title":"Convocatoria del XXVII concurso de los premios de creaci\u00f3n literaria y traducci\u00f3n - ULL - Noticias","og_description":"Convocatoria de premio de creaci\u00f3n literaria y traducci\u00f3n. El decano en funciones de la Facultad de Humanidades de la Universidad...","og_url":"https:\/\/www.ull.es\/portal\/noticias\/2019\/convocatoria-de-premio-de-creacion-literaria-y-traduccion\/","og_site_name":"ULL - Noticias","article_publisher":"https:\/\/www.facebook.com\/universidaddelalaguna\/","article_published_time":"2019-07-19T11:57:52+00:00","article_modified_time":"2019-07-19T12:02:53+00:00","og_image":[{"width":1200,"height":630,"url":"https:\/\/www.ull.es\/portal\/noticias\/wp-content\/uploads\/sites\/13\/2023\/06\/logo-redimensionado.png","type":"image\/png"}],"author":"gcom4","twitter_card":"summary_large_image","twitter_creator":"@CanalULL","twitter_site":"@CanalULL","twitter_misc":{"Escrito por":"gcom4","Tiempo de lectura":"1 minuto"},"schema":{"@context":"https:\/\/schema.org","@graph":[{"@type":"WebPage","@id":"https:\/\/www.ull.es\/portal\/noticias\/2019\/convocatoria-de-premio-de-creacion-literaria-y-traduccion\/","url":"https:\/\/www.ull.es\/portal\/noticias\/2019\/convocatoria-de-premio-de-creacion-literaria-y-traduccion\/","name":"Convocatoria del XXVII concurso de los premios de creaci\u00f3n literaria y traducci\u00f3n - ULL - Noticias","isPartOf":{"@id":"https:\/\/www.ull.es\/portal\/noticias\/#website"},"datePublished":"2019-07-19T11:57:52+00:00","dateModified":"2019-07-19T12:02:53+00:00","author":{"@id":"https:\/\/www.ull.es\/portal\/noticias\/#\/schema\/person\/9924518fb1ad37d4428e7b5d6f311773"},"breadcrumb":{"@id":"https:\/\/www.ull.es\/portal\/noticias\/2019\/convocatoria-de-premio-de-creacion-literaria-y-traduccion\/#breadcrumb"},"inLanguage":"es","potentialAction":[{"@type":"ReadAction","target":["https:\/\/www.ull.es\/portal\/noticias\/2019\/convocatoria-de-premio-de-creacion-literaria-y-traduccion\/"]}]},{"@type":"BreadcrumbList","@id":"https:\/\/www.ull.es\/portal\/noticias\/2019\/convocatoria-de-premio-de-creacion-literaria-y-traduccion\/#breadcrumb","itemListElement":[{"@type":"ListItem","position":1,"name":"Portada","item":"https:\/\/www.ull.es\/portal\/noticias\/"},{"@type":"ListItem","position":2,"name":"Convocatoria del XXVII concurso de los premios de creaci\u00f3n literaria y traducci\u00f3n"}]},{"@type":"WebSite","@id":"https:\/\/www.ull.es\/portal\/noticias\/#website","url":"https:\/\/www.ull.es\/portal\/noticias\/","name":"ULL - Noticias","description":"","potentialAction":[{"@type":"SearchAction","target":{"@type":"EntryPoint","urlTemplate":"https:\/\/www.ull.es\/portal\/noticias\/?s={search_term_string}"},"query-input":"required name=search_term_string"}],"inLanguage":"es"},{"@type":"Person","@id":"https:\/\/www.ull.es\/portal\/noticias\/#\/schema\/person\/9924518fb1ad37d4428e7b5d6f311773","name":"gcom4","image":{"@type":"ImageObject","inLanguage":"es","@id":"https:\/\/www.ull.es\/portal\/noticias\/#\/schema\/person\/image\/","url":"https:\/\/secure.gravatar.com\/avatar\/a5d1f5573f10617ccfcc209aaf6aa7fb?s=96&d=mm&r=g","contentUrl":"https:\/\/secure.gravatar.com\/avatar\/a5d1f5573f10617ccfcc209aaf6aa7fb?s=96&d=mm&r=g","caption":"gcom4"},"url":"https:\/\/www.ull.es\/portal\/noticias\/author\/gcom4\/"}]}},"primary_category":{"id":3995,"name":"Facultad de Humanidades","slug":"facultad-de-humanidades-notificaciones-centros","link":"https:\/\/www.ull.es\/portal\/noticias\/category\/notificaciones-centros\/facultad-de-humanidades-notificaciones-centros\/"},"featured_image_thumbnail_url":null,"_links":{"self":[{"href":"https:\/\/www.ull.es\/portal\/noticias\/wp-json\/wp\/v2\/posts\/45718"}],"collection":[{"href":"https:\/\/www.ull.es\/portal\/noticias\/wp-json\/wp\/v2\/posts"}],"about":[{"href":"https:\/\/www.ull.es\/portal\/noticias\/wp-json\/wp\/v2\/types\/post"}],"author":[{"embeddable":true,"href":"https:\/\/www.ull.es\/portal\/noticias\/wp-json\/wp\/v2\/users\/65"}],"replies":[{"embeddable":true,"href":"https:\/\/www.ull.es\/portal\/noticias\/wp-json\/wp\/v2\/comments?post=45718"}],"version-history":[{"count":4,"href":"https:\/\/www.ull.es\/portal\/noticias\/wp-json\/wp\/v2\/posts\/45718\/revisions"}],"predecessor-version":[{"id":45722,"href":"https:\/\/www.ull.es\/portal\/noticias\/wp-json\/wp\/v2\/posts\/45718\/revisions\/45722"}],"wp:attachment":[{"href":"https:\/\/www.ull.es\/portal\/noticias\/wp-json\/wp\/v2\/media?parent=45718"}],"wp:term":[{"taxonomy":"category","embeddable":true,"href":"https:\/\/www.ull.es\/portal\/noticias\/wp-json\/wp\/v2\/categories?post=45718"},{"taxonomy":"post_tag","embeddable":true,"href":"https:\/\/www.ull.es\/portal\/noticias\/wp-json\/wp\/v2\/tags?post=45718"}],"curies":[{"name":"wp","href":"https:\/\/api.w.org\/{rel}","templated":true}]}}