{"id":46071,"date":"2019-08-27T12:29:22","date_gmt":"2019-08-27T12:29:22","guid":{"rendered":"https:\/\/www.ull.es\/portal\/noticias\/?p=46071"},"modified":"2019-08-27T12:29:22","modified_gmt":"2019-08-27T12:29:22","slug":"el-gobierno-de-canarias-declara-de-interes-publico-a-la-asociacion-alumni-ull","status":"publish","type":"post","link":"https:\/\/www.ull.es\/portal\/noticias\/2019\/el-gobierno-de-canarias-declara-de-interes-publico-a-la-asociacion-alumni-ull\/","title":{"rendered":"El Gobierno de Canarias declara de inter\u00e9s p\u00fablico a la asociaci\u00f3n Alumni ULL"},"content":{"rendered":"<p>El Bolet\u00edn Oficial de Canarias public\u00f3 el pasado viernes 23 de agosto el decreto 185\/2019 del Gobierno de Canarias, mediante el cual es declarada de inter\u00e9s p\u00fablico la Asociaci\u00f3n de Antiguos Alumnos y Amigos de la Universidad de La Laguna, tambi\u00e9n conocida como Alumni ULL, \u201cpor entender que sus fines estatutarios tienden a promover el inter\u00e9s general de la Comunidad Aut\u00f3noma de Canarias y por el beneficio que para la sociedad canaria reporta la actividad de la Asociaci\u00f3n\u201d.<\/p>\n<p>Desde la asociaci\u00f3n han manifestado su gran satisfacci\u00f3n por haber obtenido esta declaraci\u00f3n, pues la interpretan como el reconocimiento a una trayectoria de dieciocho a\u00f1os al servicio de la Universidad de La Laguna y de la sociedad canaria en general, dadas las numerosas iniciativas de colaboraci\u00f3n que mantiene con diferentes entidades en materias como la investigaci\u00f3n, la cultura y el mecenazgo, entre otras.<\/p>\n<p>Alumni ULL inici\u00f3 los tr\u00e1mites para obtener esta declaraci\u00f3n el pasado 1 de marzo y tuvo que obtener informes favorables de instituciones como la Direcci\u00f3n General de Universidades o la Consejer\u00eda de Hacienda del Gobierno de Canarias hasta que, finamente, el 1 de agosto fue aprobada para su publicaci\u00f3n en el bolet\u00edn.<\/p>\n<p>La declaraci\u00f3n, adem\u00e1s del componente honor\u00edfico que conlleva, supone una serie de beneficios para Alumni ULL, como la posibilidad de obtener desgravaciones fiscales para sus asociados y las entidades que colaboren con ella, y tener cierto nivel de preferencia en las convocatorias p\u00fablicas a las que decida concurrir.<\/p>\n<p>Obviamente, tambi\u00e9n implica una serie de obligaciones para la asociaci\u00f3n que supondr\u00e1 una mayor responsabilidad y carga de trabajo, como la obligatoriedad de presentar sus cuentas anuales a diferentes \u00f3rganos de control p\u00fablicos, como el Registro de Asociaciones y la Consejer\u00eda de Hacienda del Gobierno de Canarias.<\/p>\n","protected":false},"excerpt":{"rendered":"<p>El Bolet\u00edn Oficial de Canarias public\u00f3 el pasado viernes 23 de agosto el decreto 185\/2019 del Gobierno de Canarias, mediante&#8230;<\/p>\n","protected":false},"author":21,"featured_media":46072,"comment_status":"closed","ping_status":"closed","sticky":false,"template":"","format":"standard","meta":{"inline_featured_image":false,"footnotes":""},"categories":[345,348,2765],"tags":[465,1870],"acf":[],"yoast_head":"<!-- This site is optimized with the Yoast SEO plugin v21.3 - https:\/\/yoast.com\/wordpress\/plugins\/seo\/ -->\n<title>Alumni ULL, declarada de inter\u00e9s p\u00fablico por el Gobierno de Canarias<\/title>\n<meta name=\"description\" content=\"El Bolet\u00edn Oficial de Canarias public\u00f3 el decreto correspondiente el 23 de agosto &quot;por promover el inter\u00e9s general y el beneficio que reporta a la sociedad&quot;\" \/>\n<meta name=\"robots\" content=\"index, follow, max-snippet:-1, max-image-preview:large, max-video-preview:-1\" \/>\n<link rel=\"canonical\" href=\"https:\/\/www.ull.es\/portal\/noticias\/2019\/el-gobierno-de-canarias-declara-de-interes-publico-a-la-asociacion-alumni-ull\/\" \/>\n<meta property=\"og:locale\" content=\"es_ES\" \/>\n<meta property=\"og:type\" content=\"article\" \/>\n<meta property=\"og:title\" content=\"Alumni ULL, declarada de inter\u00e9s p\u00fablico por el Gobierno de Canarias\" \/>\n<meta property=\"og:description\" content=\"El Bolet\u00edn Oficial de Canarias public\u00f3 el decreto correspondiente el 23 de agosto &quot;por promover el inter\u00e9s general y el beneficio que reporta a la sociedad&quot;\" \/>\n<meta property=\"og:url\" content=\"https:\/\/www.ull.es\/portal\/noticias\/2019\/el-gobierno-de-canarias-declara-de-interes-publico-a-la-asociacion-alumni-ull\/\" \/>\n<meta property=\"og:site_name\" content=\"ULL - Noticias\" \/>\n<meta property=\"article:publisher\" content=\"https:\/\/www.facebook.com\/universidaddelalaguna\/\" \/>\n<meta property=\"article:published_time\" content=\"2019-08-27T12:29:22+00:00\" \/>\n<meta property=\"og:image\" content=\"https:\/\/www.ull.es\/portal\/noticias\/wp-content\/uploads\/sites\/13\/2019\/08\/junta-directiva-alumni.jpg\" \/>\n\t<meta property=\"og:image:width\" content=\"1200\" \/>\n\t<meta property=\"og:image:height\" content=\"800\" \/>\n\t<meta property=\"og:image:type\" content=\"image\/jpeg\" \/>\n<meta name=\"author\" content=\"prensa2\" \/>\n<meta name=\"twitter:card\" content=\"summary_large_image\" \/>\n<meta name=\"twitter:creator\" content=\"@CanalULL\" \/>\n<meta name=\"twitter:site\" content=\"@CanalULL\" \/>\n<meta name=\"twitter:label1\" content=\"Escrito por\" \/>\n\t<meta name=\"twitter:data1\" content=\"prensa2\" \/>\n\t<meta name=\"twitter:label2\" content=\"Tiempo de lectura\" \/>\n\t<meta name=\"twitter:data2\" content=\"2 minutos\" \/>\n<script type=\"application\/ld+json\" class=\"yoast-schema-graph\">{\"@context\":\"https:\/\/schema.org\",\"@graph\":[{\"@type\":\"WebPage\",\"@id\":\"https:\/\/www.ull.es\/portal\/noticias\/2019\/el-gobierno-de-canarias-declara-de-interes-publico-a-la-asociacion-alumni-ull\/\",\"url\":\"https:\/\/www.ull.es\/portal\/noticias\/2019\/el-gobierno-de-canarias-declara-de-interes-publico-a-la-asociacion-alumni-ull\/\",\"name\":\"Alumni ULL, declarada de inter\u00e9s p\u00fablico por el Gobierno de Canarias\",\"isPartOf\":{\"@id\":\"https:\/\/www.ull.es\/portal\/noticias\/#website\"},\"datePublished\":\"2019-08-27T12:29:22+00:00\",\"dateModified\":\"2019-08-27T12:29:22+00:00\",\"author\":{\"@id\":\"https:\/\/www.ull.es\/portal\/noticias\/#\/schema\/person\/c3b2aa857797592927a03740d6664376\"},\"description\":\"El Bolet\u00edn Oficial de Canarias public\u00f3 el decreto correspondiente el 23 de agosto \\\"por promover el inter\u00e9s general y el beneficio que reporta a la sociedad\\\"\",\"breadcrumb\":{\"@id\":\"https:\/\/www.ull.es\/portal\/noticias\/2019\/el-gobierno-de-canarias-declara-de-interes-publico-a-la-asociacion-alumni-ull\/#breadcrumb\"},\"inLanguage\":\"es\",\"potentialAction\":[{\"@type\":\"ReadAction\",\"target\":[\"https:\/\/www.ull.es\/portal\/noticias\/2019\/el-gobierno-de-canarias-declara-de-interes-publico-a-la-asociacion-alumni-ull\/\"]}]},{\"@type\":\"BreadcrumbList\",\"@id\":\"https:\/\/www.ull.es\/portal\/noticias\/2019\/el-gobierno-de-canarias-declara-de-interes-publico-a-la-asociacion-alumni-ull\/#breadcrumb\",\"itemListElement\":[{\"@type\":\"ListItem\",\"position\":1,\"name\":\"Portada\",\"item\":\"https:\/\/www.ull.es\/portal\/noticias\/\"},{\"@type\":\"ListItem\",\"position\":2,\"name\":\"El Gobierno de Canarias declara de inter\u00e9s p\u00fablico a la asociaci\u00f3n Alumni ULL\"}]},{\"@type\":\"WebSite\",\"@id\":\"https:\/\/www.ull.es\/portal\/noticias\/#website\",\"url\":\"https:\/\/www.ull.es\/portal\/noticias\/\",\"name\":\"ULL - Noticias\",\"description\":\"\",\"potentialAction\":[{\"@type\":\"SearchAction\",\"target\":{\"@type\":\"EntryPoint\",\"urlTemplate\":\"https:\/\/www.ull.es\/portal\/noticias\/?s={search_term_string}\"},\"query-input\":\"required name=search_term_string\"}],\"inLanguage\":\"es\"},{\"@type\":\"Person\",\"@id\":\"https:\/\/www.ull.es\/portal\/noticias\/#\/schema\/person\/c3b2aa857797592927a03740d6664376\",\"name\":\"prensa2\",\"image\":{\"@type\":\"ImageObject\",\"inLanguage\":\"es\",\"@id\":\"https:\/\/www.ull.es\/portal\/noticias\/#\/schema\/person\/image\/\",\"url\":\"https:\/\/secure.gravatar.com\/avatar\/b58f310a5de5feb33d1e026d2493f23c?s=96&d=mm&r=g\",\"contentUrl\":\"https:\/\/secure.gravatar.com\/avatar\/b58f310a5de5feb33d1e026d2493f23c?s=96&d=mm&r=g\",\"caption\":\"prensa2\"},\"url\":\"https:\/\/www.ull.es\/portal\/noticias\/author\/prensa2\/\"}]}<\/script>\n<!-- \/ Yoast SEO plugin. -->","yoast_head_json":{"title":"Alumni ULL, declarada de inter\u00e9s p\u00fablico por el Gobierno de Canarias","description":"El Bolet\u00edn Oficial de Canarias public\u00f3 el decreto correspondiente el 23 de agosto \"por promover el inter\u00e9s general y el beneficio que reporta a la sociedad\"","robots":{"index":"index","follow":"follow","max-snippet":"max-snippet:-1","max-image-preview":"max-image-preview:large","max-video-preview":"max-video-preview:-1"},"canonical":"https:\/\/www.ull.es\/portal\/noticias\/2019\/el-gobierno-de-canarias-declara-de-interes-publico-a-la-asociacion-alumni-ull\/","og_locale":"es_ES","og_type":"article","og_title":"Alumni ULL, declarada de inter\u00e9s p\u00fablico por el Gobierno de Canarias","og_description":"El Bolet\u00edn Oficial de Canarias public\u00f3 el decreto correspondiente el 23 de agosto \"por promover el inter\u00e9s general y el beneficio que reporta a la sociedad\"","og_url":"https:\/\/www.ull.es\/portal\/noticias\/2019\/el-gobierno-de-canarias-declara-de-interes-publico-a-la-asociacion-alumni-ull\/","og_site_name":"ULL - Noticias","article_publisher":"https:\/\/www.facebook.com\/universidaddelalaguna\/","article_published_time":"2019-08-27T12:29:22+00:00","og_image":[{"width":1200,"height":800,"url":"https:\/\/www.ull.es\/portal\/noticias\/wp-content\/uploads\/sites\/13\/2019\/08\/junta-directiva-alumni.jpg","type":"image\/jpeg"}],"author":"prensa2","twitter_card":"summary_large_image","twitter_creator":"@CanalULL","twitter_site":"@CanalULL","twitter_misc":{"Escrito por":"prensa2","Tiempo de lectura":"2 minutos"},"schema":{"@context":"https:\/\/schema.org","@graph":[{"@type":"WebPage","@id":"https:\/\/www.ull.es\/portal\/noticias\/2019\/el-gobierno-de-canarias-declara-de-interes-publico-a-la-asociacion-alumni-ull\/","url":"https:\/\/www.ull.es\/portal\/noticias\/2019\/el-gobierno-de-canarias-declara-de-interes-publico-a-la-asociacion-alumni-ull\/","name":"Alumni ULL, declarada de inter\u00e9s p\u00fablico por el Gobierno de Canarias","isPartOf":{"@id":"https:\/\/www.ull.es\/portal\/noticias\/#website"},"datePublished":"2019-08-27T12:29:22+00:00","dateModified":"2019-08-27T12:29:22+00:00","author":{"@id":"https:\/\/www.ull.es\/portal\/noticias\/#\/schema\/person\/c3b2aa857797592927a03740d6664376"},"description":"El Bolet\u00edn Oficial de Canarias public\u00f3 el decreto correspondiente el 23 de agosto \"por promover el inter\u00e9s general y el beneficio que reporta a la sociedad\"","breadcrumb":{"@id":"https:\/\/www.ull.es\/portal\/noticias\/2019\/el-gobierno-de-canarias-declara-de-interes-publico-a-la-asociacion-alumni-ull\/#breadcrumb"},"inLanguage":"es","potentialAction":[{"@type":"ReadAction","target":["https:\/\/www.ull.es\/portal\/noticias\/2019\/el-gobierno-de-canarias-declara-de-interes-publico-a-la-asociacion-alumni-ull\/"]}]},{"@type":"BreadcrumbList","@id":"https:\/\/www.ull.es\/portal\/noticias\/2019\/el-gobierno-de-canarias-declara-de-interes-publico-a-la-asociacion-alumni-ull\/#breadcrumb","itemListElement":[{"@type":"ListItem","position":1,"name":"Portada","item":"https:\/\/www.ull.es\/portal\/noticias\/"},{"@type":"ListItem","position":2,"name":"El Gobierno de Canarias declara de inter\u00e9s p\u00fablico a la asociaci\u00f3n Alumni ULL"}]},{"@type":"WebSite","@id":"https:\/\/www.ull.es\/portal\/noticias\/#website","url":"https:\/\/www.ull.es\/portal\/noticias\/","name":"ULL - Noticias","description":"","potentialAction":[{"@type":"SearchAction","target":{"@type":"EntryPoint","urlTemplate":"https:\/\/www.ull.es\/portal\/noticias\/?s={search_term_string}"},"query-input":"required name=search_term_string"}],"inLanguage":"es"},{"@type":"Person","@id":"https:\/\/www.ull.es\/portal\/noticias\/#\/schema\/person\/c3b2aa857797592927a03740d6664376","name":"prensa2","image":{"@type":"ImageObject","inLanguage":"es","@id":"https:\/\/www.ull.es\/portal\/noticias\/#\/schema\/person\/image\/","url":"https:\/\/secure.gravatar.com\/avatar\/b58f310a5de5feb33d1e026d2493f23c?s=96&d=mm&r=g","contentUrl":"https:\/\/secure.gravatar.com\/avatar\/b58f310a5de5feb33d1e026d2493f23c?s=96&d=mm&r=g","caption":"prensa2"},"url":"https:\/\/www.ull.es\/portal\/noticias\/author\/prensa2\/"}]}},"primary_category":{"id":345,"name":"Destacado","slug":"destacado","link":"https:\/\/www.ull.es\/portal\/noticias\/category\/destacado\/"},"featured_image_thumbnail_url":"https:\/\/www.ull.es\/portal\/noticias\/wp-content\/uploads\/sites\/13\/2019\/08\/junta-directiva-alumni-300x200.jpg","_links":{"self":[{"href":"https:\/\/www.ull.es\/portal\/noticias\/wp-json\/wp\/v2\/posts\/46071"}],"collection":[{"href":"https:\/\/www.ull.es\/portal\/noticias\/wp-json\/wp\/v2\/posts"}],"about":[{"href":"https:\/\/www.ull.es\/portal\/noticias\/wp-json\/wp\/v2\/types\/post"}],"author":[{"embeddable":true,"href":"https:\/\/www.ull.es\/portal\/noticias\/wp-json\/wp\/v2\/users\/21"}],"replies":[{"embeddable":true,"href":"https:\/\/www.ull.es\/portal\/noticias\/wp-json\/wp\/v2\/comments?post=46071"}],"version-history":[{"count":1,"href":"https:\/\/www.ull.es\/portal\/noticias\/wp-json\/wp\/v2\/posts\/46071\/revisions"}],"predecessor-version":[{"id":46073,"href":"https:\/\/www.ull.es\/portal\/noticias\/wp-json\/wp\/v2\/posts\/46071\/revisions\/46073"}],"wp:featuredmedia":[{"embeddable":true,"href":"https:\/\/www.ull.es\/portal\/noticias\/wp-json\/wp\/v2\/media\/46072"}],"wp:attachment":[{"href":"https:\/\/www.ull.es\/portal\/noticias\/wp-json\/wp\/v2\/media?parent=46071"}],"wp:term":[{"taxonomy":"category","embeddable":true,"href":"https:\/\/www.ull.es\/portal\/noticias\/wp-json\/wp\/v2\/categories?post=46071"},{"taxonomy":"post_tag","embeddable":true,"href":"https:\/\/www.ull.es\/portal\/noticias\/wp-json\/wp\/v2\/tags?post=46071"}],"curies":[{"name":"wp","href":"https:\/\/api.w.org\/{rel}","templated":true}]}}