{"id":46150,"date":"2019-09-04T08:19:47","date_gmt":"2019-09-04T08:19:47","guid":{"rendered":"https:\/\/www.ull.es\/portal\/noticias\/?p=46150"},"modified":"2019-09-27T09:57:10","modified_gmt":"2019-09-27T09:57:10","slug":"abierta-matricula-servicio-idiomas","status":"publish","type":"post","link":"https:\/\/www.ull.es\/portal\/noticias\/2019\/abierta-matricula-servicio-idiomas\/","title":{"rendered":"Abierto el plazo de matr\u00edcula del Servicio de Idiomas de la ULL para el primer cuatrimestre del curso acad\u00e9mico"},"content":{"rendered":"<p>El Servicio de Idiomas de la Universidad de La Laguna ya ha abierto la inscripci\u00f3n en su oferta formativa para el primer cuatrimestre del curso 2019\/20, dentro de la cual se incluyen diversos idiomas, pruebas de nivel y certificaciones de posgrados y doctorados.<\/p>\n<p>El cat\u00e1logo ofrece una amplia variedad de idiomas como ingl\u00e9s, alem\u00e1n, franc\u00e9s, ruso, portugu\u00e9s y lenguaje de signos, con diferentes niveles, turnos y modalidades. Adem\u00e1s, se cuenta con bonos y sesiones de conversaci\u00f3n, tutor\u00edas individualizadas, acreditaciones de nivel y cursos preparatorios de certificaciones oficiales.<\/p>\n<p>El Servicio de Idiomas tambi\u00e9n ofrece cursos de espa\u00f1ol para el alumnado extranjero. Esta posibilidad permite que, por ejemplo, estudiantes del programa Erasmus+ entrantes puedan obtener una certificaci\u00f3n reconocida en el marco de la Uni\u00f3n Europea.<\/p>\n<p>Aquellas personas que quieran acceder a cualquier curso que no sea b\u00e1sico y que carezcan de una acreditaci\u00f3n de su grado de competencia en ese idioma, podr\u00e1n realizar una prueba de nivel, totalmente gratuita<strong>,<\/strong> que les indicar\u00e1 el curso m\u00e1s adecuado para sus conocimientos.<\/p>\n<p>El coste de los cursos var\u00eda dependiendo del tipo de formaci\u00f3n, con descuentos para la comunidad universitaria, demandantes de empleo y personas que hayan cursado m\u00e1s de un curso de idiomas en este servicio.<\/p>\n<p>Quienes vayan a iniciar estudios de doctorado, posgrado o programas internacionales de la Universidad de La Laguna y necesiten acreditar el nivel B1 o B2 de ingl\u00e9s, tambi\u00e9n pueden inscribirse en la Sede Electr\u00f3nica para adquirir la certificaci\u00f3n.<\/p>\n<p>Las personas interesadas en cualquier tipo de oferta formativa que ofrezca el Servicio de Idiomas pueden informarse e inscribirse a trav\u00e9s de la <a href=\"https:\/\/sede.fg.ull.es\/es\/home\" target=\"_blank\" rel=\"noopener\">Sede Electr\u00f3nica<\/a> de la Fundaci\u00f3n General de la Universidad de La Laguna.<\/p>\n","protected":false},"excerpt":{"rendered":"<p>El Servicio de Idiomas de la Universidad de La Laguna ya ha abierto la inscripci\u00f3n en su oferta formativa para&#8230;<\/p>\n","protected":false},"author":21,"featured_media":46151,"comment_status":"closed","ping_status":"closed","sticky":false,"template":"","format":"standard","meta":{"inline_featured_image":false,"footnotes":""},"categories":[345,346,2765],"tags":[5916,1465,2381],"acf":[],"yoast_head":"<!-- This site is optimized with the Yoast SEO plugin v21.3 - https:\/\/yoast.com\/wordpress\/plugins\/seo\/ -->\n<title>Abierto el plazo de matr\u00edcula del Servicio de Idiomas de la ULL<\/title>\n<meta name=\"description\" content=\"La oferta formativa para el primer cuatrimestre del curso incluye diversos idiomas, pruebas de nivel y certificaciones de posgrados y doctorados.\" \/>\n<meta name=\"robots\" content=\"index, follow, max-snippet:-1, max-image-preview:large, max-video-preview:-1\" \/>\n<link rel=\"canonical\" href=\"https:\/\/www.ull.es\/portal\/noticias\/2019\/abierta-matricula-servicio-idiomas\/\" \/>\n<meta property=\"og:locale\" content=\"es_ES\" \/>\n<meta property=\"og:type\" content=\"article\" \/>\n<meta property=\"og:title\" content=\"Abierto el plazo de matr\u00edcula del Servicio de Idiomas de la ULL\" \/>\n<meta property=\"og:description\" content=\"La oferta formativa para el primer cuatrimestre del curso incluye diversos idiomas, pruebas de nivel y certificaciones de posgrados y doctorados.\" \/>\n<meta property=\"og:url\" content=\"https:\/\/www.ull.es\/portal\/noticias\/2019\/abierta-matricula-servicio-idiomas\/\" \/>\n<meta property=\"og:site_name\" content=\"ULL - Noticias\" \/>\n<meta property=\"article:publisher\" content=\"https:\/\/www.facebook.com\/universidaddelalaguna\/\" \/>\n<meta property=\"article:published_time\" content=\"2019-09-04T08:19:47+00:00\" \/>\n<meta property=\"article:modified_time\" content=\"2019-09-27T09:57:10+00:00\" \/>\n<meta property=\"og:image\" content=\"https:\/\/www.ull.es\/portal\/noticias\/wp-content\/uploads\/sites\/13\/2019\/09\/matricula-idiomas.jpg\" \/>\n\t<meta property=\"og:image:width\" content=\"1200\" \/>\n\t<meta property=\"og:image:height\" content=\"675\" \/>\n\t<meta property=\"og:image:type\" content=\"image\/jpeg\" \/>\n<meta name=\"author\" content=\"prensa2\" \/>\n<meta name=\"twitter:card\" content=\"summary_large_image\" \/>\n<meta name=\"twitter:creator\" content=\"@CanalULL\" \/>\n<meta name=\"twitter:site\" content=\"@CanalULL\" \/>\n<meta name=\"twitter:label1\" content=\"Escrito por\" \/>\n\t<meta name=\"twitter:data1\" content=\"prensa2\" \/>\n\t<meta name=\"twitter:label2\" content=\"Tiempo de lectura\" \/>\n\t<meta name=\"twitter:data2\" content=\"2 minutos\" \/>\n<script type=\"application\/ld+json\" class=\"yoast-schema-graph\">{\"@context\":\"https:\/\/schema.org\",\"@graph\":[{\"@type\":\"WebPage\",\"@id\":\"https:\/\/www.ull.es\/portal\/noticias\/2019\/abierta-matricula-servicio-idiomas\/\",\"url\":\"https:\/\/www.ull.es\/portal\/noticias\/2019\/abierta-matricula-servicio-idiomas\/\",\"name\":\"Abierto el plazo de matr\u00edcula del Servicio de Idiomas de la ULL\",\"isPartOf\":{\"@id\":\"https:\/\/www.ull.es\/portal\/noticias\/#website\"},\"datePublished\":\"2019-09-04T08:19:47+00:00\",\"dateModified\":\"2019-09-27T09:57:10+00:00\",\"author\":{\"@id\":\"https:\/\/www.ull.es\/portal\/noticias\/#\/schema\/person\/c3b2aa857797592927a03740d6664376\"},\"description\":\"La oferta formativa para el primer cuatrimestre del curso incluye diversos idiomas, pruebas de nivel y certificaciones de posgrados y doctorados.\",\"breadcrumb\":{\"@id\":\"https:\/\/www.ull.es\/portal\/noticias\/2019\/abierta-matricula-servicio-idiomas\/#breadcrumb\"},\"inLanguage\":\"es\",\"potentialAction\":[{\"@type\":\"ReadAction\",\"target\":[\"https:\/\/www.ull.es\/portal\/noticias\/2019\/abierta-matricula-servicio-idiomas\/\"]}]},{\"@type\":\"BreadcrumbList\",\"@id\":\"https:\/\/www.ull.es\/portal\/noticias\/2019\/abierta-matricula-servicio-idiomas\/#breadcrumb\",\"itemListElement\":[{\"@type\":\"ListItem\",\"position\":1,\"name\":\"Portada\",\"item\":\"https:\/\/www.ull.es\/portal\/noticias\/\"},{\"@type\":\"ListItem\",\"position\":2,\"name\":\"Abierto el plazo de matr\u00edcula del Servicio de Idiomas de la ULL para el primer cuatrimestre del curso acad\u00e9mico\"}]},{\"@type\":\"WebSite\",\"@id\":\"https:\/\/www.ull.es\/portal\/noticias\/#website\",\"url\":\"https:\/\/www.ull.es\/portal\/noticias\/\",\"name\":\"ULL - Noticias\",\"description\":\"\",\"potentialAction\":[{\"@type\":\"SearchAction\",\"target\":{\"@type\":\"EntryPoint\",\"urlTemplate\":\"https:\/\/www.ull.es\/portal\/noticias\/?s={search_term_string}\"},\"query-input\":\"required name=search_term_string\"}],\"inLanguage\":\"es\"},{\"@type\":\"Person\",\"@id\":\"https:\/\/www.ull.es\/portal\/noticias\/#\/schema\/person\/c3b2aa857797592927a03740d6664376\",\"name\":\"prensa2\",\"image\":{\"@type\":\"ImageObject\",\"inLanguage\":\"es\",\"@id\":\"https:\/\/www.ull.es\/portal\/noticias\/#\/schema\/person\/image\/\",\"url\":\"https:\/\/secure.gravatar.com\/avatar\/b58f310a5de5feb33d1e026d2493f23c?s=96&d=mm&r=g\",\"contentUrl\":\"https:\/\/secure.gravatar.com\/avatar\/b58f310a5de5feb33d1e026d2493f23c?s=96&d=mm&r=g\",\"caption\":\"prensa2\"},\"url\":\"https:\/\/www.ull.es\/portal\/noticias\/author\/prensa2\/\"}]}<\/script>\n<!-- \/ Yoast SEO plugin. -->","yoast_head_json":{"title":"Abierto el plazo de matr\u00edcula del Servicio de Idiomas de la ULL","description":"La oferta formativa para el primer cuatrimestre del curso incluye diversos idiomas, pruebas de nivel y certificaciones de posgrados y doctorados.","robots":{"index":"index","follow":"follow","max-snippet":"max-snippet:-1","max-image-preview":"max-image-preview:large","max-video-preview":"max-video-preview:-1"},"canonical":"https:\/\/www.ull.es\/portal\/noticias\/2019\/abierta-matricula-servicio-idiomas\/","og_locale":"es_ES","og_type":"article","og_title":"Abierto el plazo de matr\u00edcula del Servicio de Idiomas de la ULL","og_description":"La oferta formativa para el primer cuatrimestre del curso incluye diversos idiomas, pruebas de nivel y certificaciones de posgrados y doctorados.","og_url":"https:\/\/www.ull.es\/portal\/noticias\/2019\/abierta-matricula-servicio-idiomas\/","og_site_name":"ULL - Noticias","article_publisher":"https:\/\/www.facebook.com\/universidaddelalaguna\/","article_published_time":"2019-09-04T08:19:47+00:00","article_modified_time":"2019-09-27T09:57:10+00:00","og_image":[{"width":1200,"height":675,"url":"https:\/\/www.ull.es\/portal\/noticias\/wp-content\/uploads\/sites\/13\/2019\/09\/matricula-idiomas.jpg","type":"image\/jpeg"}],"author":"prensa2","twitter_card":"summary_large_image","twitter_creator":"@CanalULL","twitter_site":"@CanalULL","twitter_misc":{"Escrito por":"prensa2","Tiempo de lectura":"2 minutos"},"schema":{"@context":"https:\/\/schema.org","@graph":[{"@type":"WebPage","@id":"https:\/\/www.ull.es\/portal\/noticias\/2019\/abierta-matricula-servicio-idiomas\/","url":"https:\/\/www.ull.es\/portal\/noticias\/2019\/abierta-matricula-servicio-idiomas\/","name":"Abierto el plazo de matr\u00edcula del Servicio de Idiomas de la ULL","isPartOf":{"@id":"https:\/\/www.ull.es\/portal\/noticias\/#website"},"datePublished":"2019-09-04T08:19:47+00:00","dateModified":"2019-09-27T09:57:10+00:00","author":{"@id":"https:\/\/www.ull.es\/portal\/noticias\/#\/schema\/person\/c3b2aa857797592927a03740d6664376"},"description":"La oferta formativa para el primer cuatrimestre del curso incluye diversos idiomas, pruebas de nivel y certificaciones de posgrados y doctorados.","breadcrumb":{"@id":"https:\/\/www.ull.es\/portal\/noticias\/2019\/abierta-matricula-servicio-idiomas\/#breadcrumb"},"inLanguage":"es","potentialAction":[{"@type":"ReadAction","target":["https:\/\/www.ull.es\/portal\/noticias\/2019\/abierta-matricula-servicio-idiomas\/"]}]},{"@type":"BreadcrumbList","@id":"https:\/\/www.ull.es\/portal\/noticias\/2019\/abierta-matricula-servicio-idiomas\/#breadcrumb","itemListElement":[{"@type":"ListItem","position":1,"name":"Portada","item":"https:\/\/www.ull.es\/portal\/noticias\/"},{"@type":"ListItem","position":2,"name":"Abierto el plazo de matr\u00edcula del Servicio de Idiomas de la ULL para el primer cuatrimestre del curso acad\u00e9mico"}]},{"@type":"WebSite","@id":"https:\/\/www.ull.es\/portal\/noticias\/#website","url":"https:\/\/www.ull.es\/portal\/noticias\/","name":"ULL - Noticias","description":"","potentialAction":[{"@type":"SearchAction","target":{"@type":"EntryPoint","urlTemplate":"https:\/\/www.ull.es\/portal\/noticias\/?s={search_term_string}"},"query-input":"required name=search_term_string"}],"inLanguage":"es"},{"@type":"Person","@id":"https:\/\/www.ull.es\/portal\/noticias\/#\/schema\/person\/c3b2aa857797592927a03740d6664376","name":"prensa2","image":{"@type":"ImageObject","inLanguage":"es","@id":"https:\/\/www.ull.es\/portal\/noticias\/#\/schema\/person\/image\/","url":"https:\/\/secure.gravatar.com\/avatar\/b58f310a5de5feb33d1e026d2493f23c?s=96&d=mm&r=g","contentUrl":"https:\/\/secure.gravatar.com\/avatar\/b58f310a5de5feb33d1e026d2493f23c?s=96&d=mm&r=g","caption":"prensa2"},"url":"https:\/\/www.ull.es\/portal\/noticias\/author\/prensa2\/"}]}},"primary_category":{"id":345,"name":"Destacado","slug":"destacado","link":"https:\/\/www.ull.es\/portal\/noticias\/category\/destacado\/"},"featured_image_thumbnail_url":"https:\/\/www.ull.es\/portal\/noticias\/wp-content\/uploads\/sites\/13\/2019\/09\/matricula-idiomas-300x169.jpg","_links":{"self":[{"href":"https:\/\/www.ull.es\/portal\/noticias\/wp-json\/wp\/v2\/posts\/46150"}],"collection":[{"href":"https:\/\/www.ull.es\/portal\/noticias\/wp-json\/wp\/v2\/posts"}],"about":[{"href":"https:\/\/www.ull.es\/portal\/noticias\/wp-json\/wp\/v2\/types\/post"}],"author":[{"embeddable":true,"href":"https:\/\/www.ull.es\/portal\/noticias\/wp-json\/wp\/v2\/users\/21"}],"replies":[{"embeddable":true,"href":"https:\/\/www.ull.es\/portal\/noticias\/wp-json\/wp\/v2\/comments?post=46150"}],"version-history":[{"count":2,"href":"https:\/\/www.ull.es\/portal\/noticias\/wp-json\/wp\/v2\/posts\/46150\/revisions"}],"predecessor-version":[{"id":46608,"href":"https:\/\/www.ull.es\/portal\/noticias\/wp-json\/wp\/v2\/posts\/46150\/revisions\/46608"}],"wp:featuredmedia":[{"embeddable":true,"href":"https:\/\/www.ull.es\/portal\/noticias\/wp-json\/wp\/v2\/media\/46151"}],"wp:attachment":[{"href":"https:\/\/www.ull.es\/portal\/noticias\/wp-json\/wp\/v2\/media?parent=46150"}],"wp:term":[{"taxonomy":"category","embeddable":true,"href":"https:\/\/www.ull.es\/portal\/noticias\/wp-json\/wp\/v2\/categories?post=46150"},{"taxonomy":"post_tag","embeddable":true,"href":"https:\/\/www.ull.es\/portal\/noticias\/wp-json\/wp\/v2\/tags?post=46150"}],"curies":[{"name":"wp","href":"https:\/\/api.w.org\/{rel}","templated":true}]}}