{"id":46195,"date":"2019-09-09T13:35:46","date_gmt":"2019-09-09T13:35:46","guid":{"rendered":"https:\/\/www.ull.es\/portal\/noticias\/?p=46195"},"modified":"2019-09-10T07:46:53","modified_gmt":"2019-09-10T07:46:53","slug":"la-sala-de-arte-paraninfo-abre-el-curso-academico-con-la-muestra-de-collages-pintar-con-tijeras","status":"publish","type":"post","link":"https:\/\/www.ull.es\/portal\/noticias\/2019\/la-sala-de-arte-paraninfo-abre-el-curso-academico-con-la-muestra-de-collages-pintar-con-tijeras\/","title":{"rendered":"La Sala de Arte Paraninfo abre el curso acad\u00e9mico con la muestra de collages \u201cPintar con tijeras\u201d"},"content":{"rendered":"<p>La Sala de Arte Paraninfo-Pablo Gonz\u00e1lez Vera, ubicada en el Edificio Central de la Universidad de La Laguna, abre el nuevo curso acad\u00e9mico con la exposici\u00f3n \u201cPintar con tijeras\u201d, que podr\u00e1 visitarse hasta el pr\u00f3ximo 30 de octubre, de lunes a viernes entre las 17:00 y las 20:00 horas.<\/p>\n<p><img decoding=\"async\" loading=\"lazy\" class=\"alignleft size-medium wp-image-46198\" src=\"https:\/\/www.ull.es\/portal\/noticias\/wp-content\/uploads\/sites\/13\/2019\/09\/Expo-Pintar-con-tijeras2-300x200.jpg\" alt=\"\" width=\"300\" height=\"200\" srcset=\"https:\/\/www.ull.es\/portal\/noticias\/wp-content\/uploads\/sites\/13\/2019\/09\/Expo-Pintar-con-tijeras2-300x200.jpg 300w, https:\/\/www.ull.es\/portal\/noticias\/wp-content\/uploads\/sites\/13\/2019\/09\/Expo-Pintar-con-tijeras2-768x512.jpg 768w, https:\/\/www.ull.es\/portal\/noticias\/wp-content\/uploads\/sites\/13\/2019\/09\/Expo-Pintar-con-tijeras2.jpg 1024w, https:\/\/www.ull.es\/portal\/noticias\/wp-content\/uploads\/sites\/13\/2019\/09\/Expo-Pintar-con-tijeras2-375x250.jpg 375w, https:\/\/www.ull.es\/portal\/noticias\/wp-content\/uploads\/sites\/13\/2019\/09\/Expo-Pintar-con-tijeras2-750x500.jpg 750w\" sizes=\"(max-width: 300px) 100vw, 300px\" \/>La muestra recopila trabajos de varias \u00e9pocas de la artista V. Nielsen, cuya producci\u00f3n se ha especializado en la t\u00e9cnica del collage, es decir, la creaci\u00f3n de nuevas im\u00e1genes a partir del recorte y reensamblaje de im\u00e1genes preexistentes para dotarles de un nuevo significado.<\/p>\n<p>La muestra exhibe una veintena de trabajos de diferentes obras de esta creadora que ha hecho de la tijera y la cola sus herramientas creativas. Recopila im\u00e1genes de sus inicios en 2008, dentro de la colecci\u00f3n \u201cFace &amp; Comunication\u201d hasta de su \u00faltima \u00e9poca, con composiciones de sus colecciones de 2019 \u201cCr\u00e1neos &amp; Kpaviou\u201d, \u201cDi\u00e1logos\u201d y \u201cPlastik\u201d. Una d\u00e9cada de trayectoria fiel a una t\u00e9cnica que entronca directamente con las vanguardias hist\u00f3ricas, la Bauhaus y otros rupturistas movimientos del siglo XX.<\/p>\n<p>Como explica el cat\u00e1logo de la muestra, editado por el Vicerrectorado de Cultura y Participaci\u00f3n Social, a trav\u00e9s de sus obras V. Nielsen muestra \u201cuna visi\u00f3n <img decoding=\"async\" loading=\"lazy\" class=\"alignright size-medium wp-image-46199\" src=\"https:\/\/www.ull.es\/portal\/noticias\/wp-content\/uploads\/sites\/13\/2019\/09\/Expo-Pintar-con-tijeras3-300x200.jpg\" alt=\"\" width=\"300\" height=\"200\" srcset=\"https:\/\/www.ull.es\/portal\/noticias\/wp-content\/uploads\/sites\/13\/2019\/09\/Expo-Pintar-con-tijeras3-300x200.jpg 300w, https:\/\/www.ull.es\/portal\/noticias\/wp-content\/uploads\/sites\/13\/2019\/09\/Expo-Pintar-con-tijeras3-768x512.jpg 768w, https:\/\/www.ull.es\/portal\/noticias\/wp-content\/uploads\/sites\/13\/2019\/09\/Expo-Pintar-con-tijeras3.jpg 1024w, https:\/\/www.ull.es\/portal\/noticias\/wp-content\/uploads\/sites\/13\/2019\/09\/Expo-Pintar-con-tijeras3-375x250.jpg 375w, https:\/\/www.ull.es\/portal\/noticias\/wp-content\/uploads\/sites\/13\/2019\/09\/Expo-Pintar-con-tijeras3-750x500.jpg 750w\" sizes=\"(max-width: 300px) 100vw, 300px\" \/>propia de la sociedad y la comunicaci\u00f3n, una visi\u00f3n cr\u00edtica y reivindicativa sobre el sentido incongruente de la palabra hablada, la palabra impresa, la palabra cortada y la palabra pegada. La t\u00e9cnica del collage estimula debates sobre la doble moral del d\u00eda a d\u00eda, se conjugan distintas visiones que le aportan riqueza y perspectivas, en cada una de sus obras\u201d.<\/p>\n","protected":false},"excerpt":{"rendered":"<p>La Sala de Arte Paraninfo-Pablo Gonz\u00e1lez Vera, ubicada en el Edificio Central de la Universidad de La Laguna, abre el&#8230;<\/p>\n","protected":false},"author":23,"featured_media":46197,"comment_status":"closed","ping_status":"closed","sticky":false,"template":"","format":"standard","meta":{"inline_featured_image":false,"footnotes":""},"categories":[344,345,3283,2765],"tags":[5919,1201,1928,2308,5920],"acf":[],"yoast_head":"<!-- This site is optimized with the Yoast SEO plugin v21.3 - https:\/\/yoast.com\/wordpress\/plugins\/seo\/ -->\n<title>La Sala de Arte Paraninfo abre el curso acad\u00e9mico con la muestra de collages \u201cPintar con tijeras\u201d - ULL - Noticias<\/title>\n<meta name=\"robots\" content=\"index, follow, max-snippet:-1, max-image-preview:large, max-video-preview:-1\" \/>\n<link rel=\"canonical\" href=\"https:\/\/www.ull.es\/portal\/noticias\/2019\/la-sala-de-arte-paraninfo-abre-el-curso-academico-con-la-muestra-de-collages-pintar-con-tijeras\/\" \/>\n<meta property=\"og:locale\" content=\"es_ES\" \/>\n<meta property=\"og:type\" content=\"article\" \/>\n<meta property=\"og:title\" content=\"La Sala de Arte Paraninfo abre el curso acad\u00e9mico con la muestra de collages \u201cPintar con tijeras\u201d - ULL - Noticias\" \/>\n<meta property=\"og:description\" content=\"La Sala de Arte Paraninfo-Pablo Gonz\u00e1lez Vera, ubicada en el Edificio Central de la Universidad de La Laguna, abre el...\" \/>\n<meta property=\"og:url\" content=\"https:\/\/www.ull.es\/portal\/noticias\/2019\/la-sala-de-arte-paraninfo-abre-el-curso-academico-con-la-muestra-de-collages-pintar-con-tijeras\/\" \/>\n<meta property=\"og:site_name\" content=\"ULL - Noticias\" \/>\n<meta property=\"article:publisher\" content=\"https:\/\/www.facebook.com\/universidaddelalaguna\/\" \/>\n<meta property=\"article:published_time\" content=\"2019-09-09T13:35:46+00:00\" \/>\n<meta property=\"article:modified_time\" content=\"2019-09-10T07:46:53+00:00\" \/>\n<meta property=\"og:image\" content=\"https:\/\/www.ull.es\/portal\/noticias\/wp-content\/uploads\/sites\/13\/2019\/09\/Expo-Pintar-con-tijeras1.jpg\" \/>\n\t<meta property=\"og:image:width\" content=\"1024\" \/>\n\t<meta property=\"og:image:height\" content=\"683\" \/>\n\t<meta property=\"og:image:type\" content=\"image\/jpeg\" \/>\n<meta name=\"author\" content=\"gaprsa\" \/>\n<meta name=\"twitter:card\" content=\"summary_large_image\" \/>\n<meta name=\"twitter:creator\" content=\"@CanalULL\" \/>\n<meta name=\"twitter:site\" content=\"@CanalULL\" \/>\n<meta name=\"twitter:label1\" content=\"Escrito por\" \/>\n\t<meta name=\"twitter:data1\" content=\"gaprsa\" \/>\n\t<meta name=\"twitter:label2\" content=\"Tiempo de lectura\" \/>\n\t<meta name=\"twitter:data2\" content=\"1 minuto\" \/>\n<script type=\"application\/ld+json\" class=\"yoast-schema-graph\">{\"@context\":\"https:\/\/schema.org\",\"@graph\":[{\"@type\":\"WebPage\",\"@id\":\"https:\/\/www.ull.es\/portal\/noticias\/2019\/la-sala-de-arte-paraninfo-abre-el-curso-academico-con-la-muestra-de-collages-pintar-con-tijeras\/\",\"url\":\"https:\/\/www.ull.es\/portal\/noticias\/2019\/la-sala-de-arte-paraninfo-abre-el-curso-academico-con-la-muestra-de-collages-pintar-con-tijeras\/\",\"name\":\"La Sala de Arte Paraninfo abre el curso acad\u00e9mico con la muestra de collages \u201cPintar con tijeras\u201d - ULL - Noticias\",\"isPartOf\":{\"@id\":\"https:\/\/www.ull.es\/portal\/noticias\/#website\"},\"datePublished\":\"2019-09-09T13:35:46+00:00\",\"dateModified\":\"2019-09-10T07:46:53+00:00\",\"author\":{\"@id\":\"https:\/\/www.ull.es\/portal\/noticias\/#\/schema\/person\/b2b1a89d43ffa609e591f7df8ef3e817\"},\"breadcrumb\":{\"@id\":\"https:\/\/www.ull.es\/portal\/noticias\/2019\/la-sala-de-arte-paraninfo-abre-el-curso-academico-con-la-muestra-de-collages-pintar-con-tijeras\/#breadcrumb\"},\"inLanguage\":\"es\",\"potentialAction\":[{\"@type\":\"ReadAction\",\"target\":[\"https:\/\/www.ull.es\/portal\/noticias\/2019\/la-sala-de-arte-paraninfo-abre-el-curso-academico-con-la-muestra-de-collages-pintar-con-tijeras\/\"]}]},{\"@type\":\"BreadcrumbList\",\"@id\":\"https:\/\/www.ull.es\/portal\/noticias\/2019\/la-sala-de-arte-paraninfo-abre-el-curso-academico-con-la-muestra-de-collages-pintar-con-tijeras\/#breadcrumb\",\"itemListElement\":[{\"@type\":\"ListItem\",\"position\":1,\"name\":\"Portada\",\"item\":\"https:\/\/www.ull.es\/portal\/noticias\/\"},{\"@type\":\"ListItem\",\"position\":2,\"name\":\"La Sala de Arte Paraninfo abre el curso acad\u00e9mico con la muestra de collages \u201cPintar con tijeras\u201d\"}]},{\"@type\":\"WebSite\",\"@id\":\"https:\/\/www.ull.es\/portal\/noticias\/#website\",\"url\":\"https:\/\/www.ull.es\/portal\/noticias\/\",\"name\":\"ULL - Noticias\",\"description\":\"\",\"potentialAction\":[{\"@type\":\"SearchAction\",\"target\":{\"@type\":\"EntryPoint\",\"urlTemplate\":\"https:\/\/www.ull.es\/portal\/noticias\/?s={search_term_string}\"},\"query-input\":\"required name=search_term_string\"}],\"inLanguage\":\"es\"},{\"@type\":\"Person\",\"@id\":\"https:\/\/www.ull.es\/portal\/noticias\/#\/schema\/person\/b2b1a89d43ffa609e591f7df8ef3e817\",\"name\":\"gaprsa\",\"image\":{\"@type\":\"ImageObject\",\"inLanguage\":\"es\",\"@id\":\"https:\/\/www.ull.es\/portal\/noticias\/#\/schema\/person\/image\/\",\"url\":\"https:\/\/secure.gravatar.com\/avatar\/443820550921091458b4823867723b3d?s=96&d=mm&r=g\",\"contentUrl\":\"https:\/\/secure.gravatar.com\/avatar\/443820550921091458b4823867723b3d?s=96&d=mm&r=g\",\"caption\":\"gaprsa\"},\"url\":\"https:\/\/www.ull.es\/portal\/noticias\/author\/gaprsa\/\"}]}<\/script>\n<!-- \/ Yoast SEO plugin. -->","yoast_head_json":{"title":"La Sala de Arte Paraninfo abre el curso acad\u00e9mico con la muestra de collages \u201cPintar con tijeras\u201d - ULL - Noticias","robots":{"index":"index","follow":"follow","max-snippet":"max-snippet:-1","max-image-preview":"max-image-preview:large","max-video-preview":"max-video-preview:-1"},"canonical":"https:\/\/www.ull.es\/portal\/noticias\/2019\/la-sala-de-arte-paraninfo-abre-el-curso-academico-con-la-muestra-de-collages-pintar-con-tijeras\/","og_locale":"es_ES","og_type":"article","og_title":"La Sala de Arte Paraninfo abre el curso acad\u00e9mico con la muestra de collages \u201cPintar con tijeras\u201d - ULL - Noticias","og_description":"La Sala de Arte Paraninfo-Pablo Gonz\u00e1lez Vera, ubicada en el Edificio Central de la Universidad de La Laguna, abre el...","og_url":"https:\/\/www.ull.es\/portal\/noticias\/2019\/la-sala-de-arte-paraninfo-abre-el-curso-academico-con-la-muestra-de-collages-pintar-con-tijeras\/","og_site_name":"ULL - Noticias","article_publisher":"https:\/\/www.facebook.com\/universidaddelalaguna\/","article_published_time":"2019-09-09T13:35:46+00:00","article_modified_time":"2019-09-10T07:46:53+00:00","og_image":[{"width":1024,"height":683,"url":"https:\/\/www.ull.es\/portal\/noticias\/wp-content\/uploads\/sites\/13\/2019\/09\/Expo-Pintar-con-tijeras1.jpg","type":"image\/jpeg"}],"author":"gaprsa","twitter_card":"summary_large_image","twitter_creator":"@CanalULL","twitter_site":"@CanalULL","twitter_misc":{"Escrito por":"gaprsa","Tiempo de lectura":"1 minuto"},"schema":{"@context":"https:\/\/schema.org","@graph":[{"@type":"WebPage","@id":"https:\/\/www.ull.es\/portal\/noticias\/2019\/la-sala-de-arte-paraninfo-abre-el-curso-academico-con-la-muestra-de-collages-pintar-con-tijeras\/","url":"https:\/\/www.ull.es\/portal\/noticias\/2019\/la-sala-de-arte-paraninfo-abre-el-curso-academico-con-la-muestra-de-collages-pintar-con-tijeras\/","name":"La Sala de Arte Paraninfo abre el curso acad\u00e9mico con la muestra de collages \u201cPintar con tijeras\u201d - ULL - Noticias","isPartOf":{"@id":"https:\/\/www.ull.es\/portal\/noticias\/#website"},"datePublished":"2019-09-09T13:35:46+00:00","dateModified":"2019-09-10T07:46:53+00:00","author":{"@id":"https:\/\/www.ull.es\/portal\/noticias\/#\/schema\/person\/b2b1a89d43ffa609e591f7df8ef3e817"},"breadcrumb":{"@id":"https:\/\/www.ull.es\/portal\/noticias\/2019\/la-sala-de-arte-paraninfo-abre-el-curso-academico-con-la-muestra-de-collages-pintar-con-tijeras\/#breadcrumb"},"inLanguage":"es","potentialAction":[{"@type":"ReadAction","target":["https:\/\/www.ull.es\/portal\/noticias\/2019\/la-sala-de-arte-paraninfo-abre-el-curso-academico-con-la-muestra-de-collages-pintar-con-tijeras\/"]}]},{"@type":"BreadcrumbList","@id":"https:\/\/www.ull.es\/portal\/noticias\/2019\/la-sala-de-arte-paraninfo-abre-el-curso-academico-con-la-muestra-de-collages-pintar-con-tijeras\/#breadcrumb","itemListElement":[{"@type":"ListItem","position":1,"name":"Portada","item":"https:\/\/www.ull.es\/portal\/noticias\/"},{"@type":"ListItem","position":2,"name":"La Sala de Arte Paraninfo abre el curso acad\u00e9mico con la muestra de collages \u201cPintar con tijeras\u201d"}]},{"@type":"WebSite","@id":"https:\/\/www.ull.es\/portal\/noticias\/#website","url":"https:\/\/www.ull.es\/portal\/noticias\/","name":"ULL - Noticias","description":"","potentialAction":[{"@type":"SearchAction","target":{"@type":"EntryPoint","urlTemplate":"https:\/\/www.ull.es\/portal\/noticias\/?s={search_term_string}"},"query-input":"required name=search_term_string"}],"inLanguage":"es"},{"@type":"Person","@id":"https:\/\/www.ull.es\/portal\/noticias\/#\/schema\/person\/b2b1a89d43ffa609e591f7df8ef3e817","name":"gaprsa","image":{"@type":"ImageObject","inLanguage":"es","@id":"https:\/\/www.ull.es\/portal\/noticias\/#\/schema\/person\/image\/","url":"https:\/\/secure.gravatar.com\/avatar\/443820550921091458b4823867723b3d?s=96&d=mm&r=g","contentUrl":"https:\/\/secure.gravatar.com\/avatar\/443820550921091458b4823867723b3d?s=96&d=mm&r=g","caption":"gaprsa"},"url":"https:\/\/www.ull.es\/portal\/noticias\/author\/gaprsa\/"}]}},"primary_category":{"id":345,"name":"Destacado","slug":"destacado","link":"https:\/\/www.ull.es\/portal\/noticias\/category\/destacado\/"},"featured_image_thumbnail_url":"https:\/\/www.ull.es\/portal\/noticias\/wp-content\/uploads\/sites\/13\/2019\/09\/Expo-Pintar-con-tijeras1-300x200.jpg","_links":{"self":[{"href":"https:\/\/www.ull.es\/portal\/noticias\/wp-json\/wp\/v2\/posts\/46195"}],"collection":[{"href":"https:\/\/www.ull.es\/portal\/noticias\/wp-json\/wp\/v2\/posts"}],"about":[{"href":"https:\/\/www.ull.es\/portal\/noticias\/wp-json\/wp\/v2\/types\/post"}],"author":[{"embeddable":true,"href":"https:\/\/www.ull.es\/portal\/noticias\/wp-json\/wp\/v2\/users\/23"}],"replies":[{"embeddable":true,"href":"https:\/\/www.ull.es\/portal\/noticias\/wp-json\/wp\/v2\/comments?post=46195"}],"version-history":[{"count":3,"href":"https:\/\/www.ull.es\/portal\/noticias\/wp-json\/wp\/v2\/posts\/46195\/revisions"}],"predecessor-version":[{"id":46208,"href":"https:\/\/www.ull.es\/portal\/noticias\/wp-json\/wp\/v2\/posts\/46195\/revisions\/46208"}],"wp:featuredmedia":[{"embeddable":true,"href":"https:\/\/www.ull.es\/portal\/noticias\/wp-json\/wp\/v2\/media\/46197"}],"wp:attachment":[{"href":"https:\/\/www.ull.es\/portal\/noticias\/wp-json\/wp\/v2\/media?parent=46195"}],"wp:term":[{"taxonomy":"category","embeddable":true,"href":"https:\/\/www.ull.es\/portal\/noticias\/wp-json\/wp\/v2\/categories?post=46195"},{"taxonomy":"post_tag","embeddable":true,"href":"https:\/\/www.ull.es\/portal\/noticias\/wp-json\/wp\/v2\/tags?post=46195"}],"curies":[{"name":"wp","href":"https:\/\/api.w.org\/{rel}","templated":true}]}}