{"id":46290,"date":"2019-09-16T08:03:28","date_gmt":"2019-09-16T08:03:28","guid":{"rendered":"https:\/\/www.ull.es\/portal\/noticias\/?p=46290"},"modified":"2019-09-16T08:09:46","modified_gmt":"2019-09-16T08:09:46","slug":"la-biblioteca-te-da-la-bienvenida-al-nuevo-curso-academico-2019-2020","status":"publish","type":"post","link":"https:\/\/www.ull.es\/portal\/noticias\/2019\/la-biblioteca-te-da-la-bienvenida-al-nuevo-curso-academico-2019-2020\/","title":{"rendered":"La Biblioteca da la bienvenida al nuevo curso acad\u00e9mico 2019-2020"},"content":{"rendered":"<p><span style=\"font-weight: 400;\">El lunes 16 de septiembre comienza el curso 2019-20 y la Biblioteca de la Universidad de la Laguna invita al alumnado a conocer los <\/span><a href=\"https:\/\/www.ull.es\/servicios\/biblioteca\/sede\/\" target=\"_blank\" rel=\"noopener\"><span style=\"font-weight: 400;\">14 puntos de servicio<\/span><\/a><span style=\"font-weight: 400;\"> con los que cuenta y que est\u00e1n <\/span><span style=\"font-weight: 400;\">distribuidos entre los distintos campus universitarios.<\/span><\/p>\n<p><span style=\"font-weight: 400;\">Para conocer la informaci\u00f3n imprescindible sobre este servicio puede descargarse o solicitar en el mostrador de la biblioteca m\u00e1s cercana el folleto<\/span><a href=\"http:\/\/riull.ull.es\/xmlui\/handle\/915\/6121\" target=\"_blank\" rel=\"noopener\"> <b>C\u00f3mo usar la Biblioteca<\/b><\/a><span style=\"font-weight: 400;\">.<\/span><\/p>\n<p><span style=\"font-weight: 400;\">Este es un resumen de los servicios de inter\u00e9s para el alumnado de nuevo ingreso:<\/span><\/p>\n<ol>\n<li>Ante cualquier duda, pregunta al personal de los mostradores. Estamos para ayudarte y lo haremos encantados.<\/li>\n<li><span style=\"font-weight: 400;\">Casi con toda probabilidad, el primer servicio que usar\u00e1s de<\/span><a href=\"https:\/\/www.ull.es\/servicios\/biblioteca\/servicios\/\" target=\"_blank\" rel=\"noopener\"> <span style=\"font-weight: 400;\">todos los que te ofertamos<\/span><\/a><span style=\"font-weight: 400;\"> ser\u00e1 el de<\/span><a href=\"https:\/\/www.ull.es\/servicios\/biblioteca\/servicios\/prestamo-domiciliario\/\" target=\"_blank\" rel=\"noopener\"> <span style=\"font-weight: 400;\">Pr\u00e9stamo domiciliario<\/span><\/a><span style=\"font-weight: 400;\">. Mira todo lo que necesitas saber para hacer uso de este servicio en:<\/span><a href=\"https:\/\/www.ull.es\/servicios\/biblioteca\/servicios\/prestamo-domiciliario\/#que-se-necesita\" target=\"_blank\" rel=\"noopener\"> <span style=\"font-weight: 400;\">Pr\u00e9stamo domiciliario&gt;\u00bfQu\u00e9 se necesita?<\/span><\/a><\/li>\n<li><span style=\"font-weight: 400;\">\u00bfYa sabes cu\u00e1l es la bibliograf\u00eda recomendada por el profesorado para las asignaturas que cursas? Tienes acceso a ella a trav\u00e9s del bot\u00f3n que encontrar\u00e1s en nuestra <\/span><a href=\"https:\/\/www.ull.es\/servicios\/biblioteca\/\" target=\"_blank\" rel=\"noopener\"><span style=\"font-weight: 400;\">p\u00e1gina web<\/span><\/a><span style=\"font-weight: 400;\"> o puedes consultarla en<\/span><a href=\"https:\/\/absysnet.bbtk.ull.es\/cgi-bin\/abnetopac?ACC=254\" target=\"_blank\" rel=\"noopener\"> <span style=\"font-weight: 400;\">este enlace<\/span><\/a><span style=\"font-weight: 400;\"> de nuestro<\/span><a href=\"http:\/\/absysnet.bbtk.ull.es\/\" target=\"_blank\" rel=\"noopener\"> <span style=\"font-weight: 400;\">cat\u00e1logo<\/span><\/a><span style=\"font-weight: 400;\">. Ver\u00e1s que aparece un listado con todos los Grados y dentro de estos las asignaturas de cada uno de ellos. Elige la que te interesa y se desplegar\u00e1 un listado con el material que puedes obtener en la biblioteca. Tambi\u00e9n tienes acceso directo a la bibliograf\u00eda recomendada desde las gu\u00edas docentes de tus asignaturas. Para acceder pulsa sobre el icono de la Biblioteca que encontrar\u00e1s en el espacio dedicado a \u00ab<\/span><b>Bibliograf\u00eda\/Recursos<\/b><span style=\"font-weight: 400;\">\u00ab.<br \/>\n<\/span>En algunas bibliotecas encontrar\u00e1s esta bibliograf\u00eda separada del resto del fondo para facilitarte su consulta.<\/li>\n<li><span style=\"font-weight: 400;\">Cuando busques en el cat\u00e1logo y localices el libro que necesitas, pulsa sobre el t\u00edtulo para ver toda la informaci\u00f3n sobre el mismo. En la pesta\u00f1a \u00abEjemplares\u201d se encuentra la \u00absignatura\u201d (combinaci\u00f3n de n\u00fameros y letras que indica el lugar f\u00edsico de la biblioteca en el que est\u00e1 colocado el libro). \u00a1C\u00f3piala! La necesitar\u00e1s para encontrar el libro.<\/span><\/li>\n<li><span style=\"font-weight: 400;\">La mayor\u00eda de nuestros fondos es de libre acceso (puedes cogerlos directamente de las estanter\u00edas). Si tienes alg\u00fan problema, mu\u00e9stranos la signatura y te ayudaremos a localizarlos.<\/span><\/li>\n<li><span style=\"font-weight: 400;\">El siguiente paso es dirigirte con el libro al mostrador de pr\u00e9stamo de la biblioteca. Si ya tienes tu tarjeta universitaria ser\u00e1 muy f\u00e1cil, de lo contrario, sigue las instrucciones del punto 2.<\/span><\/li>\n<li><span style=\"font-weight: 400;\">Durante estos primeros d\u00edas ya habr\u00e1s recibido o recibir\u00e1s una charla impartida por personal de la biblioteca. Te indicar\u00e1n c\u00f3mo realizar un<\/span><a href=\"https:\/\/www.ull.es\/servicios\/biblioteca\/servicios\/formacion\/\" target=\"_blank\" rel=\"noopener\"> <span style=\"font-weight: 400;\">curso de formaci\u00f3n online<\/span><\/a><span style=\"font-weight: 400;\"> que ofrecemos al alumnado en su primer a\u00f1o en la ULL. Trata sobre la Biblioteca, nuestros servicios, la b\u00fasqueda y el uso de informaci\u00f3n&#8230; Es muy f\u00e1cil de realizar y te aportar\u00e1 informaci\u00f3n muy \u00fatil para desenvolverte mejor en nuestro servicio y en los estudios universitarios en general.<\/span><\/li>\n<li><span style=\"font-weight: 400;\">Mantente informado de las novedades de la Biblioteca a trav\u00e9s de nuestra<\/span><a href=\"https:\/\/www.ull.es\/servicios\/biblioteca\/\" target=\"_blank\" rel=\"noopener\"> <span style=\"font-weight: 400;\">p\u00e1gina web (www.ull.es\/servicios\/biblioteca\/)<\/span><\/a><span style=\"font-weight: 400;\"> y de <\/span><a href=\"https:\/\/www.ull.es\/servicios\/biblioteca\/la-biblioteca-en-las-redes-sociales\/\" target=\"_blank\" rel=\"noopener\"><span style=\"font-weight: 400;\">las redes sociales<\/span><\/a><span style=\"font-weight: 400;\">:<\/span><a href=\"https:\/\/www.facebook.com\/BibliotecaULL\/\" target=\"_blank\" rel=\"noopener\"> <span style=\"font-weight: 400;\">Facebook<\/span><\/a><span style=\"font-weight: 400;\">,<\/span><a href=\"http:\/\/twitter.com\/BibliotecaULL\" target=\"_blank\" rel=\"noopener\"> <span style=\"font-weight: 400;\">Twitter<\/span><\/a><span style=\"font-weight: 400;\"> e<\/span><a href=\"https:\/\/www.instagram.com\/bibliotecaull\/\" target=\"_blank\" rel=\"noopener\"> <span style=\"font-weight: 400;\">Instagram<\/span><\/a><span style=\"font-weight: 400;\">. Adem\u00e1s de noticias sobre la biblioteca (horarios, cierres, cambios en los servicio, nuevos servicios ofertados, fondos&#8230;) te informaremos de otras noticias que pueden ser de tu inter\u00e9s (becas, cursos, actividades culturales&#8230;).<\/span><\/li>\n<li><span style=\"font-weight: 400;\">Queremos escuchar tu voz: nuestra prioridad es ofrecerte lo mejor de la Biblioteca y tus opiniones son muy valiosas para conseguirlo. Puedes comunicarte con nosotros:<\/span><\/li>\n<\/ol>\n<ul>\n<li style=\"list-style-type: none;\">\n<ul>\n<li><span style=\"font-weight: 400;\">personalmente en la biblioteca en la que te encuentres<\/span><\/li>\n<li><span style=\"font-weight: 400;\">a trav\u00e9s del correo-e (<\/span><span style=\"font-weight: 400;\">bull@ull.es<\/span><span style=\"font-weight: 400;\">) o por tel\u00e9fono ( 922 31 78 30)<\/span><\/li>\n<li><span style=\"font-weight: 400;\">en l\u00ednea a trav\u00e9s de nuestro <\/span><a href=\"https:\/\/soporte.stic.ull.es\/live\/islpronto\/start.html?lang=es&amp;mobile=0&amp;template=d%3as-1_0_8&amp;location=https%3A\/\/www.ull.es\/servicios\/biblioteca\/&amp;referrer=\" target=\"_blank\" rel=\"noopener\"><span style=\"font-weight: 400;\">servicio de chat<\/span><\/a><\/li>\n<li><span style=\"font-weight: 400;\">opina y comenta en los blogs y redes sociales<\/span><\/li>\n<li><a href=\"https:\/\/sede.ull.es\/\" target=\"_blank\" rel=\"noopener\"><span style=\"font-weight: 400;\">usa la sede electr\u00f3nica<\/span><\/a><span style=\"font-weight: 400;\"> para presentar reclamaciones, quejas, sugerencias y felicitaciones.<\/span><\/li>\n<\/ul>\n<\/li>\n<\/ul>\n<p><span style=\"font-weight: 400;\">\u00a1Bienvenido\/a a la ULL y a la Biblioteca! \u00a1Te esperamos!<\/span><\/p>\n","protected":false},"excerpt":{"rendered":"<p>El lunes 16 de septiembre comienza el curso 2019-20 y la Biblioteca de la Universidad de la Laguna invita al&#8230;<\/p>\n","protected":false},"author":65,"featured_media":46291,"comment_status":"closed","ping_status":"closed","sticky":false,"template":"","format":"standard","meta":{"inline_featured_image":false,"footnotes":""},"categories":[4534],"tags":[],"acf":[],"yoast_head":"<!-- This site is optimized with the Yoast SEO plugin v21.3 - https:\/\/yoast.com\/wordpress\/plugins\/seo\/ -->\n<title>La Biblioteca da la bienvenida al nuevo curso acad\u00e9mico 2019-2020 - ULL - Noticias<\/title>\n<meta name=\"robots\" content=\"index, follow, max-snippet:-1, max-image-preview:large, max-video-preview:-1\" \/>\n<link rel=\"canonical\" href=\"https:\/\/www.ull.es\/portal\/noticias\/2019\/la-biblioteca-te-da-la-bienvenida-al-nuevo-curso-academico-2019-2020\/\" \/>\n<meta property=\"og:locale\" content=\"es_ES\" \/>\n<meta property=\"og:type\" content=\"article\" \/>\n<meta property=\"og:title\" content=\"La Biblioteca da la bienvenida al nuevo curso acad\u00e9mico 2019-2020 - ULL - Noticias\" \/>\n<meta property=\"og:description\" content=\"El lunes 16 de septiembre comienza el curso 2019-20 y la Biblioteca de la Universidad de la Laguna invita al...\" \/>\n<meta property=\"og:url\" content=\"https:\/\/www.ull.es\/portal\/noticias\/2019\/la-biblioteca-te-da-la-bienvenida-al-nuevo-curso-academico-2019-2020\/\" \/>\n<meta property=\"og:site_name\" content=\"ULL - Noticias\" \/>\n<meta property=\"article:publisher\" content=\"https:\/\/www.facebook.com\/universidaddelalaguna\/\" \/>\n<meta property=\"article:published_time\" content=\"2019-09-16T08:03:28+00:00\" \/>\n<meta property=\"article:modified_time\" content=\"2019-09-16T08:09:46+00:00\" \/>\n<meta property=\"og:image\" content=\"https:\/\/www.ull.es\/portal\/noticias\/wp-content\/uploads\/sites\/13\/2019\/09\/Collages6.jpg\" \/>\n\t<meta property=\"og:image:width\" content=\"1200\" \/>\n\t<meta property=\"og:image:height\" content=\"800\" \/>\n\t<meta property=\"og:image:type\" content=\"image\/jpeg\" \/>\n<meta name=\"author\" content=\"gcom4\" \/>\n<meta name=\"twitter:card\" content=\"summary_large_image\" \/>\n<meta name=\"twitter:creator\" content=\"@CanalULL\" \/>\n<meta name=\"twitter:site\" content=\"@CanalULL\" \/>\n<meta name=\"twitter:label1\" content=\"Escrito por\" \/>\n\t<meta name=\"twitter:data1\" content=\"gcom4\" \/>\n\t<meta name=\"twitter:label2\" content=\"Tiempo de lectura\" \/>\n\t<meta name=\"twitter:data2\" content=\"3 minutos\" \/>\n<script type=\"application\/ld+json\" class=\"yoast-schema-graph\">{\"@context\":\"https:\/\/schema.org\",\"@graph\":[{\"@type\":\"WebPage\",\"@id\":\"https:\/\/www.ull.es\/portal\/noticias\/2019\/la-biblioteca-te-da-la-bienvenida-al-nuevo-curso-academico-2019-2020\/\",\"url\":\"https:\/\/www.ull.es\/portal\/noticias\/2019\/la-biblioteca-te-da-la-bienvenida-al-nuevo-curso-academico-2019-2020\/\",\"name\":\"La Biblioteca da la bienvenida al nuevo curso acad\u00e9mico 2019-2020 - ULL - Noticias\",\"isPartOf\":{\"@id\":\"https:\/\/www.ull.es\/portal\/noticias\/#website\"},\"datePublished\":\"2019-09-16T08:03:28+00:00\",\"dateModified\":\"2019-09-16T08:09:46+00:00\",\"author\":{\"@id\":\"https:\/\/www.ull.es\/portal\/noticias\/#\/schema\/person\/9924518fb1ad37d4428e7b5d6f311773\"},\"breadcrumb\":{\"@id\":\"https:\/\/www.ull.es\/portal\/noticias\/2019\/la-biblioteca-te-da-la-bienvenida-al-nuevo-curso-academico-2019-2020\/#breadcrumb\"},\"inLanguage\":\"es\",\"potentialAction\":[{\"@type\":\"ReadAction\",\"target\":[\"https:\/\/www.ull.es\/portal\/noticias\/2019\/la-biblioteca-te-da-la-bienvenida-al-nuevo-curso-academico-2019-2020\/\"]}]},{\"@type\":\"BreadcrumbList\",\"@id\":\"https:\/\/www.ull.es\/portal\/noticias\/2019\/la-biblioteca-te-da-la-bienvenida-al-nuevo-curso-academico-2019-2020\/#breadcrumb\",\"itemListElement\":[{\"@type\":\"ListItem\",\"position\":1,\"name\":\"Portada\",\"item\":\"https:\/\/www.ull.es\/portal\/noticias\/\"},{\"@type\":\"ListItem\",\"position\":2,\"name\":\"La Biblioteca da la bienvenida al nuevo curso acad\u00e9mico 2019-2020\"}]},{\"@type\":\"WebSite\",\"@id\":\"https:\/\/www.ull.es\/portal\/noticias\/#website\",\"url\":\"https:\/\/www.ull.es\/portal\/noticias\/\",\"name\":\"ULL - Noticias\",\"description\":\"\",\"potentialAction\":[{\"@type\":\"SearchAction\",\"target\":{\"@type\":\"EntryPoint\",\"urlTemplate\":\"https:\/\/www.ull.es\/portal\/noticias\/?s={search_term_string}\"},\"query-input\":\"required name=search_term_string\"}],\"inLanguage\":\"es\"},{\"@type\":\"Person\",\"@id\":\"https:\/\/www.ull.es\/portal\/noticias\/#\/schema\/person\/9924518fb1ad37d4428e7b5d6f311773\",\"name\":\"gcom4\",\"image\":{\"@type\":\"ImageObject\",\"inLanguage\":\"es\",\"@id\":\"https:\/\/www.ull.es\/portal\/noticias\/#\/schema\/person\/image\/\",\"url\":\"https:\/\/secure.gravatar.com\/avatar\/a5d1f5573f10617ccfcc209aaf6aa7fb?s=96&d=mm&r=g\",\"contentUrl\":\"https:\/\/secure.gravatar.com\/avatar\/a5d1f5573f10617ccfcc209aaf6aa7fb?s=96&d=mm&r=g\",\"caption\":\"gcom4\"},\"url\":\"https:\/\/www.ull.es\/portal\/noticias\/author\/gcom4\/\"}]}<\/script>\n<!-- \/ Yoast SEO plugin. -->","yoast_head_json":{"title":"La Biblioteca da la bienvenida al nuevo curso acad\u00e9mico 2019-2020 - ULL - Noticias","robots":{"index":"index","follow":"follow","max-snippet":"max-snippet:-1","max-image-preview":"max-image-preview:large","max-video-preview":"max-video-preview:-1"},"canonical":"https:\/\/www.ull.es\/portal\/noticias\/2019\/la-biblioteca-te-da-la-bienvenida-al-nuevo-curso-academico-2019-2020\/","og_locale":"es_ES","og_type":"article","og_title":"La Biblioteca da la bienvenida al nuevo curso acad\u00e9mico 2019-2020 - ULL - Noticias","og_description":"El lunes 16 de septiembre comienza el curso 2019-20 y la Biblioteca de la Universidad de la Laguna invita al...","og_url":"https:\/\/www.ull.es\/portal\/noticias\/2019\/la-biblioteca-te-da-la-bienvenida-al-nuevo-curso-academico-2019-2020\/","og_site_name":"ULL - Noticias","article_publisher":"https:\/\/www.facebook.com\/universidaddelalaguna\/","article_published_time":"2019-09-16T08:03:28+00:00","article_modified_time":"2019-09-16T08:09:46+00:00","og_image":[{"width":1200,"height":800,"url":"https:\/\/www.ull.es\/portal\/noticias\/wp-content\/uploads\/sites\/13\/2019\/09\/Collages6.jpg","type":"image\/jpeg"}],"author":"gcom4","twitter_card":"summary_large_image","twitter_creator":"@CanalULL","twitter_site":"@CanalULL","twitter_misc":{"Escrito por":"gcom4","Tiempo de lectura":"3 minutos"},"schema":{"@context":"https:\/\/schema.org","@graph":[{"@type":"WebPage","@id":"https:\/\/www.ull.es\/portal\/noticias\/2019\/la-biblioteca-te-da-la-bienvenida-al-nuevo-curso-academico-2019-2020\/","url":"https:\/\/www.ull.es\/portal\/noticias\/2019\/la-biblioteca-te-da-la-bienvenida-al-nuevo-curso-academico-2019-2020\/","name":"La Biblioteca da la bienvenida al nuevo curso acad\u00e9mico 2019-2020 - ULL - Noticias","isPartOf":{"@id":"https:\/\/www.ull.es\/portal\/noticias\/#website"},"datePublished":"2019-09-16T08:03:28+00:00","dateModified":"2019-09-16T08:09:46+00:00","author":{"@id":"https:\/\/www.ull.es\/portal\/noticias\/#\/schema\/person\/9924518fb1ad37d4428e7b5d6f311773"},"breadcrumb":{"@id":"https:\/\/www.ull.es\/portal\/noticias\/2019\/la-biblioteca-te-da-la-bienvenida-al-nuevo-curso-academico-2019-2020\/#breadcrumb"},"inLanguage":"es","potentialAction":[{"@type":"ReadAction","target":["https:\/\/www.ull.es\/portal\/noticias\/2019\/la-biblioteca-te-da-la-bienvenida-al-nuevo-curso-academico-2019-2020\/"]}]},{"@type":"BreadcrumbList","@id":"https:\/\/www.ull.es\/portal\/noticias\/2019\/la-biblioteca-te-da-la-bienvenida-al-nuevo-curso-academico-2019-2020\/#breadcrumb","itemListElement":[{"@type":"ListItem","position":1,"name":"Portada","item":"https:\/\/www.ull.es\/portal\/noticias\/"},{"@type":"ListItem","position":2,"name":"La Biblioteca da la bienvenida al nuevo curso acad\u00e9mico 2019-2020"}]},{"@type":"WebSite","@id":"https:\/\/www.ull.es\/portal\/noticias\/#website","url":"https:\/\/www.ull.es\/portal\/noticias\/","name":"ULL - Noticias","description":"","potentialAction":[{"@type":"SearchAction","target":{"@type":"EntryPoint","urlTemplate":"https:\/\/www.ull.es\/portal\/noticias\/?s={search_term_string}"},"query-input":"required name=search_term_string"}],"inLanguage":"es"},{"@type":"Person","@id":"https:\/\/www.ull.es\/portal\/noticias\/#\/schema\/person\/9924518fb1ad37d4428e7b5d6f311773","name":"gcom4","image":{"@type":"ImageObject","inLanguage":"es","@id":"https:\/\/www.ull.es\/portal\/noticias\/#\/schema\/person\/image\/","url":"https:\/\/secure.gravatar.com\/avatar\/a5d1f5573f10617ccfcc209aaf6aa7fb?s=96&d=mm&r=g","contentUrl":"https:\/\/secure.gravatar.com\/avatar\/a5d1f5573f10617ccfcc209aaf6aa7fb?s=96&d=mm&r=g","caption":"gcom4"},"url":"https:\/\/www.ull.es\/portal\/noticias\/author\/gcom4\/"}]}},"primary_category":{"id":4534,"name":"Biblioteca Universitaria","slug":"biblioteca-universitaria","link":"https:\/\/www.ull.es\/portal\/noticias\/category\/servicios\/biblioteca-universitaria\/"},"featured_image_thumbnail_url":"https:\/\/www.ull.es\/portal\/noticias\/wp-content\/uploads\/sites\/13\/2019\/09\/Collages6-300x200.jpg","_links":{"self":[{"href":"https:\/\/www.ull.es\/portal\/noticias\/wp-json\/wp\/v2\/posts\/46290"}],"collection":[{"href":"https:\/\/www.ull.es\/portal\/noticias\/wp-json\/wp\/v2\/posts"}],"about":[{"href":"https:\/\/www.ull.es\/portal\/noticias\/wp-json\/wp\/v2\/types\/post"}],"author":[{"embeddable":true,"href":"https:\/\/www.ull.es\/portal\/noticias\/wp-json\/wp\/v2\/users\/65"}],"replies":[{"embeddable":true,"href":"https:\/\/www.ull.es\/portal\/noticias\/wp-json\/wp\/v2\/comments?post=46290"}],"version-history":[{"count":4,"href":"https:\/\/www.ull.es\/portal\/noticias\/wp-json\/wp\/v2\/posts\/46290\/revisions"}],"predecessor-version":[{"id":46297,"href":"https:\/\/www.ull.es\/portal\/noticias\/wp-json\/wp\/v2\/posts\/46290\/revisions\/46297"}],"wp:featuredmedia":[{"embeddable":true,"href":"https:\/\/www.ull.es\/portal\/noticias\/wp-json\/wp\/v2\/media\/46291"}],"wp:attachment":[{"href":"https:\/\/www.ull.es\/portal\/noticias\/wp-json\/wp\/v2\/media?parent=46290"}],"wp:term":[{"taxonomy":"category","embeddable":true,"href":"https:\/\/www.ull.es\/portal\/noticias\/wp-json\/wp\/v2\/categories?post=46290"},{"taxonomy":"post_tag","embeddable":true,"href":"https:\/\/www.ull.es\/portal\/noticias\/wp-json\/wp\/v2\/tags?post=46290"}],"curies":[{"name":"wp","href":"https:\/\/api.w.org\/{rel}","templated":true}]}}