{"id":46398,"date":"2019-09-18T14:00:23","date_gmt":"2019-09-18T14:00:23","guid":{"rendered":"https:\/\/www.ull.es\/portal\/noticias\/?p=46398"},"modified":"2022-11-30T11:32:51","modified_gmt":"2022-11-30T11:32:51","slug":"ii-premios-consejo-social-presentacion","status":"publish","type":"post","link":"https:\/\/www.ull.es\/portal\/noticias\/2019\/ii-premios-consejo-social-presentacion\/","title":{"rendered":"Los II Premios del Consejo Social incluyen nuevos reconocimientos al talento y a la innovaci\u00f3n educativa"},"content":{"rendered":"<p>La segunda edici\u00f3n de los Premios del Consejo Social de la Universidad de La Laguna contar\u00e1 con dos nuevas categor\u00edas: \u2018Apoyo del talento\u2019 e \u2018Innovaci\u00f3n educativa\u2019. As\u00ed lo comunic\u00f3 hoy, mi\u00e9rcoles 18 de septiembre, el presidente del Consejo Social de la ULL, Raimundo Baroja, durante el acto de presentaci\u00f3n en el que record\u00f3 que, a trav\u00e9s de estos galardones se busca \u201creforzar el protagonismo que tradicionalmente ha tenido la universidad en el devenir socioecon\u00f3mico de Canarias, reforzando su v\u00ednculo con la sociedad\u201d.<\/p>\n<p>En el acto participaron tambi\u00e9n la pintora lagunera Arminda del Castillo Mesa, responsable del dise\u00f1o de los galardones de este a\u00f1o; el vicepresidente del Consejo Social, Andr\u00e9s Orozco; y el presidente de la Comisi\u00f3n de Premios del Consejo Social, Luis Balbuena. En total se otorgar\u00e1n cuatro galardones, incluidos los de \u2018Joven Investigador\u2019 y \u2018Transferencia de Conocimiento\u2019, que ya figuraron en la edici\u00f3n anterior.<\/p>\n<p>Baroja destac\u00f3, adem\u00e1s la implicaci\u00f3n de Arminda del Castillo Mesa, art\u00edfice de las cuatro obras pict\u00f3ricas con las que se premia a los finalistas. \u201cSu participaci\u00f3n es todo un honor y tambi\u00e9n una oportunidad de reconocer y de mostrar, un a\u00f1o m\u00e1s, la calidad y el importante talento art\u00edstico que existe en las islas\u201d.<\/p>\n<p>Record\u00f3 que las personas interesadas tienen hasta el 15 de octubre para presentar su candidatura a trav\u00e9s de la <a href=\"http:\/\/www.csocial.ull.es\" target=\"_blank\" rel=\"noopener\">p\u00e1gina web del Consejo Social<\/a>, rellenando y entregando un formulario incluido en las bases del concurso.<\/p>\n<p>Por su parte, el presidente de la Comisi\u00f3n de los Premios destac\u00f3 que este a\u00f1o se ha querido resaltar especialmente la categor\u00eda de Innovaci\u00f3n Educativa, \u201cen un esfuerzo por fomentar la innovaci\u00f3n y el uso de buenas pr\u00e1cticas para mejorar la calidad de la ense\u00f1anza y del aprendizaje en las aulas\u201d.<\/p>\n<p>La entrega de los Premios se celebrar\u00e1 el 22 de noviembre en el Campus de Guajara de la ULL a las 18:00 horas.<\/p>\n<p><strong>Premio a la Transferencia del Conocimiento<\/strong><\/p>\n<p>La transferencia de conocimiento es una forma de dar prestigio a una universidad. La ULL desarrolla o participa en proyectos en los que se crean o se profundiza en conocimientos, en t\u00e9cnicas o en procesos que luego tienen repercusi\u00f3n en la sociedad haci\u00e9ndola avanzar en parcelas de muy diversa \u00edndole: econ\u00f3mica, social, tecnol\u00f3gica, acad\u00e9mica, etc. Es necesario, por tanto, favorecer y potenciar actuaciones que promuevan la difusi\u00f3n de ideas y la interacci\u00f3n y que contribuyan a compartir lo nuevo tanto en ciencia b\u00e1sica como en todo lo que pueda tener aplicaci\u00f3n inmediata.<\/p>\n<p><strong>Premio a los J\u00f3venes Investigadores <\/strong><\/p>\n<p>El objetivo es fomentar la investigaci\u00f3n especialmente en aquellas personas que se inician en el campo investigador para desarrollar una actividad que requiere una total dedicaci\u00f3n y amplios periodos de formaci\u00f3n. Los j\u00f3venes investigadores formados en la ULL o vinculados a ella a trav\u00e9s de proyectos de sus distintos Departamentos, deben saber que la sociedad aprecia su esfuerzo y por eso el Consejo Social trata de visualizar su labor a trav\u00e9s de estos premios. Las personas propuestas para esta modalidad tendr\u00e1n una edad m\u00e1xima de 35 a\u00f1os al 31 de diciembre de 2019.<\/p>\n<p><strong>Premio a la Innovaci\u00f3n Educativa<\/strong><\/p>\n<p>La ense\u00f1anza juega un papel vital no solo en la formaci\u00f3n de los estudiantes durante su etapa universitaria, sino que lo hace antes y despu\u00e9s de \u00e9sta. Unos<\/p>\n<p>alumnos bien instruidos, ser\u00e1n personas preparadas para afrontar su futuro y con recursos para superar las adversidades que puedan presentarse. Desde el Consejo Social se pretende dar valor a la ense\u00f1anza de calidad y se crea este premio con el objetivo de premiar las buenas pr\u00e1cticas acad\u00e9micas, as\u00ed como el fomento de acciones innovadoras que permitan ofrecer una ense\u00f1anza de calidad y que mejoren el aprendizaje en las aulas.<\/p>\n<p><strong>Premio al Apoyo del Talento<\/strong><\/p>\n<p>Son muchas las expresiones con las que la sociedad apoya el desarrollo del talento de los estudiantes de la ULL. El objeto de esta modalidad es reconocer a entidades que se significan, con independencia de su dimensi\u00f3n, por su decidida apuesta por potenciar y visibilizar ese talento generado en la ULL.<\/p>\n<p>El Consejo Social de la ULL es el \u00f3rgano colegiado de participaci\u00f3n de la sociedad en el gobierno y administraci\u00f3n de dicha Universidad. Se constituye como cauce permanente de di\u00e1logo y comunicaci\u00f3n entre la Universidad y la sociedad con el objetivo de buscar la mayor calidad de la ense\u00f1anza y la investigaci\u00f3n universitarias, as\u00ed como intensificar las relaciones con los \u00e1mbitos culturales, profesionales, econ\u00f3micos y sociales<\/p>\n","protected":false},"excerpt":{"rendered":"<p>La segunda edici\u00f3n de los Premios del Consejo Social de la Universidad de La Laguna contar\u00e1 con dos nuevas categor\u00edas:&#8230;<\/p>\n","protected":false},"author":21,"featured_media":46399,"comment_status":"closed","ping_status":"closed","sticky":false,"template":"","format":"standard","meta":{"inline_featured_image":false,"footnotes":""},"categories":[9420,345,348,2765],"tags":[905,2150,5931],"acf":[],"yoast_head":"<!-- This site is optimized with the Yoast SEO plugin v21.3 - https:\/\/yoast.com\/wordpress\/plugins\/seo\/ -->\n<title>El Consejo Social tambi\u00e9n premiar\u00e1 el talento y la innovaci\u00f3n educativa<\/title>\n<meta name=\"description\" content=\"La segunda edici\u00f3n de los Premios del Consejo Social de la ULL contar\u00e1 con dos nuevas categor\u00edas: \u2018Apoyo del talento\u2019 e \u2018Innovaci\u00f3n educativa\u2019.\" \/>\n<meta name=\"robots\" content=\"index, follow, max-snippet:-1, max-image-preview:large, max-video-preview:-1\" \/>\n<link rel=\"canonical\" href=\"https:\/\/www.ull.es\/portal\/noticias\/2019\/ii-premios-consejo-social-presentacion\/\" \/>\n<meta property=\"og:locale\" content=\"es_ES\" \/>\n<meta property=\"og:type\" content=\"article\" \/>\n<meta property=\"og:title\" content=\"El Consejo Social tambi\u00e9n premiar\u00e1 el talento y la innovaci\u00f3n educativa\" \/>\n<meta property=\"og:description\" content=\"La segunda edici\u00f3n de los Premios del Consejo Social de la ULL contar\u00e1 con dos nuevas categor\u00edas: \u2018Apoyo del talento\u2019 e \u2018Innovaci\u00f3n educativa\u2019.\" \/>\n<meta property=\"og:url\" content=\"https:\/\/www.ull.es\/portal\/noticias\/2019\/ii-premios-consejo-social-presentacion\/\" \/>\n<meta property=\"og:site_name\" content=\"ULL - Noticias\" \/>\n<meta property=\"article:publisher\" content=\"https:\/\/www.facebook.com\/universidaddelalaguna\/\" \/>\n<meta property=\"article:published_time\" content=\"2019-09-18T14:00:23+00:00\" \/>\n<meta property=\"article:modified_time\" content=\"2022-11-30T11:32:51+00:00\" \/>\n<meta property=\"og:image\" content=\"https:\/\/www.ull.es\/portal\/noticias\/wp-content\/uploads\/sites\/13\/2019\/09\/premios-consejo-social.jpg\" \/>\n\t<meta property=\"og:image:width\" content=\"1200\" \/>\n\t<meta property=\"og:image:height\" content=\"800\" \/>\n\t<meta property=\"og:image:type\" content=\"image\/jpeg\" \/>\n<meta name=\"author\" content=\"prensa2\" \/>\n<meta name=\"twitter:card\" content=\"summary_large_image\" \/>\n<meta name=\"twitter:creator\" content=\"@CanalULL\" \/>\n<meta name=\"twitter:site\" content=\"@CanalULL\" \/>\n<meta name=\"twitter:label1\" content=\"Escrito por\" \/>\n\t<meta name=\"twitter:data1\" content=\"prensa2\" \/>\n\t<meta name=\"twitter:label2\" content=\"Tiempo de lectura\" \/>\n\t<meta name=\"twitter:data2\" content=\"4 minutos\" \/>\n<script type=\"application\/ld+json\" class=\"yoast-schema-graph\">{\"@context\":\"https:\/\/schema.org\",\"@graph\":[{\"@type\":\"WebPage\",\"@id\":\"https:\/\/www.ull.es\/portal\/noticias\/2019\/ii-premios-consejo-social-presentacion\/\",\"url\":\"https:\/\/www.ull.es\/portal\/noticias\/2019\/ii-premios-consejo-social-presentacion\/\",\"name\":\"El Consejo Social tambi\u00e9n premiar\u00e1 el talento y la innovaci\u00f3n educativa\",\"isPartOf\":{\"@id\":\"https:\/\/www.ull.es\/portal\/noticias\/#website\"},\"datePublished\":\"2019-09-18T14:00:23+00:00\",\"dateModified\":\"2022-11-30T11:32:51+00:00\",\"author\":{\"@id\":\"https:\/\/www.ull.es\/portal\/noticias\/#\/schema\/person\/c3b2aa857797592927a03740d6664376\"},\"description\":\"La segunda edici\u00f3n de los Premios del Consejo Social de la ULL contar\u00e1 con dos nuevas categor\u00edas: \u2018Apoyo del talento\u2019 e \u2018Innovaci\u00f3n educativa\u2019.\",\"breadcrumb\":{\"@id\":\"https:\/\/www.ull.es\/portal\/noticias\/2019\/ii-premios-consejo-social-presentacion\/#breadcrumb\"},\"inLanguage\":\"es\",\"potentialAction\":[{\"@type\":\"ReadAction\",\"target\":[\"https:\/\/www.ull.es\/portal\/noticias\/2019\/ii-premios-consejo-social-presentacion\/\"]}]},{\"@type\":\"BreadcrumbList\",\"@id\":\"https:\/\/www.ull.es\/portal\/noticias\/2019\/ii-premios-consejo-social-presentacion\/#breadcrumb\",\"itemListElement\":[{\"@type\":\"ListItem\",\"position\":1,\"name\":\"Portada\",\"item\":\"https:\/\/www.ull.es\/portal\/noticias\/\"},{\"@type\":\"ListItem\",\"position\":2,\"name\":\"Los II Premios del Consejo Social incluyen nuevos reconocimientos al talento y a la innovaci\u00f3n educativa\"}]},{\"@type\":\"WebSite\",\"@id\":\"https:\/\/www.ull.es\/portal\/noticias\/#website\",\"url\":\"https:\/\/www.ull.es\/portal\/noticias\/\",\"name\":\"ULL - Noticias\",\"description\":\"\",\"potentialAction\":[{\"@type\":\"SearchAction\",\"target\":{\"@type\":\"EntryPoint\",\"urlTemplate\":\"https:\/\/www.ull.es\/portal\/noticias\/?s={search_term_string}\"},\"query-input\":\"required name=search_term_string\"}],\"inLanguage\":\"es\"},{\"@type\":\"Person\",\"@id\":\"https:\/\/www.ull.es\/portal\/noticias\/#\/schema\/person\/c3b2aa857797592927a03740d6664376\",\"name\":\"prensa2\",\"image\":{\"@type\":\"ImageObject\",\"inLanguage\":\"es\",\"@id\":\"https:\/\/www.ull.es\/portal\/noticias\/#\/schema\/person\/image\/\",\"url\":\"https:\/\/secure.gravatar.com\/avatar\/b58f310a5de5feb33d1e026d2493f23c?s=96&d=mm&r=g\",\"contentUrl\":\"https:\/\/secure.gravatar.com\/avatar\/b58f310a5de5feb33d1e026d2493f23c?s=96&d=mm&r=g\",\"caption\":\"prensa2\"},\"url\":\"https:\/\/www.ull.es\/portal\/noticias\/author\/prensa2\/\"}]}<\/script>\n<!-- \/ Yoast SEO plugin. -->","yoast_head_json":{"title":"El Consejo Social tambi\u00e9n premiar\u00e1 el talento y la innovaci\u00f3n educativa","description":"La segunda edici\u00f3n de los Premios del Consejo Social de la ULL contar\u00e1 con dos nuevas categor\u00edas: \u2018Apoyo del talento\u2019 e \u2018Innovaci\u00f3n educativa\u2019.","robots":{"index":"index","follow":"follow","max-snippet":"max-snippet:-1","max-image-preview":"max-image-preview:large","max-video-preview":"max-video-preview:-1"},"canonical":"https:\/\/www.ull.es\/portal\/noticias\/2019\/ii-premios-consejo-social-presentacion\/","og_locale":"es_ES","og_type":"article","og_title":"El Consejo Social tambi\u00e9n premiar\u00e1 el talento y la innovaci\u00f3n educativa","og_description":"La segunda edici\u00f3n de los Premios del Consejo Social de la ULL contar\u00e1 con dos nuevas categor\u00edas: \u2018Apoyo del talento\u2019 e \u2018Innovaci\u00f3n educativa\u2019.","og_url":"https:\/\/www.ull.es\/portal\/noticias\/2019\/ii-premios-consejo-social-presentacion\/","og_site_name":"ULL - Noticias","article_publisher":"https:\/\/www.facebook.com\/universidaddelalaguna\/","article_published_time":"2019-09-18T14:00:23+00:00","article_modified_time":"2022-11-30T11:32:51+00:00","og_image":[{"width":1200,"height":800,"url":"https:\/\/www.ull.es\/portal\/noticias\/wp-content\/uploads\/sites\/13\/2019\/09\/premios-consejo-social.jpg","type":"image\/jpeg"}],"author":"prensa2","twitter_card":"summary_large_image","twitter_creator":"@CanalULL","twitter_site":"@CanalULL","twitter_misc":{"Escrito por":"prensa2","Tiempo de lectura":"4 minutos"},"schema":{"@context":"https:\/\/schema.org","@graph":[{"@type":"WebPage","@id":"https:\/\/www.ull.es\/portal\/noticias\/2019\/ii-premios-consejo-social-presentacion\/","url":"https:\/\/www.ull.es\/portal\/noticias\/2019\/ii-premios-consejo-social-presentacion\/","name":"El Consejo Social tambi\u00e9n premiar\u00e1 el talento y la innovaci\u00f3n educativa","isPartOf":{"@id":"https:\/\/www.ull.es\/portal\/noticias\/#website"},"datePublished":"2019-09-18T14:00:23+00:00","dateModified":"2022-11-30T11:32:51+00:00","author":{"@id":"https:\/\/www.ull.es\/portal\/noticias\/#\/schema\/person\/c3b2aa857797592927a03740d6664376"},"description":"La segunda edici\u00f3n de los Premios del Consejo Social de la ULL contar\u00e1 con dos nuevas categor\u00edas: \u2018Apoyo del talento\u2019 e \u2018Innovaci\u00f3n educativa\u2019.","breadcrumb":{"@id":"https:\/\/www.ull.es\/portal\/noticias\/2019\/ii-premios-consejo-social-presentacion\/#breadcrumb"},"inLanguage":"es","potentialAction":[{"@type":"ReadAction","target":["https:\/\/www.ull.es\/portal\/noticias\/2019\/ii-premios-consejo-social-presentacion\/"]}]},{"@type":"BreadcrumbList","@id":"https:\/\/www.ull.es\/portal\/noticias\/2019\/ii-premios-consejo-social-presentacion\/#breadcrumb","itemListElement":[{"@type":"ListItem","position":1,"name":"Portada","item":"https:\/\/www.ull.es\/portal\/noticias\/"},{"@type":"ListItem","position":2,"name":"Los II Premios del Consejo Social incluyen nuevos reconocimientos al talento y a la innovaci\u00f3n educativa"}]},{"@type":"WebSite","@id":"https:\/\/www.ull.es\/portal\/noticias\/#website","url":"https:\/\/www.ull.es\/portal\/noticias\/","name":"ULL - Noticias","description":"","potentialAction":[{"@type":"SearchAction","target":{"@type":"EntryPoint","urlTemplate":"https:\/\/www.ull.es\/portal\/noticias\/?s={search_term_string}"},"query-input":"required name=search_term_string"}],"inLanguage":"es"},{"@type":"Person","@id":"https:\/\/www.ull.es\/portal\/noticias\/#\/schema\/person\/c3b2aa857797592927a03740d6664376","name":"prensa2","image":{"@type":"ImageObject","inLanguage":"es","@id":"https:\/\/www.ull.es\/portal\/noticias\/#\/schema\/person\/image\/","url":"https:\/\/secure.gravatar.com\/avatar\/b58f310a5de5feb33d1e026d2493f23c?s=96&d=mm&r=g","contentUrl":"https:\/\/secure.gravatar.com\/avatar\/b58f310a5de5feb33d1e026d2493f23c?s=96&d=mm&r=g","caption":"prensa2"},"url":"https:\/\/www.ull.es\/portal\/noticias\/author\/prensa2\/"}]}},"primary_category":{"id":345,"name":"Destacado","slug":"destacado","link":"https:\/\/www.ull.es\/portal\/noticias\/category\/destacado\/"},"featured_image_thumbnail_url":"https:\/\/www.ull.es\/portal\/noticias\/wp-content\/uploads\/sites\/13\/2019\/09\/premios-consejo-social-300x200.jpg","_links":{"self":[{"href":"https:\/\/www.ull.es\/portal\/noticias\/wp-json\/wp\/v2\/posts\/46398"}],"collection":[{"href":"https:\/\/www.ull.es\/portal\/noticias\/wp-json\/wp\/v2\/posts"}],"about":[{"href":"https:\/\/www.ull.es\/portal\/noticias\/wp-json\/wp\/v2\/types\/post"}],"author":[{"embeddable":true,"href":"https:\/\/www.ull.es\/portal\/noticias\/wp-json\/wp\/v2\/users\/21"}],"replies":[{"embeddable":true,"href":"https:\/\/www.ull.es\/portal\/noticias\/wp-json\/wp\/v2\/comments?post=46398"}],"version-history":[{"count":3,"href":"https:\/\/www.ull.es\/portal\/noticias\/wp-json\/wp\/v2\/posts\/46398\/revisions"}],"predecessor-version":[{"id":46438,"href":"https:\/\/www.ull.es\/portal\/noticias\/wp-json\/wp\/v2\/posts\/46398\/revisions\/46438"}],"wp:featuredmedia":[{"embeddable":true,"href":"https:\/\/www.ull.es\/portal\/noticias\/wp-json\/wp\/v2\/media\/46399"}],"wp:attachment":[{"href":"https:\/\/www.ull.es\/portal\/noticias\/wp-json\/wp\/v2\/media?parent=46398"}],"wp:term":[{"taxonomy":"category","embeddable":true,"href":"https:\/\/www.ull.es\/portal\/noticias\/wp-json\/wp\/v2\/categories?post=46398"},{"taxonomy":"post_tag","embeddable":true,"href":"https:\/\/www.ull.es\/portal\/noticias\/wp-json\/wp\/v2\/tags?post=46398"}],"curies":[{"name":"wp","href":"https:\/\/api.w.org\/{rel}","templated":true}]}}