{"id":46460,"date":"2019-09-20T09:36:11","date_gmt":"2019-09-20T09:36:11","guid":{"rendered":"https:\/\/www.ull.es\/portal\/noticias\/?p=46460"},"modified":"2019-09-20T12:55:53","modified_gmt":"2019-09-20T12:55:53","slug":"alumni-ull-convoca-sus-ayudas-de-micro-mecenazgo","status":"publish","type":"post","link":"https:\/\/www.ull.es\/portal\/noticias\/2019\/alumni-ull-convoca-sus-ayudas-de-micro-mecenazgo\/","title":{"rendered":"Alumni ULL convoca sus ayudas de micro mecenazgo"},"content":{"rendered":"<p>La Asociaci\u00f3n de Antiguos Alumnos y Amigos de la Universidad de La Laguna (Alumni ULL) pone a disposici\u00f3n de los centros, grupos de investigaci\u00f3n y colectivos vinculados a la Universidad de La Laguna una nueva edici\u00f3n del Programa de Mecenazgo, dotado con 6.500 euros y destinado a sufragar gastos de inversi\u00f3n para el funcionamiento o proyectos de actividades que se realicen entre el 15 de octubre del presente a\u00f1o y el 31 de agosto de 2020.<\/p>\n<p>Seg\u00fan el procedimiento establecido en la <a href=\"https:\/\/alumniull.es\/images\/CONVOCATORIA_PROGRAMA_MECENAZGO_ALUMNIULL_2019-20.pdf\" target=\"_blank\" rel=\"noopener\">VII Convocatoria del Programa de Mecenazgo Alumni ULL<\/a>, la dotaci\u00f3n de estas ayudas ser\u00e1 de hasta 400 euros. En casos excepcionales podr\u00e1n concederse ayudas de cuant\u00eda superior, que en todo caso ser\u00e1n abonadas con cargo a los presupuestos de Alumni UL, y a la colaboraci\u00f3n de la Caixa.<\/p>\n<p>Las bases indican que quedan excluidos de la convocatoria el Servicio de Biblioteca y el Servicio de Deportes de la Universidad de La Laguna, por contar con l\u00edneas espec\u00edficas de mecenazgo de esta asociaci\u00f3n. Por otro lado, los responsables de centros, grupos o colectivos de la Universidad de La Laguna solo pueden solicitar, o participar, en una ayuda. No obstante, si han recibido ayudas en las dos convocatorias anteriores solo pueden ser tenidos en cuenta en el caso de que haya suficiencia financiera en la convocatoria.<\/p>\n<p>Para poder beneficiarse de este programa es necesario la cumplimentaci\u00f3n de los documentos exigidos en las bases de la convocatoria. El plazo de presentaci\u00f3n de las solicitudes estar\u00e1 abierto hasta el 11 de octubre a las 13:00 horas. Las solicitudes se podr\u00e1n entregar de forma f\u00edsica en la sede de Alumni ULL (C\/ Viana 50, en La Laguna) o bien por correo electr\u00f3nico en alumni@ull.es.<\/p>\n<p>Alumni ULL, recientemente reconocida como Asociaci\u00f3n de Inter\u00e9s P\u00fablico de Canarias, trata de prestar con el Programa de Mecenazgo el necesario apoyo a las iniciativas que desde diferentes \u00e1reas de la Universidad de La Laguna se ponen en marcha y que precisan para su desarrollo de mayor dotaci\u00f3n de recursos financieros<\/p>\n","protected":false},"excerpt":{"rendered":"<p>La Asociaci\u00f3n de Antiguos Alumnos y Amigos de la Universidad de La Laguna (Alumni ULL) pone a disposici\u00f3n de los&#8230;<\/p>\n","protected":false},"author":23,"featured_media":46465,"comment_status":"closed","ping_status":"closed","sticky":false,"template":"","format":"standard","meta":{"inline_featured_image":false,"footnotes":""},"categories":[345,348,2765],"tags":[465,1870],"acf":[],"yoast_head":"<!-- This site is optimized with the Yoast SEO plugin v21.3 - https:\/\/yoast.com\/wordpress\/plugins\/seo\/ -->\n<title>Alumni ULL convoca sus ayudas de micro mecenazgo - ULL - Noticias<\/title>\n<meta name=\"robots\" content=\"index, follow, max-snippet:-1, max-image-preview:large, max-video-preview:-1\" \/>\n<link rel=\"canonical\" href=\"https:\/\/www.ull.es\/portal\/noticias\/2019\/alumni-ull-convoca-sus-ayudas-de-micro-mecenazgo\/\" \/>\n<meta property=\"og:locale\" content=\"es_ES\" \/>\n<meta property=\"og:type\" content=\"article\" \/>\n<meta property=\"og:title\" content=\"Alumni ULL convoca sus ayudas de micro mecenazgo - ULL - Noticias\" \/>\n<meta property=\"og:description\" content=\"La Asociaci\u00f3n de Antiguos Alumnos y Amigos de la Universidad de La Laguna (Alumni ULL) pone a disposici\u00f3n de los...\" \/>\n<meta property=\"og:url\" content=\"https:\/\/www.ull.es\/portal\/noticias\/2019\/alumni-ull-convoca-sus-ayudas-de-micro-mecenazgo\/\" \/>\n<meta property=\"og:site_name\" content=\"ULL - Noticias\" \/>\n<meta property=\"article:publisher\" content=\"https:\/\/www.facebook.com\/universidaddelalaguna\/\" \/>\n<meta property=\"article:published_time\" content=\"2019-09-20T09:36:11+00:00\" \/>\n<meta property=\"article:modified_time\" content=\"2019-09-20T12:55:53+00:00\" \/>\n<meta property=\"og:image\" content=\"https:\/\/www.ull.es\/portal\/noticias\/wp-content\/uploads\/sites\/13\/2019\/09\/alumni.jpg\" \/>\n\t<meta property=\"og:image:width\" content=\"1200\" \/>\n\t<meta property=\"og:image:height\" content=\"800\" \/>\n\t<meta property=\"og:image:type\" content=\"image\/jpeg\" \/>\n<meta name=\"author\" content=\"gaprsa\" \/>\n<meta name=\"twitter:card\" content=\"summary_large_image\" \/>\n<meta name=\"twitter:creator\" content=\"@CanalULL\" \/>\n<meta name=\"twitter:site\" content=\"@CanalULL\" \/>\n<meta name=\"twitter:label1\" content=\"Escrito por\" \/>\n\t<meta name=\"twitter:data1\" content=\"gaprsa\" \/>\n\t<meta name=\"twitter:label2\" content=\"Tiempo de lectura\" \/>\n\t<meta name=\"twitter:data2\" content=\"2 minutos\" \/>\n<script type=\"application\/ld+json\" class=\"yoast-schema-graph\">{\"@context\":\"https:\/\/schema.org\",\"@graph\":[{\"@type\":\"WebPage\",\"@id\":\"https:\/\/www.ull.es\/portal\/noticias\/2019\/alumni-ull-convoca-sus-ayudas-de-micro-mecenazgo\/\",\"url\":\"https:\/\/www.ull.es\/portal\/noticias\/2019\/alumni-ull-convoca-sus-ayudas-de-micro-mecenazgo\/\",\"name\":\"Alumni ULL convoca sus ayudas de micro mecenazgo - ULL - Noticias\",\"isPartOf\":{\"@id\":\"https:\/\/www.ull.es\/portal\/noticias\/#website\"},\"datePublished\":\"2019-09-20T09:36:11+00:00\",\"dateModified\":\"2019-09-20T12:55:53+00:00\",\"author\":{\"@id\":\"https:\/\/www.ull.es\/portal\/noticias\/#\/schema\/person\/b2b1a89d43ffa609e591f7df8ef3e817\"},\"breadcrumb\":{\"@id\":\"https:\/\/www.ull.es\/portal\/noticias\/2019\/alumni-ull-convoca-sus-ayudas-de-micro-mecenazgo\/#breadcrumb\"},\"inLanguage\":\"es\",\"potentialAction\":[{\"@type\":\"ReadAction\",\"target\":[\"https:\/\/www.ull.es\/portal\/noticias\/2019\/alumni-ull-convoca-sus-ayudas-de-micro-mecenazgo\/\"]}]},{\"@type\":\"BreadcrumbList\",\"@id\":\"https:\/\/www.ull.es\/portal\/noticias\/2019\/alumni-ull-convoca-sus-ayudas-de-micro-mecenazgo\/#breadcrumb\",\"itemListElement\":[{\"@type\":\"ListItem\",\"position\":1,\"name\":\"Portada\",\"item\":\"https:\/\/www.ull.es\/portal\/noticias\/\"},{\"@type\":\"ListItem\",\"position\":2,\"name\":\"Alumni ULL convoca sus ayudas de micro mecenazgo\"}]},{\"@type\":\"WebSite\",\"@id\":\"https:\/\/www.ull.es\/portal\/noticias\/#website\",\"url\":\"https:\/\/www.ull.es\/portal\/noticias\/\",\"name\":\"ULL - Noticias\",\"description\":\"\",\"potentialAction\":[{\"@type\":\"SearchAction\",\"target\":{\"@type\":\"EntryPoint\",\"urlTemplate\":\"https:\/\/www.ull.es\/portal\/noticias\/?s={search_term_string}\"},\"query-input\":\"required name=search_term_string\"}],\"inLanguage\":\"es\"},{\"@type\":\"Person\",\"@id\":\"https:\/\/www.ull.es\/portal\/noticias\/#\/schema\/person\/b2b1a89d43ffa609e591f7df8ef3e817\",\"name\":\"gaprsa\",\"image\":{\"@type\":\"ImageObject\",\"inLanguage\":\"es\",\"@id\":\"https:\/\/www.ull.es\/portal\/noticias\/#\/schema\/person\/image\/\",\"url\":\"https:\/\/secure.gravatar.com\/avatar\/443820550921091458b4823867723b3d?s=96&d=mm&r=g\",\"contentUrl\":\"https:\/\/secure.gravatar.com\/avatar\/443820550921091458b4823867723b3d?s=96&d=mm&r=g\",\"caption\":\"gaprsa\"},\"url\":\"https:\/\/www.ull.es\/portal\/noticias\/author\/gaprsa\/\"}]}<\/script>\n<!-- \/ Yoast SEO plugin. -->","yoast_head_json":{"title":"Alumni ULL convoca sus ayudas de micro mecenazgo - ULL - Noticias","robots":{"index":"index","follow":"follow","max-snippet":"max-snippet:-1","max-image-preview":"max-image-preview:large","max-video-preview":"max-video-preview:-1"},"canonical":"https:\/\/www.ull.es\/portal\/noticias\/2019\/alumni-ull-convoca-sus-ayudas-de-micro-mecenazgo\/","og_locale":"es_ES","og_type":"article","og_title":"Alumni ULL convoca sus ayudas de micro mecenazgo - ULL - Noticias","og_description":"La Asociaci\u00f3n de Antiguos Alumnos y Amigos de la Universidad de La Laguna (Alumni ULL) pone a disposici\u00f3n de los...","og_url":"https:\/\/www.ull.es\/portal\/noticias\/2019\/alumni-ull-convoca-sus-ayudas-de-micro-mecenazgo\/","og_site_name":"ULL - Noticias","article_publisher":"https:\/\/www.facebook.com\/universidaddelalaguna\/","article_published_time":"2019-09-20T09:36:11+00:00","article_modified_time":"2019-09-20T12:55:53+00:00","og_image":[{"width":1200,"height":800,"url":"https:\/\/www.ull.es\/portal\/noticias\/wp-content\/uploads\/sites\/13\/2019\/09\/alumni.jpg","type":"image\/jpeg"}],"author":"gaprsa","twitter_card":"summary_large_image","twitter_creator":"@CanalULL","twitter_site":"@CanalULL","twitter_misc":{"Escrito por":"gaprsa","Tiempo de lectura":"2 minutos"},"schema":{"@context":"https:\/\/schema.org","@graph":[{"@type":"WebPage","@id":"https:\/\/www.ull.es\/portal\/noticias\/2019\/alumni-ull-convoca-sus-ayudas-de-micro-mecenazgo\/","url":"https:\/\/www.ull.es\/portal\/noticias\/2019\/alumni-ull-convoca-sus-ayudas-de-micro-mecenazgo\/","name":"Alumni ULL convoca sus ayudas de micro mecenazgo - ULL - Noticias","isPartOf":{"@id":"https:\/\/www.ull.es\/portal\/noticias\/#website"},"datePublished":"2019-09-20T09:36:11+00:00","dateModified":"2019-09-20T12:55:53+00:00","author":{"@id":"https:\/\/www.ull.es\/portal\/noticias\/#\/schema\/person\/b2b1a89d43ffa609e591f7df8ef3e817"},"breadcrumb":{"@id":"https:\/\/www.ull.es\/portal\/noticias\/2019\/alumni-ull-convoca-sus-ayudas-de-micro-mecenazgo\/#breadcrumb"},"inLanguage":"es","potentialAction":[{"@type":"ReadAction","target":["https:\/\/www.ull.es\/portal\/noticias\/2019\/alumni-ull-convoca-sus-ayudas-de-micro-mecenazgo\/"]}]},{"@type":"BreadcrumbList","@id":"https:\/\/www.ull.es\/portal\/noticias\/2019\/alumni-ull-convoca-sus-ayudas-de-micro-mecenazgo\/#breadcrumb","itemListElement":[{"@type":"ListItem","position":1,"name":"Portada","item":"https:\/\/www.ull.es\/portal\/noticias\/"},{"@type":"ListItem","position":2,"name":"Alumni ULL convoca sus ayudas de micro mecenazgo"}]},{"@type":"WebSite","@id":"https:\/\/www.ull.es\/portal\/noticias\/#website","url":"https:\/\/www.ull.es\/portal\/noticias\/","name":"ULL - Noticias","description":"","potentialAction":[{"@type":"SearchAction","target":{"@type":"EntryPoint","urlTemplate":"https:\/\/www.ull.es\/portal\/noticias\/?s={search_term_string}"},"query-input":"required name=search_term_string"}],"inLanguage":"es"},{"@type":"Person","@id":"https:\/\/www.ull.es\/portal\/noticias\/#\/schema\/person\/b2b1a89d43ffa609e591f7df8ef3e817","name":"gaprsa","image":{"@type":"ImageObject","inLanguage":"es","@id":"https:\/\/www.ull.es\/portal\/noticias\/#\/schema\/person\/image\/","url":"https:\/\/secure.gravatar.com\/avatar\/443820550921091458b4823867723b3d?s=96&d=mm&r=g","contentUrl":"https:\/\/secure.gravatar.com\/avatar\/443820550921091458b4823867723b3d?s=96&d=mm&r=g","caption":"gaprsa"},"url":"https:\/\/www.ull.es\/portal\/noticias\/author\/gaprsa\/"}]}},"primary_category":{"id":345,"name":"Destacado","slug":"destacado","link":"https:\/\/www.ull.es\/portal\/noticias\/category\/destacado\/"},"featured_image_thumbnail_url":"https:\/\/www.ull.es\/portal\/noticias\/wp-content\/uploads\/sites\/13\/2019\/09\/alumni-300x200.jpg","_links":{"self":[{"href":"https:\/\/www.ull.es\/portal\/noticias\/wp-json\/wp\/v2\/posts\/46460"}],"collection":[{"href":"https:\/\/www.ull.es\/portal\/noticias\/wp-json\/wp\/v2\/posts"}],"about":[{"href":"https:\/\/www.ull.es\/portal\/noticias\/wp-json\/wp\/v2\/types\/post"}],"author":[{"embeddable":true,"href":"https:\/\/www.ull.es\/portal\/noticias\/wp-json\/wp\/v2\/users\/23"}],"replies":[{"embeddable":true,"href":"https:\/\/www.ull.es\/portal\/noticias\/wp-json\/wp\/v2\/comments?post=46460"}],"version-history":[{"count":1,"href":"https:\/\/www.ull.es\/portal\/noticias\/wp-json\/wp\/v2\/posts\/46460\/revisions"}],"predecessor-version":[{"id":46461,"href":"https:\/\/www.ull.es\/portal\/noticias\/wp-json\/wp\/v2\/posts\/46460\/revisions\/46461"}],"wp:featuredmedia":[{"embeddable":true,"href":"https:\/\/www.ull.es\/portal\/noticias\/wp-json\/wp\/v2\/media\/46465"}],"wp:attachment":[{"href":"https:\/\/www.ull.es\/portal\/noticias\/wp-json\/wp\/v2\/media?parent=46460"}],"wp:term":[{"taxonomy":"category","embeddable":true,"href":"https:\/\/www.ull.es\/portal\/noticias\/wp-json\/wp\/v2\/categories?post=46460"},{"taxonomy":"post_tag","embeddable":true,"href":"https:\/\/www.ull.es\/portal\/noticias\/wp-json\/wp\/v2\/tags?post=46460"}],"curies":[{"name":"wp","href":"https:\/\/api.w.org\/{rel}","templated":true}]}}