{"id":46562,"date":"2019-09-25T08:30:23","date_gmt":"2019-09-25T08:30:23","guid":{"rendered":"https:\/\/www.ull.es\/portal\/noticias\/?p=46562"},"modified":"2019-09-25T08:30:23","modified_gmt":"2019-09-25T08:30:23","slug":"el-foro-enciende-el-cosmos-de-cajacanarias-comienza-en-la-ull-analizando-las-interioridades-del-cerebro","status":"publish","type":"post","link":"https:\/\/www.ull.es\/portal\/noticias\/2019\/el-foro-enciende-el-cosmos-de-cajacanarias-comienza-en-la-ull-analizando-las-interioridades-del-cerebro\/","title":{"rendered":"El Foro \u2018Enciende el Cosmos\u2019 de CajaCanarias comienza en la ULL analizando las interioridades del cerebro"},"content":{"rendered":"<p><span style=\"font-weight: 400;\">La Fundaci\u00f3n CajaCanarias organiza, por sexto a\u00f1o consecutivo, su Foro \u201cEnciende el Cosmos\u201d, que este a\u00f1o volver\u00e1 a contar con la participaci\u00f3n de destacados cient\u00edficos e investigadores de reconocido nivel internacional, que recorrer\u00e1n a trav\u00e9s de sus respectivas intervenciones la senda \u201cDel cerebro al big data\u201d. El programa dar\u00e1 comienzo ma\u00f1ana jueves y, como principal novedad, este a\u00f1o tendr\u00e1n lugar en el Aulario General del Campus de Guajara de la Universidad de La Laguna, a partir de las 20:00 horas y con entrada libre hasta completar aforo. Toda la informaci\u00f3n se encuentra ya disponible, a trav\u00e9s de este <a href=\"http:\/\/www.cajacanarias.com.\" target=\"_blank\" rel=\"noopener\">enlace<\/a>.\u00a0<\/span><\/p>\n<p><span style=\"font-weight: 400;\">\u201cEl cerebro: El peque\u00f1o universo que llevamos dentro\u201d es el t\u00edtulo de la sesi\u00f3n inicial del Foro \u201cEnciende el Cosmos\u201d CajaCanarias 2019 y contar\u00e1 con la presencia de los cient\u00edficos Rafael Yuste y Jos\u00e9 Manuel S\u00e1nchez Ron, que repite presencia en este ciclo, tras su intervenci\u00f3n el curso anterior. Y es que no existe nada de cuya existencia seamos m\u00e1s conscientes \u2013 de hecho, es \u00e9l lo que nos permite \u201cser conscientes\u201d \u2013: el cerebro, un universo formado por en torno a 90.000 millones de neuronas, cada una pudiendo tener de una a diez mil conexiones sin\u00e1pticas con otras neuronas.\u00a0<\/span><\/p>\n<p><span style=\"font-weight: 400;\">En esta mesa inaugural, a celebrar ma\u00f1ana jueves (20:00 horas), se pretende abordar las siguientes preguntas: \u00bfC\u00f3mo ha influido la obra de Ram\u00f3n y Cajal en un investigador tan destacado en este campo como Rafael Yuste? \u00bfCu\u00e1l es la situaci\u00f3n actual de la ciencia del cerebro, en las neurociencias? \u00bfQu\u00e9 quiere decir que el cerebro tiene conciencia de s\u00ed mismo? \u00bfQu\u00e9 ideas se tienen en la actualidad para comprender semejante estructura \u201ccircular\u201d? \u00bfPodr\u00e1 la ciencia desarrollar medios-medicamentos para detener el deterioro del cerebro con el paso de los a\u00f1os? \u00bfY para combatir enfermedades como el alzheimer y el p\u00e1rkinson, al igual que para establecer nuevas terapias para otros males mentales?<\/span><\/p>\n<p><span style=\"font-weight: 400;\">Rafael Yuste (Madrid, 1963).- <\/span><span style=\"font-weight: 400;\">Catedr\u00e1tico de Neurociencia en la Universidad de Columbia. Estudi\u00f3 Medicina en la Universidad Aut\u00f3noma de Madrid y en la Fundaci\u00f3n Jim\u00e9nez D\u00edaz. Sus l\u00edneas de investigaci\u00f3n se centran en la estructura y funci\u00f3n de los circuitos corticales, las propiedades biof\u00edsicas de las espinas dendr\u00edticas y el estudio de la patolog\u00eda de la epilepsia y enfermedades mentales relacionadas. Ha publicado m\u00e1s de 170 trabajos de investigaci\u00f3n, en revistas cient\u00edficas. Es el ide\u00f3logo del \u00abMapa de Actividad Cerebral\u00bb, un proyecto cient\u00edfico a gran escala, que propuso al Gobierno de EE.UU., cuyo objetivo ser\u00eda desarrollar herramientas para registrar de forma sistem\u00e1tica y manipular la actividad de circuitos neuronales completos, que fueron las base del proyecto BRAIN (Proyecto Cerebro Humano) que, en unas d\u00e9cadas, aspira a comprender nuestro cerebro.<\/span><\/p>\n<p><span style=\"font-weight: 400;\">Jos\u00e9 Manuel S\u00e1nchez Ron (Madrid, 1949).- <\/span><span style=\"font-weight: 400;\">Licenciado en Ciencias F\u00edsicas por la Universidad Complutense de Madrid (1971) y Doctor (Ph.D.) en F\u00edsica por la Universidad de Londres (1978). Desde 1994 es Catedr\u00e1tico de Historia de la Ciencia en la Universidad Aut\u00f3noma de Madrid. Es miembro de la Real Academia Espa\u00f1ola de la Lengua, la Real Academia de Ciencias Exactas, F\u00edsicas y Naturales, as\u00ed como de la <\/span><i><span style=\"font-weight: 400;\">Acad\u00e9mie Internationale d&#8217;Histoire des Sciences,<\/span><\/i><span style=\"font-weight: 400;\"> de Par\u00eds. Entre sus publicaciones destacamos: \u201cEl Siglo de la Ciencia\u201d (Premios Jos\u00e9 Ortega y Gasset de Ensayo y Humanidades), \u201cLa Nueva Ilustraci\u00f3n\u201d (Premio Internacional de Ensayo Jovellanos), y \u201cEl mundo despu\u00e9s de la revoluci\u00f3n. La f\u00edsica de la segunda mitad del siglo XX\u201d (Premio Nacional de Literatura en su modalidad de Ensayo). Publica en la revista \u201cEl Cultural\u201d la secci\u00f3n de ciencias \u201cEntre dos aguas\u201d. Recientemente ha comisariado la exposici\u00f3n \u201cCosmos\u201d, en la Biblioteca Nacional.<\/span><\/p>\n","protected":false},"excerpt":{"rendered":"<p>La Fundaci\u00f3n CajaCanarias organiza, por sexto a\u00f1o consecutivo, su Foro \u201cEnciende el Cosmos\u201d, que este a\u00f1o volver\u00e1 a contar con&#8230;<\/p>\n","protected":false},"author":65,"featured_media":46563,"comment_status":"closed","ping_status":"closed","sticky":false,"template":"","format":"standard","meta":{"inline_featured_image":false,"footnotes":""},"categories":[345,3924,350,2765],"tags":[643,5950,5951,1324],"acf":[],"yoast_head":"<!-- This site is optimized with the Yoast SEO plugin v21.3 - https:\/\/yoast.com\/wordpress\/plugins\/seo\/ -->\n<title>El Foro \u2018Enciende el Cosmos\u2019 de CajaCanarias comienza en la ULL analizando las interioridades del cerebro - ULL - Noticias<\/title>\n<meta name=\"robots\" content=\"index, follow, max-snippet:-1, max-image-preview:large, max-video-preview:-1\" \/>\n<link rel=\"canonical\" href=\"https:\/\/www.ull.es\/portal\/noticias\/2019\/el-foro-enciende-el-cosmos-de-cajacanarias-comienza-en-la-ull-analizando-las-interioridades-del-cerebro\/\" \/>\n<meta property=\"og:locale\" content=\"es_ES\" \/>\n<meta property=\"og:type\" content=\"article\" \/>\n<meta property=\"og:title\" content=\"El Foro \u2018Enciende el Cosmos\u2019 de CajaCanarias comienza en la ULL analizando las interioridades del cerebro - ULL - Noticias\" \/>\n<meta property=\"og:description\" content=\"La Fundaci\u00f3n CajaCanarias organiza, por sexto a\u00f1o consecutivo, su Foro \u201cEnciende el Cosmos\u201d, que este a\u00f1o volver\u00e1 a contar con...\" \/>\n<meta property=\"og:url\" content=\"https:\/\/www.ull.es\/portal\/noticias\/2019\/el-foro-enciende-el-cosmos-de-cajacanarias-comienza-en-la-ull-analizando-las-interioridades-del-cerebro\/\" \/>\n<meta property=\"og:site_name\" content=\"ULL - Noticias\" \/>\n<meta property=\"article:publisher\" content=\"https:\/\/www.facebook.com\/universidaddelalaguna\/\" \/>\n<meta property=\"article:published_time\" content=\"2019-09-25T08:30:23+00:00\" \/>\n<meta property=\"og:image\" content=\"https:\/\/www.ull.es\/portal\/noticias\/wp-content\/uploads\/sites\/13\/2019\/09\/300X300px-COSMOS19-conF1-1.jpg\" \/>\n\t<meta property=\"og:image:width\" content=\"1200\" \/>\n\t<meta property=\"og:image:height\" content=\"800\" \/>\n\t<meta property=\"og:image:type\" content=\"image\/jpeg\" \/>\n<meta name=\"author\" content=\"gcom4\" \/>\n<meta name=\"twitter:card\" content=\"summary_large_image\" \/>\n<meta name=\"twitter:creator\" content=\"@CanalULL\" \/>\n<meta name=\"twitter:site\" content=\"@CanalULL\" \/>\n<meta name=\"twitter:label1\" content=\"Escrito por\" \/>\n\t<meta name=\"twitter:data1\" content=\"gcom4\" \/>\n\t<meta name=\"twitter:label2\" content=\"Tiempo de lectura\" \/>\n\t<meta name=\"twitter:data2\" content=\"3 minutos\" \/>\n<script type=\"application\/ld+json\" class=\"yoast-schema-graph\">{\"@context\":\"https:\/\/schema.org\",\"@graph\":[{\"@type\":\"WebPage\",\"@id\":\"https:\/\/www.ull.es\/portal\/noticias\/2019\/el-foro-enciende-el-cosmos-de-cajacanarias-comienza-en-la-ull-analizando-las-interioridades-del-cerebro\/\",\"url\":\"https:\/\/www.ull.es\/portal\/noticias\/2019\/el-foro-enciende-el-cosmos-de-cajacanarias-comienza-en-la-ull-analizando-las-interioridades-del-cerebro\/\",\"name\":\"El Foro \u2018Enciende el Cosmos\u2019 de CajaCanarias comienza en la ULL analizando las interioridades del cerebro - ULL - Noticias\",\"isPartOf\":{\"@id\":\"https:\/\/www.ull.es\/portal\/noticias\/#website\"},\"datePublished\":\"2019-09-25T08:30:23+00:00\",\"dateModified\":\"2019-09-25T08:30:23+00:00\",\"author\":{\"@id\":\"https:\/\/www.ull.es\/portal\/noticias\/#\/schema\/person\/9924518fb1ad37d4428e7b5d6f311773\"},\"breadcrumb\":{\"@id\":\"https:\/\/www.ull.es\/portal\/noticias\/2019\/el-foro-enciende-el-cosmos-de-cajacanarias-comienza-en-la-ull-analizando-las-interioridades-del-cerebro\/#breadcrumb\"},\"inLanguage\":\"es\",\"potentialAction\":[{\"@type\":\"ReadAction\",\"target\":[\"https:\/\/www.ull.es\/portal\/noticias\/2019\/el-foro-enciende-el-cosmos-de-cajacanarias-comienza-en-la-ull-analizando-las-interioridades-del-cerebro\/\"]}]},{\"@type\":\"BreadcrumbList\",\"@id\":\"https:\/\/www.ull.es\/portal\/noticias\/2019\/el-foro-enciende-el-cosmos-de-cajacanarias-comienza-en-la-ull-analizando-las-interioridades-del-cerebro\/#breadcrumb\",\"itemListElement\":[{\"@type\":\"ListItem\",\"position\":1,\"name\":\"Portada\",\"item\":\"https:\/\/www.ull.es\/portal\/noticias\/\"},{\"@type\":\"ListItem\",\"position\":2,\"name\":\"El Foro \u2018Enciende el Cosmos\u2019 de CajaCanarias comienza en la ULL analizando las interioridades del cerebro\"}]},{\"@type\":\"WebSite\",\"@id\":\"https:\/\/www.ull.es\/portal\/noticias\/#website\",\"url\":\"https:\/\/www.ull.es\/portal\/noticias\/\",\"name\":\"ULL - Noticias\",\"description\":\"\",\"potentialAction\":[{\"@type\":\"SearchAction\",\"target\":{\"@type\":\"EntryPoint\",\"urlTemplate\":\"https:\/\/www.ull.es\/portal\/noticias\/?s={search_term_string}\"},\"query-input\":\"required name=search_term_string\"}],\"inLanguage\":\"es\"},{\"@type\":\"Person\",\"@id\":\"https:\/\/www.ull.es\/portal\/noticias\/#\/schema\/person\/9924518fb1ad37d4428e7b5d6f311773\",\"name\":\"gcom4\",\"image\":{\"@type\":\"ImageObject\",\"inLanguage\":\"es\",\"@id\":\"https:\/\/www.ull.es\/portal\/noticias\/#\/schema\/person\/image\/\",\"url\":\"https:\/\/secure.gravatar.com\/avatar\/a5d1f5573f10617ccfcc209aaf6aa7fb?s=96&d=mm&r=g\",\"contentUrl\":\"https:\/\/secure.gravatar.com\/avatar\/a5d1f5573f10617ccfcc209aaf6aa7fb?s=96&d=mm&r=g\",\"caption\":\"gcom4\"},\"url\":\"https:\/\/www.ull.es\/portal\/noticias\/author\/gcom4\/\"}]}<\/script>\n<!-- \/ Yoast SEO plugin. -->","yoast_head_json":{"title":"El Foro \u2018Enciende el Cosmos\u2019 de CajaCanarias comienza en la ULL analizando las interioridades del cerebro - ULL - Noticias","robots":{"index":"index","follow":"follow","max-snippet":"max-snippet:-1","max-image-preview":"max-image-preview:large","max-video-preview":"max-video-preview:-1"},"canonical":"https:\/\/www.ull.es\/portal\/noticias\/2019\/el-foro-enciende-el-cosmos-de-cajacanarias-comienza-en-la-ull-analizando-las-interioridades-del-cerebro\/","og_locale":"es_ES","og_type":"article","og_title":"El Foro \u2018Enciende el Cosmos\u2019 de CajaCanarias comienza en la ULL analizando las interioridades del cerebro - ULL - Noticias","og_description":"La Fundaci\u00f3n CajaCanarias organiza, por sexto a\u00f1o consecutivo, su Foro \u201cEnciende el Cosmos\u201d, que este a\u00f1o volver\u00e1 a contar con...","og_url":"https:\/\/www.ull.es\/portal\/noticias\/2019\/el-foro-enciende-el-cosmos-de-cajacanarias-comienza-en-la-ull-analizando-las-interioridades-del-cerebro\/","og_site_name":"ULL - Noticias","article_publisher":"https:\/\/www.facebook.com\/universidaddelalaguna\/","article_published_time":"2019-09-25T08:30:23+00:00","og_image":[{"width":1200,"height":800,"url":"https:\/\/www.ull.es\/portal\/noticias\/wp-content\/uploads\/sites\/13\/2019\/09\/300X300px-COSMOS19-conF1-1.jpg","type":"image\/jpeg"}],"author":"gcom4","twitter_card":"summary_large_image","twitter_creator":"@CanalULL","twitter_site":"@CanalULL","twitter_misc":{"Escrito por":"gcom4","Tiempo de lectura":"3 minutos"},"schema":{"@context":"https:\/\/schema.org","@graph":[{"@type":"WebPage","@id":"https:\/\/www.ull.es\/portal\/noticias\/2019\/el-foro-enciende-el-cosmos-de-cajacanarias-comienza-en-la-ull-analizando-las-interioridades-del-cerebro\/","url":"https:\/\/www.ull.es\/portal\/noticias\/2019\/el-foro-enciende-el-cosmos-de-cajacanarias-comienza-en-la-ull-analizando-las-interioridades-del-cerebro\/","name":"El Foro \u2018Enciende el Cosmos\u2019 de CajaCanarias comienza en la ULL analizando las interioridades del cerebro - ULL - Noticias","isPartOf":{"@id":"https:\/\/www.ull.es\/portal\/noticias\/#website"},"datePublished":"2019-09-25T08:30:23+00:00","dateModified":"2019-09-25T08:30:23+00:00","author":{"@id":"https:\/\/www.ull.es\/portal\/noticias\/#\/schema\/person\/9924518fb1ad37d4428e7b5d6f311773"},"breadcrumb":{"@id":"https:\/\/www.ull.es\/portal\/noticias\/2019\/el-foro-enciende-el-cosmos-de-cajacanarias-comienza-en-la-ull-analizando-las-interioridades-del-cerebro\/#breadcrumb"},"inLanguage":"es","potentialAction":[{"@type":"ReadAction","target":["https:\/\/www.ull.es\/portal\/noticias\/2019\/el-foro-enciende-el-cosmos-de-cajacanarias-comienza-en-la-ull-analizando-las-interioridades-del-cerebro\/"]}]},{"@type":"BreadcrumbList","@id":"https:\/\/www.ull.es\/portal\/noticias\/2019\/el-foro-enciende-el-cosmos-de-cajacanarias-comienza-en-la-ull-analizando-las-interioridades-del-cerebro\/#breadcrumb","itemListElement":[{"@type":"ListItem","position":1,"name":"Portada","item":"https:\/\/www.ull.es\/portal\/noticias\/"},{"@type":"ListItem","position":2,"name":"El Foro \u2018Enciende el Cosmos\u2019 de CajaCanarias comienza en la ULL analizando las interioridades del cerebro"}]},{"@type":"WebSite","@id":"https:\/\/www.ull.es\/portal\/noticias\/#website","url":"https:\/\/www.ull.es\/portal\/noticias\/","name":"ULL - Noticias","description":"","potentialAction":[{"@type":"SearchAction","target":{"@type":"EntryPoint","urlTemplate":"https:\/\/www.ull.es\/portal\/noticias\/?s={search_term_string}"},"query-input":"required name=search_term_string"}],"inLanguage":"es"},{"@type":"Person","@id":"https:\/\/www.ull.es\/portal\/noticias\/#\/schema\/person\/9924518fb1ad37d4428e7b5d6f311773","name":"gcom4","image":{"@type":"ImageObject","inLanguage":"es","@id":"https:\/\/www.ull.es\/portal\/noticias\/#\/schema\/person\/image\/","url":"https:\/\/secure.gravatar.com\/avatar\/a5d1f5573f10617ccfcc209aaf6aa7fb?s=96&d=mm&r=g","contentUrl":"https:\/\/secure.gravatar.com\/avatar\/a5d1f5573f10617ccfcc209aaf6aa7fb?s=96&d=mm&r=g","caption":"gcom4"},"url":"https:\/\/www.ull.es\/portal\/noticias\/author\/gcom4\/"}]}},"primary_category":{"id":2765,"name":"Portada ULL","slug":"portada-ull","link":"https:\/\/www.ull.es\/portal\/noticias\/category\/portada-ull\/"},"featured_image_thumbnail_url":"https:\/\/www.ull.es\/portal\/noticias\/wp-content\/uploads\/sites\/13\/2019\/09\/300X300px-COSMOS19-conF1-1-300x200.jpg","_links":{"self":[{"href":"https:\/\/www.ull.es\/portal\/noticias\/wp-json\/wp\/v2\/posts\/46562"}],"collection":[{"href":"https:\/\/www.ull.es\/portal\/noticias\/wp-json\/wp\/v2\/posts"}],"about":[{"href":"https:\/\/www.ull.es\/portal\/noticias\/wp-json\/wp\/v2\/types\/post"}],"author":[{"embeddable":true,"href":"https:\/\/www.ull.es\/portal\/noticias\/wp-json\/wp\/v2\/users\/65"}],"replies":[{"embeddable":true,"href":"https:\/\/www.ull.es\/portal\/noticias\/wp-json\/wp\/v2\/comments?post=46562"}],"version-history":[{"count":1,"href":"https:\/\/www.ull.es\/portal\/noticias\/wp-json\/wp\/v2\/posts\/46562\/revisions"}],"predecessor-version":[{"id":46564,"href":"https:\/\/www.ull.es\/portal\/noticias\/wp-json\/wp\/v2\/posts\/46562\/revisions\/46564"}],"wp:featuredmedia":[{"embeddable":true,"href":"https:\/\/www.ull.es\/portal\/noticias\/wp-json\/wp\/v2\/media\/46563"}],"wp:attachment":[{"href":"https:\/\/www.ull.es\/portal\/noticias\/wp-json\/wp\/v2\/media?parent=46562"}],"wp:term":[{"taxonomy":"category","embeddable":true,"href":"https:\/\/www.ull.es\/portal\/noticias\/wp-json\/wp\/v2\/categories?post=46562"},{"taxonomy":"post_tag","embeddable":true,"href":"https:\/\/www.ull.es\/portal\/noticias\/wp-json\/wp\/v2\/tags?post=46562"}],"curies":[{"name":"wp","href":"https:\/\/api.w.org\/{rel}","templated":true}]}}