{"id":46583,"date":"2019-09-26T10:02:18","date_gmt":"2019-09-26T10:02:18","guid":{"rendered":"https:\/\/www.ull.es\/portal\/noticias\/?p=46583"},"modified":"2019-09-26T10:02:18","modified_gmt":"2019-09-26T10:02:18","slug":"universidades-publicas-canarias-feria-finlandia","status":"publish","type":"post","link":"https:\/\/www.ull.es\/portal\/noticias\/2019\/universidades-publicas-canarias-feria-finlandia\/","title":{"rendered":"Las dos universidades p\u00fablicas canarias acuden en Finlandia a una feria de educaci\u00f3n superior"},"content":{"rendered":"<div id=\"attachment_46586\" style=\"width: 210px\" class=\"wp-caption alignleft\"><a href=\"https:\/\/www.ull.es\/portal\/noticias\/wp-content\/uploads\/sites\/13\/2019\/09\/feria-eaie-helsinki.jpg\" target=\"_blank\" rel=\"noopener\"><img aria-describedby=\"caption-attachment-46586\" decoding=\"async\" loading=\"lazy\" class=\"size-medium wp-image-46586\" src=\"https:\/\/www.ull.es\/portal\/noticias\/wp-content\/uploads\/sites\/13\/2019\/09\/feria-eaie-helsinki-200x300.jpg\" alt=\"EAIE\" width=\"200\" height=\"300\" srcset=\"https:\/\/www.ull.es\/portal\/noticias\/wp-content\/uploads\/sites\/13\/2019\/09\/feria-eaie-helsinki-200x300.jpg 200w, https:\/\/www.ull.es\/portal\/noticias\/wp-content\/uploads\/sites\/13\/2019\/09\/feria-eaie-helsinki-768x1152.jpg 768w, https:\/\/www.ull.es\/portal\/noticias\/wp-content\/uploads\/sites\/13\/2019\/09\/feria-eaie-helsinki-683x1024.jpg 683w, https:\/\/www.ull.es\/portal\/noticias\/wp-content\/uploads\/sites\/13\/2019\/09\/feria-eaie-helsinki-375x563.jpg 375w, https:\/\/www.ull.es\/portal\/noticias\/wp-content\/uploads\/sites\/13\/2019\/09\/feria-eaie-helsinki-750x1125.jpg 750w, https:\/\/www.ull.es\/portal\/noticias\/wp-content\/uploads\/sites\/13\/2019\/09\/feria-eaie-helsinki.jpg 800w\" sizes=\"(max-width: 200px) 100vw, 200px\" \/><\/a><p id=\"caption-attachment-46586\" class=\"wp-caption-text\">El vicerrector de la ULPGC y la de la ULL, ante el estand com\u00fan en la feria de la EAIE.<\/p><\/div>\n<p>La Universidad de La Laguna y la Universidad de Las Palmas de Gran Canaria est\u00e1n participando con un estand conjunto, bajo la marca \u201cUniversidades P\u00fablicas Canarias\u201d, en la <a href=\"https:\/\/www.eaie.org\/helsinki.html\" target=\"_blank\" rel=\"noopener noreferrer\" target=\"_blank\" rel=\"noopener\">XXXI Conferencia Anual y Feria de la Asociaci\u00f3n Europea para la Internacionalizaci\u00f3n de la Educaci\u00f3n (EAIE)<\/a> que se celebra en Helsinki (Finlandia) entre el 24 y el 27 de septiembre. A este encuentro ha acudido una delegaci\u00f3n con representaci\u00f3n de ambas instituciones, encabezada por la vicerrectora de Proyecci\u00f3n, Internacionalizaci\u00f3n y Cooperaci\u00f3n de la instituci\u00f3n tinerfe\u00f1a, Lidia Cabrera P\u00e9rez, y el vicerrector de Internacionalizaci\u00f3n y Cooperaci\u00f3n de la universidad de la grancanaria, Richard Clouet.<\/p>\n<p>La EAIE es una comunidad global compuesta por personas dedicadas a la internacionalizaci\u00f3n de la educaci\u00f3n superior. Su encuentro anual se desarrolla alrededor de estos dos eventos simult\u00e1neos, la feria (con 250 stands en esta edici\u00f3n de 2019), y el congreso (con m\u00e1s de 6.000 asistentes) donde se desarrollan conferencias, talleres, seminarios y otras actividades sobre asuntos relativos a la internacionalizaci\u00f3n.<\/p>\n<p>En la feria, tanto los socios europeos como otros pa\u00edses de todo el mundo contactan, valoran sus acuerdos y proyectan distintas acciones de cooperaci\u00f3n. En el caso espa\u00f1ol, el Servicio espa\u00f1ol para la internacionalizaci\u00f3n de la educaci\u00f3n (SEPIE) ha sido el encargado de gestionar un espacio que aglutina 17 estands de universidades espa\u00f1olas.<\/p>\n<p>Por su parte, en el congreso, expertos y representantes institucionales de departamentos de proyecci\u00f3n, internacionalizaci\u00f3n y cooperaci\u00f3n, debaten y revisan directrices comunes, as\u00ed como retos de futuro. En esta edici\u00f3n se est\u00e1 insistiendo mucho en la necesidad de internacionalizar el curr\u00edculo, necesario para formar a estudiantes que viven y van a trabajar en un mundo intercultural, globalizado e internacional.<\/p>\n","protected":false},"excerpt":{"rendered":"<p>La Universidad de La Laguna y la Universidad de Las Palmas de Gran Canaria est\u00e1n participando con un estand conjunto,&#8230;<\/p>\n","protected":false},"author":21,"featured_media":46587,"comment_status":"closed","ping_status":"closed","sticky":false,"template":"","format":"image","meta":{"inline_featured_image":false,"footnotes":""},"categories":[345,349,2765],"tags":[1078,5953,1537,5954],"acf":[],"yoast_head":"<!-- This site is optimized with the Yoast SEO plugin v21.3 - https:\/\/yoast.com\/wordpress\/plugins\/seo\/ -->\n<title>Las universidades p\u00fablicas canarias acuden a una feria en Finlandia<\/title>\n<meta name=\"description\" content=\"La XXXI Conferencia Anual y la Feria de la Asociaci\u00f3n Europea para la Internacionalizaci\u00f3n de la Educaci\u00f3n (EAIE) que se celebran hasta el 27 de septiembre.\" \/>\n<meta name=\"robots\" content=\"index, follow, max-snippet:-1, max-image-preview:large, max-video-preview:-1\" \/>\n<link rel=\"canonical\" href=\"https:\/\/www.ull.es\/portal\/noticias\/2019\/universidades-publicas-canarias-feria-finlandia\/\" \/>\n<meta property=\"og:locale\" content=\"es_ES\" \/>\n<meta property=\"og:type\" content=\"article\" \/>\n<meta property=\"og:title\" content=\"Las universidades p\u00fablicas canarias acuden a una feria en Finlandia\" \/>\n<meta property=\"og:description\" content=\"La XXXI Conferencia Anual y la Feria de la Asociaci\u00f3n Europea para la Internacionalizaci\u00f3n de la Educaci\u00f3n (EAIE) que se celebran hasta el 27 de septiembre.\" \/>\n<meta property=\"og:url\" content=\"https:\/\/www.ull.es\/portal\/noticias\/2019\/universidades-publicas-canarias-feria-finlandia\/\" \/>\n<meta property=\"og:site_name\" content=\"ULL - Noticias\" \/>\n<meta property=\"article:publisher\" content=\"https:\/\/www.facebook.com\/universidaddelalaguna\/\" \/>\n<meta property=\"article:published_time\" content=\"2019-09-26T10:02:18+00:00\" \/>\n<meta property=\"og:image\" content=\"https:\/\/www.ull.es\/portal\/noticias\/wp-content\/uploads\/sites\/13\/2019\/09\/feria-eaie-helsinki-recorte.jpg\" \/>\n\t<meta property=\"og:image:width\" content=\"793\" \/>\n\t<meta property=\"og:image:height\" content=\"536\" \/>\n\t<meta property=\"og:image:type\" content=\"image\/jpeg\" \/>\n<meta name=\"author\" content=\"prensa2\" \/>\n<meta name=\"twitter:card\" content=\"summary_large_image\" \/>\n<meta name=\"twitter:creator\" content=\"@CanalULL\" \/>\n<meta name=\"twitter:site\" content=\"@CanalULL\" \/>\n<meta name=\"twitter:label1\" content=\"Escrito por\" \/>\n\t<meta name=\"twitter:data1\" content=\"prensa2\" \/>\n\t<meta name=\"twitter:label2\" content=\"Tiempo de lectura\" \/>\n\t<meta name=\"twitter:data2\" content=\"2 minutos\" \/>\n<script type=\"application\/ld+json\" class=\"yoast-schema-graph\">{\"@context\":\"https:\/\/schema.org\",\"@graph\":[{\"@type\":\"WebPage\",\"@id\":\"https:\/\/www.ull.es\/portal\/noticias\/2019\/universidades-publicas-canarias-feria-finlandia\/\",\"url\":\"https:\/\/www.ull.es\/portal\/noticias\/2019\/universidades-publicas-canarias-feria-finlandia\/\",\"name\":\"Las universidades p\u00fablicas canarias acuden a una feria en Finlandia\",\"isPartOf\":{\"@id\":\"https:\/\/www.ull.es\/portal\/noticias\/#website\"},\"datePublished\":\"2019-09-26T10:02:18+00:00\",\"dateModified\":\"2019-09-26T10:02:18+00:00\",\"author\":{\"@id\":\"https:\/\/www.ull.es\/portal\/noticias\/#\/schema\/person\/c3b2aa857797592927a03740d6664376\"},\"description\":\"La XXXI Conferencia Anual y la Feria de la Asociaci\u00f3n Europea para la Internacionalizaci\u00f3n de la Educaci\u00f3n (EAIE) que se celebran hasta el 27 de septiembre.\",\"breadcrumb\":{\"@id\":\"https:\/\/www.ull.es\/portal\/noticias\/2019\/universidades-publicas-canarias-feria-finlandia\/#breadcrumb\"},\"inLanguage\":\"es\",\"potentialAction\":[{\"@type\":\"ReadAction\",\"target\":[\"https:\/\/www.ull.es\/portal\/noticias\/2019\/universidades-publicas-canarias-feria-finlandia\/\"]}]},{\"@type\":\"BreadcrumbList\",\"@id\":\"https:\/\/www.ull.es\/portal\/noticias\/2019\/universidades-publicas-canarias-feria-finlandia\/#breadcrumb\",\"itemListElement\":[{\"@type\":\"ListItem\",\"position\":1,\"name\":\"Portada\",\"item\":\"https:\/\/www.ull.es\/portal\/noticias\/\"},{\"@type\":\"ListItem\",\"position\":2,\"name\":\"Las dos universidades p\u00fablicas canarias acuden en Finlandia a una feria de educaci\u00f3n superior\"}]},{\"@type\":\"WebSite\",\"@id\":\"https:\/\/www.ull.es\/portal\/noticias\/#website\",\"url\":\"https:\/\/www.ull.es\/portal\/noticias\/\",\"name\":\"ULL - Noticias\",\"description\":\"\",\"potentialAction\":[{\"@type\":\"SearchAction\",\"target\":{\"@type\":\"EntryPoint\",\"urlTemplate\":\"https:\/\/www.ull.es\/portal\/noticias\/?s={search_term_string}\"},\"query-input\":\"required name=search_term_string\"}],\"inLanguage\":\"es\"},{\"@type\":\"Person\",\"@id\":\"https:\/\/www.ull.es\/portal\/noticias\/#\/schema\/person\/c3b2aa857797592927a03740d6664376\",\"name\":\"prensa2\",\"image\":{\"@type\":\"ImageObject\",\"inLanguage\":\"es\",\"@id\":\"https:\/\/www.ull.es\/portal\/noticias\/#\/schema\/person\/image\/\",\"url\":\"https:\/\/secure.gravatar.com\/avatar\/b58f310a5de5feb33d1e026d2493f23c?s=96&d=mm&r=g\",\"contentUrl\":\"https:\/\/secure.gravatar.com\/avatar\/b58f310a5de5feb33d1e026d2493f23c?s=96&d=mm&r=g\",\"caption\":\"prensa2\"},\"url\":\"https:\/\/www.ull.es\/portal\/noticias\/author\/prensa2\/\"}]}<\/script>\n<!-- \/ Yoast SEO plugin. -->","yoast_head_json":{"title":"Las universidades p\u00fablicas canarias acuden a una feria en Finlandia","description":"La XXXI Conferencia Anual y la Feria de la Asociaci\u00f3n Europea para la Internacionalizaci\u00f3n de la Educaci\u00f3n (EAIE) que se celebran hasta el 27 de septiembre.","robots":{"index":"index","follow":"follow","max-snippet":"max-snippet:-1","max-image-preview":"max-image-preview:large","max-video-preview":"max-video-preview:-1"},"canonical":"https:\/\/www.ull.es\/portal\/noticias\/2019\/universidades-publicas-canarias-feria-finlandia\/","og_locale":"es_ES","og_type":"article","og_title":"Las universidades p\u00fablicas canarias acuden a una feria en Finlandia","og_description":"La XXXI Conferencia Anual y la Feria de la Asociaci\u00f3n Europea para la Internacionalizaci\u00f3n de la Educaci\u00f3n (EAIE) que se celebran hasta el 27 de septiembre.","og_url":"https:\/\/www.ull.es\/portal\/noticias\/2019\/universidades-publicas-canarias-feria-finlandia\/","og_site_name":"ULL - Noticias","article_publisher":"https:\/\/www.facebook.com\/universidaddelalaguna\/","article_published_time":"2019-09-26T10:02:18+00:00","og_image":[{"width":793,"height":536,"url":"https:\/\/www.ull.es\/portal\/noticias\/wp-content\/uploads\/sites\/13\/2019\/09\/feria-eaie-helsinki-recorte.jpg","type":"image\/jpeg"}],"author":"prensa2","twitter_card":"summary_large_image","twitter_creator":"@CanalULL","twitter_site":"@CanalULL","twitter_misc":{"Escrito por":"prensa2","Tiempo de lectura":"2 minutos"},"schema":{"@context":"https:\/\/schema.org","@graph":[{"@type":"WebPage","@id":"https:\/\/www.ull.es\/portal\/noticias\/2019\/universidades-publicas-canarias-feria-finlandia\/","url":"https:\/\/www.ull.es\/portal\/noticias\/2019\/universidades-publicas-canarias-feria-finlandia\/","name":"Las universidades p\u00fablicas canarias acuden a una feria en Finlandia","isPartOf":{"@id":"https:\/\/www.ull.es\/portal\/noticias\/#website"},"datePublished":"2019-09-26T10:02:18+00:00","dateModified":"2019-09-26T10:02:18+00:00","author":{"@id":"https:\/\/www.ull.es\/portal\/noticias\/#\/schema\/person\/c3b2aa857797592927a03740d6664376"},"description":"La XXXI Conferencia Anual y la Feria de la Asociaci\u00f3n Europea para la Internacionalizaci\u00f3n de la Educaci\u00f3n (EAIE) que se celebran hasta el 27 de septiembre.","breadcrumb":{"@id":"https:\/\/www.ull.es\/portal\/noticias\/2019\/universidades-publicas-canarias-feria-finlandia\/#breadcrumb"},"inLanguage":"es","potentialAction":[{"@type":"ReadAction","target":["https:\/\/www.ull.es\/portal\/noticias\/2019\/universidades-publicas-canarias-feria-finlandia\/"]}]},{"@type":"BreadcrumbList","@id":"https:\/\/www.ull.es\/portal\/noticias\/2019\/universidades-publicas-canarias-feria-finlandia\/#breadcrumb","itemListElement":[{"@type":"ListItem","position":1,"name":"Portada","item":"https:\/\/www.ull.es\/portal\/noticias\/"},{"@type":"ListItem","position":2,"name":"Las dos universidades p\u00fablicas canarias acuden en Finlandia a una feria de educaci\u00f3n superior"}]},{"@type":"WebSite","@id":"https:\/\/www.ull.es\/portal\/noticias\/#website","url":"https:\/\/www.ull.es\/portal\/noticias\/","name":"ULL - Noticias","description":"","potentialAction":[{"@type":"SearchAction","target":{"@type":"EntryPoint","urlTemplate":"https:\/\/www.ull.es\/portal\/noticias\/?s={search_term_string}"},"query-input":"required name=search_term_string"}],"inLanguage":"es"},{"@type":"Person","@id":"https:\/\/www.ull.es\/portal\/noticias\/#\/schema\/person\/c3b2aa857797592927a03740d6664376","name":"prensa2","image":{"@type":"ImageObject","inLanguage":"es","@id":"https:\/\/www.ull.es\/portal\/noticias\/#\/schema\/person\/image\/","url":"https:\/\/secure.gravatar.com\/avatar\/b58f310a5de5feb33d1e026d2493f23c?s=96&d=mm&r=g","contentUrl":"https:\/\/secure.gravatar.com\/avatar\/b58f310a5de5feb33d1e026d2493f23c?s=96&d=mm&r=g","caption":"prensa2"},"url":"https:\/\/www.ull.es\/portal\/noticias\/author\/prensa2\/"}]}},"primary_category":{"id":2765,"name":"Portada ULL","slug":"portada-ull","link":"https:\/\/www.ull.es\/portal\/noticias\/category\/portada-ull\/"},"featured_image_thumbnail_url":"https:\/\/www.ull.es\/portal\/noticias\/wp-content\/uploads\/sites\/13\/2019\/09\/feria-eaie-helsinki-recorte-300x203.jpg","_links":{"self":[{"href":"https:\/\/www.ull.es\/portal\/noticias\/wp-json\/wp\/v2\/posts\/46583"}],"collection":[{"href":"https:\/\/www.ull.es\/portal\/noticias\/wp-json\/wp\/v2\/posts"}],"about":[{"href":"https:\/\/www.ull.es\/portal\/noticias\/wp-json\/wp\/v2\/types\/post"}],"author":[{"embeddable":true,"href":"https:\/\/www.ull.es\/portal\/noticias\/wp-json\/wp\/v2\/users\/21"}],"replies":[{"embeddable":true,"href":"https:\/\/www.ull.es\/portal\/noticias\/wp-json\/wp\/v2\/comments?post=46583"}],"version-history":[{"count":1,"href":"https:\/\/www.ull.es\/portal\/noticias\/wp-json\/wp\/v2\/posts\/46583\/revisions"}],"predecessor-version":[{"id":46588,"href":"https:\/\/www.ull.es\/portal\/noticias\/wp-json\/wp\/v2\/posts\/46583\/revisions\/46588"}],"wp:featuredmedia":[{"embeddable":true,"href":"https:\/\/www.ull.es\/portal\/noticias\/wp-json\/wp\/v2\/media\/46587"}],"wp:attachment":[{"href":"https:\/\/www.ull.es\/portal\/noticias\/wp-json\/wp\/v2\/media?parent=46583"}],"wp:term":[{"taxonomy":"category","embeddable":true,"href":"https:\/\/www.ull.es\/portal\/noticias\/wp-json\/wp\/v2\/categories?post=46583"},{"taxonomy":"post_tag","embeddable":true,"href":"https:\/\/www.ull.es\/portal\/noticias\/wp-json\/wp\/v2\/tags?post=46583"}],"curies":[{"name":"wp","href":"https:\/\/api.w.org\/{rel}","templated":true}]}}