{"id":46795,"date":"2019-10-07T14:40:14","date_gmt":"2019-10-07T14:40:14","guid":{"rendered":"https:\/\/www.ull.es\/portal\/noticias\/?p=46795"},"modified":"2019-10-07T16:56:52","modified_gmt":"2019-10-07T16:56:52","slug":"lexprimeros-ministros-cabo-verde-canarias","status":"publish","type":"post","link":"https:\/\/www.ull.es\/portal\/noticias\/2019\/lexprimeros-ministros-cabo-verde-canarias\/","title":{"rendered":"Los exmandatarios de Cabo Verde y Canarias reflexionan acerca del futuro de la Macaronesia"},"content":{"rendered":"<p>El exprimer ministro de Cabo Verde y el expresidente del Gobierno de Canarias, Jose Maria Nieves (2001-2016) y Paulino Rivero (2007-2015), mantuvieron hoy, 7 de octubre, un debate acerca del futuro de la Macaronesia dentro del contexto del Campus Global que celebran las universidades de la Laguna y Cabo Verde durante toda la semana en Praia. Al encuentro acudieron las dos rectoras y tambi\u00e9n la embajadora de Espa\u00f1a en el pa\u00eds africano.<\/p>\n<p>Los dos ponentes fueron impulsores de la idea de la Uni\u00f3n de la Macaronesia, asunto por el cual fueron invitados a reflexionar sobre el devenir de esta regi\u00f3n. \u201cTenemos elementos hist\u00f3ricos e institucionales en com\u00fan y un futuro extraordinariamente importante\u201d, se\u00f1al\u00f3 Nieves. \u201cHa llegado el momento de dar un paso m\u00e1s\u201d, sostuvo Rivero, quien cree que, indiscutiblemente, quien tiene que fomentar la cohesi\u00f3n de esta regi\u00f3n debe ser Cabo Verde, dado que estamos frente a un pa\u00eds ante un conjunto de archipi\u00e9lagos.<\/p>\n<p>Rivero record\u00f3 que el estatus especial de regi\u00f3n ultraperif\u00e9rica a esta zona del mundo por parte de la Uni\u00f3n Europea supone un tratamiento espec\u00edfico para estos archipi\u00e9lagos. \u201cNos toca seguir construyendo esa realidad. Y nada se podr\u00e1 hacer si no hay comunicaci\u00f3n, incluida la movilidad para permitir una conectividad interior\u201d. Para el exmandatario canario, el primer trabajo es conseguir una movilidad interior dentro del propio Cabo Verde que permita una mayor cohesi\u00f3n y conocimiento entre los isle\u00f1os de las propias islas caboverdianas.<\/p>\n<p>Relat\u00f3 que las matem\u00e1ticas parlamentarias permitieron que Canarias ganara la batalla de las subvenciones al transporte, a cambio del voto favorable a determinadas iniciativas. En el caso de Cabo Verde, se hace preciso que la UE financie la accesibilidad entre las islas del pa\u00eds, lo que para Europa apenas se trata de una \u00ednfima cantidad de dinero, sostuvo Rivero. \u201cEsto supondr\u00eda pasar del romanticismo a los hechos\u201d.<\/p>\n<p>Por su parte, Nieves agreg\u00f3 que con los fondos Interreg la cooperaci\u00f3n entre los dos archipi\u00e9lagos se ha ido incrementando, generando una complicidad que no tuvieron con los otros archipi\u00e9lagos vecinos. Nieves se\u00f1al\u00f3 que en Rivero siempre encontr\u00f3 un \u201centusiasta colaborador\u201d y tambi\u00e9n apunt\u00f3 que, mientras los territorios de ultramar franceses apenas cuentan con capacidad de acci\u00f3n, las regiones macaron\u00e9sicas gozan de mayor autonom\u00eda.<\/p>\n<p>La constituci\u00f3n de la Uni\u00f3n de la Macaronesia en 2007 fue inteligentemente creada por la Uni\u00f3n Europea, temerosa de que otras regiones ultraperif\u00e9ricas pudieran verse minusvaloradas, record\u00f3 Rivero. \u201cCreo que no hemos valorado la importancia de estas regiones\u201d, sostuvo sobre cuatro territorios que, si bien cuantitativamente resultan insignificantes con apenas tres millones y medio de habitantes, \u201cs\u00ed lo son cualitativamente, debido al enclave geoestrat\u00e9gico en el que nos encontramos\u201d.<\/p>\n<p>Por otro lado, la Uni\u00f3n Europea busca plataformas que sean una referencia para el continente africano de lo que significan los territorios desarrollados. Y, en ese contexto, Cabo Verde juega un papel determinante frente a su continente vecino como sociedad estructurada y desarrollada, un modelo que puede seguirse.<\/p>\n<p>\u201cNo podemos seguir sin un plan de acci\u00f3n con medidas espec\u00edficas para valorar este entendimiento de pertenencia a una misma regi\u00f3n, y eso solo se consigue cuando se aprecia que la sanidad o la educaci\u00f3n mejoran estando juntos, por ejemplo\u201d, indic\u00f3 Paulino Rivero. Su hom\u00f3logo caboverdiano considera que estamos ante un escenario complejo y apunta que tambi\u00e9n que no hay otra alternativa. \u201cTenemos que trabajar los cuatro archipi\u00e9lagos juntos, con el apoyo de la Uni\u00f3n Europea y de los organismos multilaterales\u201d.<\/p>\n<p>Tambi\u00e9n ser\u00eda sensato buscar el apoyo de la UE para que apoye la conexi\u00f3n entre Canarias y Cabo Verde, adelant\u00f3 Nieves. \u201cTenemos un camino enorme por recorrer para garantizar el crecimiento y la competitividad como regi\u00f3n, aunque debemos ir paso a paso en este ambicioso sue\u00f1o\u201d.<\/p>\n<p>Finalmente, el expresidente del Gobierno de Canarias se\u00f1al\u00f3 que hay que apostar m\u00e1s claramente por la cohesi\u00f3n de la regi\u00f3n, que pasa tambi\u00e9n por fortalecer las relaciones entre Canarias y Cabo Verde, en primer t\u00e9rmino, para luego expandirlo al resto. \u201cAunque compartimos cosas con los otros archipi\u00e9lagos, son diferentes\u201d. Tanto uno como otro indicaron que acciones impulsadas como estas desde las dos universidades son muy destacables. \u201cHay que propiciar encuentros entre la sociedad civil y el futuro pasa por la suma de intereses en la regi\u00f3n. La propia UE est\u00e1 a favor de esta cohesi\u00f3n territorial y, de hecho, las directrices europeas nos animan a avanzar en ese camino de cooperaci\u00f3n regional\u201d.<\/p>\n","protected":false},"excerpt":{"rendered":"<p>El exprimer ministro de Cabo Verde y el expresidente del Gobierno de Canarias, Jose Maria Nieves (2001-2016) y Paulino Rivero&#8230;<\/p>\n","protected":false},"author":21,"featured_media":46796,"comment_status":"closed","ping_status":"closed","sticky":false,"template":"","format":"standard","meta":{"inline_featured_image":false,"footnotes":""},"categories":[345,348,349,2765],"tags":[5975,1788,5967,2067],"acf":[],"yoast_head":"<!-- This site is optimized with the Yoast SEO plugin v21.3 - https:\/\/yoast.com\/wordpress\/plugins\/seo\/ -->\n<title>Los exprimeros ministros de Cabo Verde y Canarias mantienen un di\u00e1logo<\/title>\n<meta name=\"description\" content=\"Jose Maria Nieves y Paulino Rivero debatieron el futuro de la Macaronesia dentro del Campus Global que celebran las universidades de la Laguna y Cabo Verde.\" \/>\n<meta name=\"robots\" content=\"index, follow, max-snippet:-1, max-image-preview:large, max-video-preview:-1\" \/>\n<link rel=\"canonical\" href=\"https:\/\/www.ull.es\/portal\/noticias\/2019\/lexprimeros-ministros-cabo-verde-canarias\/\" \/>\n<meta property=\"og:locale\" content=\"es_ES\" \/>\n<meta property=\"og:type\" content=\"article\" \/>\n<meta property=\"og:title\" content=\"Los exprimeros ministros de Cabo Verde y Canarias mantienen un di\u00e1logo\" \/>\n<meta property=\"og:description\" content=\"Jose Maria Nieves y Paulino Rivero debatieron el futuro de la Macaronesia dentro del Campus Global que celebran las universidades de la Laguna y Cabo Verde.\" \/>\n<meta property=\"og:url\" content=\"https:\/\/www.ull.es\/portal\/noticias\/2019\/lexprimeros-ministros-cabo-verde-canarias\/\" \/>\n<meta property=\"og:site_name\" content=\"ULL - Noticias\" \/>\n<meta property=\"article:publisher\" content=\"https:\/\/www.facebook.com\/universidaddelalaguna\/\" \/>\n<meta property=\"article:published_time\" content=\"2019-10-07T14:40:14+00:00\" \/>\n<meta property=\"article:modified_time\" content=\"2019-10-07T16:56:52+00:00\" \/>\n<meta property=\"og:image\" content=\"https:\/\/www.ull.es\/portal\/noticias\/wp-content\/uploads\/sites\/13\/2019\/10\/MACARONESIA-CAMPUS-GLOBAL-NIEVES-RIVERO.jpg\" \/>\n\t<meta property=\"og:image:width\" content=\"1200\" \/>\n\t<meta property=\"og:image:height\" content=\"800\" \/>\n\t<meta property=\"og:image:type\" content=\"image\/jpeg\" \/>\n<meta name=\"author\" content=\"prensa2\" \/>\n<meta name=\"twitter:card\" content=\"summary_large_image\" \/>\n<meta name=\"twitter:creator\" content=\"@CanalULL\" \/>\n<meta name=\"twitter:site\" content=\"@CanalULL\" \/>\n<meta name=\"twitter:label1\" content=\"Escrito por\" \/>\n\t<meta name=\"twitter:data1\" content=\"prensa2\" \/>\n\t<meta name=\"twitter:label2\" content=\"Tiempo de lectura\" \/>\n\t<meta name=\"twitter:data2\" content=\"4 minutos\" \/>\n<script type=\"application\/ld+json\" class=\"yoast-schema-graph\">{\"@context\":\"https:\/\/schema.org\",\"@graph\":[{\"@type\":\"WebPage\",\"@id\":\"https:\/\/www.ull.es\/portal\/noticias\/2019\/lexprimeros-ministros-cabo-verde-canarias\/\",\"url\":\"https:\/\/www.ull.es\/portal\/noticias\/2019\/lexprimeros-ministros-cabo-verde-canarias\/\",\"name\":\"Los exprimeros ministros de Cabo Verde y Canarias mantienen un di\u00e1logo\",\"isPartOf\":{\"@id\":\"https:\/\/www.ull.es\/portal\/noticias\/#website\"},\"datePublished\":\"2019-10-07T14:40:14+00:00\",\"dateModified\":\"2019-10-07T16:56:52+00:00\",\"author\":{\"@id\":\"https:\/\/www.ull.es\/portal\/noticias\/#\/schema\/person\/c3b2aa857797592927a03740d6664376\"},\"description\":\"Jose Maria Nieves y Paulino Rivero debatieron el futuro de la Macaronesia dentro del Campus Global que celebran las universidades de la Laguna y Cabo Verde.\",\"breadcrumb\":{\"@id\":\"https:\/\/www.ull.es\/portal\/noticias\/2019\/lexprimeros-ministros-cabo-verde-canarias\/#breadcrumb\"},\"inLanguage\":\"es\",\"potentialAction\":[{\"@type\":\"ReadAction\",\"target\":[\"https:\/\/www.ull.es\/portal\/noticias\/2019\/lexprimeros-ministros-cabo-verde-canarias\/\"]}]},{\"@type\":\"BreadcrumbList\",\"@id\":\"https:\/\/www.ull.es\/portal\/noticias\/2019\/lexprimeros-ministros-cabo-verde-canarias\/#breadcrumb\",\"itemListElement\":[{\"@type\":\"ListItem\",\"position\":1,\"name\":\"Portada\",\"item\":\"https:\/\/www.ull.es\/portal\/noticias\/\"},{\"@type\":\"ListItem\",\"position\":2,\"name\":\"Los exmandatarios de Cabo Verde y Canarias reflexionan acerca del futuro de la Macaronesia\"}]},{\"@type\":\"WebSite\",\"@id\":\"https:\/\/www.ull.es\/portal\/noticias\/#website\",\"url\":\"https:\/\/www.ull.es\/portal\/noticias\/\",\"name\":\"ULL - Noticias\",\"description\":\"\",\"potentialAction\":[{\"@type\":\"SearchAction\",\"target\":{\"@type\":\"EntryPoint\",\"urlTemplate\":\"https:\/\/www.ull.es\/portal\/noticias\/?s={search_term_string}\"},\"query-input\":\"required name=search_term_string\"}],\"inLanguage\":\"es\"},{\"@type\":\"Person\",\"@id\":\"https:\/\/www.ull.es\/portal\/noticias\/#\/schema\/person\/c3b2aa857797592927a03740d6664376\",\"name\":\"prensa2\",\"image\":{\"@type\":\"ImageObject\",\"inLanguage\":\"es\",\"@id\":\"https:\/\/www.ull.es\/portal\/noticias\/#\/schema\/person\/image\/\",\"url\":\"https:\/\/secure.gravatar.com\/avatar\/b58f310a5de5feb33d1e026d2493f23c?s=96&d=mm&r=g\",\"contentUrl\":\"https:\/\/secure.gravatar.com\/avatar\/b58f310a5de5feb33d1e026d2493f23c?s=96&d=mm&r=g\",\"caption\":\"prensa2\"},\"url\":\"https:\/\/www.ull.es\/portal\/noticias\/author\/prensa2\/\"}]}<\/script>\n<!-- \/ Yoast SEO plugin. -->","yoast_head_json":{"title":"Los exprimeros ministros de Cabo Verde y Canarias mantienen un di\u00e1logo","description":"Jose Maria Nieves y Paulino Rivero debatieron el futuro de la Macaronesia dentro del Campus Global que celebran las universidades de la Laguna y Cabo Verde.","robots":{"index":"index","follow":"follow","max-snippet":"max-snippet:-1","max-image-preview":"max-image-preview:large","max-video-preview":"max-video-preview:-1"},"canonical":"https:\/\/www.ull.es\/portal\/noticias\/2019\/lexprimeros-ministros-cabo-verde-canarias\/","og_locale":"es_ES","og_type":"article","og_title":"Los exprimeros ministros de Cabo Verde y Canarias mantienen un di\u00e1logo","og_description":"Jose Maria Nieves y Paulino Rivero debatieron el futuro de la Macaronesia dentro del Campus Global que celebran las universidades de la Laguna y Cabo Verde.","og_url":"https:\/\/www.ull.es\/portal\/noticias\/2019\/lexprimeros-ministros-cabo-verde-canarias\/","og_site_name":"ULL - Noticias","article_publisher":"https:\/\/www.facebook.com\/universidaddelalaguna\/","article_published_time":"2019-10-07T14:40:14+00:00","article_modified_time":"2019-10-07T16:56:52+00:00","og_image":[{"width":1200,"height":800,"url":"https:\/\/www.ull.es\/portal\/noticias\/wp-content\/uploads\/sites\/13\/2019\/10\/MACARONESIA-CAMPUS-GLOBAL-NIEVES-RIVERO.jpg","type":"image\/jpeg"}],"author":"prensa2","twitter_card":"summary_large_image","twitter_creator":"@CanalULL","twitter_site":"@CanalULL","twitter_misc":{"Escrito por":"prensa2","Tiempo de lectura":"4 minutos"},"schema":{"@context":"https:\/\/schema.org","@graph":[{"@type":"WebPage","@id":"https:\/\/www.ull.es\/portal\/noticias\/2019\/lexprimeros-ministros-cabo-verde-canarias\/","url":"https:\/\/www.ull.es\/portal\/noticias\/2019\/lexprimeros-ministros-cabo-verde-canarias\/","name":"Los exprimeros ministros de Cabo Verde y Canarias mantienen un di\u00e1logo","isPartOf":{"@id":"https:\/\/www.ull.es\/portal\/noticias\/#website"},"datePublished":"2019-10-07T14:40:14+00:00","dateModified":"2019-10-07T16:56:52+00:00","author":{"@id":"https:\/\/www.ull.es\/portal\/noticias\/#\/schema\/person\/c3b2aa857797592927a03740d6664376"},"description":"Jose Maria Nieves y Paulino Rivero debatieron el futuro de la Macaronesia dentro del Campus Global que celebran las universidades de la Laguna y Cabo Verde.","breadcrumb":{"@id":"https:\/\/www.ull.es\/portal\/noticias\/2019\/lexprimeros-ministros-cabo-verde-canarias\/#breadcrumb"},"inLanguage":"es","potentialAction":[{"@type":"ReadAction","target":["https:\/\/www.ull.es\/portal\/noticias\/2019\/lexprimeros-ministros-cabo-verde-canarias\/"]}]},{"@type":"BreadcrumbList","@id":"https:\/\/www.ull.es\/portal\/noticias\/2019\/lexprimeros-ministros-cabo-verde-canarias\/#breadcrumb","itemListElement":[{"@type":"ListItem","position":1,"name":"Portada","item":"https:\/\/www.ull.es\/portal\/noticias\/"},{"@type":"ListItem","position":2,"name":"Los exmandatarios de Cabo Verde y Canarias reflexionan acerca del futuro de la Macaronesia"}]},{"@type":"WebSite","@id":"https:\/\/www.ull.es\/portal\/noticias\/#website","url":"https:\/\/www.ull.es\/portal\/noticias\/","name":"ULL - Noticias","description":"","potentialAction":[{"@type":"SearchAction","target":{"@type":"EntryPoint","urlTemplate":"https:\/\/www.ull.es\/portal\/noticias\/?s={search_term_string}"},"query-input":"required name=search_term_string"}],"inLanguage":"es"},{"@type":"Person","@id":"https:\/\/www.ull.es\/portal\/noticias\/#\/schema\/person\/c3b2aa857797592927a03740d6664376","name":"prensa2","image":{"@type":"ImageObject","inLanguage":"es","@id":"https:\/\/www.ull.es\/portal\/noticias\/#\/schema\/person\/image\/","url":"https:\/\/secure.gravatar.com\/avatar\/b58f310a5de5feb33d1e026d2493f23c?s=96&d=mm&r=g","contentUrl":"https:\/\/secure.gravatar.com\/avatar\/b58f310a5de5feb33d1e026d2493f23c?s=96&d=mm&r=g","caption":"prensa2"},"url":"https:\/\/www.ull.es\/portal\/noticias\/author\/prensa2\/"}]}},"primary_category":{"id":345,"name":"Destacado","slug":"destacado","link":"https:\/\/www.ull.es\/portal\/noticias\/category\/destacado\/"},"featured_image_thumbnail_url":"https:\/\/www.ull.es\/portal\/noticias\/wp-content\/uploads\/sites\/13\/2019\/10\/MACARONESIA-CAMPUS-GLOBAL-NIEVES-RIVERO-300x200.jpg","_links":{"self":[{"href":"https:\/\/www.ull.es\/portal\/noticias\/wp-json\/wp\/v2\/posts\/46795"}],"collection":[{"href":"https:\/\/www.ull.es\/portal\/noticias\/wp-json\/wp\/v2\/posts"}],"about":[{"href":"https:\/\/www.ull.es\/portal\/noticias\/wp-json\/wp\/v2\/types\/post"}],"author":[{"embeddable":true,"href":"https:\/\/www.ull.es\/portal\/noticias\/wp-json\/wp\/v2\/users\/21"}],"replies":[{"embeddable":true,"href":"https:\/\/www.ull.es\/portal\/noticias\/wp-json\/wp\/v2\/comments?post=46795"}],"version-history":[{"count":3,"href":"https:\/\/www.ull.es\/portal\/noticias\/wp-json\/wp\/v2\/posts\/46795\/revisions"}],"predecessor-version":[{"id":46799,"href":"https:\/\/www.ull.es\/portal\/noticias\/wp-json\/wp\/v2\/posts\/46795\/revisions\/46799"}],"wp:featuredmedia":[{"embeddable":true,"href":"https:\/\/www.ull.es\/portal\/noticias\/wp-json\/wp\/v2\/media\/46796"}],"wp:attachment":[{"href":"https:\/\/www.ull.es\/portal\/noticias\/wp-json\/wp\/v2\/media?parent=46795"}],"wp:term":[{"taxonomy":"category","embeddable":true,"href":"https:\/\/www.ull.es\/portal\/noticias\/wp-json\/wp\/v2\/categories?post=46795"},{"taxonomy":"post_tag","embeddable":true,"href":"https:\/\/www.ull.es\/portal\/noticias\/wp-json\/wp\/v2\/tags?post=46795"}],"curies":[{"name":"wp","href":"https:\/\/api.w.org\/{rel}","templated":true}]}}