{"id":47003,"date":"2019-10-17T08:03:11","date_gmt":"2019-10-17T08:03:11","guid":{"rendered":"https:\/\/www.ull.es\/portal\/noticias\/?p=47003"},"modified":"2019-10-17T08:24:12","modified_gmt":"2019-10-17T08:24:12","slug":"comienza-el-sexto-curso-de-especialista-en-gestion-enoturistica-y-analisis-sensorial-de-vinos-de-la-universidad-de-la-laguna","status":"publish","type":"post","link":"https:\/\/www.ull.es\/portal\/noticias\/2019\/comienza-el-sexto-curso-de-especialista-en-gestion-enoturistica-y-analisis-sensorial-de-vinos-de-la-universidad-de-la-laguna\/","title":{"rendered":"Comienza el sexto Curso de Especialista en Gesti\u00f3n Enotur\u00edstica y An\u00e1lisis Sensorial de Vinos de la Universidad de La Laguna"},"content":{"rendered":"\n<p>El director gerente de la Fundaci\u00f3n General de la Universidad de La Laguna, Juan Diego Betancort, y el subdirector de la C\u00e1tedra de Agroturismo y Enoturismo de Canarias de la instituci\u00f3n acad\u00e9mica, Gabriel Santos, han presentado  la sexta edici\u00f3n del Curso de Especialista en Gesti\u00f3n Enotur\u00edstica y An\u00e1lisis Sensorial de Vinos. La presentaci\u00f3n cont\u00f3 adem\u00e1s con la presencia de las concejalas del sector primario de los ayuntamientos de Candelaria, y Santa \u00darsula, Maeva Tendero, y Janira Guti\u00e9rrez.&nbsp;<\/p>\n\n\n\n<p>Bentancort destac\u00f3 la consolidaci\u00f3n de esta acci\u00f3n formativa que proporciona al alumnado los conocimientos y competencias necesarias para el desarrollo del trabajo en el sector vitivin\u00edcola, en su vinculaci\u00f3n con el turismo a trav\u00e9s de la actividad enotur\u00edstica.\u00a0<\/p>\n\n\n\n<p>Por su parte, el subdirector de la C\u00e1tedra, Gabriel Santos, ha comentado la fragmentaci\u00f3n del programa de esta edici\u00f3n que comienza el pr\u00f3ximo lunes 21 de octubre y finaliza el 27 de marzo del 2020, en dos partes. Esta edici\u00f3n se divide en dos m\u00f3dulos semipresenciales de viticultura y enolog\u00eda, y gesti\u00f3n enotur\u00edstica, y un m\u00f3dulo presencial de an\u00e1lisis sensorial de vinos, que tendr\u00e1 dos niveles, iniciaci\u00f3n y avanzado. Adem\u00e1s, contar\u00e1 con cuatro sedes para su celebraci\u00f3n simultanea seg\u00fan el nivel, para iniciaci\u00f3n las sedes ser\u00e1n la Casona de San Luis en Santa \u00darsula, y el Centro Tecnol\u00f3gico en Candelaria, y para el nivel avanzado ser\u00e1 la Casa del Vino de Gran Canaria, y el propio aulario de la Fundaci\u00f3n universitaria.<\/p>\n\n\n\n<p>Santos ha desvelado durante la presentaci\u00f3n, la participaci\u00f3n dentro del programa acad\u00e9mico del en\u00f3logo Antonio Ma\u00e7anita, reconocido en 2017 como mejor en\u00f3logo de Portugal por la revista Pasi\u00f3n del Vino, y como productor revelaci\u00f3n del a\u00f1o por la Wine Magazine.  Ma\u00e7anita  lleva m\u00e1s de una d\u00e9cada en Vinos Fitapreta en el Alentejo, promovi\u00f3 la Azores Wine Company, y es cotitular del proyecto Ma\u00e7anita en el Douro junto a su hermana Joana Ma\u00e7anita, tambi\u00e9n en\u00f3loga.\u00a0\u00a0<\/p>\n\n\n\n<p>Adem\u00e1s, se incorpora a la programaci\u00f3n acad\u00e9mica, una serie de sesiones y talleres paralelos en las islas de Lanzarote, La Palma y El Hierro con el fin de seguir capacitando al alumnado con acciones formativas concretas y claves para el sector vitivin\u00edcola y enotur\u00edstico que la demanda.<\/p>\n\n\n\n<p>El curso cuenta con la colaboraci\u00f3n institucional del Gobierno de Canaria a trav\u00e9s del Instituto Canario de Calidad Agroalimentaria, el Cabildo de Tenerife, y la Fundaci\u00f3n Cajamar de Canarias, adem\u00e1s de la colaboraci\u00f3n de los cabildos de Lanzarote, La Palma, y Gran Canaria, los ayuntamientos de Candelaria, Garaf\u00eda, La Frontera, Santa \u00darsula, y Tegueste; y los once consejos reguladores de las Denominaciones de Origen de Vinos del archipi\u00e9lago canario. La matr\u00edcula seguir\u00e1 abierta en cada uno de los m\u00f3dulos hasta el 30 de noviembre, a trav\u00e9s de <a href=\"http:\/\/www.gestionenoturistica.com\" target=\"_blank\" rel=\"noopener\">esta web<\/a>. <\/p>\n\n\n\n<p>La direcci\u00f3n acad\u00e9mica de este curso reconocer\u00e1 con tres becas de viaje a los mejores expedientes acad\u00e9micos que concluyan el curso completo en la edici\u00f3n 2019\/2020 para que puedan realizar un stage pr\u00e1ctico en bodegas de Canarias y Azores, con el fin de seguir apoyando en su rendimiento acad\u00e9mico y profesional.&nbsp;<br><\/p>\n","protected":false},"excerpt":{"rendered":"<p>El director gerente de la Fundaci\u00f3n General de la Universidad de La Laguna, Juan Diego Betancort, y el subdirector de&#8230;<\/p>\n","protected":false},"author":65,"featured_media":47004,"comment_status":"closed","ping_status":"closed","sticky":false,"template":"","format":"standard","meta":{"inline_featured_image":false,"footnotes":""},"categories":[4987,345,348,2765],"tags":[5290,5662,1143,6001],"acf":[],"yoast_head":"<!-- This site is optimized with the Yoast SEO plugin v21.3 - https:\/\/yoast.com\/wordpress\/plugins\/seo\/ -->\n<title>Comienza el sexto Curso de Especialista en Gesti\u00f3n Enotur\u00edstica y An\u00e1lisis Sensorial de Vinos de la Universidad de La Laguna - ULL - Noticias<\/title>\n<meta name=\"robots\" content=\"index, follow, max-snippet:-1, max-image-preview:large, max-video-preview:-1\" \/>\n<link rel=\"canonical\" href=\"https:\/\/www.ull.es\/portal\/noticias\/2019\/comienza-el-sexto-curso-de-especialista-en-gestion-enoturistica-y-analisis-sensorial-de-vinos-de-la-universidad-de-la-laguna\/\" \/>\n<meta property=\"og:locale\" content=\"es_ES\" \/>\n<meta property=\"og:type\" content=\"article\" \/>\n<meta property=\"og:title\" content=\"Comienza el sexto Curso de Especialista en Gesti\u00f3n Enotur\u00edstica y An\u00e1lisis Sensorial de Vinos de la Universidad de La Laguna - ULL - Noticias\" \/>\n<meta property=\"og:description\" content=\"El director gerente de la Fundaci\u00f3n General de la Universidad de La Laguna, Juan Diego Betancort, y el subdirector de...\" \/>\n<meta property=\"og:url\" content=\"https:\/\/www.ull.es\/portal\/noticias\/2019\/comienza-el-sexto-curso-de-especialista-en-gestion-enoturistica-y-analisis-sensorial-de-vinos-de-la-universidad-de-la-laguna\/\" \/>\n<meta property=\"og:site_name\" content=\"ULL - Noticias\" \/>\n<meta property=\"article:publisher\" content=\"https:\/\/www.facebook.com\/universidaddelalaguna\/\" \/>\n<meta property=\"article:published_time\" content=\"2019-10-17T08:03:11+00:00\" \/>\n<meta property=\"article:modified_time\" content=\"2019-10-17T08:24:12+00:00\" \/>\n<meta property=\"og:image\" content=\"https:\/\/www.ull.es\/portal\/noticias\/wp-content\/uploads\/sites\/13\/2019\/10\/enoturismo.jpg\" \/>\n\t<meta property=\"og:image:width\" content=\"1200\" \/>\n\t<meta property=\"og:image:height\" content=\"800\" \/>\n\t<meta property=\"og:image:type\" content=\"image\/jpeg\" \/>\n<meta name=\"author\" content=\"gcom4\" \/>\n<meta name=\"twitter:card\" content=\"summary_large_image\" \/>\n<meta name=\"twitter:creator\" content=\"@CanalULL\" \/>\n<meta name=\"twitter:site\" content=\"@CanalULL\" \/>\n<meta name=\"twitter:label1\" content=\"Escrito por\" \/>\n\t<meta name=\"twitter:data1\" content=\"gcom4\" \/>\n\t<meta name=\"twitter:label2\" content=\"Tiempo de lectura\" \/>\n\t<meta name=\"twitter:data2\" content=\"3 minutos\" \/>\n<script type=\"application\/ld+json\" class=\"yoast-schema-graph\">{\"@context\":\"https:\/\/schema.org\",\"@graph\":[{\"@type\":\"WebPage\",\"@id\":\"https:\/\/www.ull.es\/portal\/noticias\/2019\/comienza-el-sexto-curso-de-especialista-en-gestion-enoturistica-y-analisis-sensorial-de-vinos-de-la-universidad-de-la-laguna\/\",\"url\":\"https:\/\/www.ull.es\/portal\/noticias\/2019\/comienza-el-sexto-curso-de-especialista-en-gestion-enoturistica-y-analisis-sensorial-de-vinos-de-la-universidad-de-la-laguna\/\",\"name\":\"Comienza el sexto Curso de Especialista en Gesti\u00f3n Enotur\u00edstica y An\u00e1lisis Sensorial de Vinos de la Universidad de La Laguna - ULL - Noticias\",\"isPartOf\":{\"@id\":\"https:\/\/www.ull.es\/portal\/noticias\/#website\"},\"datePublished\":\"2019-10-17T08:03:11+00:00\",\"dateModified\":\"2019-10-17T08:24:12+00:00\",\"author\":{\"@id\":\"https:\/\/www.ull.es\/portal\/noticias\/#\/schema\/person\/9924518fb1ad37d4428e7b5d6f311773\"},\"breadcrumb\":{\"@id\":\"https:\/\/www.ull.es\/portal\/noticias\/2019\/comienza-el-sexto-curso-de-especialista-en-gestion-enoturistica-y-analisis-sensorial-de-vinos-de-la-universidad-de-la-laguna\/#breadcrumb\"},\"inLanguage\":\"es\",\"potentialAction\":[{\"@type\":\"ReadAction\",\"target\":[\"https:\/\/www.ull.es\/portal\/noticias\/2019\/comienza-el-sexto-curso-de-especialista-en-gestion-enoturistica-y-analisis-sensorial-de-vinos-de-la-universidad-de-la-laguna\/\"]}]},{\"@type\":\"BreadcrumbList\",\"@id\":\"https:\/\/www.ull.es\/portal\/noticias\/2019\/comienza-el-sexto-curso-de-especialista-en-gestion-enoturistica-y-analisis-sensorial-de-vinos-de-la-universidad-de-la-laguna\/#breadcrumb\",\"itemListElement\":[{\"@type\":\"ListItem\",\"position\":1,\"name\":\"Portada\",\"item\":\"https:\/\/www.ull.es\/portal\/noticias\/\"},{\"@type\":\"ListItem\",\"position\":2,\"name\":\"Comienza el sexto Curso de Especialista en Gesti\u00f3n Enotur\u00edstica y An\u00e1lisis Sensorial de Vinos de la Universidad de La Laguna\"}]},{\"@type\":\"WebSite\",\"@id\":\"https:\/\/www.ull.es\/portal\/noticias\/#website\",\"url\":\"https:\/\/www.ull.es\/portal\/noticias\/\",\"name\":\"ULL - Noticias\",\"description\":\"\",\"potentialAction\":[{\"@type\":\"SearchAction\",\"target\":{\"@type\":\"EntryPoint\",\"urlTemplate\":\"https:\/\/www.ull.es\/portal\/noticias\/?s={search_term_string}\"},\"query-input\":\"required name=search_term_string\"}],\"inLanguage\":\"es\"},{\"@type\":\"Person\",\"@id\":\"https:\/\/www.ull.es\/portal\/noticias\/#\/schema\/person\/9924518fb1ad37d4428e7b5d6f311773\",\"name\":\"gcom4\",\"image\":{\"@type\":\"ImageObject\",\"inLanguage\":\"es\",\"@id\":\"https:\/\/www.ull.es\/portal\/noticias\/#\/schema\/person\/image\/\",\"url\":\"https:\/\/secure.gravatar.com\/avatar\/a5d1f5573f10617ccfcc209aaf6aa7fb?s=96&d=mm&r=g\",\"contentUrl\":\"https:\/\/secure.gravatar.com\/avatar\/a5d1f5573f10617ccfcc209aaf6aa7fb?s=96&d=mm&r=g\",\"caption\":\"gcom4\"},\"url\":\"https:\/\/www.ull.es\/portal\/noticias\/author\/gcom4\/\"}]}<\/script>\n<!-- \/ Yoast SEO plugin. -->","yoast_head_json":{"title":"Comienza el sexto Curso de Especialista en Gesti\u00f3n Enotur\u00edstica y An\u00e1lisis Sensorial de Vinos de la Universidad de La Laguna - ULL - Noticias","robots":{"index":"index","follow":"follow","max-snippet":"max-snippet:-1","max-image-preview":"max-image-preview:large","max-video-preview":"max-video-preview:-1"},"canonical":"https:\/\/www.ull.es\/portal\/noticias\/2019\/comienza-el-sexto-curso-de-especialista-en-gestion-enoturistica-y-analisis-sensorial-de-vinos-de-la-universidad-de-la-laguna\/","og_locale":"es_ES","og_type":"article","og_title":"Comienza el sexto Curso de Especialista en Gesti\u00f3n Enotur\u00edstica y An\u00e1lisis Sensorial de Vinos de la Universidad de La Laguna - ULL - Noticias","og_description":"El director gerente de la Fundaci\u00f3n General de la Universidad de La Laguna, Juan Diego Betancort, y el subdirector de...","og_url":"https:\/\/www.ull.es\/portal\/noticias\/2019\/comienza-el-sexto-curso-de-especialista-en-gestion-enoturistica-y-analisis-sensorial-de-vinos-de-la-universidad-de-la-laguna\/","og_site_name":"ULL - Noticias","article_publisher":"https:\/\/www.facebook.com\/universidaddelalaguna\/","article_published_time":"2019-10-17T08:03:11+00:00","article_modified_time":"2019-10-17T08:24:12+00:00","og_image":[{"width":1200,"height":800,"url":"https:\/\/www.ull.es\/portal\/noticias\/wp-content\/uploads\/sites\/13\/2019\/10\/enoturismo.jpg","type":"image\/jpeg"}],"author":"gcom4","twitter_card":"summary_large_image","twitter_creator":"@CanalULL","twitter_site":"@CanalULL","twitter_misc":{"Escrito por":"gcom4","Tiempo de lectura":"3 minutos"},"schema":{"@context":"https:\/\/schema.org","@graph":[{"@type":"WebPage","@id":"https:\/\/www.ull.es\/portal\/noticias\/2019\/comienza-el-sexto-curso-de-especialista-en-gestion-enoturistica-y-analisis-sensorial-de-vinos-de-la-universidad-de-la-laguna\/","url":"https:\/\/www.ull.es\/portal\/noticias\/2019\/comienza-el-sexto-curso-de-especialista-en-gestion-enoturistica-y-analisis-sensorial-de-vinos-de-la-universidad-de-la-laguna\/","name":"Comienza el sexto Curso de Especialista en Gesti\u00f3n Enotur\u00edstica y An\u00e1lisis Sensorial de Vinos de la Universidad de La Laguna - ULL - Noticias","isPartOf":{"@id":"https:\/\/www.ull.es\/portal\/noticias\/#website"},"datePublished":"2019-10-17T08:03:11+00:00","dateModified":"2019-10-17T08:24:12+00:00","author":{"@id":"https:\/\/www.ull.es\/portal\/noticias\/#\/schema\/person\/9924518fb1ad37d4428e7b5d6f311773"},"breadcrumb":{"@id":"https:\/\/www.ull.es\/portal\/noticias\/2019\/comienza-el-sexto-curso-de-especialista-en-gestion-enoturistica-y-analisis-sensorial-de-vinos-de-la-universidad-de-la-laguna\/#breadcrumb"},"inLanguage":"es","potentialAction":[{"@type":"ReadAction","target":["https:\/\/www.ull.es\/portal\/noticias\/2019\/comienza-el-sexto-curso-de-especialista-en-gestion-enoturistica-y-analisis-sensorial-de-vinos-de-la-universidad-de-la-laguna\/"]}]},{"@type":"BreadcrumbList","@id":"https:\/\/www.ull.es\/portal\/noticias\/2019\/comienza-el-sexto-curso-de-especialista-en-gestion-enoturistica-y-analisis-sensorial-de-vinos-de-la-universidad-de-la-laguna\/#breadcrumb","itemListElement":[{"@type":"ListItem","position":1,"name":"Portada","item":"https:\/\/www.ull.es\/portal\/noticias\/"},{"@type":"ListItem","position":2,"name":"Comienza el sexto Curso de Especialista en Gesti\u00f3n Enotur\u00edstica y An\u00e1lisis Sensorial de Vinos de la Universidad de La Laguna"}]},{"@type":"WebSite","@id":"https:\/\/www.ull.es\/portal\/noticias\/#website","url":"https:\/\/www.ull.es\/portal\/noticias\/","name":"ULL - Noticias","description":"","potentialAction":[{"@type":"SearchAction","target":{"@type":"EntryPoint","urlTemplate":"https:\/\/www.ull.es\/portal\/noticias\/?s={search_term_string}"},"query-input":"required name=search_term_string"}],"inLanguage":"es"},{"@type":"Person","@id":"https:\/\/www.ull.es\/portal\/noticias\/#\/schema\/person\/9924518fb1ad37d4428e7b5d6f311773","name":"gcom4","image":{"@type":"ImageObject","inLanguage":"es","@id":"https:\/\/www.ull.es\/portal\/noticias\/#\/schema\/person\/image\/","url":"https:\/\/secure.gravatar.com\/avatar\/a5d1f5573f10617ccfcc209aaf6aa7fb?s=96&d=mm&r=g","contentUrl":"https:\/\/secure.gravatar.com\/avatar\/a5d1f5573f10617ccfcc209aaf6aa7fb?s=96&d=mm&r=g","caption":"gcom4"},"url":"https:\/\/www.ull.es\/portal\/noticias\/author\/gcom4\/"}]}},"primary_category":{"id":2765,"name":"Portada ULL","slug":"portada-ull","link":"https:\/\/www.ull.es\/portal\/noticias\/category\/portada-ull\/"},"featured_image_thumbnail_url":"https:\/\/www.ull.es\/portal\/noticias\/wp-content\/uploads\/sites\/13\/2019\/10\/enoturismo-300x200.jpg","_links":{"self":[{"href":"https:\/\/www.ull.es\/portal\/noticias\/wp-json\/wp\/v2\/posts\/47003"}],"collection":[{"href":"https:\/\/www.ull.es\/portal\/noticias\/wp-json\/wp\/v2\/posts"}],"about":[{"href":"https:\/\/www.ull.es\/portal\/noticias\/wp-json\/wp\/v2\/types\/post"}],"author":[{"embeddable":true,"href":"https:\/\/www.ull.es\/portal\/noticias\/wp-json\/wp\/v2\/users\/65"}],"replies":[{"embeddable":true,"href":"https:\/\/www.ull.es\/portal\/noticias\/wp-json\/wp\/v2\/comments?post=47003"}],"version-history":[{"count":2,"href":"https:\/\/www.ull.es\/portal\/noticias\/wp-json\/wp\/v2\/posts\/47003\/revisions"}],"predecessor-version":[{"id":47007,"href":"https:\/\/www.ull.es\/portal\/noticias\/wp-json\/wp\/v2\/posts\/47003\/revisions\/47007"}],"wp:featuredmedia":[{"embeddable":true,"href":"https:\/\/www.ull.es\/portal\/noticias\/wp-json\/wp\/v2\/media\/47004"}],"wp:attachment":[{"href":"https:\/\/www.ull.es\/portal\/noticias\/wp-json\/wp\/v2\/media?parent=47003"}],"wp:term":[{"taxonomy":"category","embeddable":true,"href":"https:\/\/www.ull.es\/portal\/noticias\/wp-json\/wp\/v2\/categories?post=47003"},{"taxonomy":"post_tag","embeddable":true,"href":"https:\/\/www.ull.es\/portal\/noticias\/wp-json\/wp\/v2\/tags?post=47003"}],"curies":[{"name":"wp","href":"https:\/\/api.w.org\/{rel}","templated":true}]}}