{"id":47261,"date":"2019-10-28T15:07:45","date_gmt":"2019-10-28T15:07:45","guid":{"rendered":"https:\/\/www.ull.es\/portal\/noticias\/?p=47261"},"modified":"2019-10-28T15:07:45","modified_gmt":"2019-10-28T15:07:45","slug":"rodriguez-abad-biblioteca-los-silos","status":"publish","type":"post","link":"https:\/\/www.ull.es\/portal\/noticias\/2019\/rodriguez-abad-biblioteca-los-silos\/","title":{"rendered":"La biblioteca p\u00fablica municipal de Los Silos recibe el nombre del profesor de la ULL Ernesto Rodr\u00edguez Abad"},"content":{"rendered":"<p>El patio del Antiguo Convento de San Sebasti\u00e1n en Los Silos acogi\u00f3 el pasado viernes 25 de octubre el acto de Reconocimiento de Honores y Distinciones a Ernesto Rodr\u00edguez Abad, por acuerdo un\u00e1nime de la sesi\u00f3n plenaria extraordinaria celebrada por el Ayuntamiento de Los Silos el pasado 18 de octubre, en virtud al cual la biblioteca municipal pasar\u00e1 a llamarse como el fil\u00f3logo agasajado. De este modo, se ha reconocido la labor de este profesor del Departamento de Filolog\u00eda Espa\u00f1ola de la Universidad de La Laguna, quien hace 24 a\u00f1os cre\u00f3 el <a href=\"https:\/\/cuentoslossilos.es\/\" target=\"_blank\" rel=\"noopener noreferrer\" target=\"_blank\" rel=\"noopener\">Festival Internacional de Cuentos<\/a> que ha convertido a la localidad norte\u00f1a en un referente internacional.<\/p>\n<p>La ceremonia cont\u00f3 con la presencia de Mar\u00eda Macarena Fuentes Socas, alcaldesa de Los Silos, quien estuvo acompa\u00f1ada por el homenajeado Ernesto Rodr\u00edguez Abad; Antonio Rodr\u00edguez Ramos, concejal de Cultura en la instituci\u00f3n local; Carmen Luz Baso Lorenzo, consejera de Empleo y Desarrollo Econ\u00f3mico del Cabildo de Tenerife; Leopoldo Santos, director de Cultura del Cabildo de Tenerife; Sagrario Bustabad Reyes, que intervino en nombre de Humberto Hern\u00e1ndez, presidente de la Academia Canaria de la Lengua; Benigno Le\u00f3n Felipe, doctor en Filolog\u00eda Hisp\u00e1nica por la Universidad de La Laguna; as\u00ed como los concejales de la corporaci\u00f3n local, familiares, amigos y, numeroso p\u00fablico.<\/p>\n<p>Tras las palabras de bienvenida, el acto se inici\u00f3 con una pieza musical que estuvo a cargo de Elizabeth Mar\u00eda Garc\u00eda (Flauta), Juana Mar\u00eda Bola\u00f1os (Clarinete) y Andr\u00e9s Rosmen Rodr\u00edguez (Piano), quienes interpretaron Waltz n\u00famero III para flauta, clarinete y piano de Dimitri Shistak\u00f3vich.<\/p>\n<div id=\"attachment_47263\" style=\"width: 310px\" class=\"wp-caption alignleft\"><a href=\"https:\/\/www.ull.es\/portal\/noticias\/wp-content\/uploads\/sites\/13\/2019\/10\/Reconocimiento-1.jpg\" target=\"_blank\" rel=\"noopener noreferrer\" target=\"_blank\" rel=\"noopener\"><img aria-describedby=\"caption-attachment-47263\" decoding=\"async\" loading=\"lazy\" class=\"wp-image-47263 size-medium\" src=\"https:\/\/www.ull.es\/portal\/noticias\/wp-content\/uploads\/sites\/13\/2019\/10\/Reconocimiento-1-300x200.jpg\" alt=\"\" width=\"300\" height=\"200\" srcset=\"https:\/\/www.ull.es\/portal\/noticias\/wp-content\/uploads\/sites\/13\/2019\/10\/Reconocimiento-1-300x200.jpg 300w, https:\/\/www.ull.es\/portal\/noticias\/wp-content\/uploads\/sites\/13\/2019\/10\/Reconocimiento-1-768x512.jpg 768w, https:\/\/www.ull.es\/portal\/noticias\/wp-content\/uploads\/sites\/13\/2019\/10\/Reconocimiento-1-1024x683.jpg 1024w, https:\/\/www.ull.es\/portal\/noticias\/wp-content\/uploads\/sites\/13\/2019\/10\/Reconocimiento-1-375x250.jpg 375w, https:\/\/www.ull.es\/portal\/noticias\/wp-content\/uploads\/sites\/13\/2019\/10\/Reconocimiento-1-750x500.jpg 750w, https:\/\/www.ull.es\/portal\/noticias\/wp-content\/uploads\/sites\/13\/2019\/10\/Reconocimiento-1-1140x760.jpg 1140w, https:\/\/www.ull.es\/portal\/noticias\/wp-content\/uploads\/sites\/13\/2019\/10\/Reconocimiento-1.jpg 1200w\" sizes=\"(max-width: 300px) 100vw, 300px\" \/><\/a><p id=\"caption-attachment-47263\" class=\"wp-caption-text\">Rodr\u00edguez Abad y la alcaldesa de Los Silos, con el certificado de la distinci\u00f3n recibida.<\/p><\/div>\n<p>Dentro de las intervenciones del acto, Sagrario Bustabad Reyes traslad\u00f3 a Ernesto Rodr\u00edguez Abad la felicitaci\u00f3n en nombre de la Academia Canaria de la Lengua y aprovech\u00f3 para informarle de otra gran noticia para el homenajeado, ya que ha sido designado como Acad\u00e9mico Colaborador de la Academia Canaria de La Lengua.<\/p>\n<p>Seguidamente, Benigno Le\u00f3n Felipe felicit\u00f3 a su compa\u00f1ero y amigo y detall\u00f3 algunos aspectos de la trayectoria del homenajeado en el \u00e1mbito de la literatura como promotor cultural y como escritor, motivaciones que han sido la base para la tramitaci\u00f3n del expediente de este reconocimiento.<\/p>\n<p>Antonio Rodr\u00edguez Ramos, concejal de Cultura de Los Silos, destac\u00f3 la importancia de este d\u00eda para la villa porque, en el marco de la celebraci\u00f3n del D\u00eda Mundial de las Bibliotecas, que tuvo lugar el 24 de octubre, se reconoc\u00eda a Rodr\u00edguez Abad poniendo su nombre a la Biblioteca P\u00fablica Municipal. \u201cMe gustar\u00eda resaltar la enorme e impagable aportaci\u00f3n que ha supuesto y sigue significando la figura y la trayectoria vital de Ernesto para y por la cultura de Los Silos, a nivel local, regional, nacional e internacional\u201d.<\/p>\n<p>Macarena Fuentes Socas, alcaldesa de Los Silos, entreg\u00f3 a Rodr\u00edguez Abad el certificado que acredita la distinci\u00f3n honor\u00edfica a un edificio p\u00fablico, el Antiguo Convento de San Sebasti\u00e1n. En su interior, la Biblioteca P\u00fablica Municipal a partir de ahora se denomina Biblioteca P\u00fablica Municipal \u201cErnesto Rodr\u00edguez Abad\u201d, de conformidad con el art\u00edculo 2\u00ba del Reglamento para la concesi\u00f3n de honores y distinciones del Ilustre Ayuntamiento de la Villa de Los Silos.<\/p>\n<p>Tras la entrega del certificado, el p\u00fablico presente pudo escuchar una pieza musical titulada <em>Kiss the rain<\/em> (Yiruma) interpretada al piano por Andr\u00e9s Rosmen Rodr\u00edguez, donde se dio lectura a un poema in\u00e9dito de Ernesto Rodr\u00edguez Abad a cargo de Nieves Luis. Seguidamente, se procedi\u00f3 al descubrimiento de la placa en la parte al del edificio donde se encuentran las dependencias de la biblioteca por parte de la alcaldesa y el homenajeado.<\/p>\n<p>El homenajeado, en sus emocionadas palabras, destac\u00f3 su agradecimiento al Ayuntamiento de Los Silos y su corporaci\u00f3n municipal, al pueblo de Los Silos y a todas las personas que de una u otra manera han contribuido para la concesi\u00f3n de este reconocimiento.<\/p>\n<p><strong>\u00a0<\/strong>(Nota y fotos cedidas por el Ayuntamiento de Los Silos)<\/p>\n","protected":false},"excerpt":{"rendered":"<p>El patio del Antiguo Convento de San Sebasti\u00e1n en Los Silos acogi\u00f3 el pasado viernes 25 de octubre el acto&#8230;<\/p>\n","protected":false},"author":21,"featured_media":47262,"comment_status":"closed","ping_status":"closed","sticky":false,"template":"","format":"standard","meta":{"inline_featured_image":false,"footnotes":""},"categories":[344,345,3906,3725,3994,3408,2765],"tags":[1156,6037,6036],"acf":[],"yoast_head":"<!-- This site is optimized with the Yoast SEO plugin v21.3 - https:\/\/yoast.com\/wordpress\/plugins\/seo\/ -->\n<title>Ernesto Rodr\u00edguez Abad presta su nombre a la biblioteca de Los Silos<\/title>\n<meta name=\"description\" content=\"El docente de la Universidad de La Laguna ve as\u00ed reconocida su labor como creador, hace 24 a\u00f1os, del Festival de Cuentos de Los Silos.\" \/>\n<meta name=\"robots\" content=\"index, follow, max-snippet:-1, max-image-preview:large, max-video-preview:-1\" \/>\n<link rel=\"canonical\" href=\"https:\/\/www.ull.es\/portal\/noticias\/2019\/rodriguez-abad-biblioteca-los-silos\/\" \/>\n<meta property=\"og:locale\" content=\"es_ES\" \/>\n<meta property=\"og:type\" content=\"article\" \/>\n<meta property=\"og:title\" content=\"Ernesto Rodr\u00edguez Abad presta su nombre a la biblioteca de Los Silos\" \/>\n<meta property=\"og:description\" content=\"El docente de la Universidad de La Laguna ve as\u00ed reconocida su labor como creador, hace 24 a\u00f1os, del Festival de Cuentos de Los Silos.\" \/>\n<meta property=\"og:url\" content=\"https:\/\/www.ull.es\/portal\/noticias\/2019\/rodriguez-abad-biblioteca-los-silos\/\" \/>\n<meta property=\"og:site_name\" content=\"ULL - Noticias\" \/>\n<meta property=\"article:publisher\" content=\"https:\/\/www.facebook.com\/universidaddelalaguna\/\" \/>\n<meta property=\"article:published_time\" content=\"2019-10-28T15:07:45+00:00\" \/>\n<meta property=\"og:image\" content=\"https:\/\/www.ull.es\/portal\/noticias\/wp-content\/uploads\/sites\/13\/2019\/10\/Reconocimiento-4.jpg\" \/>\n\t<meta property=\"og:image:width\" content=\"1200\" \/>\n\t<meta property=\"og:image:height\" content=\"800\" \/>\n\t<meta property=\"og:image:type\" content=\"image\/jpeg\" \/>\n<meta name=\"author\" content=\"prensa2\" \/>\n<meta name=\"twitter:card\" content=\"summary_large_image\" \/>\n<meta name=\"twitter:creator\" content=\"@CanalULL\" \/>\n<meta name=\"twitter:site\" content=\"@CanalULL\" \/>\n<meta name=\"twitter:label1\" content=\"Escrito por\" \/>\n\t<meta name=\"twitter:data1\" content=\"prensa2\" \/>\n\t<meta name=\"twitter:label2\" content=\"Tiempo de lectura\" \/>\n\t<meta name=\"twitter:data2\" content=\"4 minutos\" \/>\n<script type=\"application\/ld+json\" class=\"yoast-schema-graph\">{\"@context\":\"https:\/\/schema.org\",\"@graph\":[{\"@type\":\"WebPage\",\"@id\":\"https:\/\/www.ull.es\/portal\/noticias\/2019\/rodriguez-abad-biblioteca-los-silos\/\",\"url\":\"https:\/\/www.ull.es\/portal\/noticias\/2019\/rodriguez-abad-biblioteca-los-silos\/\",\"name\":\"Ernesto Rodr\u00edguez Abad presta su nombre a la biblioteca de Los Silos\",\"isPartOf\":{\"@id\":\"https:\/\/www.ull.es\/portal\/noticias\/#website\"},\"datePublished\":\"2019-10-28T15:07:45+00:00\",\"dateModified\":\"2019-10-28T15:07:45+00:00\",\"author\":{\"@id\":\"https:\/\/www.ull.es\/portal\/noticias\/#\/schema\/person\/c3b2aa857797592927a03740d6664376\"},\"description\":\"El docente de la Universidad de La Laguna ve as\u00ed reconocida su labor como creador, hace 24 a\u00f1os, del Festival de Cuentos de Los Silos.\",\"breadcrumb\":{\"@id\":\"https:\/\/www.ull.es\/portal\/noticias\/2019\/rodriguez-abad-biblioteca-los-silos\/#breadcrumb\"},\"inLanguage\":\"es\",\"potentialAction\":[{\"@type\":\"ReadAction\",\"target\":[\"https:\/\/www.ull.es\/portal\/noticias\/2019\/rodriguez-abad-biblioteca-los-silos\/\"]}]},{\"@type\":\"BreadcrumbList\",\"@id\":\"https:\/\/www.ull.es\/portal\/noticias\/2019\/rodriguez-abad-biblioteca-los-silos\/#breadcrumb\",\"itemListElement\":[{\"@type\":\"ListItem\",\"position\":1,\"name\":\"Portada\",\"item\":\"https:\/\/www.ull.es\/portal\/noticias\/\"},{\"@type\":\"ListItem\",\"position\":2,\"name\":\"La biblioteca p\u00fablica municipal de Los Silos recibe el nombre del profesor de la ULL Ernesto Rodr\u00edguez Abad\"}]},{\"@type\":\"WebSite\",\"@id\":\"https:\/\/www.ull.es\/portal\/noticias\/#website\",\"url\":\"https:\/\/www.ull.es\/portal\/noticias\/\",\"name\":\"ULL - Noticias\",\"description\":\"\",\"potentialAction\":[{\"@type\":\"SearchAction\",\"target\":{\"@type\":\"EntryPoint\",\"urlTemplate\":\"https:\/\/www.ull.es\/portal\/noticias\/?s={search_term_string}\"},\"query-input\":\"required name=search_term_string\"}],\"inLanguage\":\"es\"},{\"@type\":\"Person\",\"@id\":\"https:\/\/www.ull.es\/portal\/noticias\/#\/schema\/person\/c3b2aa857797592927a03740d6664376\",\"name\":\"prensa2\",\"image\":{\"@type\":\"ImageObject\",\"inLanguage\":\"es\",\"@id\":\"https:\/\/www.ull.es\/portal\/noticias\/#\/schema\/person\/image\/\",\"url\":\"https:\/\/secure.gravatar.com\/avatar\/b58f310a5de5feb33d1e026d2493f23c?s=96&d=mm&r=g\",\"contentUrl\":\"https:\/\/secure.gravatar.com\/avatar\/b58f310a5de5feb33d1e026d2493f23c?s=96&d=mm&r=g\",\"caption\":\"prensa2\"},\"url\":\"https:\/\/www.ull.es\/portal\/noticias\/author\/prensa2\/\"}]}<\/script>\n<!-- \/ Yoast SEO plugin. -->","yoast_head_json":{"title":"Ernesto Rodr\u00edguez Abad presta su nombre a la biblioteca de Los Silos","description":"El docente de la Universidad de La Laguna ve as\u00ed reconocida su labor como creador, hace 24 a\u00f1os, del Festival de Cuentos de Los Silos.","robots":{"index":"index","follow":"follow","max-snippet":"max-snippet:-1","max-image-preview":"max-image-preview:large","max-video-preview":"max-video-preview:-1"},"canonical":"https:\/\/www.ull.es\/portal\/noticias\/2019\/rodriguez-abad-biblioteca-los-silos\/","og_locale":"es_ES","og_type":"article","og_title":"Ernesto Rodr\u00edguez Abad presta su nombre a la biblioteca de Los Silos","og_description":"El docente de la Universidad de La Laguna ve as\u00ed reconocida su labor como creador, hace 24 a\u00f1os, del Festival de Cuentos de Los Silos.","og_url":"https:\/\/www.ull.es\/portal\/noticias\/2019\/rodriguez-abad-biblioteca-los-silos\/","og_site_name":"ULL - Noticias","article_publisher":"https:\/\/www.facebook.com\/universidaddelalaguna\/","article_published_time":"2019-10-28T15:07:45+00:00","og_image":[{"width":1200,"height":800,"url":"https:\/\/www.ull.es\/portal\/noticias\/wp-content\/uploads\/sites\/13\/2019\/10\/Reconocimiento-4.jpg","type":"image\/jpeg"}],"author":"prensa2","twitter_card":"summary_large_image","twitter_creator":"@CanalULL","twitter_site":"@CanalULL","twitter_misc":{"Escrito por":"prensa2","Tiempo de lectura":"4 minutos"},"schema":{"@context":"https:\/\/schema.org","@graph":[{"@type":"WebPage","@id":"https:\/\/www.ull.es\/portal\/noticias\/2019\/rodriguez-abad-biblioteca-los-silos\/","url":"https:\/\/www.ull.es\/portal\/noticias\/2019\/rodriguez-abad-biblioteca-los-silos\/","name":"Ernesto Rodr\u00edguez Abad presta su nombre a la biblioteca de Los Silos","isPartOf":{"@id":"https:\/\/www.ull.es\/portal\/noticias\/#website"},"datePublished":"2019-10-28T15:07:45+00:00","dateModified":"2019-10-28T15:07:45+00:00","author":{"@id":"https:\/\/www.ull.es\/portal\/noticias\/#\/schema\/person\/c3b2aa857797592927a03740d6664376"},"description":"El docente de la Universidad de La Laguna ve as\u00ed reconocida su labor como creador, hace 24 a\u00f1os, del Festival de Cuentos de Los Silos.","breadcrumb":{"@id":"https:\/\/www.ull.es\/portal\/noticias\/2019\/rodriguez-abad-biblioteca-los-silos\/#breadcrumb"},"inLanguage":"es","potentialAction":[{"@type":"ReadAction","target":["https:\/\/www.ull.es\/portal\/noticias\/2019\/rodriguez-abad-biblioteca-los-silos\/"]}]},{"@type":"BreadcrumbList","@id":"https:\/\/www.ull.es\/portal\/noticias\/2019\/rodriguez-abad-biblioteca-los-silos\/#breadcrumb","itemListElement":[{"@type":"ListItem","position":1,"name":"Portada","item":"https:\/\/www.ull.es\/portal\/noticias\/"},{"@type":"ListItem","position":2,"name":"La biblioteca p\u00fablica municipal de Los Silos recibe el nombre del profesor de la ULL Ernesto Rodr\u00edguez Abad"}]},{"@type":"WebSite","@id":"https:\/\/www.ull.es\/portal\/noticias\/#website","url":"https:\/\/www.ull.es\/portal\/noticias\/","name":"ULL - Noticias","description":"","potentialAction":[{"@type":"SearchAction","target":{"@type":"EntryPoint","urlTemplate":"https:\/\/www.ull.es\/portal\/noticias\/?s={search_term_string}"},"query-input":"required name=search_term_string"}],"inLanguage":"es"},{"@type":"Person","@id":"https:\/\/www.ull.es\/portal\/noticias\/#\/schema\/person\/c3b2aa857797592927a03740d6664376","name":"prensa2","image":{"@type":"ImageObject","inLanguage":"es","@id":"https:\/\/www.ull.es\/portal\/noticias\/#\/schema\/person\/image\/","url":"https:\/\/secure.gravatar.com\/avatar\/b58f310a5de5feb33d1e026d2493f23c?s=96&d=mm&r=g","contentUrl":"https:\/\/secure.gravatar.com\/avatar\/b58f310a5de5feb33d1e026d2493f23c?s=96&d=mm&r=g","caption":"prensa2"},"url":"https:\/\/www.ull.es\/portal\/noticias\/author\/prensa2\/"}]}},"primary_category":{"id":345,"name":"Destacado","slug":"destacado","link":"https:\/\/www.ull.es\/portal\/noticias\/category\/destacado\/"},"featured_image_thumbnail_url":"https:\/\/www.ull.es\/portal\/noticias\/wp-content\/uploads\/sites\/13\/2019\/10\/Reconocimiento-4-300x200.jpg","_links":{"self":[{"href":"https:\/\/www.ull.es\/portal\/noticias\/wp-json\/wp\/v2\/posts\/47261"}],"collection":[{"href":"https:\/\/www.ull.es\/portal\/noticias\/wp-json\/wp\/v2\/posts"}],"about":[{"href":"https:\/\/www.ull.es\/portal\/noticias\/wp-json\/wp\/v2\/types\/post"}],"author":[{"embeddable":true,"href":"https:\/\/www.ull.es\/portal\/noticias\/wp-json\/wp\/v2\/users\/21"}],"replies":[{"embeddable":true,"href":"https:\/\/www.ull.es\/portal\/noticias\/wp-json\/wp\/v2\/comments?post=47261"}],"version-history":[{"count":1,"href":"https:\/\/www.ull.es\/portal\/noticias\/wp-json\/wp\/v2\/posts\/47261\/revisions"}],"predecessor-version":[{"id":47264,"href":"https:\/\/www.ull.es\/portal\/noticias\/wp-json\/wp\/v2\/posts\/47261\/revisions\/47264"}],"wp:featuredmedia":[{"embeddable":true,"href":"https:\/\/www.ull.es\/portal\/noticias\/wp-json\/wp\/v2\/media\/47262"}],"wp:attachment":[{"href":"https:\/\/www.ull.es\/portal\/noticias\/wp-json\/wp\/v2\/media?parent=47261"}],"wp:term":[{"taxonomy":"category","embeddable":true,"href":"https:\/\/www.ull.es\/portal\/noticias\/wp-json\/wp\/v2\/categories?post=47261"},{"taxonomy":"post_tag","embeddable":true,"href":"https:\/\/www.ull.es\/portal\/noticias\/wp-json\/wp\/v2\/tags?post=47261"}],"curies":[{"name":"wp","href":"https:\/\/api.w.org\/{rel}","templated":true}]}}