{"id":47449,"date":"2019-11-07T15:05:26","date_gmt":"2019-11-07T15:05:26","guid":{"rendered":"https:\/\/www.ull.es\/portal\/noticias\/?p=47449"},"modified":"2019-11-07T15:24:06","modified_gmt":"2019-11-07T15:24:06","slug":"visita-consul-japon","status":"publish","type":"post","link":"https:\/\/www.ull.es\/portal\/noticias\/2019\/visita-consul-japon\/","title":{"rendered":"La rectora y el c\u00f3nsul de Jap\u00f3n debatieron el fomento de la cultura nipona en la ULL y el intercambio estudiantil"},"content":{"rendered":"<p>La rectora de la Universidad de La Laguna, Rosa Aguilar, y la vicerrectora de Proyecci\u00f3n, Internacionalizaci\u00f3n y Cooperaci\u00f3n, Lidia Cabrera, recibieron esta semana al c\u00f3nsul de Jap\u00f3n en Canarias, Yoshihiro Miwa, quien vino acompa\u00f1ado por su esposa, Ruriko Miwa. El motivo principal del encuentro fue un saludo de cortes\u00eda en el primer viaje del diplom\u00e1tico a Tenerife tras su reciente incorporaci\u00f3n al consulado de Jap\u00f3n en Canarias, ubicado en Las Palmas de Gran Canaria.<\/p>\n<p>La instituci\u00f3n acad\u00e9mica aprovech\u00f3 el encuentro para informar al c\u00f3nsul de su inter\u00e9s en estrechar lazos culturales y acad\u00e9micos con Jap\u00f3n, haciendo referencia a los dos convenios de colaboraci\u00f3n ya existentes con las universidades japonesa de Ryukyus y de Sophia.<\/p>\n<p><a href=\"https:\/\/www.ull.es\/portal\/noticias\/wp-content\/uploads\/sites\/13\/2019\/11\/Visita-consul-Japon-01.jpg\" target=\"_blank\" rel=\"noopener noreferrer\" target=\"_blank\" rel=\"noopener\"><img decoding=\"async\" loading=\"lazy\" class=\"alignleft wp-image-47451 size-medium\" src=\"https:\/\/www.ull.es\/portal\/noticias\/wp-content\/uploads\/sites\/13\/2019\/11\/Visita-consul-Japon-01-300x200.jpg\" alt=\"\" width=\"300\" height=\"200\" srcset=\"https:\/\/www.ull.es\/portal\/noticias\/wp-content\/uploads\/sites\/13\/2019\/11\/Visita-consul-Japon-01-300x200.jpg 300w, https:\/\/www.ull.es\/portal\/noticias\/wp-content\/uploads\/sites\/13\/2019\/11\/Visita-consul-Japon-01-768x512.jpg 768w, https:\/\/www.ull.es\/portal\/noticias\/wp-content\/uploads\/sites\/13\/2019\/11\/Visita-consul-Japon-01.jpg 1024w, https:\/\/www.ull.es\/portal\/noticias\/wp-content\/uploads\/sites\/13\/2019\/11\/Visita-consul-Japon-01-375x250.jpg 375w, https:\/\/www.ull.es\/portal\/noticias\/wp-content\/uploads\/sites\/13\/2019\/11\/Visita-consul-Japon-01-750x500.jpg 750w\" sizes=\"(max-width: 300px) 100vw, 300px\" \/><\/a>Durante la conversaci\u00f3n, las partes desarrollaron un protocolo de procedimiento que vehiculizar\u00e1 la entidad diplom\u00e1tica para facilitar en breve el intercambio de alumnado con el pa\u00eds asi\u00e1tico. Adicionalmente, se habl\u00f3 del inter\u00e9s de la Universidad de La Laguna por fomentar la cultura japonesa en la instituci\u00f3n, para lo cual el c\u00f3nsul mostr\u00f3 con total disposici\u00f3n. Durante la conversaci\u00f3n informal tambi\u00e9n se abordaron asuntos como el turismo, la cultura y la cooperaci\u00f3n internacional.<\/p>\n","protected":false},"excerpt":{"rendered":"<p>La rectora de la Universidad de La Laguna, Rosa Aguilar, y la vicerrectora de Proyecci\u00f3n, Internacionalizaci\u00f3n y Cooperaci\u00f3n, Lidia Cabrera,&#8230;<\/p>\n","protected":false},"author":21,"featured_media":47450,"comment_status":"closed","ping_status":"closed","sticky":false,"template":"","format":"standard","meta":{"inline_featured_image":false,"footnotes":""},"categories":[345,349,2765],"tags":[6065,5166,2887],"acf":[],"yoast_head":"<!-- This site is optimized with the Yoast SEO plugin v21.3 - https:\/\/yoast.com\/wordpress\/plugins\/seo\/ -->\n<title>La rectora recibi\u00f3 la visita del c\u00f3nsul de Jap\u00f3n en Canarias<\/title>\n<meta name=\"description\" content=\"Durante le encuentro se debati\u00f3 la posibliidad de intercambio de estudiantes con centros de Jap\u00f3n as\u00ed como el fomento de la cultura nipona en la ULL.\" \/>\n<meta name=\"robots\" content=\"index, follow, max-snippet:-1, max-image-preview:large, max-video-preview:-1\" \/>\n<link rel=\"canonical\" href=\"https:\/\/www.ull.es\/portal\/noticias\/2019\/visita-consul-japon\/\" \/>\n<meta property=\"og:locale\" content=\"es_ES\" \/>\n<meta property=\"og:type\" content=\"article\" \/>\n<meta property=\"og:title\" content=\"La rectora recibi\u00f3 la visita del c\u00f3nsul de Jap\u00f3n en Canarias\" \/>\n<meta property=\"og:description\" content=\"Durante le encuentro se debati\u00f3 la posibliidad de intercambio de estudiantes con centros de Jap\u00f3n as\u00ed como el fomento de la cultura nipona en la ULL.\" \/>\n<meta property=\"og:url\" content=\"https:\/\/www.ull.es\/portal\/noticias\/2019\/visita-consul-japon\/\" \/>\n<meta property=\"og:site_name\" content=\"ULL - Noticias\" \/>\n<meta property=\"article:publisher\" content=\"https:\/\/www.facebook.com\/universidaddelalaguna\/\" \/>\n<meta property=\"article:published_time\" content=\"2019-11-07T15:05:26+00:00\" \/>\n<meta property=\"article:modified_time\" content=\"2019-11-07T15:24:06+00:00\" \/>\n<meta property=\"og:image\" content=\"https:\/\/www.ull.es\/portal\/noticias\/wp-content\/uploads\/sites\/13\/2019\/11\/Visita-consul-Japon-08.jpg\" \/>\n\t<meta property=\"og:image:width\" content=\"1024\" \/>\n\t<meta property=\"og:image:height\" content=\"683\" \/>\n\t<meta property=\"og:image:type\" content=\"image\/jpeg\" \/>\n<meta name=\"author\" content=\"prensa2\" \/>\n<meta name=\"twitter:card\" content=\"summary_large_image\" \/>\n<meta name=\"twitter:creator\" content=\"@CanalULL\" \/>\n<meta name=\"twitter:site\" content=\"@CanalULL\" \/>\n<meta name=\"twitter:label1\" content=\"Escrito por\" \/>\n\t<meta name=\"twitter:data1\" content=\"prensa2\" \/>\n\t<meta name=\"twitter:label2\" content=\"Tiempo de lectura\" \/>\n\t<meta name=\"twitter:data2\" content=\"1 minuto\" \/>\n<script type=\"application\/ld+json\" class=\"yoast-schema-graph\">{\"@context\":\"https:\/\/schema.org\",\"@graph\":[{\"@type\":\"WebPage\",\"@id\":\"https:\/\/www.ull.es\/portal\/noticias\/2019\/visita-consul-japon\/\",\"url\":\"https:\/\/www.ull.es\/portal\/noticias\/2019\/visita-consul-japon\/\",\"name\":\"La rectora recibi\u00f3 la visita del c\u00f3nsul de Jap\u00f3n en Canarias\",\"isPartOf\":{\"@id\":\"https:\/\/www.ull.es\/portal\/noticias\/#website\"},\"datePublished\":\"2019-11-07T15:05:26+00:00\",\"dateModified\":\"2019-11-07T15:24:06+00:00\",\"author\":{\"@id\":\"https:\/\/www.ull.es\/portal\/noticias\/#\/schema\/person\/c3b2aa857797592927a03740d6664376\"},\"description\":\"Durante le encuentro se debati\u00f3 la posibliidad de intercambio de estudiantes con centros de Jap\u00f3n as\u00ed como el fomento de la cultura nipona en la ULL.\",\"breadcrumb\":{\"@id\":\"https:\/\/www.ull.es\/portal\/noticias\/2019\/visita-consul-japon\/#breadcrumb\"},\"inLanguage\":\"es\",\"potentialAction\":[{\"@type\":\"ReadAction\",\"target\":[\"https:\/\/www.ull.es\/portal\/noticias\/2019\/visita-consul-japon\/\"]}]},{\"@type\":\"BreadcrumbList\",\"@id\":\"https:\/\/www.ull.es\/portal\/noticias\/2019\/visita-consul-japon\/#breadcrumb\",\"itemListElement\":[{\"@type\":\"ListItem\",\"position\":1,\"name\":\"Portada\",\"item\":\"https:\/\/www.ull.es\/portal\/noticias\/\"},{\"@type\":\"ListItem\",\"position\":2,\"name\":\"La rectora y el c\u00f3nsul de Jap\u00f3n debatieron el fomento de la cultura nipona en la ULL y el intercambio estudiantil\"}]},{\"@type\":\"WebSite\",\"@id\":\"https:\/\/www.ull.es\/portal\/noticias\/#website\",\"url\":\"https:\/\/www.ull.es\/portal\/noticias\/\",\"name\":\"ULL - Noticias\",\"description\":\"\",\"potentialAction\":[{\"@type\":\"SearchAction\",\"target\":{\"@type\":\"EntryPoint\",\"urlTemplate\":\"https:\/\/www.ull.es\/portal\/noticias\/?s={search_term_string}\"},\"query-input\":\"required name=search_term_string\"}],\"inLanguage\":\"es\"},{\"@type\":\"Person\",\"@id\":\"https:\/\/www.ull.es\/portal\/noticias\/#\/schema\/person\/c3b2aa857797592927a03740d6664376\",\"name\":\"prensa2\",\"image\":{\"@type\":\"ImageObject\",\"inLanguage\":\"es\",\"@id\":\"https:\/\/www.ull.es\/portal\/noticias\/#\/schema\/person\/image\/\",\"url\":\"https:\/\/secure.gravatar.com\/avatar\/b58f310a5de5feb33d1e026d2493f23c?s=96&d=mm&r=g\",\"contentUrl\":\"https:\/\/secure.gravatar.com\/avatar\/b58f310a5de5feb33d1e026d2493f23c?s=96&d=mm&r=g\",\"caption\":\"prensa2\"},\"url\":\"https:\/\/www.ull.es\/portal\/noticias\/author\/prensa2\/\"}]}<\/script>\n<!-- \/ Yoast SEO plugin. -->","yoast_head_json":{"title":"La rectora recibi\u00f3 la visita del c\u00f3nsul de Jap\u00f3n en Canarias","description":"Durante le encuentro se debati\u00f3 la posibliidad de intercambio de estudiantes con centros de Jap\u00f3n as\u00ed como el fomento de la cultura nipona en la ULL.","robots":{"index":"index","follow":"follow","max-snippet":"max-snippet:-1","max-image-preview":"max-image-preview:large","max-video-preview":"max-video-preview:-1"},"canonical":"https:\/\/www.ull.es\/portal\/noticias\/2019\/visita-consul-japon\/","og_locale":"es_ES","og_type":"article","og_title":"La rectora recibi\u00f3 la visita del c\u00f3nsul de Jap\u00f3n en Canarias","og_description":"Durante le encuentro se debati\u00f3 la posibliidad de intercambio de estudiantes con centros de Jap\u00f3n as\u00ed como el fomento de la cultura nipona en la ULL.","og_url":"https:\/\/www.ull.es\/portal\/noticias\/2019\/visita-consul-japon\/","og_site_name":"ULL - Noticias","article_publisher":"https:\/\/www.facebook.com\/universidaddelalaguna\/","article_published_time":"2019-11-07T15:05:26+00:00","article_modified_time":"2019-11-07T15:24:06+00:00","og_image":[{"width":1024,"height":683,"url":"https:\/\/www.ull.es\/portal\/noticias\/wp-content\/uploads\/sites\/13\/2019\/11\/Visita-consul-Japon-08.jpg","type":"image\/jpeg"}],"author":"prensa2","twitter_card":"summary_large_image","twitter_creator":"@CanalULL","twitter_site":"@CanalULL","twitter_misc":{"Escrito por":"prensa2","Tiempo de lectura":"1 minuto"},"schema":{"@context":"https:\/\/schema.org","@graph":[{"@type":"WebPage","@id":"https:\/\/www.ull.es\/portal\/noticias\/2019\/visita-consul-japon\/","url":"https:\/\/www.ull.es\/portal\/noticias\/2019\/visita-consul-japon\/","name":"La rectora recibi\u00f3 la visita del c\u00f3nsul de Jap\u00f3n en Canarias","isPartOf":{"@id":"https:\/\/www.ull.es\/portal\/noticias\/#website"},"datePublished":"2019-11-07T15:05:26+00:00","dateModified":"2019-11-07T15:24:06+00:00","author":{"@id":"https:\/\/www.ull.es\/portal\/noticias\/#\/schema\/person\/c3b2aa857797592927a03740d6664376"},"description":"Durante le encuentro se debati\u00f3 la posibliidad de intercambio de estudiantes con centros de Jap\u00f3n as\u00ed como el fomento de la cultura nipona en la ULL.","breadcrumb":{"@id":"https:\/\/www.ull.es\/portal\/noticias\/2019\/visita-consul-japon\/#breadcrumb"},"inLanguage":"es","potentialAction":[{"@type":"ReadAction","target":["https:\/\/www.ull.es\/portal\/noticias\/2019\/visita-consul-japon\/"]}]},{"@type":"BreadcrumbList","@id":"https:\/\/www.ull.es\/portal\/noticias\/2019\/visita-consul-japon\/#breadcrumb","itemListElement":[{"@type":"ListItem","position":1,"name":"Portada","item":"https:\/\/www.ull.es\/portal\/noticias\/"},{"@type":"ListItem","position":2,"name":"La rectora y el c\u00f3nsul de Jap\u00f3n debatieron el fomento de la cultura nipona en la ULL y el intercambio estudiantil"}]},{"@type":"WebSite","@id":"https:\/\/www.ull.es\/portal\/noticias\/#website","url":"https:\/\/www.ull.es\/portal\/noticias\/","name":"ULL - Noticias","description":"","potentialAction":[{"@type":"SearchAction","target":{"@type":"EntryPoint","urlTemplate":"https:\/\/www.ull.es\/portal\/noticias\/?s={search_term_string}"},"query-input":"required name=search_term_string"}],"inLanguage":"es"},{"@type":"Person","@id":"https:\/\/www.ull.es\/portal\/noticias\/#\/schema\/person\/c3b2aa857797592927a03740d6664376","name":"prensa2","image":{"@type":"ImageObject","inLanguage":"es","@id":"https:\/\/www.ull.es\/portal\/noticias\/#\/schema\/person\/image\/","url":"https:\/\/secure.gravatar.com\/avatar\/b58f310a5de5feb33d1e026d2493f23c?s=96&d=mm&r=g","contentUrl":"https:\/\/secure.gravatar.com\/avatar\/b58f310a5de5feb33d1e026d2493f23c?s=96&d=mm&r=g","caption":"prensa2"},"url":"https:\/\/www.ull.es\/portal\/noticias\/author\/prensa2\/"}]}},"primary_category":{"id":349,"name":"Internacionalizaci\u00f3n","slug":"internacionalizacion","link":"https:\/\/www.ull.es\/portal\/noticias\/category\/internacionalizacion\/"},"featured_image_thumbnail_url":"https:\/\/www.ull.es\/portal\/noticias\/wp-content\/uploads\/sites\/13\/2019\/11\/Visita-consul-Japon-08-300x200.jpg","_links":{"self":[{"href":"https:\/\/www.ull.es\/portal\/noticias\/wp-json\/wp\/v2\/posts\/47449"}],"collection":[{"href":"https:\/\/www.ull.es\/portal\/noticias\/wp-json\/wp\/v2\/posts"}],"about":[{"href":"https:\/\/www.ull.es\/portal\/noticias\/wp-json\/wp\/v2\/types\/post"}],"author":[{"embeddable":true,"href":"https:\/\/www.ull.es\/portal\/noticias\/wp-json\/wp\/v2\/users\/21"}],"replies":[{"embeddable":true,"href":"https:\/\/www.ull.es\/portal\/noticias\/wp-json\/wp\/v2\/comments?post=47449"}],"version-history":[{"count":3,"href":"https:\/\/www.ull.es\/portal\/noticias\/wp-json\/wp\/v2\/posts\/47449\/revisions"}],"predecessor-version":[{"id":47454,"href":"https:\/\/www.ull.es\/portal\/noticias\/wp-json\/wp\/v2\/posts\/47449\/revisions\/47454"}],"wp:featuredmedia":[{"embeddable":true,"href":"https:\/\/www.ull.es\/portal\/noticias\/wp-json\/wp\/v2\/media\/47450"}],"wp:attachment":[{"href":"https:\/\/www.ull.es\/portal\/noticias\/wp-json\/wp\/v2\/media?parent=47449"}],"wp:term":[{"taxonomy":"category","embeddable":true,"href":"https:\/\/www.ull.es\/portal\/noticias\/wp-json\/wp\/v2\/categories?post=47449"},{"taxonomy":"post_tag","embeddable":true,"href":"https:\/\/www.ull.es\/portal\/noticias\/wp-json\/wp\/v2\/tags?post=47449"}],"curies":[{"name":"wp","href":"https:\/\/api.w.org\/{rel}","templated":true}]}}