{"id":47526,"date":"2019-11-12T14:32:35","date_gmt":"2019-11-12T14:32:35","guid":{"rendered":"https:\/\/www.ull.es\/portal\/noticias\/?p=47526"},"modified":"2019-11-12T14:32:45","modified_gmt":"2019-11-12T14:32:45","slug":"rayos-x-para-el-lagarto-gigante-de-la-palma","status":"publish","type":"post","link":"https:\/\/www.ull.es\/portal\/noticias\/2019\/rayos-x-para-el-lagarto-gigante-de-la-palma\/","title":{"rendered":"Rayos-X para el lagarto gigante de La Palma"},"content":{"rendered":"<p>Un equipo internacional de investigadores, en el que participa la Universidad de La Laguna, ha analizado el \u00fanico cr\u00e1neo f\u00f3sil encontrado hasta el momento del lagarto gigante de la isla de La Palma, <em>Gallotia auaritae. <\/em>Mediante tomograf\u00eda computarizada se han obtenido precisas im\u00e1genes del interior de los restos de este animal que habit\u00f3 en esta isla durante el Pleistoceno inferior-medio, hace unos 2.58 a 0.126 millones de a\u00f1os, y que han permitido determinar sus relaciones de parentesco con otras especies de lagarto gigante insulares y continentales.<\/p>\n<p>En las Islas Canarias existen actualmente s\u00f3lo cuatro especies de lagarto gigante que pertenecen al g\u00e9nero <em>Gallotia<\/em>, pero hace entre 2.6 millones de a\u00f1os y 800.000 a\u00f1os hab\u00eda una quinta especie, <em>Gallotia goliath,<\/em> como revela el registro f\u00f3sil de estas islas. Los estudios cient\u00edficos sugieren que hace unos 17-20 millones de a\u00f1os, coincidiendo con el surgimiento de las islas de Lanzarote y Fuerteventura, se inici\u00f3 un proceso progresivo de colonizaci\u00f3n del archipi\u00e9lago. Una vez en las islas, las especies evolucionaron y diferenciaron hasta dar lugar a los endemismos que encontramos actualmente y tambi\u00e9n en el registro f\u00f3sil.<\/p>\n<p>El estudio publicado hoy 12 de noviembre en Scientific Reports, de Nature, por un equipo multidisciplinar formado por investigadoras e investigadores del Consejo Nacional de Investigaciones Cient\u00edficas y T\u00e9cnicas, la Universidad Nacional de R\u00edo Negro, la Universidad de La Laguna, el Institut Catal\u00e0 de Paleontologia Miquel Crusafont, la Universidad de Bristol y el International Centre for Theoretical Physics, se ha centrado en el an\u00e1lisis del primer cr\u00e1neo f\u00f3sil descubierto en La Palma de la especie <em>Gallotia auaritae. <\/em><\/p>\n<p>El cr\u00e1neo fue encontrado en el a\u00f1o 2000 en el Barranco de Las Angustias, dentro del Parque Nacional de la Caldera de Taburiente, en la isla de La Palma, y se trata del registro m\u00e1s antiguo de esta especie (Pleistoceno inferior-medio, hace entre 2.58 millones de a\u00f1os y 126.000 a\u00f1os). Para llevar a cabo su estudio sin poner en riesgo los delicados f\u00f3siles que lo componen, se opt\u00f3 por no retirar el sedimento circundante y realizar una tomograf\u00eda computarizada de rayos X llevada a cabo en Trieste (Italia).<\/p>\n<p>La tomograf\u00eda computarizada es una t\u00e9cnica radiogr\u00e1fica habitual en humanos que permite obtener im\u00e1genes secuenciales (o cortes) de gran resoluci\u00f3n. Su uso en paleontolog\u00eda es cada vez m\u00e1s frecuente, ya que favorece la observaci\u00f3n del f\u00f3sil sin manipularlo y sin riesgo de da\u00f1o. Mediante esta t\u00e9cnica, se obtuvo una reconstrucci\u00f3n digital 3D del cr\u00e1neo, donde se puede ver c\u00f3mo estar\u00edan dispuestos los huesos que lo conforman y las cavidades internas del cr\u00e1neo como el endocr\u00e1neo o el o\u00eddo interno.<\/p>\n<p>M\u00e1s all\u00e1 de conocer mejor la anatom\u00eda craneana de la especie, el art\u00edculo publicado tambi\u00e9n expone el primer an\u00e1lisis filogen\u00e9tico en el que se han incluido tanto especies f\u00f3siles como todas las especies y subespecies actuales de lagartos canarios. El estudio de las relaciones de parentesco entre ellas y con otras especies de lagartos continentales permitir\u00e1 identificar m\u00e1s f\u00e1cilmente los f\u00f3siles de especies actualmente ausentes en las islas. Adem\u00e1s, el estudio de los procesos evolutivos de los lagartos gigantes del pasado posibilita indagar en cuestiones como el conocimiento de c\u00f3mo se forma una nueva especie o cu\u00e1les son las adaptaciones hacia el gigantismo o hacia una dieta herb\u00edvora.<\/p>\n<p>Esta investigaci\u00f3n se ha realizado en el marco del proyecto \u201cEl patrimonio paleontol\u00f3gico de Canarias como un referente cultural y ambiental atl\u00e1ntico: Modelizaci\u00f3n 3D de los lagartos gigantes del g\u00e9nero <em>Gallotia<\/em>\u201d de la Agencia Canaria de Investigaci\u00f3n, Innovaci\u00f3n y Sociedad de la Informaci\u00f3n, y financiada por el Gobierno de Canarias.<\/p>\n<p><strong>Art\u00edculo original: <\/strong><a href=\"https:\/\/www.nature.com\/articles\/s41598-019-52244-z\" target=\"_blank\" rel=\"noopener\">Cruzado-Caballero, P., Castillo-Ruiz, C., Bolet, A., Colmenero, J.R., De la Nuez, J., Casillas, R., Bernardini, F., Fortuny, J. 2019. First nearly complete skull of <em>Gallotia auaritae<\/em> (lower-middle Pleistocene, Squamata, Gallotiinae) and a morphological phylogenetic analysis of the genus Gallotia<\/a>.<\/p>\n<p>&nbsp;<\/p>\n","protected":false},"excerpt":{"rendered":"<p>Un equipo internacional de investigadores, en el que participa la Universidad de La Laguna, ha analizado el \u00fanico cr\u00e1neo f\u00f3sil&#8230;<\/p>\n","protected":false},"author":23,"featured_media":47530,"comment_status":"closed","ping_status":"closed","sticky":false,"template":"","format":"standard","meta":{"inline_featured_image":false,"footnotes":""},"categories":[3156,3785,345,350,2765],"tags":[5269,6082,6081,1955,5266,6083],"acf":[],"yoast_head":"<!-- This site is optimized with the Yoast SEO plugin v21.3 - https:\/\/yoast.com\/wordpress\/plugins\/seo\/ -->\n<title>Rayos-X para el lagarto gigante de La Palma - ULL - Noticias<\/title>\n<meta name=\"robots\" content=\"index, follow, max-snippet:-1, max-image-preview:large, max-video-preview:-1\" \/>\n<link rel=\"canonical\" href=\"https:\/\/www.ull.es\/portal\/noticias\/2019\/rayos-x-para-el-lagarto-gigante-de-la-palma\/\" \/>\n<meta property=\"og:locale\" content=\"es_ES\" \/>\n<meta property=\"og:type\" content=\"article\" \/>\n<meta property=\"og:title\" content=\"Rayos-X para el lagarto gigante de La Palma - ULL - Noticias\" \/>\n<meta property=\"og:description\" content=\"Un equipo internacional de investigadores, en el que participa la Universidad de La Laguna, ha analizado el \u00fanico cr\u00e1neo f\u00f3sil...\" \/>\n<meta property=\"og:url\" content=\"https:\/\/www.ull.es\/portal\/noticias\/2019\/rayos-x-para-el-lagarto-gigante-de-la-palma\/\" \/>\n<meta property=\"og:site_name\" content=\"ULL - Noticias\" \/>\n<meta property=\"article:publisher\" content=\"https:\/\/www.facebook.com\/universidaddelalaguna\/\" \/>\n<meta property=\"article:published_time\" content=\"2019-11-12T14:32:35+00:00\" \/>\n<meta property=\"article:modified_time\" content=\"2019-11-12T14:32:45+00:00\" \/>\n<meta property=\"og:image\" content=\"https:\/\/www.ull.es\/portal\/noticias\/wp-content\/uploads\/sites\/13\/2019\/11\/craneo-gallotia.jpg\" \/>\n\t<meta property=\"og:image:width\" content=\"1200\" \/>\n\t<meta property=\"og:image:height\" content=\"800\" \/>\n\t<meta property=\"og:image:type\" content=\"image\/jpeg\" \/>\n<meta name=\"author\" content=\"gaprsa\" \/>\n<meta name=\"twitter:card\" content=\"summary_large_image\" \/>\n<meta name=\"twitter:creator\" content=\"@CanalULL\" \/>\n<meta name=\"twitter:site\" content=\"@CanalULL\" \/>\n<meta name=\"twitter:label1\" content=\"Escrito por\" \/>\n\t<meta name=\"twitter:data1\" content=\"gaprsa\" \/>\n\t<meta name=\"twitter:label2\" content=\"Tiempo de lectura\" \/>\n\t<meta name=\"twitter:data2\" content=\"3 minutos\" \/>\n<script type=\"application\/ld+json\" class=\"yoast-schema-graph\">{\"@context\":\"https:\/\/schema.org\",\"@graph\":[{\"@type\":\"WebPage\",\"@id\":\"https:\/\/www.ull.es\/portal\/noticias\/2019\/rayos-x-para-el-lagarto-gigante-de-la-palma\/\",\"url\":\"https:\/\/www.ull.es\/portal\/noticias\/2019\/rayos-x-para-el-lagarto-gigante-de-la-palma\/\",\"name\":\"Rayos-X para el lagarto gigante de La Palma - ULL - Noticias\",\"isPartOf\":{\"@id\":\"https:\/\/www.ull.es\/portal\/noticias\/#website\"},\"datePublished\":\"2019-11-12T14:32:35+00:00\",\"dateModified\":\"2019-11-12T14:32:45+00:00\",\"author\":{\"@id\":\"https:\/\/www.ull.es\/portal\/noticias\/#\/schema\/person\/b2b1a89d43ffa609e591f7df8ef3e817\"},\"breadcrumb\":{\"@id\":\"https:\/\/www.ull.es\/portal\/noticias\/2019\/rayos-x-para-el-lagarto-gigante-de-la-palma\/#breadcrumb\"},\"inLanguage\":\"es\",\"potentialAction\":[{\"@type\":\"ReadAction\",\"target\":[\"https:\/\/www.ull.es\/portal\/noticias\/2019\/rayos-x-para-el-lagarto-gigante-de-la-palma\/\"]}]},{\"@type\":\"BreadcrumbList\",\"@id\":\"https:\/\/www.ull.es\/portal\/noticias\/2019\/rayos-x-para-el-lagarto-gigante-de-la-palma\/#breadcrumb\",\"itemListElement\":[{\"@type\":\"ListItem\",\"position\":1,\"name\":\"Portada\",\"item\":\"https:\/\/www.ull.es\/portal\/noticias\/\"},{\"@type\":\"ListItem\",\"position\":2,\"name\":\"Rayos-X para el lagarto gigante de La Palma\"}]},{\"@type\":\"WebSite\",\"@id\":\"https:\/\/www.ull.es\/portal\/noticias\/#website\",\"url\":\"https:\/\/www.ull.es\/portal\/noticias\/\",\"name\":\"ULL - Noticias\",\"description\":\"\",\"potentialAction\":[{\"@type\":\"SearchAction\",\"target\":{\"@type\":\"EntryPoint\",\"urlTemplate\":\"https:\/\/www.ull.es\/portal\/noticias\/?s={search_term_string}\"},\"query-input\":\"required name=search_term_string\"}],\"inLanguage\":\"es\"},{\"@type\":\"Person\",\"@id\":\"https:\/\/www.ull.es\/portal\/noticias\/#\/schema\/person\/b2b1a89d43ffa609e591f7df8ef3e817\",\"name\":\"gaprsa\",\"image\":{\"@type\":\"ImageObject\",\"inLanguage\":\"es\",\"@id\":\"https:\/\/www.ull.es\/portal\/noticias\/#\/schema\/person\/image\/\",\"url\":\"https:\/\/secure.gravatar.com\/avatar\/443820550921091458b4823867723b3d?s=96&d=mm&r=g\",\"contentUrl\":\"https:\/\/secure.gravatar.com\/avatar\/443820550921091458b4823867723b3d?s=96&d=mm&r=g\",\"caption\":\"gaprsa\"},\"url\":\"https:\/\/www.ull.es\/portal\/noticias\/author\/gaprsa\/\"}]}<\/script>\n<!-- \/ Yoast SEO plugin. -->","yoast_head_json":{"title":"Rayos-X para el lagarto gigante de La Palma - ULL - Noticias","robots":{"index":"index","follow":"follow","max-snippet":"max-snippet:-1","max-image-preview":"max-image-preview:large","max-video-preview":"max-video-preview:-1"},"canonical":"https:\/\/www.ull.es\/portal\/noticias\/2019\/rayos-x-para-el-lagarto-gigante-de-la-palma\/","og_locale":"es_ES","og_type":"article","og_title":"Rayos-X para el lagarto gigante de La Palma - ULL - Noticias","og_description":"Un equipo internacional de investigadores, en el que participa la Universidad de La Laguna, ha analizado el \u00fanico cr\u00e1neo f\u00f3sil...","og_url":"https:\/\/www.ull.es\/portal\/noticias\/2019\/rayos-x-para-el-lagarto-gigante-de-la-palma\/","og_site_name":"ULL - Noticias","article_publisher":"https:\/\/www.facebook.com\/universidaddelalaguna\/","article_published_time":"2019-11-12T14:32:35+00:00","article_modified_time":"2019-11-12T14:32:45+00:00","og_image":[{"width":1200,"height":800,"url":"https:\/\/www.ull.es\/portal\/noticias\/wp-content\/uploads\/sites\/13\/2019\/11\/craneo-gallotia.jpg","type":"image\/jpeg"}],"author":"gaprsa","twitter_card":"summary_large_image","twitter_creator":"@CanalULL","twitter_site":"@CanalULL","twitter_misc":{"Escrito por":"gaprsa","Tiempo de lectura":"3 minutos"},"schema":{"@context":"https:\/\/schema.org","@graph":[{"@type":"WebPage","@id":"https:\/\/www.ull.es\/portal\/noticias\/2019\/rayos-x-para-el-lagarto-gigante-de-la-palma\/","url":"https:\/\/www.ull.es\/portal\/noticias\/2019\/rayos-x-para-el-lagarto-gigante-de-la-palma\/","name":"Rayos-X para el lagarto gigante de La Palma - ULL - Noticias","isPartOf":{"@id":"https:\/\/www.ull.es\/portal\/noticias\/#website"},"datePublished":"2019-11-12T14:32:35+00:00","dateModified":"2019-11-12T14:32:45+00:00","author":{"@id":"https:\/\/www.ull.es\/portal\/noticias\/#\/schema\/person\/b2b1a89d43ffa609e591f7df8ef3e817"},"breadcrumb":{"@id":"https:\/\/www.ull.es\/portal\/noticias\/2019\/rayos-x-para-el-lagarto-gigante-de-la-palma\/#breadcrumb"},"inLanguage":"es","potentialAction":[{"@type":"ReadAction","target":["https:\/\/www.ull.es\/portal\/noticias\/2019\/rayos-x-para-el-lagarto-gigante-de-la-palma\/"]}]},{"@type":"BreadcrumbList","@id":"https:\/\/www.ull.es\/portal\/noticias\/2019\/rayos-x-para-el-lagarto-gigante-de-la-palma\/#breadcrumb","itemListElement":[{"@type":"ListItem","position":1,"name":"Portada","item":"https:\/\/www.ull.es\/portal\/noticias\/"},{"@type":"ListItem","position":2,"name":"Rayos-X para el lagarto gigante de La Palma"}]},{"@type":"WebSite","@id":"https:\/\/www.ull.es\/portal\/noticias\/#website","url":"https:\/\/www.ull.es\/portal\/noticias\/","name":"ULL - Noticias","description":"","potentialAction":[{"@type":"SearchAction","target":{"@type":"EntryPoint","urlTemplate":"https:\/\/www.ull.es\/portal\/noticias\/?s={search_term_string}"},"query-input":"required name=search_term_string"}],"inLanguage":"es"},{"@type":"Person","@id":"https:\/\/www.ull.es\/portal\/noticias\/#\/schema\/person\/b2b1a89d43ffa609e591f7df8ef3e817","name":"gaprsa","image":{"@type":"ImageObject","inLanguage":"es","@id":"https:\/\/www.ull.es\/portal\/noticias\/#\/schema\/person\/image\/","url":"https:\/\/secure.gravatar.com\/avatar\/443820550921091458b4823867723b3d?s=96&d=mm&r=g","contentUrl":"https:\/\/secure.gravatar.com\/avatar\/443820550921091458b4823867723b3d?s=96&d=mm&r=g","caption":"gaprsa"},"url":"https:\/\/www.ull.es\/portal\/noticias\/author\/gaprsa\/"}]}},"primary_category":{"id":2765,"name":"Portada ULL","slug":"portada-ull","link":"https:\/\/www.ull.es\/portal\/noticias\/category\/portada-ull\/"},"featured_image_thumbnail_url":"https:\/\/www.ull.es\/portal\/noticias\/wp-content\/uploads\/sites\/13\/2019\/11\/craneo-gallotia-300x200.jpg","_links":{"self":[{"href":"https:\/\/www.ull.es\/portal\/noticias\/wp-json\/wp\/v2\/posts\/47526"}],"collection":[{"href":"https:\/\/www.ull.es\/portal\/noticias\/wp-json\/wp\/v2\/posts"}],"about":[{"href":"https:\/\/www.ull.es\/portal\/noticias\/wp-json\/wp\/v2\/types\/post"}],"author":[{"embeddable":true,"href":"https:\/\/www.ull.es\/portal\/noticias\/wp-json\/wp\/v2\/users\/23"}],"replies":[{"embeddable":true,"href":"https:\/\/www.ull.es\/portal\/noticias\/wp-json\/wp\/v2\/comments?post=47526"}],"version-history":[{"count":1,"href":"https:\/\/www.ull.es\/portal\/noticias\/wp-json\/wp\/v2\/posts\/47526\/revisions"}],"predecessor-version":[{"id":47527,"href":"https:\/\/www.ull.es\/portal\/noticias\/wp-json\/wp\/v2\/posts\/47526\/revisions\/47527"}],"wp:featuredmedia":[{"embeddable":true,"href":"https:\/\/www.ull.es\/portal\/noticias\/wp-json\/wp\/v2\/media\/47530"}],"wp:attachment":[{"href":"https:\/\/www.ull.es\/portal\/noticias\/wp-json\/wp\/v2\/media?parent=47526"}],"wp:term":[{"taxonomy":"category","embeddable":true,"href":"https:\/\/www.ull.es\/portal\/noticias\/wp-json\/wp\/v2\/categories?post=47526"},{"taxonomy":"post_tag","embeddable":true,"href":"https:\/\/www.ull.es\/portal\/noticias\/wp-json\/wp\/v2\/tags?post=47526"}],"curies":[{"name":"wp","href":"https:\/\/api.w.org\/{rel}","templated":true}]}}