{"id":47630,"date":"2019-11-18T10:48:06","date_gmt":"2019-11-18T10:48:06","guid":{"rendered":"https:\/\/www.ull.es\/portal\/noticias\/?p=47630"},"modified":"2019-11-18T10:48:16","modified_gmt":"2019-11-18T10:48:16","slug":"rosa-aguilar-participara-junto-a-seis-rectoras-en-el-debate-de-la-fundacion-cyd-sobre-liderazgo-de-la-mujer-en-la-universidad","status":"publish","type":"post","link":"https:\/\/www.ull.es\/portal\/noticias\/2019\/rosa-aguilar-participara-junto-a-seis-rectoras-en-el-debate-de-la-fundacion-cyd-sobre-liderazgo-de-la-mujer-en-la-universidad\/","title":{"rendered":"Rosa Aguilar participar\u00e1 junto a seis rectoras en el debate de la Fundaci\u00f3n CYD sobre liderazgo de la mujer en la universidad"},"content":{"rendered":"<p>Siete rectoras espa\u00f1olas se reunir\u00e1n este pr\u00f3ximo mi\u00e9rcoles 20 de noviembre en Madrid para debatir sobre \u2018El liderazgo de la mujer en la universidad\u2019, t\u00edtulo del acto organizado por la <a href=\"https:\/\/www.fundacioncyd.org\/\" target=\"_blank\" rel=\"noopener\">Fundaci\u00f3n CYD<\/a>, en colaboraci\u00f3n con Mujeres&amp;Cia que se celebrar\u00e1 al mediod\u00eda en el Auditorio Havas Village.<\/p>\n<p>En el debate participar\u00e1n las rectoras Rosa Aguilar (Universidad de La Laguna), Eva Alc\u00f3n (Universitat Jaume I), Pilar Aranda (Universidad de Granada), Margarita Arboix (Universitat Aut\u00f2noma de Barcelona), Mar\u00eda Jos\u00e9 Figueres (Universitat Rovira i Virgili), Mar\u00eda Vicenta Mestre (Universitat de Val\u00e8ncia) y Mar\u00eda Antonia Pe\u00f1a (Universidad de Huelva).<\/p>\n<p>En total, siete de las nueve mujeres que actualmente dirigen universidades p\u00fablicas. S\u00f3lo se ausentar\u00e1n la rectora de la Universidad del Pa\u00eds Vasco, Nekane Balluerka, y de la Men\u00e9ndez Pelayo, Mar\u00eda Luz Mor\u00e1n. Actualmente, sumando las privadas, s\u00f3lo 15 de las 83 universidades de Espa\u00f1a tienen mujeres al frente de su rectorado, informan los organizadores<\/p>\n<p>El acto ser\u00e1 moderado por la periodista Mercedes Wullich, y contar\u00e1 adem\u00e1s con la intervenci\u00f3n de la secretaria de Estado de Igualdad en funciones, Soledad Murillo, antes del debate, que tratar\u00e1 sobre las \u2018Causas y consecuencias que se esconden detr\u00e1s del desfase de g\u00e9nero en la pir\u00e1mide acad\u00e9mica\u2019.<\/p>\n<p>Seg\u00fan ha informado la Fundaci\u00f3n CYD, la intervenci\u00f3n de cada rectora se centrar\u00e1 en los rasgos actuales del cuerpo acad\u00e9mico y catedr\u00e1tico, los estereotipos a\u00fan vigentes y las medidas que se necesitan tomar para reducir las pr\u00e1cticas discriminatorias, minimizar el techo de cristal e impulsar una mayor igualdad de oportunidades.<\/p>\n","protected":false},"excerpt":{"rendered":"<p>Siete rectoras espa\u00f1olas se reunir\u00e1n este pr\u00f3ximo mi\u00e9rcoles 20 de noviembre en Madrid para debatir sobre \u2018El liderazgo de la&#8230;<\/p>\n","protected":false},"author":23,"featured_media":47632,"comment_status":"closed","ping_status":"closed","sticky":false,"template":"","format":"standard","meta":{"inline_featured_image":false,"footnotes":""},"categories":[345,348,2765],"tags":[2740,6106,6107],"acf":[],"yoast_head":"<!-- This site is optimized with the Yoast SEO plugin v21.3 - https:\/\/yoast.com\/wordpress\/plugins\/seo\/ -->\n<title>Rosa Aguilar participar\u00e1 junto a seis rectoras en el debate de la Fundaci\u00f3n CYD sobre liderazgo de la mujer en la universidad - ULL - Noticias<\/title>\n<meta name=\"robots\" content=\"index, follow, max-snippet:-1, max-image-preview:large, max-video-preview:-1\" \/>\n<link rel=\"canonical\" href=\"https:\/\/www.ull.es\/portal\/noticias\/2019\/rosa-aguilar-participara-junto-a-seis-rectoras-en-el-debate-de-la-fundacion-cyd-sobre-liderazgo-de-la-mujer-en-la-universidad\/\" \/>\n<meta property=\"og:locale\" content=\"es_ES\" \/>\n<meta property=\"og:type\" content=\"article\" \/>\n<meta property=\"og:title\" content=\"Rosa Aguilar participar\u00e1 junto a seis rectoras en el debate de la Fundaci\u00f3n CYD sobre liderazgo de la mujer en la universidad - ULL - Noticias\" \/>\n<meta property=\"og:description\" content=\"Siete rectoras espa\u00f1olas se reunir\u00e1n este pr\u00f3ximo mi\u00e9rcoles 20 de noviembre en Madrid para debatir sobre \u2018El liderazgo de la...\" \/>\n<meta property=\"og:url\" content=\"https:\/\/www.ull.es\/portal\/noticias\/2019\/rosa-aguilar-participara-junto-a-seis-rectoras-en-el-debate-de-la-fundacion-cyd-sobre-liderazgo-de-la-mujer-en-la-universidad\/\" \/>\n<meta property=\"og:site_name\" content=\"ULL - Noticias\" \/>\n<meta property=\"article:publisher\" content=\"https:\/\/www.facebook.com\/universidaddelalaguna\/\" \/>\n<meta property=\"article:published_time\" content=\"2019-11-18T10:48:06+00:00\" \/>\n<meta property=\"article:modified_time\" content=\"2019-11-18T10:48:16+00:00\" \/>\n<meta property=\"og:image\" content=\"https:\/\/www.ull.es\/portal\/noticias\/wp-content\/uploads\/sites\/13\/2019\/11\/liderazgo-de-la-mujer-eventos-2.jpg\" \/>\n\t<meta property=\"og:image:width\" content=\"700\" \/>\n\t<meta property=\"og:image:height\" content=\"350\" \/>\n\t<meta property=\"og:image:type\" content=\"image\/jpeg\" \/>\n<meta name=\"author\" content=\"gaprsa\" \/>\n<meta name=\"twitter:card\" content=\"summary_large_image\" \/>\n<meta name=\"twitter:creator\" content=\"@CanalULL\" \/>\n<meta name=\"twitter:site\" content=\"@CanalULL\" \/>\n<meta name=\"twitter:label1\" content=\"Escrito por\" \/>\n\t<meta name=\"twitter:data1\" content=\"gaprsa\" \/>\n\t<meta name=\"twitter:label2\" content=\"Tiempo de lectura\" \/>\n\t<meta name=\"twitter:data2\" content=\"1 minuto\" \/>\n<script type=\"application\/ld+json\" class=\"yoast-schema-graph\">{\"@context\":\"https:\/\/schema.org\",\"@graph\":[{\"@type\":\"WebPage\",\"@id\":\"https:\/\/www.ull.es\/portal\/noticias\/2019\/rosa-aguilar-participara-junto-a-seis-rectoras-en-el-debate-de-la-fundacion-cyd-sobre-liderazgo-de-la-mujer-en-la-universidad\/\",\"url\":\"https:\/\/www.ull.es\/portal\/noticias\/2019\/rosa-aguilar-participara-junto-a-seis-rectoras-en-el-debate-de-la-fundacion-cyd-sobre-liderazgo-de-la-mujer-en-la-universidad\/\",\"name\":\"Rosa Aguilar participar\u00e1 junto a seis rectoras en el debate de la Fundaci\u00f3n CYD sobre liderazgo de la mujer en la universidad - ULL - Noticias\",\"isPartOf\":{\"@id\":\"https:\/\/www.ull.es\/portal\/noticias\/#website\"},\"datePublished\":\"2019-11-18T10:48:06+00:00\",\"dateModified\":\"2019-11-18T10:48:16+00:00\",\"author\":{\"@id\":\"https:\/\/www.ull.es\/portal\/noticias\/#\/schema\/person\/b2b1a89d43ffa609e591f7df8ef3e817\"},\"breadcrumb\":{\"@id\":\"https:\/\/www.ull.es\/portal\/noticias\/2019\/rosa-aguilar-participara-junto-a-seis-rectoras-en-el-debate-de-la-fundacion-cyd-sobre-liderazgo-de-la-mujer-en-la-universidad\/#breadcrumb\"},\"inLanguage\":\"es\",\"potentialAction\":[{\"@type\":\"ReadAction\",\"target\":[\"https:\/\/www.ull.es\/portal\/noticias\/2019\/rosa-aguilar-participara-junto-a-seis-rectoras-en-el-debate-de-la-fundacion-cyd-sobre-liderazgo-de-la-mujer-en-la-universidad\/\"]}]},{\"@type\":\"BreadcrumbList\",\"@id\":\"https:\/\/www.ull.es\/portal\/noticias\/2019\/rosa-aguilar-participara-junto-a-seis-rectoras-en-el-debate-de-la-fundacion-cyd-sobre-liderazgo-de-la-mujer-en-la-universidad\/#breadcrumb\",\"itemListElement\":[{\"@type\":\"ListItem\",\"position\":1,\"name\":\"Portada\",\"item\":\"https:\/\/www.ull.es\/portal\/noticias\/\"},{\"@type\":\"ListItem\",\"position\":2,\"name\":\"Rosa Aguilar participar\u00e1 junto a seis rectoras en el debate de la Fundaci\u00f3n CYD sobre liderazgo de la mujer en la universidad\"}]},{\"@type\":\"WebSite\",\"@id\":\"https:\/\/www.ull.es\/portal\/noticias\/#website\",\"url\":\"https:\/\/www.ull.es\/portal\/noticias\/\",\"name\":\"ULL - Noticias\",\"description\":\"\",\"potentialAction\":[{\"@type\":\"SearchAction\",\"target\":{\"@type\":\"EntryPoint\",\"urlTemplate\":\"https:\/\/www.ull.es\/portal\/noticias\/?s={search_term_string}\"},\"query-input\":\"required name=search_term_string\"}],\"inLanguage\":\"es\"},{\"@type\":\"Person\",\"@id\":\"https:\/\/www.ull.es\/portal\/noticias\/#\/schema\/person\/b2b1a89d43ffa609e591f7df8ef3e817\",\"name\":\"gaprsa\",\"image\":{\"@type\":\"ImageObject\",\"inLanguage\":\"es\",\"@id\":\"https:\/\/www.ull.es\/portal\/noticias\/#\/schema\/person\/image\/\",\"url\":\"https:\/\/secure.gravatar.com\/avatar\/443820550921091458b4823867723b3d?s=96&d=mm&r=g\",\"contentUrl\":\"https:\/\/secure.gravatar.com\/avatar\/443820550921091458b4823867723b3d?s=96&d=mm&r=g\",\"caption\":\"gaprsa\"},\"url\":\"https:\/\/www.ull.es\/portal\/noticias\/author\/gaprsa\/\"}]}<\/script>\n<!-- \/ Yoast SEO plugin. -->","yoast_head_json":{"title":"Rosa Aguilar participar\u00e1 junto a seis rectoras en el debate de la Fundaci\u00f3n CYD sobre liderazgo de la mujer en la universidad - ULL - Noticias","robots":{"index":"index","follow":"follow","max-snippet":"max-snippet:-1","max-image-preview":"max-image-preview:large","max-video-preview":"max-video-preview:-1"},"canonical":"https:\/\/www.ull.es\/portal\/noticias\/2019\/rosa-aguilar-participara-junto-a-seis-rectoras-en-el-debate-de-la-fundacion-cyd-sobre-liderazgo-de-la-mujer-en-la-universidad\/","og_locale":"es_ES","og_type":"article","og_title":"Rosa Aguilar participar\u00e1 junto a seis rectoras en el debate de la Fundaci\u00f3n CYD sobre liderazgo de la mujer en la universidad - ULL - Noticias","og_description":"Siete rectoras espa\u00f1olas se reunir\u00e1n este pr\u00f3ximo mi\u00e9rcoles 20 de noviembre en Madrid para debatir sobre \u2018El liderazgo de la...","og_url":"https:\/\/www.ull.es\/portal\/noticias\/2019\/rosa-aguilar-participara-junto-a-seis-rectoras-en-el-debate-de-la-fundacion-cyd-sobre-liderazgo-de-la-mujer-en-la-universidad\/","og_site_name":"ULL - Noticias","article_publisher":"https:\/\/www.facebook.com\/universidaddelalaguna\/","article_published_time":"2019-11-18T10:48:06+00:00","article_modified_time":"2019-11-18T10:48:16+00:00","og_image":[{"width":700,"height":350,"url":"https:\/\/www.ull.es\/portal\/noticias\/wp-content\/uploads\/sites\/13\/2019\/11\/liderazgo-de-la-mujer-eventos-2.jpg","type":"image\/jpeg"}],"author":"gaprsa","twitter_card":"summary_large_image","twitter_creator":"@CanalULL","twitter_site":"@CanalULL","twitter_misc":{"Escrito por":"gaprsa","Tiempo de lectura":"1 minuto"},"schema":{"@context":"https:\/\/schema.org","@graph":[{"@type":"WebPage","@id":"https:\/\/www.ull.es\/portal\/noticias\/2019\/rosa-aguilar-participara-junto-a-seis-rectoras-en-el-debate-de-la-fundacion-cyd-sobre-liderazgo-de-la-mujer-en-la-universidad\/","url":"https:\/\/www.ull.es\/portal\/noticias\/2019\/rosa-aguilar-participara-junto-a-seis-rectoras-en-el-debate-de-la-fundacion-cyd-sobre-liderazgo-de-la-mujer-en-la-universidad\/","name":"Rosa Aguilar participar\u00e1 junto a seis rectoras en el debate de la Fundaci\u00f3n CYD sobre liderazgo de la mujer en la universidad - ULL - Noticias","isPartOf":{"@id":"https:\/\/www.ull.es\/portal\/noticias\/#website"},"datePublished":"2019-11-18T10:48:06+00:00","dateModified":"2019-11-18T10:48:16+00:00","author":{"@id":"https:\/\/www.ull.es\/portal\/noticias\/#\/schema\/person\/b2b1a89d43ffa609e591f7df8ef3e817"},"breadcrumb":{"@id":"https:\/\/www.ull.es\/portal\/noticias\/2019\/rosa-aguilar-participara-junto-a-seis-rectoras-en-el-debate-de-la-fundacion-cyd-sobre-liderazgo-de-la-mujer-en-la-universidad\/#breadcrumb"},"inLanguage":"es","potentialAction":[{"@type":"ReadAction","target":["https:\/\/www.ull.es\/portal\/noticias\/2019\/rosa-aguilar-participara-junto-a-seis-rectoras-en-el-debate-de-la-fundacion-cyd-sobre-liderazgo-de-la-mujer-en-la-universidad\/"]}]},{"@type":"BreadcrumbList","@id":"https:\/\/www.ull.es\/portal\/noticias\/2019\/rosa-aguilar-participara-junto-a-seis-rectoras-en-el-debate-de-la-fundacion-cyd-sobre-liderazgo-de-la-mujer-en-la-universidad\/#breadcrumb","itemListElement":[{"@type":"ListItem","position":1,"name":"Portada","item":"https:\/\/www.ull.es\/portal\/noticias\/"},{"@type":"ListItem","position":2,"name":"Rosa Aguilar participar\u00e1 junto a seis rectoras en el debate de la Fundaci\u00f3n CYD sobre liderazgo de la mujer en la universidad"}]},{"@type":"WebSite","@id":"https:\/\/www.ull.es\/portal\/noticias\/#website","url":"https:\/\/www.ull.es\/portal\/noticias\/","name":"ULL - Noticias","description":"","potentialAction":[{"@type":"SearchAction","target":{"@type":"EntryPoint","urlTemplate":"https:\/\/www.ull.es\/portal\/noticias\/?s={search_term_string}"},"query-input":"required name=search_term_string"}],"inLanguage":"es"},{"@type":"Person","@id":"https:\/\/www.ull.es\/portal\/noticias\/#\/schema\/person\/b2b1a89d43ffa609e591f7df8ef3e817","name":"gaprsa","image":{"@type":"ImageObject","inLanguage":"es","@id":"https:\/\/www.ull.es\/portal\/noticias\/#\/schema\/person\/image\/","url":"https:\/\/secure.gravatar.com\/avatar\/443820550921091458b4823867723b3d?s=96&d=mm&r=g","contentUrl":"https:\/\/secure.gravatar.com\/avatar\/443820550921091458b4823867723b3d?s=96&d=mm&r=g","caption":"gaprsa"},"url":"https:\/\/www.ull.es\/portal\/noticias\/author\/gaprsa\/"}]}},"primary_category":{"id":2765,"name":"Portada ULL","slug":"portada-ull","link":"https:\/\/www.ull.es\/portal\/noticias\/category\/portada-ull\/"},"featured_image_thumbnail_url":"https:\/\/www.ull.es\/portal\/noticias\/wp-content\/uploads\/sites\/13\/2019\/11\/liderazgo-de-la-mujer-eventos-2-300x150.jpg","_links":{"self":[{"href":"https:\/\/www.ull.es\/portal\/noticias\/wp-json\/wp\/v2\/posts\/47630"}],"collection":[{"href":"https:\/\/www.ull.es\/portal\/noticias\/wp-json\/wp\/v2\/posts"}],"about":[{"href":"https:\/\/www.ull.es\/portal\/noticias\/wp-json\/wp\/v2\/types\/post"}],"author":[{"embeddable":true,"href":"https:\/\/www.ull.es\/portal\/noticias\/wp-json\/wp\/v2\/users\/23"}],"replies":[{"embeddable":true,"href":"https:\/\/www.ull.es\/portal\/noticias\/wp-json\/wp\/v2\/comments?post=47630"}],"version-history":[{"count":2,"href":"https:\/\/www.ull.es\/portal\/noticias\/wp-json\/wp\/v2\/posts\/47630\/revisions"}],"predecessor-version":[{"id":47633,"href":"https:\/\/www.ull.es\/portal\/noticias\/wp-json\/wp\/v2\/posts\/47630\/revisions\/47633"}],"wp:featuredmedia":[{"embeddable":true,"href":"https:\/\/www.ull.es\/portal\/noticias\/wp-json\/wp\/v2\/media\/47632"}],"wp:attachment":[{"href":"https:\/\/www.ull.es\/portal\/noticias\/wp-json\/wp\/v2\/media?parent=47630"}],"wp:term":[{"taxonomy":"category","embeddable":true,"href":"https:\/\/www.ull.es\/portal\/noticias\/wp-json\/wp\/v2\/categories?post=47630"},{"taxonomy":"post_tag","embeddable":true,"href":"https:\/\/www.ull.es\/portal\/noticias\/wp-json\/wp\/v2\/tags?post=47630"}],"curies":[{"name":"wp","href":"https:\/\/api.w.org\/{rel}","templated":true}]}}