{"id":47681,"date":"2019-11-20T12:32:31","date_gmt":"2019-11-20T12:32:31","guid":{"rendered":"https:\/\/www.ull.es\/portal\/noticias\/?p=47681"},"modified":"2019-11-20T12:32:31","modified_gmt":"2019-11-20T12:32:31","slug":"paraninfo-acoge-ii-premios-tecnoedu","status":"publish","type":"post","link":"https:\/\/www.ull.es\/portal\/noticias\/2019\/paraninfo-acoge-ii-premios-tecnoedu\/","title":{"rendered":"El Paraninfo acoger\u00e1 la entrega de los II Premios Tecnoedu a la innovaci\u00f3n en tecnolog\u00eda educativa de Canarias"},"content":{"rendered":"<p>Los Premios TECNOEDU 2019 a la Innovaci\u00f3n con Tecnolog\u00eda Educativa son una iniciativa de la C\u00e1tedra Fundaci\u00f3n MAPFRE Guanarteme de Tecnolog\u00eda y Educaci\u00f3n en la Universidad de La Laguna (<a href=\"https:\/\/tecnoedu.webs.ull.es\/\" target=\"_blank\" rel=\"noopener noreferrer\" target=\"_blank\" rel=\"noopener\">TECNOEDU<\/a>), en la que colaboran la Direcci\u00f3n General de Ordenaci\u00f3n, Innovaci\u00f3n, Promoci\u00f3n Educativa a trav\u00e9s del \u00c1rea de Tecnolog\u00eda Educativa y el grupo Laboratorio de Educaci\u00f3n y Nuevas Tecnolog\u00eda de la Universidad de La Laguna (EDULLAB), que tiene como objetivo fundamental premiar la excelencia y apoyar la innovaci\u00f3n educativa en Canarias. Los cuatro proyectos galardonados en esta segunda convocatoria se har\u00e1n p\u00fablicos en el acto de entrega de premios que tendr\u00e1 lugar el pr\u00f3ximo 26 de noviembre, a las 18.00 horas, en el Paraninfo de la Universidad de La Laguna.<\/p>\n<p>Con un total de 46 candidaturas recibidas, este certamen se consolida en su segunda edici\u00f3n como un referente en Canarias en el \u00e1mbito de la promoci\u00f3n de la excelencia en innovaci\u00f3n educativa con tecnolog\u00eda. Los premios, dotados con 2000 euros en cada una de las cuatro modalidades de participaci\u00f3n del certamen, son un reconocimiento y est\u00edmulo a la labor del profesorado y los centros educativos en la innovaci\u00f3n educativa con TIC, as\u00ed como el emprendimiento y la creaci\u00f3n de tecnolog\u00edas educativas por el alumnado universitario (ULL).<\/p>\n<p>En la inauguraci\u00f3n y entrega de premios participar\u00e1n la consejera de Educaci\u00f3n Universidades, Cultura y Deportes del Gobierno de Canarias, Mar\u00eda Jos\u00e9 Guerra; la rectora de la Universidad de La Laguna, Rosa Mar\u00eda Aguilar; la directora de la Fundaci\u00f3n MAPFRE Guanarteme, Esther Martel Gil; y el director de la C\u00e1tedra Fundaci\u00f3n MAPFRE Guanarteme de Tecnolog\u00eda y Educaci\u00f3n de la Universidad de La Laguna (TECNOEDU), Manuel Area.<\/p>\n<p>El acto comenzar\u00e1 con la conferencia del exdirector y acad\u00e9mico de la Real Academia de Lengua Espa\u00f1ola, Dar\u00edo Villanueva, que nos hablar\u00e1 sobre \u00abEl acto de leer y los nativos digitales\u00bb. Posteriormente, se dar\u00e1n a conocer los nombres de los proyectos premiados en cada una de las cuatro modalidades de participaci\u00f3n (proyectos de innovaci\u00f3n educativa con TIC en el centro educativo; experiencias de innovaci\u00f3n educativa con TIC en el aula; creaciones de innovaci\u00f3n tecnol\u00f3gica para la educaci\u00f3n y proyectos de emprendedur\u00eda educativa con TIC) y se har\u00e1 un reconocimiento especial a cada una de las candidaturas presentadas a esta segunda edici\u00f3n del certamen.<\/p>\n<p>Toda la informaci\u00f3n e inscripci\u00f3n para asistir a la entrega de premios se encuentra disponible <a href=\"https:\/\/tecnoedu.webs.ull.es\/premios-2019-2\/\" target=\"_blank\" rel=\"noopener\">en la web de la c\u00e1tedra<\/a> TECNOEDU.<\/p>\n","protected":false},"excerpt":{"rendered":"<p>Los Premios TECNOEDU 2019 a la Innovaci\u00f3n con Tecnolog\u00eda Educativa son una iniciativa de la C\u00e1tedra Fundaci\u00f3n MAPFRE Guanarteme de&#8230;<\/p>\n","protected":false},"author":21,"featured_media":47682,"comment_status":"closed","ping_status":"closed","sticky":false,"template":"","format":"standard","meta":{"inline_featured_image":false,"footnotes":""},"categories":[345,346,2765],"tags":[3885,3886,2047,6124,3678],"acf":[],"yoast_head":"<!-- This site is optimized with the Yoast SEO plugin v21.3 - https:\/\/yoast.com\/wordpress\/plugins\/seo\/ -->\n<title>El Paraninfo acoger\u00e1 la entrega de los II Premios Tecnoedu<\/title>\n<meta name=\"description\" content=\"Los cuatro proyectos galardonados en esta segunda convocatoria se har\u00e1n p\u00fablicos en el acto de entrega del 26 de noviembre, a las 18.00 horas.\" \/>\n<meta name=\"robots\" content=\"index, follow, max-snippet:-1, max-image-preview:large, max-video-preview:-1\" \/>\n<link rel=\"canonical\" href=\"https:\/\/www.ull.es\/portal\/noticias\/2019\/paraninfo-acoge-ii-premios-tecnoedu\/\" \/>\n<meta property=\"og:locale\" content=\"es_ES\" \/>\n<meta property=\"og:type\" content=\"article\" \/>\n<meta property=\"og:title\" content=\"El Paraninfo acoger\u00e1 la entrega de los II Premios Tecnoedu\" \/>\n<meta property=\"og:description\" content=\"Los cuatro proyectos galardonados en esta segunda convocatoria se har\u00e1n p\u00fablicos en el acto de entrega del 26 de noviembre, a las 18.00 horas.\" \/>\n<meta property=\"og:url\" content=\"https:\/\/www.ull.es\/portal\/noticias\/2019\/paraninfo-acoge-ii-premios-tecnoedu\/\" \/>\n<meta property=\"og:site_name\" content=\"ULL - Noticias\" \/>\n<meta property=\"article:publisher\" content=\"https:\/\/www.facebook.com\/universidaddelalaguna\/\" \/>\n<meta property=\"article:published_time\" content=\"2019-11-20T12:32:31+00:00\" \/>\n<meta property=\"og:image\" content=\"https:\/\/www.ull.es\/portal\/noticias\/wp-content\/uploads\/sites\/13\/2019\/11\/premios-tecnoedu-2019.jpg\" \/>\n\t<meta property=\"og:image:width\" content=\"1200\" \/>\n\t<meta property=\"og:image:height\" content=\"800\" \/>\n\t<meta property=\"og:image:type\" content=\"image\/jpeg\" \/>\n<meta name=\"author\" content=\"prensa2\" \/>\n<meta name=\"twitter:card\" content=\"summary_large_image\" \/>\n<meta name=\"twitter:creator\" content=\"@CanalULL\" \/>\n<meta name=\"twitter:site\" content=\"@CanalULL\" \/>\n<meta name=\"twitter:label1\" content=\"Escrito por\" \/>\n\t<meta name=\"twitter:data1\" content=\"prensa2\" \/>\n\t<meta name=\"twitter:label2\" content=\"Tiempo de lectura\" \/>\n\t<meta name=\"twitter:data2\" content=\"2 minutos\" \/>\n<script type=\"application\/ld+json\" class=\"yoast-schema-graph\">{\"@context\":\"https:\/\/schema.org\",\"@graph\":[{\"@type\":\"WebPage\",\"@id\":\"https:\/\/www.ull.es\/portal\/noticias\/2019\/paraninfo-acoge-ii-premios-tecnoedu\/\",\"url\":\"https:\/\/www.ull.es\/portal\/noticias\/2019\/paraninfo-acoge-ii-premios-tecnoedu\/\",\"name\":\"El Paraninfo acoger\u00e1 la entrega de los II Premios Tecnoedu\",\"isPartOf\":{\"@id\":\"https:\/\/www.ull.es\/portal\/noticias\/#website\"},\"datePublished\":\"2019-11-20T12:32:31+00:00\",\"dateModified\":\"2019-11-20T12:32:31+00:00\",\"author\":{\"@id\":\"https:\/\/www.ull.es\/portal\/noticias\/#\/schema\/person\/c3b2aa857797592927a03740d6664376\"},\"description\":\"Los cuatro proyectos galardonados en esta segunda convocatoria se har\u00e1n p\u00fablicos en el acto de entrega del 26 de noviembre, a las 18.00 horas.\",\"breadcrumb\":{\"@id\":\"https:\/\/www.ull.es\/portal\/noticias\/2019\/paraninfo-acoge-ii-premios-tecnoedu\/#breadcrumb\"},\"inLanguage\":\"es\",\"potentialAction\":[{\"@type\":\"ReadAction\",\"target\":[\"https:\/\/www.ull.es\/portal\/noticias\/2019\/paraninfo-acoge-ii-premios-tecnoedu\/\"]}]},{\"@type\":\"BreadcrumbList\",\"@id\":\"https:\/\/www.ull.es\/portal\/noticias\/2019\/paraninfo-acoge-ii-premios-tecnoedu\/#breadcrumb\",\"itemListElement\":[{\"@type\":\"ListItem\",\"position\":1,\"name\":\"Portada\",\"item\":\"https:\/\/www.ull.es\/portal\/noticias\/\"},{\"@type\":\"ListItem\",\"position\":2,\"name\":\"El Paraninfo acoger\u00e1 la entrega de los II Premios Tecnoedu a la innovaci\u00f3n en tecnolog\u00eda educativa de Canarias\"}]},{\"@type\":\"WebSite\",\"@id\":\"https:\/\/www.ull.es\/portal\/noticias\/#website\",\"url\":\"https:\/\/www.ull.es\/portal\/noticias\/\",\"name\":\"ULL - Noticias\",\"description\":\"\",\"potentialAction\":[{\"@type\":\"SearchAction\",\"target\":{\"@type\":\"EntryPoint\",\"urlTemplate\":\"https:\/\/www.ull.es\/portal\/noticias\/?s={search_term_string}\"},\"query-input\":\"required name=search_term_string\"}],\"inLanguage\":\"es\"},{\"@type\":\"Person\",\"@id\":\"https:\/\/www.ull.es\/portal\/noticias\/#\/schema\/person\/c3b2aa857797592927a03740d6664376\",\"name\":\"prensa2\",\"image\":{\"@type\":\"ImageObject\",\"inLanguage\":\"es\",\"@id\":\"https:\/\/www.ull.es\/portal\/noticias\/#\/schema\/person\/image\/\",\"url\":\"https:\/\/secure.gravatar.com\/avatar\/b58f310a5de5feb33d1e026d2493f23c?s=96&d=mm&r=g\",\"contentUrl\":\"https:\/\/secure.gravatar.com\/avatar\/b58f310a5de5feb33d1e026d2493f23c?s=96&d=mm&r=g\",\"caption\":\"prensa2\"},\"url\":\"https:\/\/www.ull.es\/portal\/noticias\/author\/prensa2\/\"}]}<\/script>\n<!-- \/ Yoast SEO plugin. -->","yoast_head_json":{"title":"El Paraninfo acoger\u00e1 la entrega de los II Premios Tecnoedu","description":"Los cuatro proyectos galardonados en esta segunda convocatoria se har\u00e1n p\u00fablicos en el acto de entrega del 26 de noviembre, a las 18.00 horas.","robots":{"index":"index","follow":"follow","max-snippet":"max-snippet:-1","max-image-preview":"max-image-preview:large","max-video-preview":"max-video-preview:-1"},"canonical":"https:\/\/www.ull.es\/portal\/noticias\/2019\/paraninfo-acoge-ii-premios-tecnoedu\/","og_locale":"es_ES","og_type":"article","og_title":"El Paraninfo acoger\u00e1 la entrega de los II Premios Tecnoedu","og_description":"Los cuatro proyectos galardonados en esta segunda convocatoria se har\u00e1n p\u00fablicos en el acto de entrega del 26 de noviembre, a las 18.00 horas.","og_url":"https:\/\/www.ull.es\/portal\/noticias\/2019\/paraninfo-acoge-ii-premios-tecnoedu\/","og_site_name":"ULL - Noticias","article_publisher":"https:\/\/www.facebook.com\/universidaddelalaguna\/","article_published_time":"2019-11-20T12:32:31+00:00","og_image":[{"width":1200,"height":800,"url":"https:\/\/www.ull.es\/portal\/noticias\/wp-content\/uploads\/sites\/13\/2019\/11\/premios-tecnoedu-2019.jpg","type":"image\/jpeg"}],"author":"prensa2","twitter_card":"summary_large_image","twitter_creator":"@CanalULL","twitter_site":"@CanalULL","twitter_misc":{"Escrito por":"prensa2","Tiempo de lectura":"2 minutos"},"schema":{"@context":"https:\/\/schema.org","@graph":[{"@type":"WebPage","@id":"https:\/\/www.ull.es\/portal\/noticias\/2019\/paraninfo-acoge-ii-premios-tecnoedu\/","url":"https:\/\/www.ull.es\/portal\/noticias\/2019\/paraninfo-acoge-ii-premios-tecnoedu\/","name":"El Paraninfo acoger\u00e1 la entrega de los II Premios Tecnoedu","isPartOf":{"@id":"https:\/\/www.ull.es\/portal\/noticias\/#website"},"datePublished":"2019-11-20T12:32:31+00:00","dateModified":"2019-11-20T12:32:31+00:00","author":{"@id":"https:\/\/www.ull.es\/portal\/noticias\/#\/schema\/person\/c3b2aa857797592927a03740d6664376"},"description":"Los cuatro proyectos galardonados en esta segunda convocatoria se har\u00e1n p\u00fablicos en el acto de entrega del 26 de noviembre, a las 18.00 horas.","breadcrumb":{"@id":"https:\/\/www.ull.es\/portal\/noticias\/2019\/paraninfo-acoge-ii-premios-tecnoedu\/#breadcrumb"},"inLanguage":"es","potentialAction":[{"@type":"ReadAction","target":["https:\/\/www.ull.es\/portal\/noticias\/2019\/paraninfo-acoge-ii-premios-tecnoedu\/"]}]},{"@type":"BreadcrumbList","@id":"https:\/\/www.ull.es\/portal\/noticias\/2019\/paraninfo-acoge-ii-premios-tecnoedu\/#breadcrumb","itemListElement":[{"@type":"ListItem","position":1,"name":"Portada","item":"https:\/\/www.ull.es\/portal\/noticias\/"},{"@type":"ListItem","position":2,"name":"El Paraninfo acoger\u00e1 la entrega de los II Premios Tecnoedu a la innovaci\u00f3n en tecnolog\u00eda educativa de Canarias"}]},{"@type":"WebSite","@id":"https:\/\/www.ull.es\/portal\/noticias\/#website","url":"https:\/\/www.ull.es\/portal\/noticias\/","name":"ULL - Noticias","description":"","potentialAction":[{"@type":"SearchAction","target":{"@type":"EntryPoint","urlTemplate":"https:\/\/www.ull.es\/portal\/noticias\/?s={search_term_string}"},"query-input":"required name=search_term_string"}],"inLanguage":"es"},{"@type":"Person","@id":"https:\/\/www.ull.es\/portal\/noticias\/#\/schema\/person\/c3b2aa857797592927a03740d6664376","name":"prensa2","image":{"@type":"ImageObject","inLanguage":"es","@id":"https:\/\/www.ull.es\/portal\/noticias\/#\/schema\/person\/image\/","url":"https:\/\/secure.gravatar.com\/avatar\/b58f310a5de5feb33d1e026d2493f23c?s=96&d=mm&r=g","contentUrl":"https:\/\/secure.gravatar.com\/avatar\/b58f310a5de5feb33d1e026d2493f23c?s=96&d=mm&r=g","caption":"prensa2"},"url":"https:\/\/www.ull.es\/portal\/noticias\/author\/prensa2\/"}]}},"primary_category":{"id":346,"name":"Docencia","slug":"docencia","link":"https:\/\/www.ull.es\/portal\/noticias\/category\/docencia\/"},"featured_image_thumbnail_url":"https:\/\/www.ull.es\/portal\/noticias\/wp-content\/uploads\/sites\/13\/2019\/11\/premios-tecnoedu-2019-300x200.jpg","_links":{"self":[{"href":"https:\/\/www.ull.es\/portal\/noticias\/wp-json\/wp\/v2\/posts\/47681"}],"collection":[{"href":"https:\/\/www.ull.es\/portal\/noticias\/wp-json\/wp\/v2\/posts"}],"about":[{"href":"https:\/\/www.ull.es\/portal\/noticias\/wp-json\/wp\/v2\/types\/post"}],"author":[{"embeddable":true,"href":"https:\/\/www.ull.es\/portal\/noticias\/wp-json\/wp\/v2\/users\/21"}],"replies":[{"embeddable":true,"href":"https:\/\/www.ull.es\/portal\/noticias\/wp-json\/wp\/v2\/comments?post=47681"}],"version-history":[{"count":1,"href":"https:\/\/www.ull.es\/portal\/noticias\/wp-json\/wp\/v2\/posts\/47681\/revisions"}],"predecessor-version":[{"id":47683,"href":"https:\/\/www.ull.es\/portal\/noticias\/wp-json\/wp\/v2\/posts\/47681\/revisions\/47683"}],"wp:featuredmedia":[{"embeddable":true,"href":"https:\/\/www.ull.es\/portal\/noticias\/wp-json\/wp\/v2\/media\/47682"}],"wp:attachment":[{"href":"https:\/\/www.ull.es\/portal\/noticias\/wp-json\/wp\/v2\/media?parent=47681"}],"wp:term":[{"taxonomy":"category","embeddable":true,"href":"https:\/\/www.ull.es\/portal\/noticias\/wp-json\/wp\/v2\/categories?post=47681"},{"taxonomy":"post_tag","embeddable":true,"href":"https:\/\/www.ull.es\/portal\/noticias\/wp-json\/wp\/v2\/tags?post=47681"}],"curies":[{"name":"wp","href":"https:\/\/api.w.org\/{rel}","templated":true}]}}