{"id":47777,"date":"2019-11-25T14:32:09","date_gmt":"2019-11-25T14:32:09","guid":{"rendered":"https:\/\/www.ull.es\/portal\/noticias\/?p=47777"},"modified":"2020-12-18T10:31:01","modified_gmt":"2020-12-18T10:31:01","slug":"la-universidad-de-la-laguna-presta-su-voz-a-las-mujeres-victimas-de-violencia-machista-que-no-pueden-denunciar","status":"publish","type":"post","link":"https:\/\/www.ull.es\/portal\/noticias\/2019\/la-universidad-de-la-laguna-presta-su-voz-a-las-mujeres-victimas-de-violencia-machista-que-no-pueden-denunciar\/","title":{"rendered":"La Universidad de La Laguna presta su voz a las mujeres v\u00edctimas de violencia machista que no pueden denunciar"},"content":{"rendered":"<p><iframe loading=\"lazy\" title=\"V\u00eddeo por el D\u00eda Internacional para la Eliminaci\u00f3n de la violencia contra las mujeres\" width=\"750\" height=\"422\" src=\"https:\/\/www.youtube.com\/embed\/f2Rkt1fQSto?feature=oembed\" frameborder=\"0\" allow=\"accelerometer; autoplay; clipboard-write; encrypted-media; gyroscope; picture-in-picture\" allowfullscreen><\/iframe><\/p>\n<p>\u00ab\u00bfCu\u00e1ntas historias m\u00e1s tenemos que escuchar para reconocer que tenemos un problema social?\u201d. Con tan contundentes palabras termina un <a href=\"https:\/\/youtu.be\/f2Rkt1fQSto\" target=\"_blank\" rel=\"noopener\">video<\/a> creado por la Unidad de Igualdad de G\u00e9nero y el Instituto de Estudios de las Mujeres de la Universidad de La Laguna estrenado hoy, lunes 25 de noviembre, en un acto conmemorativo del D\u00eda Internacional para la Erradicaci\u00f3n de la Violencia contra la Mujer. En el audiovisual, estudiantes de la instituci\u00f3n acad\u00e9mica narran testimonios reales de mujeres v\u00edctimas de alg\u00fan tipo de agresi\u00f3n que, por sus circunstancias personales y el \u201cestigma social\u201d que sigue existiendo en torno a este problema, no pueden denunciar con su propia voz sus casos.<\/p>\n<p><a href=\"https:\/\/www.ull.es\/portal\/noticias\/wp-content\/uploads\/sites\/13\/2019\/11\/Dia-intern-violenc-mujeres-01.jpg\" target=\"_blank\" rel=\"noopener noreferrer\" target=\"_blank\" rel=\"noopener\"><img decoding=\"async\" loading=\"lazy\" class=\"wp-image-47780 size-medium\" src=\"https:\/\/www.ull.es\/portal\/noticias\/wp-content\/uploads\/sites\/13\/2019\/11\/Dia-intern-violenc-mujeres-01-300x200.jpg\" alt=\"\" width=\"300\" height=\"200\" srcset=\"https:\/\/www.ull.es\/portal\/noticias\/wp-content\/uploads\/sites\/13\/2019\/11\/Dia-intern-violenc-mujeres-01-300x200.jpg 300w, https:\/\/www.ull.es\/portal\/noticias\/wp-content\/uploads\/sites\/13\/2019\/11\/Dia-intern-violenc-mujeres-01-768x512.jpg 768w, https:\/\/www.ull.es\/portal\/noticias\/wp-content\/uploads\/sites\/13\/2019\/11\/Dia-intern-violenc-mujeres-01.jpg 1024w, https:\/\/www.ull.es\/portal\/noticias\/wp-content\/uploads\/sites\/13\/2019\/11\/Dia-intern-violenc-mujeres-01-375x250.jpg 375w, https:\/\/www.ull.es\/portal\/noticias\/wp-content\/uploads\/sites\/13\/2019\/11\/Dia-intern-violenc-mujeres-01-750x500.jpg 750w\" sizes=\"(max-width: 300px) 100vw, 300px\" \/><\/a> Minuto de silencio<\/p>\n<div>Fotos: Emeterio Su\u00e1rez (CC BY 3.0)<\/div>\n<p>El video fue el colof\u00f3n a un acto celebrado en la Facultad de Econom\u00eda, Empresa y Turismo que fue abierto por la rectora de la Universidad de La Laguna, Rosa Aguilar Chinea, quien comenz\u00f3 su locuci\u00f3n recordando el \u00faltimo caso de asesinato machista, acaecido la noche del 24 de noviembre en Tenerife, en cuya memoria solicit\u00f3 un minuto de silencio.<\/p>\n<p>Tras este homenaje, Aguilar Chinea insisti\u00f3 en que el papel de las instituciones que, como es el caso de la universidad, poseen relevancia y ejemplaridad, es visibilizar todo aquello que est\u00e1 mal. \u201cLa violencia contra las mujeres es solamente la punta de un iceberg de desigualdades. Es la manifestaci\u00f3n m\u00e1s cruenta de la cultura machista. Por eso, es importante actuar a todos los niveles para demoler los cimientos de esa cultura hasta construir una sociedad plenamente igualitaria\u201d.<\/p>\n<p>La rectora lament\u00f3 que la lucha feminista est\u00e9 viviendo un retroceso ante la aparici\u00f3n de ciertos partidos pol\u00edticos que est\u00e1n influyendo en las instituciones y en las nuevas generaciones para tratar de frenar los avances logrados. \u201cPor ello, es importante seguir alzando la voz para decirle a esas personas que est\u00e1n equivocadas, que no tienen raz\u00f3n, y que sus ideas no es que sean perjudiciales, es que, directamente, pueden matar. Y tambi\u00e9n para eliminar la confusi\u00f3n de las personas que se han dejado influir por esas opiniones nefastas.\u201d<\/p>\n<p>Tras la intervenci\u00f3n de la rectora, la directora de la Unidad de Igualdad de G\u00e9nero de la Universidad de La Laguna, Laura Aguilera \u00c1vila, procedi\u00f3 a leer el <a href=\"https:\/\/drive.google.com\/file\/d\/1fTv3k_FTH8z_8UY-P_ro9sj6sOVSA6pK\/view?usp=sharing\" target=\"_blank\" rel=\"noopener\">manifiesto<\/a> consensuado por la Red de Unidades de Igualdad de G\u00e9nero de las Universidades Espa\u00f1olas para la Excelencia Universitaria, que tambi\u00e9n ha sido refrendado por la Conferencia de Rectores de Universidades Espa\u00f1olas.<\/p>\n<div id=\"attachment_47781\" style=\"width: 310px\" class=\"wp-caption alignright\"><a href=\"https:\/\/www.ull.es\/portal\/noticias\/wp-content\/uploads\/sites\/13\/2019\/11\/Dia-intern-violenc-mujeres-10.jpg\" target=\"_blank\" rel=\"noopener noreferrer\" target=\"_blank\" rel=\"noopener\"><img aria-describedby=\"caption-attachment-47781\" decoding=\"async\" loading=\"lazy\" class=\"wp-image-47781 size-medium\" src=\"https:\/\/www.ull.es\/portal\/noticias\/wp-content\/uploads\/sites\/13\/2019\/11\/Dia-intern-violenc-mujeres-10-300x200.jpg\" alt=\"\" width=\"300\" height=\"200\" srcset=\"https:\/\/www.ull.es\/portal\/noticias\/wp-content\/uploads\/sites\/13\/2019\/11\/Dia-intern-violenc-mujeres-10-300x200.jpg 300w, https:\/\/www.ull.es\/portal\/noticias\/wp-content\/uploads\/sites\/13\/2019\/11\/Dia-intern-violenc-mujeres-10-768x512.jpg 768w, https:\/\/www.ull.es\/portal\/noticias\/wp-content\/uploads\/sites\/13\/2019\/11\/Dia-intern-violenc-mujeres-10.jpg 1024w, https:\/\/www.ull.es\/portal\/noticias\/wp-content\/uploads\/sites\/13\/2019\/11\/Dia-intern-violenc-mujeres-10-375x250.jpg 375w, https:\/\/www.ull.es\/portal\/noticias\/wp-content\/uploads\/sites\/13\/2019\/11\/Dia-intern-violenc-mujeres-10-750x500.jpg 750w\" sizes=\"(max-width: 300px) 100vw, 300px\" \/><\/a><p id=\"caption-attachment-47781\" class=\"wp-caption-text\">La rectora y la directora de la Unidad de Igualdad.<\/p><\/div>\n<p>En dicho manifiesto tambi\u00e9n se recoge la preocupaci\u00f3n por que \u201cdesde ciertas posiciones pol\u00edticas y sociales se niegue o justifique la violencia machista\u201d y, por ello, reclama a la academia que tome protagonismo: \u201clas universidades, como generadoras y transmisoras de conocimiento cr\u00edtico, pero tambi\u00e9n de valores, debemos (y podemos) convertirnos en un referente\u00a0 \u00a0de igualdad para toda la sociedad\u201d. Para ello, propone visibilizar los resultados de las investigaciones en estudios de g\u00e9nero realizadas desde los centros docentes, e impulsar la actividad de entidades como las Unidades de Igualdad.<\/p>\n<p>El manifiesto tambi\u00e9n apela a los hombres a \u201cdecir basta\u201d y a romper el \u201csilencio c\u00f3mplice\u201d con los maltratadores. \u201cSin igualdad entre hombres y mujeres no hay democracia; sin erradicaci\u00f3n de la violencia contra las mujeres, no hay justicia\u201d, concluye el manifiesto.<\/p>\n<p><strong>Video del 25N<\/strong><\/p>\n<p>El video proyectado durante la sesi\u00f3n ser\u00e1 difundido por los canales universitarios y se ha invitado a todas las personas preocupadas por este problema a que lo compartan. En \u00e9l catorce alumnas de la Universidad de La Laguna han puesto su rostro y su voz a diez testimonios reales de mujeres que no pueden hacerlo personalmente.<\/p>\n<p>Estos diez testimonios ejemplifican cada uno de los supuestos que la ley canaria 16\/2003, de Prevenci\u00f3n y Protecci\u00f3n Integral de las Mujeres contra la Violencia de G\u00e9nero define como casos de este tipo de agresiones: violencia en la pareja o expareja; violencia sexual; violencia en el \u00e1mbito laboral; trata de mujeres y ni\u00f1as; explotaci\u00f3n sexual; violencia contra los derechos sexuales y reproductivos de las mujeres; matrimonio a edad temprana, matrimonio concertado o forzado; mutilaci\u00f3n genital femenina; feminicidio; y cualquier otra forma de violencia que lesione o sea susceptible de lesionar la dignidad, la integridad o la libertad de las mujeres.<\/p>\n<p><a href=\"https:\/\/youtu.be\/f2Rkt1fQSto\" target=\"_blank\" rel=\"noopener noreferrer\" target=\"_blank\" rel=\"noopener\">Enlace al v\u00eddeo<\/a><\/p>\n<p><a href=\"https:\/\/drive.google.com\/file\/d\/1fTv3k_FTH8z_8UY-P_ro9sj6sOVSA6pK\/view?usp=sharing\" target=\"_blank\" rel=\"noopener noreferrer\" target=\"_blank\" rel=\"noopener\">Enlace al manifiesto<\/a><\/p>\n","protected":false},"excerpt":{"rendered":"<p>\u00ab\u00bfCu\u00e1ntas historias m\u00e1s tenemos que escuchar para reconocer que tenemos un problema social?\u201d. Con tan contundentes palabras termina un video&#8230;<\/p>\n","protected":false},"author":21,"featured_media":47779,"comment_status":"closed","ping_status":"closed","sticky":false,"template":"","format":"image","meta":{"inline_featured_image":false,"footnotes":""},"categories":[345,348,6857,4929,2765],"tags":[1470,1526,1561,2547],"acf":[],"yoast_head":"<!-- This site is optimized with the Yoast SEO plugin v21.3 - https:\/\/yoast.com\/wordpress\/plugins\/seo\/ -->\n<title>La Universidad de La Laguna presta su voz a las mujeres v\u00edctimas de violencia machista que no pueden denunciar - ULL - Noticias<\/title>\n<meta name=\"robots\" content=\"index, follow, max-snippet:-1, max-image-preview:large, max-video-preview:-1\" \/>\n<link rel=\"canonical\" href=\"https:\/\/www.ull.es\/portal\/noticias\/2019\/la-universidad-de-la-laguna-presta-su-voz-a-las-mujeres-victimas-de-violencia-machista-que-no-pueden-denunciar\/\" \/>\n<meta property=\"og:locale\" content=\"es_ES\" \/>\n<meta property=\"og:type\" content=\"article\" \/>\n<meta property=\"og:title\" content=\"La Universidad de La Laguna presta su voz a las mujeres v\u00edctimas de violencia machista que no pueden denunciar - ULL - Noticias\" \/>\n<meta property=\"og:description\" content=\"\u00ab\u00bfCu\u00e1ntas historias m\u00e1s tenemos que escuchar para reconocer que tenemos un problema social?\u201d. Con tan contundentes palabras termina un video...\" \/>\n<meta property=\"og:url\" content=\"https:\/\/www.ull.es\/portal\/noticias\/2019\/la-universidad-de-la-laguna-presta-su-voz-a-las-mujeres-victimas-de-violencia-machista-que-no-pueden-denunciar\/\" \/>\n<meta property=\"og:site_name\" content=\"ULL - Noticias\" \/>\n<meta property=\"article:publisher\" content=\"https:\/\/www.facebook.com\/universidaddelalaguna\/\" \/>\n<meta property=\"article:published_time\" content=\"2019-11-25T14:32:09+00:00\" \/>\n<meta property=\"article:modified_time\" content=\"2020-12-18T10:31:01+00:00\" \/>\n<meta property=\"og:image\" content=\"https:\/\/www.ull.es\/portal\/noticias\/wp-content\/uploads\/sites\/13\/2019\/11\/Dia-intern-violenc-mujeres-14.jpg\" \/>\n\t<meta property=\"og:image:width\" content=\"1024\" \/>\n\t<meta property=\"og:image:height\" content=\"683\" \/>\n\t<meta property=\"og:image:type\" content=\"image\/jpeg\" \/>\n<meta name=\"author\" content=\"prensa2\" \/>\n<meta name=\"twitter:card\" content=\"summary_large_image\" \/>\n<meta name=\"twitter:creator\" content=\"@CanalULL\" \/>\n<meta name=\"twitter:site\" content=\"@CanalULL\" \/>\n<meta name=\"twitter:label1\" content=\"Escrito por\" \/>\n\t<meta name=\"twitter:data1\" content=\"prensa2\" \/>\n\t<meta name=\"twitter:label2\" content=\"Tiempo de lectura\" \/>\n\t<meta name=\"twitter:data2\" content=\"4 minutos\" \/>\n<script type=\"application\/ld+json\" class=\"yoast-schema-graph\">{\"@context\":\"https:\/\/schema.org\",\"@graph\":[{\"@type\":\"WebPage\",\"@id\":\"https:\/\/www.ull.es\/portal\/noticias\/2019\/la-universidad-de-la-laguna-presta-su-voz-a-las-mujeres-victimas-de-violencia-machista-que-no-pueden-denunciar\/\",\"url\":\"https:\/\/www.ull.es\/portal\/noticias\/2019\/la-universidad-de-la-laguna-presta-su-voz-a-las-mujeres-victimas-de-violencia-machista-que-no-pueden-denunciar\/\",\"name\":\"La Universidad de La Laguna presta su voz a las mujeres v\u00edctimas de violencia machista que no pueden denunciar - ULL - Noticias\",\"isPartOf\":{\"@id\":\"https:\/\/www.ull.es\/portal\/noticias\/#website\"},\"datePublished\":\"2019-11-25T14:32:09+00:00\",\"dateModified\":\"2020-12-18T10:31:01+00:00\",\"author\":{\"@id\":\"https:\/\/www.ull.es\/portal\/noticias\/#\/schema\/person\/c3b2aa857797592927a03740d6664376\"},\"breadcrumb\":{\"@id\":\"https:\/\/www.ull.es\/portal\/noticias\/2019\/la-universidad-de-la-laguna-presta-su-voz-a-las-mujeres-victimas-de-violencia-machista-que-no-pueden-denunciar\/#breadcrumb\"},\"inLanguage\":\"es\",\"potentialAction\":[{\"@type\":\"ReadAction\",\"target\":[\"https:\/\/www.ull.es\/portal\/noticias\/2019\/la-universidad-de-la-laguna-presta-su-voz-a-las-mujeres-victimas-de-violencia-machista-que-no-pueden-denunciar\/\"]}]},{\"@type\":\"BreadcrumbList\",\"@id\":\"https:\/\/www.ull.es\/portal\/noticias\/2019\/la-universidad-de-la-laguna-presta-su-voz-a-las-mujeres-victimas-de-violencia-machista-que-no-pueden-denunciar\/#breadcrumb\",\"itemListElement\":[{\"@type\":\"ListItem\",\"position\":1,\"name\":\"Portada\",\"item\":\"https:\/\/www.ull.es\/portal\/noticias\/\"},{\"@type\":\"ListItem\",\"position\":2,\"name\":\"La Universidad de La Laguna presta su voz a las mujeres v\u00edctimas de violencia machista que no pueden denunciar\"}]},{\"@type\":\"WebSite\",\"@id\":\"https:\/\/www.ull.es\/portal\/noticias\/#website\",\"url\":\"https:\/\/www.ull.es\/portal\/noticias\/\",\"name\":\"ULL - Noticias\",\"description\":\"\",\"potentialAction\":[{\"@type\":\"SearchAction\",\"target\":{\"@type\":\"EntryPoint\",\"urlTemplate\":\"https:\/\/www.ull.es\/portal\/noticias\/?s={search_term_string}\"},\"query-input\":\"required name=search_term_string\"}],\"inLanguage\":\"es\"},{\"@type\":\"Person\",\"@id\":\"https:\/\/www.ull.es\/portal\/noticias\/#\/schema\/person\/c3b2aa857797592927a03740d6664376\",\"name\":\"prensa2\",\"image\":{\"@type\":\"ImageObject\",\"inLanguage\":\"es\",\"@id\":\"https:\/\/www.ull.es\/portal\/noticias\/#\/schema\/person\/image\/\",\"url\":\"https:\/\/secure.gravatar.com\/avatar\/b58f310a5de5feb33d1e026d2493f23c?s=96&d=mm&r=g\",\"contentUrl\":\"https:\/\/secure.gravatar.com\/avatar\/b58f310a5de5feb33d1e026d2493f23c?s=96&d=mm&r=g\",\"caption\":\"prensa2\"},\"url\":\"https:\/\/www.ull.es\/portal\/noticias\/author\/prensa2\/\"}]}<\/script>\n<!-- \/ Yoast SEO plugin. -->","yoast_head_json":{"title":"La Universidad de La Laguna presta su voz a las mujeres v\u00edctimas de violencia machista que no pueden denunciar - ULL - Noticias","robots":{"index":"index","follow":"follow","max-snippet":"max-snippet:-1","max-image-preview":"max-image-preview:large","max-video-preview":"max-video-preview:-1"},"canonical":"https:\/\/www.ull.es\/portal\/noticias\/2019\/la-universidad-de-la-laguna-presta-su-voz-a-las-mujeres-victimas-de-violencia-machista-que-no-pueden-denunciar\/","og_locale":"es_ES","og_type":"article","og_title":"La Universidad de La Laguna presta su voz a las mujeres v\u00edctimas de violencia machista que no pueden denunciar - ULL - Noticias","og_description":"\u00ab\u00bfCu\u00e1ntas historias m\u00e1s tenemos que escuchar para reconocer que tenemos un problema social?\u201d. Con tan contundentes palabras termina un video...","og_url":"https:\/\/www.ull.es\/portal\/noticias\/2019\/la-universidad-de-la-laguna-presta-su-voz-a-las-mujeres-victimas-de-violencia-machista-que-no-pueden-denunciar\/","og_site_name":"ULL - Noticias","article_publisher":"https:\/\/www.facebook.com\/universidaddelalaguna\/","article_published_time":"2019-11-25T14:32:09+00:00","article_modified_time":"2020-12-18T10:31:01+00:00","og_image":[{"width":1024,"height":683,"url":"https:\/\/www.ull.es\/portal\/noticias\/wp-content\/uploads\/sites\/13\/2019\/11\/Dia-intern-violenc-mujeres-14.jpg","type":"image\/jpeg"}],"author":"prensa2","twitter_card":"summary_large_image","twitter_creator":"@CanalULL","twitter_site":"@CanalULL","twitter_misc":{"Escrito por":"prensa2","Tiempo de lectura":"4 minutos"},"schema":{"@context":"https:\/\/schema.org","@graph":[{"@type":"WebPage","@id":"https:\/\/www.ull.es\/portal\/noticias\/2019\/la-universidad-de-la-laguna-presta-su-voz-a-las-mujeres-victimas-de-violencia-machista-que-no-pueden-denunciar\/","url":"https:\/\/www.ull.es\/portal\/noticias\/2019\/la-universidad-de-la-laguna-presta-su-voz-a-las-mujeres-victimas-de-violencia-machista-que-no-pueden-denunciar\/","name":"La Universidad de La Laguna presta su voz a las mujeres v\u00edctimas de violencia machista que no pueden denunciar - ULL - Noticias","isPartOf":{"@id":"https:\/\/www.ull.es\/portal\/noticias\/#website"},"datePublished":"2019-11-25T14:32:09+00:00","dateModified":"2020-12-18T10:31:01+00:00","author":{"@id":"https:\/\/www.ull.es\/portal\/noticias\/#\/schema\/person\/c3b2aa857797592927a03740d6664376"},"breadcrumb":{"@id":"https:\/\/www.ull.es\/portal\/noticias\/2019\/la-universidad-de-la-laguna-presta-su-voz-a-las-mujeres-victimas-de-violencia-machista-que-no-pueden-denunciar\/#breadcrumb"},"inLanguage":"es","potentialAction":[{"@type":"ReadAction","target":["https:\/\/www.ull.es\/portal\/noticias\/2019\/la-universidad-de-la-laguna-presta-su-voz-a-las-mujeres-victimas-de-violencia-machista-que-no-pueden-denunciar\/"]}]},{"@type":"BreadcrumbList","@id":"https:\/\/www.ull.es\/portal\/noticias\/2019\/la-universidad-de-la-laguna-presta-su-voz-a-las-mujeres-victimas-de-violencia-machista-que-no-pueden-denunciar\/#breadcrumb","itemListElement":[{"@type":"ListItem","position":1,"name":"Portada","item":"https:\/\/www.ull.es\/portal\/noticias\/"},{"@type":"ListItem","position":2,"name":"La Universidad de La Laguna presta su voz a las mujeres v\u00edctimas de violencia machista que no pueden denunciar"}]},{"@type":"WebSite","@id":"https:\/\/www.ull.es\/portal\/noticias\/#website","url":"https:\/\/www.ull.es\/portal\/noticias\/","name":"ULL - Noticias","description":"","potentialAction":[{"@type":"SearchAction","target":{"@type":"EntryPoint","urlTemplate":"https:\/\/www.ull.es\/portal\/noticias\/?s={search_term_string}"},"query-input":"required name=search_term_string"}],"inLanguage":"es"},{"@type":"Person","@id":"https:\/\/www.ull.es\/portal\/noticias\/#\/schema\/person\/c3b2aa857797592927a03740d6664376","name":"prensa2","image":{"@type":"ImageObject","inLanguage":"es","@id":"https:\/\/www.ull.es\/portal\/noticias\/#\/schema\/person\/image\/","url":"https:\/\/secure.gravatar.com\/avatar\/b58f310a5de5feb33d1e026d2493f23c?s=96&d=mm&r=g","contentUrl":"https:\/\/secure.gravatar.com\/avatar\/b58f310a5de5feb33d1e026d2493f23c?s=96&d=mm&r=g","caption":"prensa2"},"url":"https:\/\/www.ull.es\/portal\/noticias\/author\/prensa2\/"}]}},"primary_category":{"id":348,"name":"Instituci\u00f3n","slug":"institucion","link":"https:\/\/www.ull.es\/portal\/noticias\/category\/institucion\/"},"featured_image_thumbnail_url":"https:\/\/www.ull.es\/portal\/noticias\/wp-content\/uploads\/sites\/13\/2019\/11\/Dia-intern-violenc-mujeres-14-300x200.jpg","_links":{"self":[{"href":"https:\/\/www.ull.es\/portal\/noticias\/wp-json\/wp\/v2\/posts\/47777"}],"collection":[{"href":"https:\/\/www.ull.es\/portal\/noticias\/wp-json\/wp\/v2\/posts"}],"about":[{"href":"https:\/\/www.ull.es\/portal\/noticias\/wp-json\/wp\/v2\/types\/post"}],"author":[{"embeddable":true,"href":"https:\/\/www.ull.es\/portal\/noticias\/wp-json\/wp\/v2\/users\/21"}],"replies":[{"embeddable":true,"href":"https:\/\/www.ull.es\/portal\/noticias\/wp-json\/wp\/v2\/comments?post=47777"}],"version-history":[{"count":2,"href":"https:\/\/www.ull.es\/portal\/noticias\/wp-json\/wp\/v2\/posts\/47777\/revisions"}],"predecessor-version":[{"id":47844,"href":"https:\/\/www.ull.es\/portal\/noticias\/wp-json\/wp\/v2\/posts\/47777\/revisions\/47844"}],"wp:featuredmedia":[{"embeddable":true,"href":"https:\/\/www.ull.es\/portal\/noticias\/wp-json\/wp\/v2\/media\/47779"}],"wp:attachment":[{"href":"https:\/\/www.ull.es\/portal\/noticias\/wp-json\/wp\/v2\/media?parent=47777"}],"wp:term":[{"taxonomy":"category","embeddable":true,"href":"https:\/\/www.ull.es\/portal\/noticias\/wp-json\/wp\/v2\/categories?post=47777"},{"taxonomy":"post_tag","embeddable":true,"href":"https:\/\/www.ull.es\/portal\/noticias\/wp-json\/wp\/v2\/tags?post=47777"}],"curies":[{"name":"wp","href":"https:\/\/api.w.org\/{rel}","templated":true}]}}