{"id":47868,"date":"2019-11-27T15:02:09","date_gmt":"2019-11-27T15:02:09","guid":{"rendered":"https:\/\/www.ull.es\/portal\/noticias\/?p=47868"},"modified":"2020-12-18T10:29:46","modified_gmt":"2020-12-18T10:29:46","slug":"margarita-ramos-quintana-iuem","status":"publish","type":"post","link":"https:\/\/www.ull.es\/portal\/noticias\/2019\/margarita-ramos-quintana-iuem\/","title":{"rendered":"Margarita Ramos Quintana toma posesi\u00f3n como directora del Instituto de Estudios de las Mujeres de la ULL"},"content":{"rendered":"<p>La catedr\u00e1tica de Derecho del Trabajo Margarita Ramos Quintana es desde hoy, mi\u00e9rcoles 27 de noviembre, la nueva directora del Instituto Universitario de Estudios de las Mujeres de la Universidad de La Laguna (IUEM), tras haber tomado posesi\u00f3n en un acto presidido por la rectora, Rosa Aguilar Chinea.<\/p>\n<p>La nueva directora agradeci\u00f3 al equipo que le ha precedido su trabajo al mando de este instituto de investigaci\u00f3n y manifest\u00f3 su intenci\u00f3n de seguir manteniendo la excelencia en estudios de g\u00e9nero que le caracteriza, as\u00ed como captar m\u00e1s proyectos y m\u00e1s personas que deseen incorporarse a este organismo de investigaci\u00f3n. \u201cQueremos visibilizar que la Universidad de La Laguna est\u00e1 comprometida con el objetivo de la igualdad\u201d, dijo.<\/p>\n<p>Por su parte, la rectora se congratul\u00f3 por contar para la direcci\u00f3n del instituto con una persona que no solamente es \u201cuna laboralista de gran prestigio, sino un referente del movimiento feminista\u201d. Aguilar tambi\u00e9n alab\u00f3 la trayectoria investigadora del IUEM y el trabajo que ha realizado hasta ahora \u201cen la lucha contra la invisibilizaci\u00f3n de las mujeres\u201d.<\/p>\n<p>Durante el acto se inform\u00f3 tambi\u00e9n de que, aunque todav\u00eda no tomar\u00e1n posesi\u00f3n, ya se ha decidido que la nueva subdirectora del instituto sea la profesora del Departamento de Derecho P\u00fablico y Privado Especial y Derecho de la Empresa Sarai Rodr\u00edguez Gonz\u00e1lez, y que como secretaria actuar\u00e1 Laura Aguilera \u00c1vila, del Departamento de Ciencias de la Comunicaci\u00f3n y Trabajo Social.<\/p>\n","protected":false},"excerpt":{"rendered":"<p>La catedr\u00e1tica de Derecho del Trabajo Margarita Ramos Quintana es desde hoy, mi\u00e9rcoles 27 de noviembre, la nueva directora del&#8230;<\/p>\n","protected":false},"author":21,"featured_media":47869,"comment_status":"closed","ping_status":"closed","sticky":false,"template":"","format":"standard","meta":{"inline_featured_image":false,"footnotes":""},"categories":[345,348,6857,2765],"tags":[1471,1526,1561,1829],"acf":[],"yoast_head":"<!-- This site is optimized with the Yoast SEO plugin v21.3 - https:\/\/yoast.com\/wordpress\/plugins\/seo\/ -->\n<title>Margarita Ramos dirigir\u00e1 el Instituto de Estudios de las Mujeres de la ULL<\/title>\n<meta name=\"description\" content=\"La catedr\u00e1tica de Derecho del Trabajo Margarita Ramos Quintana tom\u00f3 posesi\u00f3n como directora del Instituto Universitario de Estudios de las Mujeres de la ULL\" \/>\n<meta name=\"robots\" content=\"index, follow, max-snippet:-1, max-image-preview:large, max-video-preview:-1\" \/>\n<link rel=\"canonical\" href=\"https:\/\/www.ull.es\/portal\/noticias\/2019\/margarita-ramos-quintana-iuem\/\" \/>\n<meta property=\"og:locale\" content=\"es_ES\" \/>\n<meta property=\"og:type\" content=\"article\" \/>\n<meta property=\"og:title\" content=\"Margarita Ramos dirigir\u00e1 el Instituto de Estudios de las Mujeres de la ULL\" \/>\n<meta property=\"og:description\" content=\"La catedr\u00e1tica de Derecho del Trabajo Margarita Ramos Quintana tom\u00f3 posesi\u00f3n como directora del Instituto Universitario de Estudios de las Mujeres de la ULL\" \/>\n<meta property=\"og:url\" content=\"https:\/\/www.ull.es\/portal\/noticias\/2019\/margarita-ramos-quintana-iuem\/\" \/>\n<meta property=\"og:site_name\" content=\"ULL - Noticias\" \/>\n<meta property=\"article:publisher\" content=\"https:\/\/www.facebook.com\/universidaddelalaguna\/\" \/>\n<meta property=\"article:published_time\" content=\"2019-11-27T15:02:09+00:00\" \/>\n<meta property=\"article:modified_time\" content=\"2020-12-18T10:29:46+00:00\" \/>\n<meta property=\"og:image\" content=\"https:\/\/www.ull.es\/portal\/noticias\/wp-content\/uploads\/sites\/13\/2019\/11\/margarita-ramos-iuem-02.jpg\" \/>\n\t<meta property=\"og:image:width\" content=\"1200\" \/>\n\t<meta property=\"og:image:height\" content=\"800\" \/>\n\t<meta property=\"og:image:type\" content=\"image\/jpeg\" \/>\n<meta name=\"author\" content=\"prensa2\" \/>\n<meta name=\"twitter:card\" content=\"summary_large_image\" \/>\n<meta name=\"twitter:creator\" content=\"@CanalULL\" \/>\n<meta name=\"twitter:site\" content=\"@CanalULL\" \/>\n<meta name=\"twitter:label1\" content=\"Escrito por\" \/>\n\t<meta name=\"twitter:data1\" content=\"prensa2\" \/>\n\t<meta name=\"twitter:label2\" content=\"Tiempo de lectura\" \/>\n\t<meta name=\"twitter:data2\" content=\"1 minuto\" \/>\n<script type=\"application\/ld+json\" class=\"yoast-schema-graph\">{\"@context\":\"https:\/\/schema.org\",\"@graph\":[{\"@type\":\"WebPage\",\"@id\":\"https:\/\/www.ull.es\/portal\/noticias\/2019\/margarita-ramos-quintana-iuem\/\",\"url\":\"https:\/\/www.ull.es\/portal\/noticias\/2019\/margarita-ramos-quintana-iuem\/\",\"name\":\"Margarita Ramos dirigir\u00e1 el Instituto de Estudios de las Mujeres de la ULL\",\"isPartOf\":{\"@id\":\"https:\/\/www.ull.es\/portal\/noticias\/#website\"},\"datePublished\":\"2019-11-27T15:02:09+00:00\",\"dateModified\":\"2020-12-18T10:29:46+00:00\",\"author\":{\"@id\":\"https:\/\/www.ull.es\/portal\/noticias\/#\/schema\/person\/c3b2aa857797592927a03740d6664376\"},\"description\":\"La catedr\u00e1tica de Derecho del Trabajo Margarita Ramos Quintana tom\u00f3 posesi\u00f3n como directora del Instituto Universitario de Estudios de las Mujeres de la ULL\",\"breadcrumb\":{\"@id\":\"https:\/\/www.ull.es\/portal\/noticias\/2019\/margarita-ramos-quintana-iuem\/#breadcrumb\"},\"inLanguage\":\"es\",\"potentialAction\":[{\"@type\":\"ReadAction\",\"target\":[\"https:\/\/www.ull.es\/portal\/noticias\/2019\/margarita-ramos-quintana-iuem\/\"]}]},{\"@type\":\"BreadcrumbList\",\"@id\":\"https:\/\/www.ull.es\/portal\/noticias\/2019\/margarita-ramos-quintana-iuem\/#breadcrumb\",\"itemListElement\":[{\"@type\":\"ListItem\",\"position\":1,\"name\":\"Portada\",\"item\":\"https:\/\/www.ull.es\/portal\/noticias\/\"},{\"@type\":\"ListItem\",\"position\":2,\"name\":\"Margarita Ramos Quintana toma posesi\u00f3n como directora del Instituto de Estudios de las Mujeres de la ULL\"}]},{\"@type\":\"WebSite\",\"@id\":\"https:\/\/www.ull.es\/portal\/noticias\/#website\",\"url\":\"https:\/\/www.ull.es\/portal\/noticias\/\",\"name\":\"ULL - Noticias\",\"description\":\"\",\"potentialAction\":[{\"@type\":\"SearchAction\",\"target\":{\"@type\":\"EntryPoint\",\"urlTemplate\":\"https:\/\/www.ull.es\/portal\/noticias\/?s={search_term_string}\"},\"query-input\":\"required name=search_term_string\"}],\"inLanguage\":\"es\"},{\"@type\":\"Person\",\"@id\":\"https:\/\/www.ull.es\/portal\/noticias\/#\/schema\/person\/c3b2aa857797592927a03740d6664376\",\"name\":\"prensa2\",\"image\":{\"@type\":\"ImageObject\",\"inLanguage\":\"es\",\"@id\":\"https:\/\/www.ull.es\/portal\/noticias\/#\/schema\/person\/image\/\",\"url\":\"https:\/\/secure.gravatar.com\/avatar\/b58f310a5de5feb33d1e026d2493f23c?s=96&d=mm&r=g\",\"contentUrl\":\"https:\/\/secure.gravatar.com\/avatar\/b58f310a5de5feb33d1e026d2493f23c?s=96&d=mm&r=g\",\"caption\":\"prensa2\"},\"url\":\"https:\/\/www.ull.es\/portal\/noticias\/author\/prensa2\/\"}]}<\/script>\n<!-- \/ Yoast SEO plugin. -->","yoast_head_json":{"title":"Margarita Ramos dirigir\u00e1 el Instituto de Estudios de las Mujeres de la ULL","description":"La catedr\u00e1tica de Derecho del Trabajo Margarita Ramos Quintana tom\u00f3 posesi\u00f3n como directora del Instituto Universitario de Estudios de las Mujeres de la ULL","robots":{"index":"index","follow":"follow","max-snippet":"max-snippet:-1","max-image-preview":"max-image-preview:large","max-video-preview":"max-video-preview:-1"},"canonical":"https:\/\/www.ull.es\/portal\/noticias\/2019\/margarita-ramos-quintana-iuem\/","og_locale":"es_ES","og_type":"article","og_title":"Margarita Ramos dirigir\u00e1 el Instituto de Estudios de las Mujeres de la ULL","og_description":"La catedr\u00e1tica de Derecho del Trabajo Margarita Ramos Quintana tom\u00f3 posesi\u00f3n como directora del Instituto Universitario de Estudios de las Mujeres de la ULL","og_url":"https:\/\/www.ull.es\/portal\/noticias\/2019\/margarita-ramos-quintana-iuem\/","og_site_name":"ULL - Noticias","article_publisher":"https:\/\/www.facebook.com\/universidaddelalaguna\/","article_published_time":"2019-11-27T15:02:09+00:00","article_modified_time":"2020-12-18T10:29:46+00:00","og_image":[{"width":1200,"height":800,"url":"https:\/\/www.ull.es\/portal\/noticias\/wp-content\/uploads\/sites\/13\/2019\/11\/margarita-ramos-iuem-02.jpg","type":"image\/jpeg"}],"author":"prensa2","twitter_card":"summary_large_image","twitter_creator":"@CanalULL","twitter_site":"@CanalULL","twitter_misc":{"Escrito por":"prensa2","Tiempo de lectura":"1 minuto"},"schema":{"@context":"https:\/\/schema.org","@graph":[{"@type":"WebPage","@id":"https:\/\/www.ull.es\/portal\/noticias\/2019\/margarita-ramos-quintana-iuem\/","url":"https:\/\/www.ull.es\/portal\/noticias\/2019\/margarita-ramos-quintana-iuem\/","name":"Margarita Ramos dirigir\u00e1 el Instituto de Estudios de las Mujeres de la ULL","isPartOf":{"@id":"https:\/\/www.ull.es\/portal\/noticias\/#website"},"datePublished":"2019-11-27T15:02:09+00:00","dateModified":"2020-12-18T10:29:46+00:00","author":{"@id":"https:\/\/www.ull.es\/portal\/noticias\/#\/schema\/person\/c3b2aa857797592927a03740d6664376"},"description":"La catedr\u00e1tica de Derecho del Trabajo Margarita Ramos Quintana tom\u00f3 posesi\u00f3n como directora del Instituto Universitario de Estudios de las Mujeres de la ULL","breadcrumb":{"@id":"https:\/\/www.ull.es\/portal\/noticias\/2019\/margarita-ramos-quintana-iuem\/#breadcrumb"},"inLanguage":"es","potentialAction":[{"@type":"ReadAction","target":["https:\/\/www.ull.es\/portal\/noticias\/2019\/margarita-ramos-quintana-iuem\/"]}]},{"@type":"BreadcrumbList","@id":"https:\/\/www.ull.es\/portal\/noticias\/2019\/margarita-ramos-quintana-iuem\/#breadcrumb","itemListElement":[{"@type":"ListItem","position":1,"name":"Portada","item":"https:\/\/www.ull.es\/portal\/noticias\/"},{"@type":"ListItem","position":2,"name":"Margarita Ramos Quintana toma posesi\u00f3n como directora del Instituto de Estudios de las Mujeres de la ULL"}]},{"@type":"WebSite","@id":"https:\/\/www.ull.es\/portal\/noticias\/#website","url":"https:\/\/www.ull.es\/portal\/noticias\/","name":"ULL - Noticias","description":"","potentialAction":[{"@type":"SearchAction","target":{"@type":"EntryPoint","urlTemplate":"https:\/\/www.ull.es\/portal\/noticias\/?s={search_term_string}"},"query-input":"required name=search_term_string"}],"inLanguage":"es"},{"@type":"Person","@id":"https:\/\/www.ull.es\/portal\/noticias\/#\/schema\/person\/c3b2aa857797592927a03740d6664376","name":"prensa2","image":{"@type":"ImageObject","inLanguage":"es","@id":"https:\/\/www.ull.es\/portal\/noticias\/#\/schema\/person\/image\/","url":"https:\/\/secure.gravatar.com\/avatar\/b58f310a5de5feb33d1e026d2493f23c?s=96&d=mm&r=g","contentUrl":"https:\/\/secure.gravatar.com\/avatar\/b58f310a5de5feb33d1e026d2493f23c?s=96&d=mm&r=g","caption":"prensa2"},"url":"https:\/\/www.ull.es\/portal\/noticias\/author\/prensa2\/"}]}},"primary_category":{"id":345,"name":"Destacado","slug":"destacado","link":"https:\/\/www.ull.es\/portal\/noticias\/category\/destacado\/"},"featured_image_thumbnail_url":"https:\/\/www.ull.es\/portal\/noticias\/wp-content\/uploads\/sites\/13\/2019\/11\/margarita-ramos-iuem-02-300x200.jpg","_links":{"self":[{"href":"https:\/\/www.ull.es\/portal\/noticias\/wp-json\/wp\/v2\/posts\/47868"}],"collection":[{"href":"https:\/\/www.ull.es\/portal\/noticias\/wp-json\/wp\/v2\/posts"}],"about":[{"href":"https:\/\/www.ull.es\/portal\/noticias\/wp-json\/wp\/v2\/types\/post"}],"author":[{"embeddable":true,"href":"https:\/\/www.ull.es\/portal\/noticias\/wp-json\/wp\/v2\/users\/21"}],"replies":[{"embeddable":true,"href":"https:\/\/www.ull.es\/portal\/noticias\/wp-json\/wp\/v2\/comments?post=47868"}],"version-history":[{"count":1,"href":"https:\/\/www.ull.es\/portal\/noticias\/wp-json\/wp\/v2\/posts\/47868\/revisions"}],"predecessor-version":[{"id":47870,"href":"https:\/\/www.ull.es\/portal\/noticias\/wp-json\/wp\/v2\/posts\/47868\/revisions\/47870"}],"wp:featuredmedia":[{"embeddable":true,"href":"https:\/\/www.ull.es\/portal\/noticias\/wp-json\/wp\/v2\/media\/47869"}],"wp:attachment":[{"href":"https:\/\/www.ull.es\/portal\/noticias\/wp-json\/wp\/v2\/media?parent=47868"}],"wp:term":[{"taxonomy":"category","embeddable":true,"href":"https:\/\/www.ull.es\/portal\/noticias\/wp-json\/wp\/v2\/categories?post=47868"},{"taxonomy":"post_tag","embeddable":true,"href":"https:\/\/www.ull.es\/portal\/noticias\/wp-json\/wp\/v2\/tags?post=47868"}],"curies":[{"name":"wp","href":"https:\/\/api.w.org\/{rel}","templated":true}]}}